{"id":16561,"date":"2010-07-14T08:52:56","date_gmt":"2010-07-14T11:52:56","guid":{"rendered":"http:\/\/www.inclusive.org.br\/?p=16561"},"modified":"2010-07-14T08:52:56","modified_gmt":"2010-07-14T11:52:56","slug":"tecnologia-na-escola-e-educacao-especial-encerram-seminario","status":"publish","type":"post","link":"https:\/\/inclusivenews.com.br\/?p=16561","title":{"rendered":"Tecnologia na escola e educa\u00e7\u00e3o especial encerram semin\u00e1rio"},"content":{"rendered":"<figure style=\"width: 177px\" class=\"wp-caption alignleft\"><img loading=\"lazy\" decoding=\"async\" title=\"Santa Catarina em destaque no mapa brasileiro\" src=\"http:\/\/upload.wikimedia.org\/wikipedia\/commons\/thumb\/e\/e2\/Brazil_State_SantaCatarina.svg\/613px-Brazil_State_SantaCatarina.svg.png\" alt=\"\" width=\"177\" height=\"173\" \/><figcaption class=\"wp-caption-text\"> <\/figcaption><\/figure>\n<p>O uso da tecnologia como aliada no processo de ensino e as pol\u00edticas de Educa\u00e7\u00e3o Inclusiva foram os \u00faltimos temas apresentados no semin\u00e1rio&#8221;Educa\u00e7\u00e3o: Construindo Qualidade &#8211; A Gest\u00e3o da Escola&#8221;.<\/p>\n<p>O evento, organizado pela Secretaria de Estado da Educa\u00e7\u00e3o (SED), reuniu cerca de 1,4 mil diretores, gerentes, t\u00e9cnicos e supervisores de ensino de v\u00e1rias regi\u00f5es do Estado.<\/p>\n<p>Durante dois dias, eles trocaram experi\u00eancias sobre pr\u00e1ticas pedag\u00f3gicas e debateram pontos considerados fundamentais para o avan\u00e7o da qualidade na educa\u00e7\u00e3o do Estado.<\/p>\n<p>&#8220;A Tecnologia Educacional e Multim\u00eddias como Recursos de Apoio \u00e0 Aprendizagem&#8221;. Este foi o t\u00edtulo da palestra realizada pela Prof\u00aa Adilene Hensel Matias, da Diretoria de Avalia\u00e7\u00e3o e Controle da SED. Ela apresentou os dados atuais relativos \u00e0 informatiza\u00e7\u00e3o da rede p\u00fablica estadual que mostram 98% das escolas com acesso \u00e0 Internet.<\/p>\n<p>Com a informatiza\u00e7\u00e3o quase total da rede estadual, observou Adilene, &#8220;se faz necess\u00e1ria a capacita\u00e7\u00e3o dos educadores para que os recursos tecnol\u00f3gicos sejam aproveitados da melhor maneira poss\u00edvel&#8221;.<\/p>\n<p>Para que os gestores presentes refletissem sobre o tema, a palestrante pediu que todos se lembrassem da \u00e9poca em que eram estudantes e comparassem com os dias atuais. &#8220;O aluno de hoje, aos tr\u00eas anos, j\u00e1 tem acesso a uma quantidade de informa\u00e7\u00e3o gigantesca, muito diferente de outras \u00e9pocas, e \u00e9 para esta realidade que o professor tem que estar totalmente preparado&#8221;.<\/p>\n<p>Ainda sobre o mesmo tema, a gerente de Tecnologias Educacionais e Infraestrutura da secretaria, Dayna Maria Bortoluzzi, falou sobre os programas financiados pelo Minist\u00e9rio da Educa\u00e7\u00e3o (MEC). Ela usou o exemplo do programa &#8220;Um Computador por Aluno&#8221; (UCA), iniciado em S\u00e3o Paulo, em 2007, que vem ganhando for\u00e7a em Santa Catarina.<\/p>\n<p>Educa\u00e7\u00e3o Especial<\/p>\n<p>O professor Luis Alberto da Silva, da Funda\u00e7\u00e3o Catarinense de Educa\u00e7\u00e3o Especial, encerrou o evento. Ele destacou os avan\u00e7os alcan\u00e7ados por Santa Catarina na Educa\u00e7\u00e3o Especial. &#8220;Temos 225 conv\u00eanios assinados com v\u00e1rias institui\u00e7\u00f5es para proporcionar o acesso de portadores de necessidades especiais \u00e0 escola&#8221;, destacou.<\/p>\n<p>Segundo Luis Alberto, o Estado conta hoje com 1.745 professores int\u00e9rpretes, bil\u00edngues e de Libras. &#8220;Al\u00e9m destes profissionais, o Estado tem muitos educadores desempenhando a fun\u00e7\u00e3o de 2\u00ba professor, que \u00e9 o professor exclusivo para os portadores de necessidades especiais&#8221;.<\/p>\n<p>Para finalizar, o palestrante falou sobre a distribui\u00e7\u00e3o de pr\u00f3teses oculares para pessoas com esta necessidade. Ele fez quest\u00e3o de ressaltar que n\u00e3o \u00e9 necess\u00e1rio ser aluno da rede p\u00fablica para receber este benef\u00edcio.<\/p>\n<p>____________<\/p>\n<p><strong>Fonte:<\/strong> <a href=\"http:\/\/www.sed.sc.gov.br\/secretaria\/noticias\/2437-tecnologia-na-escola-e-educacao-especial-encerram-seminario\">SED\/SC<\/a><\/p>\n","protected":false},"excerpt":{"rendered":"<p>O evento, organizado pela Secretaria de Estado da Educa\u00e7\u00e3o (SED), reuniu cerca de 1,4 mil diretores, gerentes, t\u00e9cnicos e supervisores de ensino de v\u00e1rias regi\u00f5es do Estado. Informa\u00e7\u00e3o \u00e9 da Secretaria de Educa\u00e7\u00e3o de SC.<\/p>\n","protected":false},"author":1,"featured_media":0,"comment_status":"open","ping_status":"open","sticky":false,"template":"","format":"standard","meta":{"site-container-style":"default","site-container-layout":"default","site-sidebar-layout":"default","disable-article-header":"default","disable-site-header":"default","disable-site-footer":"default","disable-content-area-spacing":"default","footnotes":""},"categories":[38,6,48,4],"tags":[],"class_list":["post-16561","post","type-post","status-publish","format-standard","hentry","category-deficiencia","category-educacao","category-inclusao","category-noticias"],"yoast_head":"<!-- This site is optimized with the Yoast SEO plugin v27.4 - https:\/\/yoast.com\/product\/yoast-seo-wordpress\/ -->\n<title>Tecnologia na escola e educa\u00e7\u00e3o especial encerram semin\u00e1rio -<\/title>\n<meta name=\"robots\" content=\"index, follow, max-snippet:-1, max-image-preview:large, max-video-preview:-1\" \/>\n<link rel=\"canonical\" href=\"https:\/\/inclusivenews.com.br\/?p=16561\" \/>\n<meta property=\"og:locale\" content=\"pt_PT\" \/>\n<meta property=\"og:type\" content=\"article\" \/>\n<meta property=\"og:title\" content=\"Tecnologia na escola e educa\u00e7\u00e3o especial encerram semin\u00e1rio -\" \/>\n<meta property=\"og:description\" content=\"O evento, organizado pela Secretaria de Estado da Educa\u00e7\u00e3o (SED), reuniu cerca de 1,4 mil diretores, gerentes, t\u00e9cnicos e supervisores de ensino de v\u00e1rias regi\u00f5es do Estado. Informa\u00e7\u00e3o \u00e9 da Secretaria de Educa\u00e7\u00e3o de SC.\" \/>\n<meta property=\"og:url\" content=\"https:\/\/inclusivenews.com.br\/?p=16561\" \/>\n<meta property=\"article:publisher\" content=\"https:\/\/www.facebook.com\/agenciainclusive\/\" \/>\n<meta property=\"article:published_time\" content=\"2010-07-14T11:52:56+00:00\" \/>\n<meta property=\"og:image\" content=\"http:\/\/upload.wikimedia.org\/wikipedia\/commons\/thumb\/e\/e2\/Brazil_State_SantaCatarina.svg\/613px-Brazil_State_SantaCatarina.svg.png\" \/>\n<meta name=\"author\" content=\"inclusivenews2024\" \/>\n<meta name=\"twitter:card\" content=\"summary_large_image\" \/>\n<meta name=\"twitter:label1\" content=\"Escrito por\" \/>\n\t<meta name=\"twitter:data1\" content=\"inclusivenews2024\" \/>\n\t<meta name=\"twitter:label2\" content=\"Tempo estimado de leitura\" \/>\n\t<meta name=\"twitter:data2\" content=\"2 minutos\" \/>\n<script type=\"application\/ld+json\" class=\"yoast-schema-graph\">{\"@context\":\"https:\\\/\\\/schema.org\",\"@graph\":[{\"@type\":\"Article\",\"@id\":\"https:\\\/\\\/inclusivenews.com.br\\\/?p=16561#article\",\"isPartOf\":{\"@id\":\"https:\\\/\\\/inclusivenews.com.br\\\/?p=16561\"},\"author\":{\"name\":\"inclusivenews2024\",\"@id\":\"https:\\\/\\\/inclusivenews.com.br\\\/#\\\/schema\\\/person\\\/ae4ec7087559b8692fb33b6fffd2273b\"},\"headline\":\"Tecnologia na escola e educa\u00e7\u00e3o especial encerram semin\u00e1rio\",\"datePublished\":\"2010-07-14T11:52:56+00:00\",\"mainEntityOfPage\":{\"@id\":\"https:\\\/\\\/inclusivenews.com.br\\\/?p=16561\"},\"wordCount\":452,\"commentCount\":0,\"publisher\":{\"@id\":\"https:\\\/\\\/inclusivenews.com.br\\\/#organization\"},\"image\":{\"@id\":\"https:\\\/\\\/inclusivenews.com.br\\\/?p=16561#primaryimage\"},\"thumbnailUrl\":\"http:\\\/\\\/upload.wikimedia.org\\\/wikipedia\\\/commons\\\/thumb\\\/e\\\/e2\\\/Brazil_State_SantaCatarina.svg\\\/613px-Brazil_State_SantaCatarina.svg.png\",\"articleSection\":[\"Defici\u00eancia\",\"EDUCA\u00c7\u00c3O\",\"INCLUS\u00c3O SOCIAL\",\"NOT\u00cdCIAS\"],\"inLanguage\":\"pt-PT\",\"potentialAction\":[{\"@type\":\"CommentAction\",\"name\":\"Comment\",\"target\":[\"https:\\\/\\\/inclusivenews.com.br\\\/?p=16561#respond\"]}]},{\"@type\":\"WebPage\",\"@id\":\"https:\\\/\\\/inclusivenews.com.br\\\/?p=16561\",\"url\":\"https:\\\/\\\/inclusivenews.com.br\\\/?p=16561\",\"name\":\"Tecnologia na escola e educa\u00e7\u00e3o especial encerram semin\u00e1rio -\",\"isPartOf\":{\"@id\":\"https:\\\/\\\/inclusivenews.com.br\\\/#website\"},\"primaryImageOfPage\":{\"@id\":\"https:\\\/\\\/inclusivenews.com.br\\\/?p=16561#primaryimage\"},\"image\":{\"@id\":\"https:\\\/\\\/inclusivenews.com.br\\\/?p=16561#primaryimage\"},\"thumbnailUrl\":\"http:\\\/\\\/upload.wikimedia.org\\\/wikipedia\\\/commons\\\/thumb\\\/e\\\/e2\\\/Brazil_State_SantaCatarina.svg\\\/613px-Brazil_State_SantaCatarina.svg.png\",\"datePublished\":\"2010-07-14T11:52:56+00:00\",\"breadcrumb\":{\"@id\":\"https:\\\/\\\/inclusivenews.com.br\\\/?p=16561#breadcrumb\"},\"inLanguage\":\"pt-PT\",\"potentialAction\":[{\"@type\":\"ReadAction\",\"target\":[\"https:\\\/\\\/inclusivenews.com.br\\\/?p=16561\"]}]},{\"@type\":\"ImageObject\",\"inLanguage\":\"pt-PT\",\"@id\":\"https:\\\/\\\/inclusivenews.com.br\\\/?p=16561#primaryimage\",\"url\":\"http:\\\/\\\/upload.wikimedia.org\\\/wikipedia\\\/commons\\\/thumb\\\/e\\\/e2\\\/Brazil_State_SantaCatarina.svg\\\/613px-Brazil_State_SantaCatarina.svg.png\",\"contentUrl\":\"http:\\\/\\\/upload.wikimedia.org\\\/wikipedia\\\/commons\\\/thumb\\\/e\\\/e2\\\/Brazil_State_SantaCatarina.svg\\\/613px-Brazil_State_SantaCatarina.svg.png\"},{\"@type\":\"BreadcrumbList\",\"@id\":\"https:\\\/\\\/inclusivenews.com.br\\\/?p=16561#breadcrumb\",\"itemListElement\":[{\"@type\":\"ListItem\",\"position\":1,\"name\":\"In\u00edcio\",\"item\":\"https:\\\/\\\/inclusivenews.com.br\\\/\"},{\"@type\":\"ListItem\",\"position\":2,\"name\":\"Tecnologia na escola e educa\u00e7\u00e3o especial encerram semin\u00e1rio\"}]},{\"@type\":\"WebSite\",\"@id\":\"https:\\\/\\\/inclusivenews.com.br\\\/#website\",\"url\":\"https:\\\/\\\/inclusivenews.com.br\\\/\",\"name\":\"Inclusive News\",\"description\":\"Inclusive News\",\"publisher\":{\"@id\":\"https:\\\/\\\/inclusivenews.com.br\\\/#organization\"},\"potentialAction\":[{\"@type\":\"SearchAction\",\"target\":{\"@type\":\"EntryPoint\",\"urlTemplate\":\"https:\\\/\\\/inclusivenews.com.br\\\/?s={search_term_string}\"},\"query-input\":{\"@type\":\"PropertyValueSpecification\",\"valueRequired\":true,\"valueName\":\"search_term_string\"}}],\"inLanguage\":\"pt-PT\"},{\"@type\":\"Organization\",\"@id\":\"https:\\\/\\\/inclusivenews.com.br\\\/#organization\",\"name\":\"Inclusive - inclus\u00e3o e cidadania\",\"url\":\"https:\\\/\\\/inclusivenews.com.br\\\/\",\"logo\":{\"@type\":\"ImageObject\",\"inLanguage\":\"pt-PT\",\"@id\":\"https:\\\/\\\/inclusivenews.com.br\\\/#\\\/schema\\\/logo\\\/image\\\/\",\"url\":\"https:\\\/\\\/inclusivenews.com.br\\\/wp-content\\\/uploads\\\/2024\\\/03\\\/@grandesite.png\",\"contentUrl\":\"https:\\\/\\\/inclusivenews.com.br\\\/wp-content\\\/uploads\\\/2024\\\/03\\\/@grandesite.png\",\"width\":1080,\"height\":1080,\"caption\":\"Inclusive - inclus\u00e3o e cidadania\"},\"image\":{\"@id\":\"https:\\\/\\\/inclusivenews.com.br\\\/#\\\/schema\\\/logo\\\/image\\\/\"},\"sameAs\":[\"https:\\\/\\\/www.facebook.com\\\/agenciainclusive\\\/\",\"https:\\\/\\\/www.instagram.com\\\/newsinclusive\\\/\"]},{\"@type\":\"Person\",\"@id\":\"https:\\\/\\\/inclusivenews.com.br\\\/#\\\/schema\\\/person\\\/ae4ec7087559b8692fb33b6fffd2273b\",\"name\":\"inclusivenews2024\",\"image\":{\"@type\":\"ImageObject\",\"inLanguage\":\"pt-PT\",\"@id\":\"https:\\\/\\\/secure.gravatar.com\\\/avatar\\\/c5a7ef84c66fa914f55bc4f7ce26cfa275a3b9a1c5568b907bd184fb4dde7b40?s=96&d=mm&r=g\",\"url\":\"https:\\\/\\\/secure.gravatar.com\\\/avatar\\\/c5a7ef84c66fa914f55bc4f7ce26cfa275a3b9a1c5568b907bd184fb4dde7b40?s=96&d=mm&r=g\",\"contentUrl\":\"https:\\\/\\\/secure.gravatar.com\\\/avatar\\\/c5a7ef84c66fa914f55bc4f7ce26cfa275a3b9a1c5568b907bd184fb4dde7b40?s=96&d=mm&r=g\",\"caption\":\"inclusivenews2024\"},\"sameAs\":[\"https:\\\/\\\/inclusivenews.com.br\"],\"url\":\"https:\\\/\\\/inclusivenews.com.br\\\/?author=1\"}]}<\/script>\n<!-- \/ Yoast SEO plugin. -->","yoast_head_json":{"title":"Tecnologia na escola e educa\u00e7\u00e3o especial encerram semin\u00e1rio -","robots":{"index":"index","follow":"follow","max-snippet":"max-snippet:-1","max-image-preview":"max-image-preview:large","max-video-preview":"max-video-preview:-1"},"canonical":"https:\/\/inclusivenews.com.br\/?p=16561","og_locale":"pt_PT","og_type":"article","og_title":"Tecnologia na escola e educa\u00e7\u00e3o especial encerram semin\u00e1rio -","og_description":"O evento, organizado pela Secretaria de Estado da Educa\u00e7\u00e3o (SED), reuniu cerca de 1,4 mil diretores, gerentes, t\u00e9cnicos e supervisores de ensino de v\u00e1rias regi\u00f5es do Estado. Informa\u00e7\u00e3o \u00e9 da Secretaria de Educa\u00e7\u00e3o de SC.","og_url":"https:\/\/inclusivenews.com.br\/?p=16561","article_publisher":"https:\/\/www.facebook.com\/agenciainclusive\/","article_published_time":"2010-07-14T11:52:56+00:00","og_image":[{"url":"http:\/\/upload.wikimedia.org\/wikipedia\/commons\/thumb\/e\/e2\/Brazil_State_SantaCatarina.svg\/613px-Brazil_State_SantaCatarina.svg.png","type":"","width":"","height":""}],"author":"inclusivenews2024","twitter_card":"summary_large_image","twitter_misc":{"Escrito por":"inclusivenews2024","Tempo estimado de leitura":"2 minutos"},"schema":{"@context":"https:\/\/schema.org","@graph":[{"@type":"Article","@id":"https:\/\/inclusivenews.com.br\/?p=16561#article","isPartOf":{"@id":"https:\/\/inclusivenews.com.br\/?p=16561"},"author":{"name":"inclusivenews2024","@id":"https:\/\/inclusivenews.com.br\/#\/schema\/person\/ae4ec7087559b8692fb33b6fffd2273b"},"headline":"Tecnologia na escola e educa\u00e7\u00e3o especial encerram semin\u00e1rio","datePublished":"2010-07-14T11:52:56+00:00","mainEntityOfPage":{"@id":"https:\/\/inclusivenews.com.br\/?p=16561"},"wordCount":452,"commentCount":0,"publisher":{"@id":"https:\/\/inclusivenews.com.br\/#organization"},"image":{"@id":"https:\/\/inclusivenews.com.br\/?p=16561#primaryimage"},"thumbnailUrl":"http:\/\/upload.wikimedia.org\/wikipedia\/commons\/thumb\/e\/e2\/Brazil_State_SantaCatarina.svg\/613px-Brazil_State_SantaCatarina.svg.png","articleSection":["Defici\u00eancia","EDUCA\u00c7\u00c3O","INCLUS\u00c3O SOCIAL","NOT\u00cdCIAS"],"inLanguage":"pt-PT","potentialAction":[{"@type":"CommentAction","name":"Comment","target":["https:\/\/inclusivenews.com.br\/?p=16561#respond"]}]},{"@type":"WebPage","@id":"https:\/\/inclusivenews.com.br\/?p=16561","url":"https:\/\/inclusivenews.com.br\/?p=16561","name":"Tecnologia na escola e educa\u00e7\u00e3o especial encerram semin\u00e1rio -","isPartOf":{"@id":"https:\/\/inclusivenews.com.br\/#website"},"primaryImageOfPage":{"@id":"https:\/\/inclusivenews.com.br\/?p=16561#primaryimage"},"image":{"@id":"https:\/\/inclusivenews.com.br\/?p=16561#primaryimage"},"thumbnailUrl":"http:\/\/upload.wikimedia.org\/wikipedia\/commons\/thumb\/e\/e2\/Brazil_State_SantaCatarina.svg\/613px-Brazil_State_SantaCatarina.svg.png","datePublished":"2010-07-14T11:52:56+00:00","breadcrumb":{"@id":"https:\/\/inclusivenews.com.br\/?p=16561#breadcrumb"},"inLanguage":"pt-PT","potentialAction":[{"@type":"ReadAction","target":["https:\/\/inclusivenews.com.br\/?p=16561"]}]},{"@type":"ImageObject","inLanguage":"pt-PT","@id":"https:\/\/inclusivenews.com.br\/?p=16561#primaryimage","url":"http:\/\/upload.wikimedia.org\/wikipedia\/commons\/thumb\/e\/e2\/Brazil_State_SantaCatarina.svg\/613px-Brazil_State_SantaCatarina.svg.png","contentUrl":"http:\/\/upload.wikimedia.org\/wikipedia\/commons\/thumb\/e\/e2\/Brazil_State_SantaCatarina.svg\/613px-Brazil_State_SantaCatarina.svg.png"},{"@type":"BreadcrumbList","@id":"https:\/\/inclusivenews.com.br\/?p=16561#breadcrumb","itemListElement":[{"@type":"ListItem","position":1,"name":"In\u00edcio","item":"https:\/\/inclusivenews.com.br\/"},{"@type":"ListItem","position":2,"name":"Tecnologia na escola e educa\u00e7\u00e3o especial encerram semin\u00e1rio"}]},{"@type":"WebSite","@id":"https:\/\/inclusivenews.com.br\/#website","url":"https:\/\/inclusivenews.com.br\/","name":"Inclusive News","description":"Inclusive News","publisher":{"@id":"https:\/\/inclusivenews.com.br\/#organization"},"potentialAction":[{"@type":"SearchAction","target":{"@type":"EntryPoint","urlTemplate":"https:\/\/inclusivenews.com.br\/?s={search_term_string}"},"query-input":{"@type":"PropertyValueSpecification","valueRequired":true,"valueName":"search_term_string"}}],"inLanguage":"pt-PT"},{"@type":"Organization","@id":"https:\/\/inclusivenews.com.br\/#organization","name":"Inclusive - inclus\u00e3o e cidadania","url":"https:\/\/inclusivenews.com.br\/","logo":{"@type":"ImageObject","inLanguage":"pt-PT","@id":"https:\/\/inclusivenews.com.br\/#\/schema\/logo\/image\/","url":"https:\/\/inclusivenews.com.br\/wp-content\/uploads\/2024\/03\/@grandesite.png","contentUrl":"https:\/\/inclusivenews.com.br\/wp-content\/uploads\/2024\/03\/@grandesite.png","width":1080,"height":1080,"caption":"Inclusive - inclus\u00e3o e cidadania"},"image":{"@id":"https:\/\/inclusivenews.com.br\/#\/schema\/logo\/image\/"},"sameAs":["https:\/\/www.facebook.com\/agenciainclusive\/","https:\/\/www.instagram.com\/newsinclusive\/"]},{"@type":"Person","@id":"https:\/\/inclusivenews.com.br\/#\/schema\/person\/ae4ec7087559b8692fb33b6fffd2273b","name":"inclusivenews2024","image":{"@type":"ImageObject","inLanguage":"pt-PT","@id":"https:\/\/secure.gravatar.com\/avatar\/c5a7ef84c66fa914f55bc4f7ce26cfa275a3b9a1c5568b907bd184fb4dde7b40?s=96&d=mm&r=g","url":"https:\/\/secure.gravatar.com\/avatar\/c5a7ef84c66fa914f55bc4f7ce26cfa275a3b9a1c5568b907bd184fb4dde7b40?s=96&d=mm&r=g","contentUrl":"https:\/\/secure.gravatar.com\/avatar\/c5a7ef84c66fa914f55bc4f7ce26cfa275a3b9a1c5568b907bd184fb4dde7b40?s=96&d=mm&r=g","caption":"inclusivenews2024"},"sameAs":["https:\/\/inclusivenews.com.br"],"url":"https:\/\/inclusivenews.com.br\/?author=1"}]}},"_links":{"self":[{"href":"https:\/\/inclusivenews.com.br\/index.php?rest_route=\/wp\/v2\/posts\/16561","targetHints":{"allow":["GET"]}}],"collection":[{"href":"https:\/\/inclusivenews.com.br\/index.php?rest_route=\/wp\/v2\/posts"}],"about":[{"href":"https:\/\/inclusivenews.com.br\/index.php?rest_route=\/wp\/v2\/types\/post"}],"author":[{"embeddable":true,"href":"https:\/\/inclusivenews.com.br\/index.php?rest_route=\/wp\/v2\/users\/1"}],"replies":[{"embeddable":true,"href":"https:\/\/inclusivenews.com.br\/index.php?rest_route=%2Fwp%2Fv2%2Fcomments&post=16561"}],"version-history":[{"count":0,"href":"https:\/\/inclusivenews.com.br\/index.php?rest_route=\/wp\/v2\/posts\/16561\/revisions"}],"wp:attachment":[{"href":"https:\/\/inclusivenews.com.br\/index.php?rest_route=%2Fwp%2Fv2%2Fmedia&parent=16561"}],"wp:term":[{"taxonomy":"category","embeddable":true,"href":"https:\/\/inclusivenews.com.br\/index.php?rest_route=%2Fwp%2Fv2%2Fcategories&post=16561"},{"taxonomy":"post_tag","embeddable":true,"href":"https:\/\/inclusivenews.com.br\/index.php?rest_route=%2Fwp%2Fv2%2Ftags&post=16561"}],"curies":[{"name":"wp","href":"https:\/\/api.w.org\/{rel}","templated":true}]}}