{"id":16564,"date":"2010-07-15T05:00:44","date_gmt":"2010-07-15T08:00:44","guid":{"rendered":"http:\/\/www.inclusive.org.br\/?p=16564"},"modified":"2010-07-15T05:00:44","modified_gmt":"2010-07-15T08:00:44","slug":"loucura-cultura-e-diversidade-ganham-palestra-no-5-festival-da-loucura-2010","status":"publish","type":"post","link":"https:\/\/inclusivenews.com.br\/?p=16564","title":{"rendered":"Loucura, cultura e diversidade ganham palestra no 5\u00b0 Festival da Loucura 2010"},"content":{"rendered":"<figure style=\"width: 142px\" class=\"wp-caption alignnone\"><img loading=\"lazy\" decoding=\"async\" title=\"5\u00ba Festival da loucura\" src=\"http:\/\/www.ensp.fiocruz.br\/informe-images\/5_festival_loucura.jpg\" alt=\"\" width=\"142\" height=\"70\" \/><figcaption class=\"wp-caption-text\"> <\/figcaption><\/figure>\n<p>De 15 a 18 de julho, um movimento de lucidez e irrever\u00eancia vai tomar conta das principais ruas e pra\u00e7as de Barbacena (MG). O Festival da Loucura, que chega \u00e0 sua quinta edi\u00e7\u00e3o este ano, consolida-se como um dos mais importantes eventos do calend\u00e1rio cultural, art\u00edstico e cient\u00edfico mineiro. No s\u00e1bado (17\/7), o pesquisador do Laborat\u00f3rio de Estudos e Pesquisas em Sa\u00fade Mental e Aten\u00e7\u00e3o Psicossocial (Laps\/ENSP) Paulo Amarante participar\u00e1 do evento proferindo a palestra Loucura, cultura e diversidade: novas perspectivas de a\u00e7\u00f5es sociais.<\/p>\n<p>O objetivo principal evento \u00e9 celebrar a vida atrav\u00e9s das artes e da coexist\u00eancia pac\u00edfica, aceitar as diferen\u00e7as e fazer valer a cidadania plena para todos. Mais do que um evento cultural, art\u00edstico e cient\u00edfico, o evento pretende dizer um sonoro &#8220;n\u00e3o&#8221; ao preconceito, exclus\u00e3o e intoler\u00e2ncia em suas formas e origens.<\/p>\n<p>Este ano, o Festival da Loucura &#8211; De perto Ningu\u00e9m \u00e9 Normal se divide entre programa\u00e7\u00e3o cultural e cient\u00edfica, e todas as atividades s\u00e3o gratuitas. Dentre as atra\u00e7\u00f5es, destacam-se o espet\u00e1culo c\u00eanico-musical Tangos &amp; Trag\u00e9dias, o grupo de teatro de bonecos Giramundo, o romancista, dramaturgo e poeta paraibano Ariano Suassuna e o cantor e compositor Zeca Baleiro, entre outros convidados.<\/p>\n<p>A programa\u00e7\u00e3o conta ainda com as atividades tradicionais do festival: a confec\u00e7\u00e3o das Carteirinhas de Louco &#8211; feitas mediante um exame do grau de loucura do visitante por m\u00e9dicos tamb\u00e9m loucos &#8211; e a visita ao Museu da Loucura e Parada do Artes\u00e3o Nato. O Sal\u00e3o de Arte estar\u00e1 aberto todos os dias das 18 \u00e0s 24 horas. O cartunista Crist\u00f3v\u00e3o Villela estar\u00e1 de plant\u00e3o, a partir das 19 horas, no Buteko Trem de Doido para produzir caricaturas e retratar, de maneira divertida e inusitada, turistas e visitantes.<\/p>\n<p>A quinta edi\u00e7\u00e3o do Festival da Loucura de Barbacena \u00e9 uma realiza\u00e7\u00e3o da Prefeitura de Barbacena (MG), em parceria com a Empresa de Turismo de Barbacena (Cenatur), Funda\u00e7\u00e3o Municipal de Cultura (Fundac) e Departamento Municipal de Sa\u00fade P\u00fablica (Demasp).<\/p>\n<p><a href=\"http:\/\/www.festivaldaloucura.com.br\/\">Mais informa\u00e7\u00f5es no site do evento ou pelo telefone (32) 3332-9900<\/a><\/p>\n","protected":false},"excerpt":{"rendered":"<p>De 15 a 18 de julho, um movimento de lucidez e irrever\u00eancia vai tomar conta das principais ruas e pra\u00e7as de Barbacena (MG). O Festival da Loucura, que chega \u00e0 sua quinta edi\u00e7\u00e3o este ano, consolida-se como um dos mais importantes eventos do calend\u00e1rio cultural, art\u00edstico e cient\u00edfico mineiro. No s\u00e1bado (17\/7), o pesquisador do [&hellip;]<\/p>\n","protected":false},"author":1,"featured_media":0,"comment_status":"open","ping_status":"open","sticky":false,"template":"","format":"standard","meta":{"site-container-style":"default","site-container-layout":"default","site-sidebar-layout":"default","disable-article-header":"default","disable-site-header":"default","disable-site-footer":"default","disable-content-area-spacing":"default","footnotes":""},"categories":[12],"tags":[],"class_list":["post-16564","post","type-post","status-publish","format-standard","hentry","category-cursos-e-eventos"],"yoast_head":"<!-- This site is optimized with the Yoast SEO plugin v27.4 - https:\/\/yoast.com\/product\/yoast-seo-wordpress\/ -->\n<title>Loucura, cultura e diversidade ganham palestra no 5\u00b0 Festival da Loucura 2010 -<\/title>\n<meta name=\"robots\" content=\"index, follow, max-snippet:-1, max-image-preview:large, max-video-preview:-1\" \/>\n<link rel=\"canonical\" href=\"https:\/\/inclusivenews.com.br\/?p=16564\" \/>\n<meta property=\"og:locale\" content=\"pt_PT\" \/>\n<meta property=\"og:type\" content=\"article\" \/>\n<meta property=\"og:title\" content=\"Loucura, cultura e diversidade ganham palestra no 5\u00b0 Festival da Loucura 2010 -\" \/>\n<meta property=\"og:description\" content=\"De 15 a 18 de julho, um movimento de lucidez e irrever\u00eancia vai tomar conta das principais ruas e pra\u00e7as de Barbacena (MG). O Festival da Loucura, que chega \u00e0 sua quinta edi\u00e7\u00e3o este ano, consolida-se como um dos mais importantes eventos do calend\u00e1rio cultural, art\u00edstico e cient\u00edfico mineiro. No s\u00e1bado (17\/7), o pesquisador do [&hellip;]\" \/>\n<meta property=\"og:url\" content=\"https:\/\/inclusivenews.com.br\/?p=16564\" \/>\n<meta property=\"article:publisher\" content=\"https:\/\/www.facebook.com\/agenciainclusive\/\" \/>\n<meta property=\"article:published_time\" content=\"2010-07-15T08:00:44+00:00\" \/>\n<meta property=\"og:image\" content=\"http:\/\/www.ensp.fiocruz.br\/informe-images\/5_festival_loucura.jpg\" \/>\n<meta name=\"author\" content=\"inclusivenews2024\" \/>\n<meta name=\"twitter:card\" content=\"summary_large_image\" \/>\n<meta name=\"twitter:label1\" content=\"Escrito por\" \/>\n\t<meta name=\"twitter:data1\" content=\"inclusivenews2024\" \/>\n\t<meta name=\"twitter:label2\" content=\"Tempo estimado de leitura\" \/>\n\t<meta name=\"twitter:data2\" content=\"2 minutos\" \/>\n<script type=\"application\/ld+json\" class=\"yoast-schema-graph\">{\"@context\":\"https:\\\/\\\/schema.org\",\"@graph\":[{\"@type\":\"Article\",\"@id\":\"https:\\\/\\\/inclusivenews.com.br\\\/?p=16564#article\",\"isPartOf\":{\"@id\":\"https:\\\/\\\/inclusivenews.com.br\\\/?p=16564\"},\"author\":{\"name\":\"inclusivenews2024\",\"@id\":\"https:\\\/\\\/inclusivenews.com.br\\\/#\\\/schema\\\/person\\\/ae4ec7087559b8692fb33b6fffd2273b\"},\"headline\":\"Loucura, cultura e diversidade ganham palestra no 5\u00b0 Festival da Loucura 2010\",\"datePublished\":\"2010-07-15T08:00:44+00:00\",\"mainEntityOfPage\":{\"@id\":\"https:\\\/\\\/inclusivenews.com.br\\\/?p=16564\"},\"wordCount\":384,\"commentCount\":1,\"publisher\":{\"@id\":\"https:\\\/\\\/inclusivenews.com.br\\\/#organization\"},\"image\":{\"@id\":\"https:\\\/\\\/inclusivenews.com.br\\\/?p=16564#primaryimage\"},\"thumbnailUrl\":\"http:\\\/\\\/www.ensp.fiocruz.br\\\/informe-images\\\/5_festival_loucura.jpg\",\"articleSection\":[\"Cursos e eventos\"],\"inLanguage\":\"pt-PT\",\"potentialAction\":[{\"@type\":\"CommentAction\",\"name\":\"Comment\",\"target\":[\"https:\\\/\\\/inclusivenews.com.br\\\/?p=16564#respond\"]}]},{\"@type\":\"WebPage\",\"@id\":\"https:\\\/\\\/inclusivenews.com.br\\\/?p=16564\",\"url\":\"https:\\\/\\\/inclusivenews.com.br\\\/?p=16564\",\"name\":\"Loucura, cultura e diversidade ganham palestra no 5\u00b0 Festival da Loucura 2010 -\",\"isPartOf\":{\"@id\":\"https:\\\/\\\/inclusivenews.com.br\\\/#website\"},\"primaryImageOfPage\":{\"@id\":\"https:\\\/\\\/inclusivenews.com.br\\\/?p=16564#primaryimage\"},\"image\":{\"@id\":\"https:\\\/\\\/inclusivenews.com.br\\\/?p=16564#primaryimage\"},\"thumbnailUrl\":\"http:\\\/\\\/www.ensp.fiocruz.br\\\/informe-images\\\/5_festival_loucura.jpg\",\"datePublished\":\"2010-07-15T08:00:44+00:00\",\"breadcrumb\":{\"@id\":\"https:\\\/\\\/inclusivenews.com.br\\\/?p=16564#breadcrumb\"},\"inLanguage\":\"pt-PT\",\"potentialAction\":[{\"@type\":\"ReadAction\",\"target\":[\"https:\\\/\\\/inclusivenews.com.br\\\/?p=16564\"]}]},{\"@type\":\"ImageObject\",\"inLanguage\":\"pt-PT\",\"@id\":\"https:\\\/\\\/inclusivenews.com.br\\\/?p=16564#primaryimage\",\"url\":\"http:\\\/\\\/www.ensp.fiocruz.br\\\/informe-images\\\/5_festival_loucura.jpg\",\"contentUrl\":\"http:\\\/\\\/www.ensp.fiocruz.br\\\/informe-images\\\/5_festival_loucura.jpg\"},{\"@type\":\"BreadcrumbList\",\"@id\":\"https:\\\/\\\/inclusivenews.com.br\\\/?p=16564#breadcrumb\",\"itemListElement\":[{\"@type\":\"ListItem\",\"position\":1,\"name\":\"In\u00edcio\",\"item\":\"https:\\\/\\\/inclusivenews.com.br\\\/\"},{\"@type\":\"ListItem\",\"position\":2,\"name\":\"Loucura, cultura e diversidade ganham palestra no 5\u00b0 Festival da Loucura 2010\"}]},{\"@type\":\"WebSite\",\"@id\":\"https:\\\/\\\/inclusivenews.com.br\\\/#website\",\"url\":\"https:\\\/\\\/inclusivenews.com.br\\\/\",\"name\":\"Inclusive News\",\"description\":\"Inclusive News\",\"publisher\":{\"@id\":\"https:\\\/\\\/inclusivenews.com.br\\\/#organization\"},\"potentialAction\":[{\"@type\":\"SearchAction\",\"target\":{\"@type\":\"EntryPoint\",\"urlTemplate\":\"https:\\\/\\\/inclusivenews.com.br\\\/?s={search_term_string}\"},\"query-input\":{\"@type\":\"PropertyValueSpecification\",\"valueRequired\":true,\"valueName\":\"search_term_string\"}}],\"inLanguage\":\"pt-PT\"},{\"@type\":\"Organization\",\"@id\":\"https:\\\/\\\/inclusivenews.com.br\\\/#organization\",\"name\":\"Inclusive - inclus\u00e3o e cidadania\",\"url\":\"https:\\\/\\\/inclusivenews.com.br\\\/\",\"logo\":{\"@type\":\"ImageObject\",\"inLanguage\":\"pt-PT\",\"@id\":\"https:\\\/\\\/inclusivenews.com.br\\\/#\\\/schema\\\/logo\\\/image\\\/\",\"url\":\"https:\\\/\\\/inclusivenews.com.br\\\/wp-content\\\/uploads\\\/2024\\\/03\\\/@grandesite.png\",\"contentUrl\":\"https:\\\/\\\/inclusivenews.com.br\\\/wp-content\\\/uploads\\\/2024\\\/03\\\/@grandesite.png\",\"width\":1080,\"height\":1080,\"caption\":\"Inclusive - inclus\u00e3o e cidadania\"},\"image\":{\"@id\":\"https:\\\/\\\/inclusivenews.com.br\\\/#\\\/schema\\\/logo\\\/image\\\/\"},\"sameAs\":[\"https:\\\/\\\/www.facebook.com\\\/agenciainclusive\\\/\",\"https:\\\/\\\/www.instagram.com\\\/newsinclusive\\\/\"]},{\"@type\":\"Person\",\"@id\":\"https:\\\/\\\/inclusivenews.com.br\\\/#\\\/schema\\\/person\\\/ae4ec7087559b8692fb33b6fffd2273b\",\"name\":\"inclusivenews2024\",\"image\":{\"@type\":\"ImageObject\",\"inLanguage\":\"pt-PT\",\"@id\":\"https:\\\/\\\/secure.gravatar.com\\\/avatar\\\/c5a7ef84c66fa914f55bc4f7ce26cfa275a3b9a1c5568b907bd184fb4dde7b40?s=96&d=mm&r=g\",\"url\":\"https:\\\/\\\/secure.gravatar.com\\\/avatar\\\/c5a7ef84c66fa914f55bc4f7ce26cfa275a3b9a1c5568b907bd184fb4dde7b40?s=96&d=mm&r=g\",\"contentUrl\":\"https:\\\/\\\/secure.gravatar.com\\\/avatar\\\/c5a7ef84c66fa914f55bc4f7ce26cfa275a3b9a1c5568b907bd184fb4dde7b40?s=96&d=mm&r=g\",\"caption\":\"inclusivenews2024\"},\"sameAs\":[\"https:\\\/\\\/inclusivenews.com.br\"],\"url\":\"https:\\\/\\\/inclusivenews.com.br\\\/?author=1\"}]}<\/script>\n<!-- \/ Yoast SEO plugin. -->","yoast_head_json":{"title":"Loucura, cultura e diversidade ganham palestra no 5\u00b0 Festival da Loucura 2010 -","robots":{"index":"index","follow":"follow","max-snippet":"max-snippet:-1","max-image-preview":"max-image-preview:large","max-video-preview":"max-video-preview:-1"},"canonical":"https:\/\/inclusivenews.com.br\/?p=16564","og_locale":"pt_PT","og_type":"article","og_title":"Loucura, cultura e diversidade ganham palestra no 5\u00b0 Festival da Loucura 2010 -","og_description":"De 15 a 18 de julho, um movimento de lucidez e irrever\u00eancia vai tomar conta das principais ruas e pra\u00e7as de Barbacena (MG). O Festival da Loucura, que chega \u00e0 sua quinta edi\u00e7\u00e3o este ano, consolida-se como um dos mais importantes eventos do calend\u00e1rio cultural, art\u00edstico e cient\u00edfico mineiro. No s\u00e1bado (17\/7), o pesquisador do [&hellip;]","og_url":"https:\/\/inclusivenews.com.br\/?p=16564","article_publisher":"https:\/\/www.facebook.com\/agenciainclusive\/","article_published_time":"2010-07-15T08:00:44+00:00","og_image":[{"url":"http:\/\/www.ensp.fiocruz.br\/informe-images\/5_festival_loucura.jpg","type":"","width":"","height":""}],"author":"inclusivenews2024","twitter_card":"summary_large_image","twitter_misc":{"Escrito por":"inclusivenews2024","Tempo estimado de leitura":"2 minutos"},"schema":{"@context":"https:\/\/schema.org","@graph":[{"@type":"Article","@id":"https:\/\/inclusivenews.com.br\/?p=16564#article","isPartOf":{"@id":"https:\/\/inclusivenews.com.br\/?p=16564"},"author":{"name":"inclusivenews2024","@id":"https:\/\/inclusivenews.com.br\/#\/schema\/person\/ae4ec7087559b8692fb33b6fffd2273b"},"headline":"Loucura, cultura e diversidade ganham palestra no 5\u00b0 Festival da Loucura 2010","datePublished":"2010-07-15T08:00:44+00:00","mainEntityOfPage":{"@id":"https:\/\/inclusivenews.com.br\/?p=16564"},"wordCount":384,"commentCount":1,"publisher":{"@id":"https:\/\/inclusivenews.com.br\/#organization"},"image":{"@id":"https:\/\/inclusivenews.com.br\/?p=16564#primaryimage"},"thumbnailUrl":"http:\/\/www.ensp.fiocruz.br\/informe-images\/5_festival_loucura.jpg","articleSection":["Cursos e eventos"],"inLanguage":"pt-PT","potentialAction":[{"@type":"CommentAction","name":"Comment","target":["https:\/\/inclusivenews.com.br\/?p=16564#respond"]}]},{"@type":"WebPage","@id":"https:\/\/inclusivenews.com.br\/?p=16564","url":"https:\/\/inclusivenews.com.br\/?p=16564","name":"Loucura, cultura e diversidade ganham palestra no 5\u00b0 Festival da Loucura 2010 -","isPartOf":{"@id":"https:\/\/inclusivenews.com.br\/#website"},"primaryImageOfPage":{"@id":"https:\/\/inclusivenews.com.br\/?p=16564#primaryimage"},"image":{"@id":"https:\/\/inclusivenews.com.br\/?p=16564#primaryimage"},"thumbnailUrl":"http:\/\/www.ensp.fiocruz.br\/informe-images\/5_festival_loucura.jpg","datePublished":"2010-07-15T08:00:44+00:00","breadcrumb":{"@id":"https:\/\/inclusivenews.com.br\/?p=16564#breadcrumb"},"inLanguage":"pt-PT","potentialAction":[{"@type":"ReadAction","target":["https:\/\/inclusivenews.com.br\/?p=16564"]}]},{"@type":"ImageObject","inLanguage":"pt-PT","@id":"https:\/\/inclusivenews.com.br\/?p=16564#primaryimage","url":"http:\/\/www.ensp.fiocruz.br\/informe-images\/5_festival_loucura.jpg","contentUrl":"http:\/\/www.ensp.fiocruz.br\/informe-images\/5_festival_loucura.jpg"},{"@type":"BreadcrumbList","@id":"https:\/\/inclusivenews.com.br\/?p=16564#breadcrumb","itemListElement":[{"@type":"ListItem","position":1,"name":"In\u00edcio","item":"https:\/\/inclusivenews.com.br\/"},{"@type":"ListItem","position":2,"name":"Loucura, cultura e diversidade ganham palestra no 5\u00b0 Festival da Loucura 2010"}]},{"@type":"WebSite","@id":"https:\/\/inclusivenews.com.br\/#website","url":"https:\/\/inclusivenews.com.br\/","name":"Inclusive News","description":"Inclusive News","publisher":{"@id":"https:\/\/inclusivenews.com.br\/#organization"},"potentialAction":[{"@type":"SearchAction","target":{"@type":"EntryPoint","urlTemplate":"https:\/\/inclusivenews.com.br\/?s={search_term_string}"},"query-input":{"@type":"PropertyValueSpecification","valueRequired":true,"valueName":"search_term_string"}}],"inLanguage":"pt-PT"},{"@type":"Organization","@id":"https:\/\/inclusivenews.com.br\/#organization","name":"Inclusive - inclus\u00e3o e cidadania","url":"https:\/\/inclusivenews.com.br\/","logo":{"@type":"ImageObject","inLanguage":"pt-PT","@id":"https:\/\/inclusivenews.com.br\/#\/schema\/logo\/image\/","url":"https:\/\/inclusivenews.com.br\/wp-content\/uploads\/2024\/03\/@grandesite.png","contentUrl":"https:\/\/inclusivenews.com.br\/wp-content\/uploads\/2024\/03\/@grandesite.png","width":1080,"height":1080,"caption":"Inclusive - inclus\u00e3o e cidadania"},"image":{"@id":"https:\/\/inclusivenews.com.br\/#\/schema\/logo\/image\/"},"sameAs":["https:\/\/www.facebook.com\/agenciainclusive\/","https:\/\/www.instagram.com\/newsinclusive\/"]},{"@type":"Person","@id":"https:\/\/inclusivenews.com.br\/#\/schema\/person\/ae4ec7087559b8692fb33b6fffd2273b","name":"inclusivenews2024","image":{"@type":"ImageObject","inLanguage":"pt-PT","@id":"https:\/\/secure.gravatar.com\/avatar\/c5a7ef84c66fa914f55bc4f7ce26cfa275a3b9a1c5568b907bd184fb4dde7b40?s=96&d=mm&r=g","url":"https:\/\/secure.gravatar.com\/avatar\/c5a7ef84c66fa914f55bc4f7ce26cfa275a3b9a1c5568b907bd184fb4dde7b40?s=96&d=mm&r=g","contentUrl":"https:\/\/secure.gravatar.com\/avatar\/c5a7ef84c66fa914f55bc4f7ce26cfa275a3b9a1c5568b907bd184fb4dde7b40?s=96&d=mm&r=g","caption":"inclusivenews2024"},"sameAs":["https:\/\/inclusivenews.com.br"],"url":"https:\/\/inclusivenews.com.br\/?author=1"}]}},"_links":{"self":[{"href":"https:\/\/inclusivenews.com.br\/index.php?rest_route=\/wp\/v2\/posts\/16564","targetHints":{"allow":["GET"]}}],"collection":[{"href":"https:\/\/inclusivenews.com.br\/index.php?rest_route=\/wp\/v2\/posts"}],"about":[{"href":"https:\/\/inclusivenews.com.br\/index.php?rest_route=\/wp\/v2\/types\/post"}],"author":[{"embeddable":true,"href":"https:\/\/inclusivenews.com.br\/index.php?rest_route=\/wp\/v2\/users\/1"}],"replies":[{"embeddable":true,"href":"https:\/\/inclusivenews.com.br\/index.php?rest_route=%2Fwp%2Fv2%2Fcomments&post=16564"}],"version-history":[{"count":0,"href":"https:\/\/inclusivenews.com.br\/index.php?rest_route=\/wp\/v2\/posts\/16564\/revisions"}],"wp:attachment":[{"href":"https:\/\/inclusivenews.com.br\/index.php?rest_route=%2Fwp%2Fv2%2Fmedia&parent=16564"}],"wp:term":[{"taxonomy":"category","embeddable":true,"href":"https:\/\/inclusivenews.com.br\/index.php?rest_route=%2Fwp%2Fv2%2Fcategories&post=16564"},{"taxonomy":"post_tag","embeddable":true,"href":"https:\/\/inclusivenews.com.br\/index.php?rest_route=%2Fwp%2Fv2%2Ftags&post=16564"}],"curies":[{"name":"wp","href":"https:\/\/api.w.org\/{rel}","templated":true}]}}