{"id":16585,"date":"2010-07-19T05:50:34","date_gmt":"2010-07-19T08:50:34","guid":{"rendered":"http:\/\/www.inclusive.org.br\/?p=16585"},"modified":"2010-07-19T05:50:34","modified_gmt":"2010-07-19T08:50:34","slug":"1%c2%ba-encontro-nacional-de-blogueiros-progressistas","status":"publish","type":"post","link":"https:\/\/inclusivenews.com.br\/?p=16585","title":{"rendered":"1\u00ba Encontro Nacional de Blogueiros Progressistas"},"content":{"rendered":"<p><em><a href=\"http:\/\/www.inclusivenews.com.br\/wp-content\/uploads\/2010\/01\/blogosfera.jpg\"><img loading=\"lazy\" decoding=\"async\" class=\"size-full wp-image-13398 alignleft\" title=\"Inclusive - blogosfera, um globo formado por um teclado de computador.\" src=\"http:\/\/inclusivenews.com.br\/wp-content\/uploads\/2010\/01\/blogosfera.jpg\" alt=\"\" width=\"155\" height=\"158\" \/><\/a>O 1\u00ba Encontro Nacional de Blogueiros Progressistas acontecer\u00e1 nos dias 21 (s\u00e1bado) e 22 (domingo) de agosto em S\u00e3o Paulo,\u00a0 capital. O objetivo \u00e9 contribuir para a democratiza\u00e7\u00e3o dos meios de comunica\u00e7\u00e3o e fortalecer as m\u00eddias alternativas. As inscri\u00e7\u00f5es j\u00e1 est\u00e3o abertas.<\/p>\n<p><\/em><\/p>\n<p><strong>Por Concei\u00e7\u00e3o Lemes<\/strong><\/p>\n<p>O 1\u00ba Encontro Nacional de Blogueiros Progressistas acontecer\u00e1 nos dias 21 (s\u00e1bado) e 22 (domingo) de agosto em S\u00e3o Paulo,\u00a0 capital. O objetivo \u00e9 contribuir para a democratiza\u00e7\u00e3o dos meios de comunica\u00e7\u00e3o e fortalecer as m\u00eddias alternativas. As inscri\u00e7\u00f5es j\u00e1 est\u00e3o abertas. Poder\u00e3o se inscrever n\u00e3o apenas blogueiros, mas todos os interessados nas novas m\u00eddias sociais.<\/p>\n<p>N\u00f3s nos esfor\u00e7amos ao m\u00e1ximo \u2014 mesmo! \u2014 para viabiliz\u00e1-lo em Bras\u00edlia, mas o elevado custo de audit\u00f3rios, acomoda\u00e7\u00f5es e refei\u00e7\u00f5es e o prazo ex\u00edguo nos for\u00e7aram a rever o local. Ou faz\u00edamos em S\u00e3o Paulo ou Encontro n\u00e3o sairia antes das elei\u00e7\u00f5es. Optamos pela sua realiza\u00e7\u00e3o, pois \u00e9 fundamental para este momento que a blogosfera vive.\u00a0\u00a0 Tentaremos fazer o segundo em Bras\u00edlia. O importante, pessoal, \u00e9 acontecer o 1\u00ba Encontro.<\/p>\n<p>A programa\u00e7\u00e3o est\u00e1 sendo montada. Por enquanto, temos apenas as linhas gerais. Na pr\u00f3xima semana, ela ser\u00e1 conclu\u00edda e divulgada.<\/p>\n<p>O encontro come\u00e7ar\u00e1 no s\u00e1bado \u00e0s 9h com debate sobre o papel da blogosfera na democratiza\u00e7\u00e3o dos meios de comunica\u00e7\u00e3o. Participar\u00e3o Luiz Carlos Azenha, Paulo Henrique Amorim, Luis Nassif, Eduardo Guimar\u00e3es, Rodrigo Vianna e Leandro Fortes.<\/p>\n<p>\u00c0 tarde ocorrer\u00e3o sess\u00f5es com palestrantes para se discutir as quest\u00f5es legais: orienta\u00e7\u00e3o jur\u00eddica para atuar na web, medidas contra amea\u00e7as, cerceamento \u00e0 liberdade de express\u00e3o. Tamb\u00e9m ocorrer\u00e3o oficinas sobre twitter, videoweb, rastreamento de trolls e debates sobre a sustentabilidade financeira dos blogs.<\/p>\n<p>No domingo das 9h \u00e0 12 h, em reuni\u00f5es em grupo, blogueiros dos v\u00e1rios estados trocar\u00e3o experi\u00eancias e discutir\u00e3o os desafios da blogosfera. \u00c0 tarde, plen\u00e1ria para apresenta\u00e7\u00e3o, discuss\u00e3o e aprova\u00e7\u00e3o da\u00a0 Carta do 1\u00ba Encontro Nacional dos Blogueiros.<\/p>\n<p><strong>INSCRI\u00c7\u00d5ES, PASSAGENS, ACOMODA\u00c7\u00c3O E REFEI\u00c7\u00d5ES<\/strong><\/p>\n<p>As inscri\u00e7\u00f5es custam 100 reais. Quanto mais r\u00e1pidas, melhor para a organiza\u00e7\u00e3o do evento. Basta enviar e-mail para <a class=\"linkint\" href=\"mailto:contato@baraodeitarare.org.br\">contato@baraodeitarare.org.br<\/a> ou telefonar para (011)3054-1829. Falar com a Daniele Penha.<\/p>\n<p>Para se inscrever, ser\u00e3o necess\u00e1rios os seguintes dados<\/p>\n<p>* Nome\/nicknane<\/p>\n<p>* E-mail<\/p>\n<p>* Endere\u00e7o do blog<\/p>\n<p>*Twitter ou outra rede social, caso participe. Preencha com a URL completa<\/p>\n<p>* Telefone<\/p>\n<p>* Cidade\/Estado<\/p>\n<p>A comiss\u00e3o organizadora est\u00e1 buscando patroc\u00ednios para garantir a gratuidade da hospedagem. Est\u00e1 em contato com uma empresa a\u00e9rea para garantir desconto nas tarifas.\u00a0 Dependendo dos recursos levantados, o Encontro tamb\u00e9m arcar\u00e1 com as despesas de refei\u00e7\u00f5es e parte das passagens para os blogueiros de outros estados.<\/p>\n<p>Daremos total transpar\u00eancia \u00e0 origem dos recursos e \u00e0 presta\u00e7\u00e3o de contas. Os blogueiros poder\u00e3o acompanh\u00e1-la online.<\/p>\n<p><strong>AMIGOS DA BLOGOSFERA<\/strong><\/p>\n<p>Para custear a participa\u00e7\u00e3o de palestrantes e parte das despesas de blogueiros de outros estados, lan\u00e7amos a campanha Amigos da Blogosfera. S\u00e3o 20 cotas de 3 mil reais.<\/p>\n<p>J\u00e1 confirmaram a compra de uma cota: Apeoesp, Sindicato dos Banc\u00e1rios e Financi\u00e1rios de S\u00e3o Paulo, Osasco e Regi\u00e3o, Sindicato dos Metal\u00fargicos do ABC, Viomundo , Conversa Afiada e Seja dita a verdade.<\/p>\n<p>Se quiser ser mais um dos Amigos da Blogosfera, ligue para (011)3054-1829.<\/p>\n<p>* Comiss\u00e3o Organizadora: Luiz Carlos Azenha, Altamiro Borges, Concei\u00e7\u00e3o Lemes, Paulo Henrique Amorim, Eduardo Guimar\u00e3es, Concei\u00e7\u00e3o Oliveira, Renato Rovai, Rodrigo Vianna e Diego Casaes.<\/p>\n<p>Apoio institucional: Instituto Bar\u00e3o de Itarar\u00e9, Associa\u00e7\u00e3o Brasileira de Empresas e Empreendedores da Comunica\u00e7\u00e3o (Altercom) e Movimento dos Sem M\u00eddia (MSM).<br \/>\n_______________<\/p>\n<p><strong>Fonte:<\/strong> <a href=\"http:\/\/www.viomundo.com.br\/\">Viomundo<\/a><\/p>\n","protected":false},"excerpt":{"rendered":"<p>O 1\u00ba Encontro Nacional de Blogueiros Progressistas acontecer\u00e1 nos dias 21 (s\u00e1bado) e 22 (domingo) de agosto em S\u00e3o Paulo,  capital. O objetivo \u00e9 contribuir para a democratiza\u00e7\u00e3o dos meios de comunica\u00e7\u00e3o e fortalecer as m\u00eddias alternativas. As inscri\u00e7\u00f5es j\u00e1 est\u00e3o abertas. Do Viomundo.<\/p>\n","protected":false},"author":1,"featured_media":0,"comment_status":"open","ping_status":"open","sticky":false,"template":"","format":"standard","meta":{"site-container-style":"default","site-container-layout":"default","site-sidebar-layout":"default","disable-article-header":"default","disable-site-header":"default","disable-site-footer":"default","disable-content-area-spacing":"default","footnotes":""},"categories":[12,4],"tags":[],"class_list":["post-16585","post","type-post","status-publish","format-standard","hentry","category-cursos-e-eventos","category-noticias"],"yoast_head":"<!-- This site is optimized with the Yoast SEO plugin v27.4 - https:\/\/yoast.com\/product\/yoast-seo-wordpress\/ -->\n<title>1\u00ba Encontro Nacional de Blogueiros Progressistas -<\/title>\n<meta name=\"robots\" content=\"index, follow, max-snippet:-1, max-image-preview:large, max-video-preview:-1\" \/>\n<link rel=\"canonical\" href=\"https:\/\/inclusivenews.com.br\/?p=16585\" \/>\n<meta property=\"og:locale\" content=\"pt_PT\" \/>\n<meta property=\"og:type\" content=\"article\" \/>\n<meta property=\"og:title\" content=\"1\u00ba Encontro Nacional de Blogueiros Progressistas -\" \/>\n<meta property=\"og:description\" content=\"O 1\u00ba Encontro Nacional de Blogueiros Progressistas acontecer\u00e1 nos dias 21 (s\u00e1bado) e 22 (domingo) de agosto em S\u00e3o Paulo, capital. O objetivo \u00e9 contribuir para a democratiza\u00e7\u00e3o dos meios de comunica\u00e7\u00e3o e fortalecer as m\u00eddias alternativas. As inscri\u00e7\u00f5es j\u00e1 est\u00e3o abertas. Do Viomundo.\" \/>\n<meta property=\"og:url\" content=\"https:\/\/inclusivenews.com.br\/?p=16585\" \/>\n<meta property=\"article:publisher\" content=\"https:\/\/www.facebook.com\/agenciainclusive\/\" \/>\n<meta property=\"article:published_time\" content=\"2010-07-19T08:50:34+00:00\" \/>\n<meta property=\"og:image\" content=\"http:\/\/inclusivenews.com.br\/wp-content\/uploads\/2010\/01\/blogosfera.jpg\" \/>\n<meta name=\"author\" content=\"inclusivenews2024\" \/>\n<meta name=\"twitter:card\" content=\"summary_large_image\" \/>\n<meta name=\"twitter:label1\" content=\"Escrito por\" \/>\n\t<meta name=\"twitter:data1\" content=\"inclusivenews2024\" \/>\n\t<meta name=\"twitter:label2\" content=\"Tempo estimado de leitura\" \/>\n\t<meta name=\"twitter:data2\" content=\"3 minutos\" \/>\n<script type=\"application\/ld+json\" class=\"yoast-schema-graph\">{\"@context\":\"https:\\\/\\\/schema.org\",\"@graph\":[{\"@type\":\"Article\",\"@id\":\"https:\\\/\\\/inclusivenews.com.br\\\/?p=16585#article\",\"isPartOf\":{\"@id\":\"https:\\\/\\\/inclusivenews.com.br\\\/?p=16585\"},\"author\":{\"name\":\"inclusivenews2024\",\"@id\":\"https:\\\/\\\/inclusivenews.com.br\\\/#\\\/schema\\\/person\\\/ae4ec7087559b8692fb33b6fffd2273b\"},\"headline\":\"1\u00ba Encontro Nacional de Blogueiros Progressistas\",\"datePublished\":\"2010-07-19T08:50:34+00:00\",\"mainEntityOfPage\":{\"@id\":\"https:\\\/\\\/inclusivenews.com.br\\\/?p=16585\"},\"wordCount\":636,\"commentCount\":0,\"publisher\":{\"@id\":\"https:\\\/\\\/inclusivenews.com.br\\\/#organization\"},\"image\":{\"@id\":\"https:\\\/\\\/inclusivenews.com.br\\\/?p=16585#primaryimage\"},\"thumbnailUrl\":\"http:\\\/\\\/inclusivenews.com.br\\\/wp-content\\\/uploads\\\/2010\\\/01\\\/blogosfera.jpg\",\"articleSection\":[\"Cursos e eventos\",\"NOT\u00cdCIAS\"],\"inLanguage\":\"pt-PT\",\"potentialAction\":[{\"@type\":\"CommentAction\",\"name\":\"Comment\",\"target\":[\"https:\\\/\\\/inclusivenews.com.br\\\/?p=16585#respond\"]}]},{\"@type\":\"WebPage\",\"@id\":\"https:\\\/\\\/inclusivenews.com.br\\\/?p=16585\",\"url\":\"https:\\\/\\\/inclusivenews.com.br\\\/?p=16585\",\"name\":\"1\u00ba Encontro Nacional de Blogueiros Progressistas -\",\"isPartOf\":{\"@id\":\"https:\\\/\\\/inclusivenews.com.br\\\/#website\"},\"primaryImageOfPage\":{\"@id\":\"https:\\\/\\\/inclusivenews.com.br\\\/?p=16585#primaryimage\"},\"image\":{\"@id\":\"https:\\\/\\\/inclusivenews.com.br\\\/?p=16585#primaryimage\"},\"thumbnailUrl\":\"http:\\\/\\\/inclusivenews.com.br\\\/wp-content\\\/uploads\\\/2010\\\/01\\\/blogosfera.jpg\",\"datePublished\":\"2010-07-19T08:50:34+00:00\",\"breadcrumb\":{\"@id\":\"https:\\\/\\\/inclusivenews.com.br\\\/?p=16585#breadcrumb\"},\"inLanguage\":\"pt-PT\",\"potentialAction\":[{\"@type\":\"ReadAction\",\"target\":[\"https:\\\/\\\/inclusivenews.com.br\\\/?p=16585\"]}]},{\"@type\":\"ImageObject\",\"inLanguage\":\"pt-PT\",\"@id\":\"https:\\\/\\\/inclusivenews.com.br\\\/?p=16585#primaryimage\",\"url\":\"\",\"contentUrl\":\"\"},{\"@type\":\"BreadcrumbList\",\"@id\":\"https:\\\/\\\/inclusivenews.com.br\\\/?p=16585#breadcrumb\",\"itemListElement\":[{\"@type\":\"ListItem\",\"position\":1,\"name\":\"In\u00edcio\",\"item\":\"https:\\\/\\\/inclusivenews.com.br\\\/\"},{\"@type\":\"ListItem\",\"position\":2,\"name\":\"1\u00ba Encontro Nacional de Blogueiros Progressistas\"}]},{\"@type\":\"WebSite\",\"@id\":\"https:\\\/\\\/inclusivenews.com.br\\\/#website\",\"url\":\"https:\\\/\\\/inclusivenews.com.br\\\/\",\"name\":\"Inclusive News\",\"description\":\"Inclusive News\",\"publisher\":{\"@id\":\"https:\\\/\\\/inclusivenews.com.br\\\/#organization\"},\"potentialAction\":[{\"@type\":\"SearchAction\",\"target\":{\"@type\":\"EntryPoint\",\"urlTemplate\":\"https:\\\/\\\/inclusivenews.com.br\\\/?s={search_term_string}\"},\"query-input\":{\"@type\":\"PropertyValueSpecification\",\"valueRequired\":true,\"valueName\":\"search_term_string\"}}],\"inLanguage\":\"pt-PT\"},{\"@type\":\"Organization\",\"@id\":\"https:\\\/\\\/inclusivenews.com.br\\\/#organization\",\"name\":\"Inclusive - inclus\u00e3o e cidadania\",\"url\":\"https:\\\/\\\/inclusivenews.com.br\\\/\",\"logo\":{\"@type\":\"ImageObject\",\"inLanguage\":\"pt-PT\",\"@id\":\"https:\\\/\\\/inclusivenews.com.br\\\/#\\\/schema\\\/logo\\\/image\\\/\",\"url\":\"https:\\\/\\\/inclusivenews.com.br\\\/wp-content\\\/uploads\\\/2024\\\/03\\\/@grandesite.png\",\"contentUrl\":\"https:\\\/\\\/inclusivenews.com.br\\\/wp-content\\\/uploads\\\/2024\\\/03\\\/@grandesite.png\",\"width\":1080,\"height\":1080,\"caption\":\"Inclusive - inclus\u00e3o e cidadania\"},\"image\":{\"@id\":\"https:\\\/\\\/inclusivenews.com.br\\\/#\\\/schema\\\/logo\\\/image\\\/\"},\"sameAs\":[\"https:\\\/\\\/www.facebook.com\\\/agenciainclusive\\\/\",\"https:\\\/\\\/www.instagram.com\\\/newsinclusive\\\/\"]},{\"@type\":\"Person\",\"@id\":\"https:\\\/\\\/inclusivenews.com.br\\\/#\\\/schema\\\/person\\\/ae4ec7087559b8692fb33b6fffd2273b\",\"name\":\"inclusivenews2024\",\"image\":{\"@type\":\"ImageObject\",\"inLanguage\":\"pt-PT\",\"@id\":\"https:\\\/\\\/secure.gravatar.com\\\/avatar\\\/c5a7ef84c66fa914f55bc4f7ce26cfa275a3b9a1c5568b907bd184fb4dde7b40?s=96&d=mm&r=g\",\"url\":\"https:\\\/\\\/secure.gravatar.com\\\/avatar\\\/c5a7ef84c66fa914f55bc4f7ce26cfa275a3b9a1c5568b907bd184fb4dde7b40?s=96&d=mm&r=g\",\"contentUrl\":\"https:\\\/\\\/secure.gravatar.com\\\/avatar\\\/c5a7ef84c66fa914f55bc4f7ce26cfa275a3b9a1c5568b907bd184fb4dde7b40?s=96&d=mm&r=g\",\"caption\":\"inclusivenews2024\"},\"sameAs\":[\"https:\\\/\\\/inclusivenews.com.br\"],\"url\":\"https:\\\/\\\/inclusivenews.com.br\\\/?author=1\"}]}<\/script>\n<!-- \/ Yoast SEO plugin. -->","yoast_head_json":{"title":"1\u00ba Encontro Nacional de Blogueiros Progressistas -","robots":{"index":"index","follow":"follow","max-snippet":"max-snippet:-1","max-image-preview":"max-image-preview:large","max-video-preview":"max-video-preview:-1"},"canonical":"https:\/\/inclusivenews.com.br\/?p=16585","og_locale":"pt_PT","og_type":"article","og_title":"1\u00ba Encontro Nacional de Blogueiros Progressistas -","og_description":"O 1\u00ba Encontro Nacional de Blogueiros Progressistas acontecer\u00e1 nos dias 21 (s\u00e1bado) e 22 (domingo) de agosto em S\u00e3o Paulo, capital. O objetivo \u00e9 contribuir para a democratiza\u00e7\u00e3o dos meios de comunica\u00e7\u00e3o e fortalecer as m\u00eddias alternativas. As inscri\u00e7\u00f5es j\u00e1 est\u00e3o abertas. Do Viomundo.","og_url":"https:\/\/inclusivenews.com.br\/?p=16585","article_publisher":"https:\/\/www.facebook.com\/agenciainclusive\/","article_published_time":"2010-07-19T08:50:34+00:00","og_image":[{"url":"http:\/\/inclusivenews.com.br\/wp-content\/uploads\/2010\/01\/blogosfera.jpg","type":"","width":"","height":""}],"author":"inclusivenews2024","twitter_card":"summary_large_image","twitter_misc":{"Escrito por":"inclusivenews2024","Tempo estimado de leitura":"3 minutos"},"schema":{"@context":"https:\/\/schema.org","@graph":[{"@type":"Article","@id":"https:\/\/inclusivenews.com.br\/?p=16585#article","isPartOf":{"@id":"https:\/\/inclusivenews.com.br\/?p=16585"},"author":{"name":"inclusivenews2024","@id":"https:\/\/inclusivenews.com.br\/#\/schema\/person\/ae4ec7087559b8692fb33b6fffd2273b"},"headline":"1\u00ba Encontro Nacional de Blogueiros Progressistas","datePublished":"2010-07-19T08:50:34+00:00","mainEntityOfPage":{"@id":"https:\/\/inclusivenews.com.br\/?p=16585"},"wordCount":636,"commentCount":0,"publisher":{"@id":"https:\/\/inclusivenews.com.br\/#organization"},"image":{"@id":"https:\/\/inclusivenews.com.br\/?p=16585#primaryimage"},"thumbnailUrl":"http:\/\/inclusivenews.com.br\/wp-content\/uploads\/2010\/01\/blogosfera.jpg","articleSection":["Cursos e eventos","NOT\u00cdCIAS"],"inLanguage":"pt-PT","potentialAction":[{"@type":"CommentAction","name":"Comment","target":["https:\/\/inclusivenews.com.br\/?p=16585#respond"]}]},{"@type":"WebPage","@id":"https:\/\/inclusivenews.com.br\/?p=16585","url":"https:\/\/inclusivenews.com.br\/?p=16585","name":"1\u00ba Encontro Nacional de Blogueiros Progressistas -","isPartOf":{"@id":"https:\/\/inclusivenews.com.br\/#website"},"primaryImageOfPage":{"@id":"https:\/\/inclusivenews.com.br\/?p=16585#primaryimage"},"image":{"@id":"https:\/\/inclusivenews.com.br\/?p=16585#primaryimage"},"thumbnailUrl":"http:\/\/inclusivenews.com.br\/wp-content\/uploads\/2010\/01\/blogosfera.jpg","datePublished":"2010-07-19T08:50:34+00:00","breadcrumb":{"@id":"https:\/\/inclusivenews.com.br\/?p=16585#breadcrumb"},"inLanguage":"pt-PT","potentialAction":[{"@type":"ReadAction","target":["https:\/\/inclusivenews.com.br\/?p=16585"]}]},{"@type":"ImageObject","inLanguage":"pt-PT","@id":"https:\/\/inclusivenews.com.br\/?p=16585#primaryimage","url":"","contentUrl":""},{"@type":"BreadcrumbList","@id":"https:\/\/inclusivenews.com.br\/?p=16585#breadcrumb","itemListElement":[{"@type":"ListItem","position":1,"name":"In\u00edcio","item":"https:\/\/inclusivenews.com.br\/"},{"@type":"ListItem","position":2,"name":"1\u00ba Encontro Nacional de Blogueiros Progressistas"}]},{"@type":"WebSite","@id":"https:\/\/inclusivenews.com.br\/#website","url":"https:\/\/inclusivenews.com.br\/","name":"Inclusive News","description":"Inclusive News","publisher":{"@id":"https:\/\/inclusivenews.com.br\/#organization"},"potentialAction":[{"@type":"SearchAction","target":{"@type":"EntryPoint","urlTemplate":"https:\/\/inclusivenews.com.br\/?s={search_term_string}"},"query-input":{"@type":"PropertyValueSpecification","valueRequired":true,"valueName":"search_term_string"}}],"inLanguage":"pt-PT"},{"@type":"Organization","@id":"https:\/\/inclusivenews.com.br\/#organization","name":"Inclusive - inclus\u00e3o e cidadania","url":"https:\/\/inclusivenews.com.br\/","logo":{"@type":"ImageObject","inLanguage":"pt-PT","@id":"https:\/\/inclusivenews.com.br\/#\/schema\/logo\/image\/","url":"https:\/\/inclusivenews.com.br\/wp-content\/uploads\/2024\/03\/@grandesite.png","contentUrl":"https:\/\/inclusivenews.com.br\/wp-content\/uploads\/2024\/03\/@grandesite.png","width":1080,"height":1080,"caption":"Inclusive - inclus\u00e3o e cidadania"},"image":{"@id":"https:\/\/inclusivenews.com.br\/#\/schema\/logo\/image\/"},"sameAs":["https:\/\/www.facebook.com\/agenciainclusive\/","https:\/\/www.instagram.com\/newsinclusive\/"]},{"@type":"Person","@id":"https:\/\/inclusivenews.com.br\/#\/schema\/person\/ae4ec7087559b8692fb33b6fffd2273b","name":"inclusivenews2024","image":{"@type":"ImageObject","inLanguage":"pt-PT","@id":"https:\/\/secure.gravatar.com\/avatar\/c5a7ef84c66fa914f55bc4f7ce26cfa275a3b9a1c5568b907bd184fb4dde7b40?s=96&d=mm&r=g","url":"https:\/\/secure.gravatar.com\/avatar\/c5a7ef84c66fa914f55bc4f7ce26cfa275a3b9a1c5568b907bd184fb4dde7b40?s=96&d=mm&r=g","contentUrl":"https:\/\/secure.gravatar.com\/avatar\/c5a7ef84c66fa914f55bc4f7ce26cfa275a3b9a1c5568b907bd184fb4dde7b40?s=96&d=mm&r=g","caption":"inclusivenews2024"},"sameAs":["https:\/\/inclusivenews.com.br"],"url":"https:\/\/inclusivenews.com.br\/?author=1"}]}},"_links":{"self":[{"href":"https:\/\/inclusivenews.com.br\/index.php?rest_route=\/wp\/v2\/posts\/16585","targetHints":{"allow":["GET"]}}],"collection":[{"href":"https:\/\/inclusivenews.com.br\/index.php?rest_route=\/wp\/v2\/posts"}],"about":[{"href":"https:\/\/inclusivenews.com.br\/index.php?rest_route=\/wp\/v2\/types\/post"}],"author":[{"embeddable":true,"href":"https:\/\/inclusivenews.com.br\/index.php?rest_route=\/wp\/v2\/users\/1"}],"replies":[{"embeddable":true,"href":"https:\/\/inclusivenews.com.br\/index.php?rest_route=%2Fwp%2Fv2%2Fcomments&post=16585"}],"version-history":[{"count":0,"href":"https:\/\/inclusivenews.com.br\/index.php?rest_route=\/wp\/v2\/posts\/16585\/revisions"}],"wp:attachment":[{"href":"https:\/\/inclusivenews.com.br\/index.php?rest_route=%2Fwp%2Fv2%2Fmedia&parent=16585"}],"wp:term":[{"taxonomy":"category","embeddable":true,"href":"https:\/\/inclusivenews.com.br\/index.php?rest_route=%2Fwp%2Fv2%2Fcategories&post=16585"},{"taxonomy":"post_tag","embeddable":true,"href":"https:\/\/inclusivenews.com.br\/index.php?rest_route=%2Fwp%2Fv2%2Ftags&post=16585"}],"curies":[{"name":"wp","href":"https:\/\/api.w.org\/{rel}","templated":true}]}}