{"id":16592,"date":"2010-07-19T05:54:09","date_gmt":"2010-07-19T08:54:09","guid":{"rendered":"http:\/\/www.inclusive.org.br\/?p=16592"},"modified":"2010-07-19T05:54:09","modified_gmt":"2010-07-19T08:54:09","slug":"educacao-inclusiva-e-tema-de-seminario-em-sao-borja-19-2107","status":"publish","type":"post","link":"https:\/\/inclusivenews.com.br\/?p=16592","title":{"rendered":"Educa\u00e7\u00e3o inclusiva \u00e9 tema de semin\u00e1rio em S\u00e3o Borja (19-21\/07)"},"content":{"rendered":"<figure style=\"width: 240px\" class=\"wp-caption alignleft\"><img loading=\"lazy\" decoding=\"async\" title=\"Educadores presentes em evento, vistos do alto.\" src=\"http:\/\/www.saoborja.rs.gov.br\/admin\/includes\/RedimensionImages.class.php?path=..\/..\/view\/news\/8ca9f12d16c60767dc80d6d837f9eacd.jpg&amp;w=300&amp;h=225\" alt=\"\" width=\"240\" height=\"161\" \/><figcaption class=\"wp-caption-text\"> <\/figcaption><\/figure>\n<p>A secretaria municipal de Educa\u00e7\u00e3o e Cultura promove nos dias 19, 20 e 21 de julho mais uma edi\u00e7\u00e3o do Semin\u00e1rio Regional de educa\u00e7\u00e3o inclusiva. O evento reunir\u00e1 cerca de 900 educadores do ensino municipal de S\u00e3o Borja e dos outros 13 munic\u00edpios de sua abrang\u00eancia. O semin\u00e1rio contar\u00e1 com palestras sobre diversos temas, entre eles, a defici\u00eancia mental, super dota\u00e7\u00e3o, atendimento educacional especializado e transtornos mentais.<\/p>\n<p>A Educa\u00e7\u00e3o Inclusiva visa a constru\u00e7\u00e3o de uma escola onde n\u00e3o existam mecanismos de sele\u00e7\u00e3o ou discrimina\u00e7\u00e3o para o acesso e continuidade nos estudos de todos os alunos. Desde 2008 S\u00e3o Borja \u00e9 p\u00f3lo do programa de Educa\u00e7\u00e3o Inclusiva, tendo realizado dois semin\u00e1rios anteriores para qualifica\u00e7\u00e3o e aperfei\u00e7oamento dos profissionais. Al\u00e9m de educadores da rede municipal, o pr\u00f3ximo encontro tamb\u00e9m reunir\u00e1 representantes de Bossoroca, Garruchos, Itacurubi, Itaqui, Ma\u00e7ambar\u00e1, Manoel Viana, Nova Esperan\u00e7a do Sul, Roque Gonzales, Santo Ant\u00f4nio das Miss\u00f5es, Santo Cristo e S\u00e3o Luiz Gonzaga.<\/p>\n<p>Nas escolas o programa \u00e9 voltado para crian\u00e7as e adolescentes com defici\u00eancia, transtornos globais de desenvolvimento e altas habilidades. De acordo com a secret\u00e1ria de Educa\u00e7\u00e3o e Cultura, Ana Cl\u00e1udia Gattiboni Dutra, a inclus\u00e3o de pessoas com defici\u00eancia em sala de aula comum das redes de ensino tem gerado \u00f3timos resultados. \u201cEstamos conseguindo passar por cima de barreiras que a sociedade criou para os indiv\u00edduos\u201d, comemora.<\/p>\n<p>Ana Cl\u00e1udia afirma ainda que n\u00e3o pode-se negar o direito das crian\u00e7as e adolescentes de conviverem com outras pessoas da sua idade, pois para ela, n\u00e3o h\u00e1 ambiente melhor para se aprender como com seus pares. \u201cVale destacar tamb\u00e9m que a inclus\u00e3o n\u00e3o \u00e9 uma quest\u00e3o de sermos bonzinhos com as pessoas. Todos t\u00eam o direito de participar e n\u00f3s temos a obriga\u00e7\u00e3o de atender, e muito bem\u201d, concluiu.<\/p>\n<p>Palestras:<\/p>\n<p>19 de julho &#8211; segunda-feira<br \/>\n&#8211; A Pol\u00edtica Nacional de Educa\u00e7\u00e3o Especial na perspectiva da Educa\u00e7\u00e3o Inclusiva: Secret\u00e1ria Nacional de Educa\u00e7\u00e3o Especial Claudia Pereira Dutra<br \/>\n&#8211; Defici\u00eancia Mental: Adriana Leite Limaverde Gomes- UFC- Universidade Federal do Cear\u00e1<\/p>\n<p>20 de julho \u2013 ter\u00e7a-feira<br \/>\n&#8211; Altas Habilidades\/Superdota\u00e7\u00e3o: Nara Joyce Wellausen Vieira \u2013 UFSM<br \/>\n&#8211; Atendimento Educacional Especializado \u2013  Salas de Recursos Multifuncionais: Francisco Dutra dos Santos Junior<\/p>\n<p>21 de julho \u2013 quarta-feira<br \/>\nTranstornos globais do desenvolvimento (TGD): Carlo Schmidt \u2013 UFSM<\/p>\n<p>Cr\u00e9dito Foto: Juliano Jaques \/ DECOM \/ PMSB<\/p>\n<p>__________________<\/p>\n<p><strong>Fonte:<\/strong> <a href=\"http:\/\/www.saoborja.rs.gov.br\/site\/index.php?section=news&amp;category=i&amp;id=456\">DECOM \/ PMSB<\/a><\/p>\n","protected":false},"excerpt":{"rendered":"<p>Em S\u00e3o Borja, 900 educadores estar\u00e3o reunidos em semin\u00e1rio sobre educa\u00e7\u00e3o inclusiva. Entre 19 e 21 de julho.<\/p>\n","protected":false},"author":1,"featured_media":0,"comment_status":"open","ping_status":"open","sticky":false,"template":"","format":"standard","meta":{"site-container-style":"default","site-container-layout":"default","site-sidebar-layout":"default","disable-article-header":"default","disable-site-header":"default","disable-site-footer":"default","disable-content-area-spacing":"default","footnotes":""},"categories":[12,6,48,4],"tags":[],"class_list":["post-16592","post","type-post","status-publish","format-standard","hentry","category-cursos-e-eventos","category-educacao","category-inclusao","category-noticias"],"yoast_head":"<!-- This site is optimized with the Yoast SEO plugin v27.4 - https:\/\/yoast.com\/product\/yoast-seo-wordpress\/ -->\n<title>Educa\u00e7\u00e3o inclusiva \u00e9 tema de semin\u00e1rio em S\u00e3o Borja (19-21\/07) -<\/title>\n<meta name=\"robots\" content=\"index, follow, max-snippet:-1, max-image-preview:large, max-video-preview:-1\" \/>\n<link rel=\"canonical\" href=\"https:\/\/inclusivenews.com.br\/?p=16592\" \/>\n<meta property=\"og:locale\" content=\"pt_PT\" \/>\n<meta property=\"og:type\" content=\"article\" \/>\n<meta property=\"og:title\" content=\"Educa\u00e7\u00e3o inclusiva \u00e9 tema de semin\u00e1rio em S\u00e3o Borja (19-21\/07) -\" \/>\n<meta property=\"og:description\" content=\"Em S\u00e3o Borja, 900 educadores estar\u00e3o reunidos em semin\u00e1rio sobre educa\u00e7\u00e3o inclusiva. Entre 19 e 21 de julho.\" \/>\n<meta property=\"og:url\" content=\"https:\/\/inclusivenews.com.br\/?p=16592\" \/>\n<meta property=\"article:publisher\" content=\"https:\/\/www.facebook.com\/agenciainclusive\/\" \/>\n<meta property=\"article:published_time\" content=\"2010-07-19T08:54:09+00:00\" \/>\n<meta property=\"og:image\" content=\"http:\/\/www.saoborja.rs.gov.br\/admin\/includes\/RedimensionImages.class.php?path=..\/..\/view\/news\/8ca9f12d16c60767dc80d6d837f9eacd.jpg&amp;w=300&amp;h=225\" \/>\n<meta name=\"author\" content=\"inclusivenews2024\" \/>\n<meta name=\"twitter:card\" content=\"summary_large_image\" \/>\n<meta name=\"twitter:label1\" content=\"Escrito por\" \/>\n\t<meta name=\"twitter:data1\" content=\"inclusivenews2024\" \/>\n\t<meta name=\"twitter:label2\" content=\"Tempo estimado de leitura\" \/>\n\t<meta name=\"twitter:data2\" content=\"2 minutos\" \/>\n<script type=\"application\/ld+json\" class=\"yoast-schema-graph\">{\"@context\":\"https:\\\/\\\/schema.org\",\"@graph\":[{\"@type\":\"Article\",\"@id\":\"https:\\\/\\\/inclusivenews.com.br\\\/?p=16592#article\",\"isPartOf\":{\"@id\":\"https:\\\/\\\/inclusivenews.com.br\\\/?p=16592\"},\"author\":{\"name\":\"inclusivenews2024\",\"@id\":\"https:\\\/\\\/inclusivenews.com.br\\\/#\\\/schema\\\/person\\\/ae4ec7087559b8692fb33b6fffd2273b\"},\"headline\":\"Educa\u00e7\u00e3o inclusiva \u00e9 tema de semin\u00e1rio em S\u00e3o Borja (19-21\\\/07)\",\"datePublished\":\"2010-07-19T08:54:09+00:00\",\"mainEntityOfPage\":{\"@id\":\"https:\\\/\\\/inclusivenews.com.br\\\/?p=16592\"},\"wordCount\":437,\"commentCount\":2,\"publisher\":{\"@id\":\"https:\\\/\\\/inclusivenews.com.br\\\/#organization\"},\"image\":{\"@id\":\"https:\\\/\\\/inclusivenews.com.br\\\/?p=16592#primaryimage\"},\"thumbnailUrl\":\"http:\\\/\\\/www.saoborja.rs.gov.br\\\/admin\\\/includes\\\/RedimensionImages.class.php?path=..\\\/..\\\/view\\\/news\\\/8ca9f12d16c60767dc80d6d837f9eacd.jpg&amp;w=300&amp;h=225\",\"articleSection\":[\"Cursos e eventos\",\"EDUCA\u00c7\u00c3O\",\"INCLUS\u00c3O SOCIAL\",\"NOT\u00cdCIAS\"],\"inLanguage\":\"pt-PT\",\"potentialAction\":[{\"@type\":\"CommentAction\",\"name\":\"Comment\",\"target\":[\"https:\\\/\\\/inclusivenews.com.br\\\/?p=16592#respond\"]}]},{\"@type\":\"WebPage\",\"@id\":\"https:\\\/\\\/inclusivenews.com.br\\\/?p=16592\",\"url\":\"https:\\\/\\\/inclusivenews.com.br\\\/?p=16592\",\"name\":\"Educa\u00e7\u00e3o inclusiva \u00e9 tema de semin\u00e1rio em S\u00e3o Borja (19-21\\\/07) -\",\"isPartOf\":{\"@id\":\"https:\\\/\\\/inclusivenews.com.br\\\/#website\"},\"primaryImageOfPage\":{\"@id\":\"https:\\\/\\\/inclusivenews.com.br\\\/?p=16592#primaryimage\"},\"image\":{\"@id\":\"https:\\\/\\\/inclusivenews.com.br\\\/?p=16592#primaryimage\"},\"thumbnailUrl\":\"http:\\\/\\\/www.saoborja.rs.gov.br\\\/admin\\\/includes\\\/RedimensionImages.class.php?path=..\\\/..\\\/view\\\/news\\\/8ca9f12d16c60767dc80d6d837f9eacd.jpg&amp;w=300&amp;h=225\",\"datePublished\":\"2010-07-19T08:54:09+00:00\",\"breadcrumb\":{\"@id\":\"https:\\\/\\\/inclusivenews.com.br\\\/?p=16592#breadcrumb\"},\"inLanguage\":\"pt-PT\",\"potentialAction\":[{\"@type\":\"ReadAction\",\"target\":[\"https:\\\/\\\/inclusivenews.com.br\\\/?p=16592\"]}]},{\"@type\":\"ImageObject\",\"inLanguage\":\"pt-PT\",\"@id\":\"https:\\\/\\\/inclusivenews.com.br\\\/?p=16592#primaryimage\",\"url\":\"http:\\\/\\\/www.saoborja.rs.gov.br\\\/admin\\\/includes\\\/RedimensionImages.class.php?path=..\\\/..\\\/view\\\/news\\\/8ca9f12d16c60767dc80d6d837f9eacd.jpg&amp;w=300&amp;h=225\",\"contentUrl\":\"http:\\\/\\\/www.saoborja.rs.gov.br\\\/admin\\\/includes\\\/RedimensionImages.class.php?path=..\\\/..\\\/view\\\/news\\\/8ca9f12d16c60767dc80d6d837f9eacd.jpg&amp;w=300&amp;h=225\"},{\"@type\":\"BreadcrumbList\",\"@id\":\"https:\\\/\\\/inclusivenews.com.br\\\/?p=16592#breadcrumb\",\"itemListElement\":[{\"@type\":\"ListItem\",\"position\":1,\"name\":\"In\u00edcio\",\"item\":\"https:\\\/\\\/inclusivenews.com.br\\\/\"},{\"@type\":\"ListItem\",\"position\":2,\"name\":\"Educa\u00e7\u00e3o inclusiva \u00e9 tema de semin\u00e1rio em S\u00e3o Borja (19-21\\\/07)\"}]},{\"@type\":\"WebSite\",\"@id\":\"https:\\\/\\\/inclusivenews.com.br\\\/#website\",\"url\":\"https:\\\/\\\/inclusivenews.com.br\\\/\",\"name\":\"Inclusive News\",\"description\":\"Inclusive News\",\"publisher\":{\"@id\":\"https:\\\/\\\/inclusivenews.com.br\\\/#organization\"},\"potentialAction\":[{\"@type\":\"SearchAction\",\"target\":{\"@type\":\"EntryPoint\",\"urlTemplate\":\"https:\\\/\\\/inclusivenews.com.br\\\/?s={search_term_string}\"},\"query-input\":{\"@type\":\"PropertyValueSpecification\",\"valueRequired\":true,\"valueName\":\"search_term_string\"}}],\"inLanguage\":\"pt-PT\"},{\"@type\":\"Organization\",\"@id\":\"https:\\\/\\\/inclusivenews.com.br\\\/#organization\",\"name\":\"Inclusive - inclus\u00e3o e cidadania\",\"url\":\"https:\\\/\\\/inclusivenews.com.br\\\/\",\"logo\":{\"@type\":\"ImageObject\",\"inLanguage\":\"pt-PT\",\"@id\":\"https:\\\/\\\/inclusivenews.com.br\\\/#\\\/schema\\\/logo\\\/image\\\/\",\"url\":\"https:\\\/\\\/inclusivenews.com.br\\\/wp-content\\\/uploads\\\/2024\\\/03\\\/@grandesite.png\",\"contentUrl\":\"https:\\\/\\\/inclusivenews.com.br\\\/wp-content\\\/uploads\\\/2024\\\/03\\\/@grandesite.png\",\"width\":1080,\"height\":1080,\"caption\":\"Inclusive - inclus\u00e3o e cidadania\"},\"image\":{\"@id\":\"https:\\\/\\\/inclusivenews.com.br\\\/#\\\/schema\\\/logo\\\/image\\\/\"},\"sameAs\":[\"https:\\\/\\\/www.facebook.com\\\/agenciainclusive\\\/\",\"https:\\\/\\\/www.instagram.com\\\/newsinclusive\\\/\"]},{\"@type\":\"Person\",\"@id\":\"https:\\\/\\\/inclusivenews.com.br\\\/#\\\/schema\\\/person\\\/ae4ec7087559b8692fb33b6fffd2273b\",\"name\":\"inclusivenews2024\",\"image\":{\"@type\":\"ImageObject\",\"inLanguage\":\"pt-PT\",\"@id\":\"https:\\\/\\\/secure.gravatar.com\\\/avatar\\\/c5a7ef84c66fa914f55bc4f7ce26cfa275a3b9a1c5568b907bd184fb4dde7b40?s=96&d=mm&r=g\",\"url\":\"https:\\\/\\\/secure.gravatar.com\\\/avatar\\\/c5a7ef84c66fa914f55bc4f7ce26cfa275a3b9a1c5568b907bd184fb4dde7b40?s=96&d=mm&r=g\",\"contentUrl\":\"https:\\\/\\\/secure.gravatar.com\\\/avatar\\\/c5a7ef84c66fa914f55bc4f7ce26cfa275a3b9a1c5568b907bd184fb4dde7b40?s=96&d=mm&r=g\",\"caption\":\"inclusivenews2024\"},\"sameAs\":[\"https:\\\/\\\/inclusivenews.com.br\"],\"url\":\"https:\\\/\\\/inclusivenews.com.br\\\/?author=1\"}]}<\/script>\n<!-- \/ Yoast SEO plugin. -->","yoast_head_json":{"title":"Educa\u00e7\u00e3o inclusiva \u00e9 tema de semin\u00e1rio em S\u00e3o Borja (19-21\/07) -","robots":{"index":"index","follow":"follow","max-snippet":"max-snippet:-1","max-image-preview":"max-image-preview:large","max-video-preview":"max-video-preview:-1"},"canonical":"https:\/\/inclusivenews.com.br\/?p=16592","og_locale":"pt_PT","og_type":"article","og_title":"Educa\u00e7\u00e3o inclusiva \u00e9 tema de semin\u00e1rio em S\u00e3o Borja (19-21\/07) -","og_description":"Em S\u00e3o Borja, 900 educadores estar\u00e3o reunidos em semin\u00e1rio sobre educa\u00e7\u00e3o inclusiva. Entre 19 e 21 de julho.","og_url":"https:\/\/inclusivenews.com.br\/?p=16592","article_publisher":"https:\/\/www.facebook.com\/agenciainclusive\/","article_published_time":"2010-07-19T08:54:09+00:00","og_image":[{"url":"http:\/\/www.saoborja.rs.gov.br\/admin\/includes\/RedimensionImages.class.php?path=..\/..\/view\/news\/8ca9f12d16c60767dc80d6d837f9eacd.jpg&amp;w=300&amp;h=225","type":"","width":"","height":""}],"author":"inclusivenews2024","twitter_card":"summary_large_image","twitter_misc":{"Escrito por":"inclusivenews2024","Tempo estimado de leitura":"2 minutos"},"schema":{"@context":"https:\/\/schema.org","@graph":[{"@type":"Article","@id":"https:\/\/inclusivenews.com.br\/?p=16592#article","isPartOf":{"@id":"https:\/\/inclusivenews.com.br\/?p=16592"},"author":{"name":"inclusivenews2024","@id":"https:\/\/inclusivenews.com.br\/#\/schema\/person\/ae4ec7087559b8692fb33b6fffd2273b"},"headline":"Educa\u00e7\u00e3o inclusiva \u00e9 tema de semin\u00e1rio em S\u00e3o Borja (19-21\/07)","datePublished":"2010-07-19T08:54:09+00:00","mainEntityOfPage":{"@id":"https:\/\/inclusivenews.com.br\/?p=16592"},"wordCount":437,"commentCount":2,"publisher":{"@id":"https:\/\/inclusivenews.com.br\/#organization"},"image":{"@id":"https:\/\/inclusivenews.com.br\/?p=16592#primaryimage"},"thumbnailUrl":"http:\/\/www.saoborja.rs.gov.br\/admin\/includes\/RedimensionImages.class.php?path=..\/..\/view\/news\/8ca9f12d16c60767dc80d6d837f9eacd.jpg&amp;w=300&amp;h=225","articleSection":["Cursos e eventos","EDUCA\u00c7\u00c3O","INCLUS\u00c3O SOCIAL","NOT\u00cdCIAS"],"inLanguage":"pt-PT","potentialAction":[{"@type":"CommentAction","name":"Comment","target":["https:\/\/inclusivenews.com.br\/?p=16592#respond"]}]},{"@type":"WebPage","@id":"https:\/\/inclusivenews.com.br\/?p=16592","url":"https:\/\/inclusivenews.com.br\/?p=16592","name":"Educa\u00e7\u00e3o inclusiva \u00e9 tema de semin\u00e1rio em S\u00e3o Borja (19-21\/07) -","isPartOf":{"@id":"https:\/\/inclusivenews.com.br\/#website"},"primaryImageOfPage":{"@id":"https:\/\/inclusivenews.com.br\/?p=16592#primaryimage"},"image":{"@id":"https:\/\/inclusivenews.com.br\/?p=16592#primaryimage"},"thumbnailUrl":"http:\/\/www.saoborja.rs.gov.br\/admin\/includes\/RedimensionImages.class.php?path=..\/..\/view\/news\/8ca9f12d16c60767dc80d6d837f9eacd.jpg&amp;w=300&amp;h=225","datePublished":"2010-07-19T08:54:09+00:00","breadcrumb":{"@id":"https:\/\/inclusivenews.com.br\/?p=16592#breadcrumb"},"inLanguage":"pt-PT","potentialAction":[{"@type":"ReadAction","target":["https:\/\/inclusivenews.com.br\/?p=16592"]}]},{"@type":"ImageObject","inLanguage":"pt-PT","@id":"https:\/\/inclusivenews.com.br\/?p=16592#primaryimage","url":"http:\/\/www.saoborja.rs.gov.br\/admin\/includes\/RedimensionImages.class.php?path=..\/..\/view\/news\/8ca9f12d16c60767dc80d6d837f9eacd.jpg&amp;w=300&amp;h=225","contentUrl":"http:\/\/www.saoborja.rs.gov.br\/admin\/includes\/RedimensionImages.class.php?path=..\/..\/view\/news\/8ca9f12d16c60767dc80d6d837f9eacd.jpg&amp;w=300&amp;h=225"},{"@type":"BreadcrumbList","@id":"https:\/\/inclusivenews.com.br\/?p=16592#breadcrumb","itemListElement":[{"@type":"ListItem","position":1,"name":"In\u00edcio","item":"https:\/\/inclusivenews.com.br\/"},{"@type":"ListItem","position":2,"name":"Educa\u00e7\u00e3o inclusiva \u00e9 tema de semin\u00e1rio em S\u00e3o Borja (19-21\/07)"}]},{"@type":"WebSite","@id":"https:\/\/inclusivenews.com.br\/#website","url":"https:\/\/inclusivenews.com.br\/","name":"Inclusive News","description":"Inclusive News","publisher":{"@id":"https:\/\/inclusivenews.com.br\/#organization"},"potentialAction":[{"@type":"SearchAction","target":{"@type":"EntryPoint","urlTemplate":"https:\/\/inclusivenews.com.br\/?s={search_term_string}"},"query-input":{"@type":"PropertyValueSpecification","valueRequired":true,"valueName":"search_term_string"}}],"inLanguage":"pt-PT"},{"@type":"Organization","@id":"https:\/\/inclusivenews.com.br\/#organization","name":"Inclusive - inclus\u00e3o e cidadania","url":"https:\/\/inclusivenews.com.br\/","logo":{"@type":"ImageObject","inLanguage":"pt-PT","@id":"https:\/\/inclusivenews.com.br\/#\/schema\/logo\/image\/","url":"https:\/\/inclusivenews.com.br\/wp-content\/uploads\/2024\/03\/@grandesite.png","contentUrl":"https:\/\/inclusivenews.com.br\/wp-content\/uploads\/2024\/03\/@grandesite.png","width":1080,"height":1080,"caption":"Inclusive - inclus\u00e3o e cidadania"},"image":{"@id":"https:\/\/inclusivenews.com.br\/#\/schema\/logo\/image\/"},"sameAs":["https:\/\/www.facebook.com\/agenciainclusive\/","https:\/\/www.instagram.com\/newsinclusive\/"]},{"@type":"Person","@id":"https:\/\/inclusivenews.com.br\/#\/schema\/person\/ae4ec7087559b8692fb33b6fffd2273b","name":"inclusivenews2024","image":{"@type":"ImageObject","inLanguage":"pt-PT","@id":"https:\/\/secure.gravatar.com\/avatar\/c5a7ef84c66fa914f55bc4f7ce26cfa275a3b9a1c5568b907bd184fb4dde7b40?s=96&d=mm&r=g","url":"https:\/\/secure.gravatar.com\/avatar\/c5a7ef84c66fa914f55bc4f7ce26cfa275a3b9a1c5568b907bd184fb4dde7b40?s=96&d=mm&r=g","contentUrl":"https:\/\/secure.gravatar.com\/avatar\/c5a7ef84c66fa914f55bc4f7ce26cfa275a3b9a1c5568b907bd184fb4dde7b40?s=96&d=mm&r=g","caption":"inclusivenews2024"},"sameAs":["https:\/\/inclusivenews.com.br"],"url":"https:\/\/inclusivenews.com.br\/?author=1"}]}},"_links":{"self":[{"href":"https:\/\/inclusivenews.com.br\/index.php?rest_route=\/wp\/v2\/posts\/16592","targetHints":{"allow":["GET"]}}],"collection":[{"href":"https:\/\/inclusivenews.com.br\/index.php?rest_route=\/wp\/v2\/posts"}],"about":[{"href":"https:\/\/inclusivenews.com.br\/index.php?rest_route=\/wp\/v2\/types\/post"}],"author":[{"embeddable":true,"href":"https:\/\/inclusivenews.com.br\/index.php?rest_route=\/wp\/v2\/users\/1"}],"replies":[{"embeddable":true,"href":"https:\/\/inclusivenews.com.br\/index.php?rest_route=%2Fwp%2Fv2%2Fcomments&post=16592"}],"version-history":[{"count":0,"href":"https:\/\/inclusivenews.com.br\/index.php?rest_route=\/wp\/v2\/posts\/16592\/revisions"}],"wp:attachment":[{"href":"https:\/\/inclusivenews.com.br\/index.php?rest_route=%2Fwp%2Fv2%2Fmedia&parent=16592"}],"wp:term":[{"taxonomy":"category","embeddable":true,"href":"https:\/\/inclusivenews.com.br\/index.php?rest_route=%2Fwp%2Fv2%2Fcategories&post=16592"},{"taxonomy":"post_tag","embeddable":true,"href":"https:\/\/inclusivenews.com.br\/index.php?rest_route=%2Fwp%2Fv2%2Ftags&post=16592"}],"curies":[{"name":"wp","href":"https:\/\/api.w.org\/{rel}","templated":true}]}}