{"id":16593,"date":"2010-07-19T16:01:26","date_gmt":"2010-07-19T19:01:26","guid":{"rendered":"http:\/\/www.inclusive.org.br\/?p=16593"},"modified":"2010-07-19T16:01:26","modified_gmt":"2010-07-19T19:01:26","slug":"manifesto-de-repudio-do-conselho-nacional-dos-centros-de-vida-independente","status":"publish","type":"post","link":"https:\/\/inclusivenews.com.br\/?p=16593","title":{"rendered":"Manifesto de rep\u00fadio do Conselho Nacional dos Centros de Vida Independente"},"content":{"rendered":"<div style=\"font-family: times new roman,new york,times,serif; font-size: 12pt;\">\n<div>\n<p class=\"MsoNormal\" style=\"margin: 0cm 0cm 0pt; text-align: center;\"><img loading=\"lazy\" decoding=\"async\" class=\"aligncenter\" title=\"Logotipo do CVI Brasil, uma composi\u00e7\u00e3o geom\u00e9trica.\" src=\"http:\/\/www.cvi.org.br\/img\/cvi-brasil.jpg\" alt=\"\" width=\"138\" height=\"111\" \/><\/p>\n<p class=\"MsoNormal\" style=\"margin: 0cm 0cm 0pt; text-align: center;\"><strong><span style=\"color: black;\">MANIFESTO DE REP\u00daDIO<\/span><\/strong><span style=\"color: black;\"> <\/span><\/p>\n<p class=\"MsoNormal\" style=\"margin: 0cm 0cm 0pt; text-align: justify;\">\n<p class=\"MsoNormal\" style=\"margin: 0cm 0cm 0pt; text-align: justify;\"><span style=\"color: black;\">O\u00a0Conselho Nacional dos Centros de Vida Independente\u00a0&#8211; CVI-Brasil, por meio de seu Conselho Diretor, vem a p\u00fablico manifestar seu rep\u00fadio e perplexidade diante do brutal ataque criminoso contra o Centro de Vida Independente do Amazonas (CVI-AM) e, especialmente, contra seu presidente, Ronaldo Andr\u00e9 Brasil, que levou tr\u00eas tiros. Vejam a not\u00edcia no link <\/span><span class=\"apple-style-span\"><a href=\"http:\/\/www.d24am.com\/tags\/cviam\/4406\"><span style=\"color: #0e774a;\">www.d24am.com\/tags\/<strong>cviam<\/strong>\/4406<\/span><\/a><span style=\"color: black;\">.<\/span><\/span><span style=\"color: black;\"><br \/>\n<\/span><\/p>\n<p class=\"MsoNormal\" style=\"margin: 0cm 0cm 0pt; text-align: justify;\"><span style=\"color: black;\"><br \/>\nEsperamos que as autoridades competentes fa\u00e7am uma criteriosa investiga\u00e7\u00e3o dos fatos que levaram a esse desfecho tr\u00e1gico e punam\u00a0os culpados. Gostar\u00edamos de obter informa\u00e7\u00f5es sobre o processo de investiga\u00e7\u00e3o, que podem ser enviadas nos endere\u00e7os de e-mail abaixo.<br \/>\n<\/span><\/p>\n<p class=\"MsoNormal\" style=\"margin: 0cm 0cm 0pt; text-align: justify;\"><span style=\"color: black;\"><br \/>\nO CVI-Brasil expressa sua solidariedade \u00e0 fam\u00edlia de Ronaldo Andr\u00e9 e a todos os integrantes do CVI-AM, lamentando profundamente o ocorrido.<\/span><\/p>\n<p class=\"MsoNormal\" style=\"margin: 0cm 0cm 0pt; text-align: justify;\"><span style=\"color: black;\"> <\/span><\/p>\n<p class=\"MsoNormal\" style=\"margin: 0cm 0cm 0pt; text-align: justify;\"><strong><span style=\"color: black;\">Sobre os Centros de Vida Independente<\/span><\/strong><span style=\"color: black;\"> <\/span><\/p>\n<p class=\"MsoNormal\" style=\"margin: 0cm 0cm 0pt; text-align: justify;\"><span style=\"color: black;\">Os Centros de Vida Independente (CVI) s\u00e3o organiza\u00e7\u00f5es n\u00e3o-governamentais de defesa de Direitos Humanos, com foco na autonomia e emponderamento da pessoa com defici\u00eancia.<\/span><\/p>\n<p class=\"MsoNormal\" style=\"margin: 0cm 0cm 0pt; text-align: justify;\"><span style=\"color: black;\"><br \/>\nA Filosofia de Vida Independente foi criada nos Estados Unidos, na d\u00e9cada de 70 do s\u00e9culo passado. Nasceu, ent\u00e3o, o Movimento de Vida Independente e os CVIs se proliferaram pelo mundo, tendo entidades em v\u00e1rios pa\u00edses da Europa e Am\u00e9rica Latina, al\u00e9m dos EUA. No Brasil, existem cerca de 15 CVIs. <\/span><\/p>\n<p class=\"MsoNormal\" style=\"margin: 0cm 0cm 0pt; text-align: justify;\"><span style=\"color: black;\"><br \/>\nO CVI-AM foi criado em 2005, com apoio do CVI-Brasil. <\/span><\/p>\n<p class=\"MsoNormal\" style=\"margin: 0cm 0cm 0pt; text-align: justify;\"><span style=\"color: black;\"><br \/>\nO\u00a0conceito de Vida Independente \u00e9, hoje, reconhecido e respeitado internacionalmente j\u00e1 que \u00e9 parte integrante da Conven\u00e7\u00e3o sobre os Direitos da Pessoa com Defici\u00eancia das Na\u00e7\u00f5es Unidas (ONU). <\/span><\/p>\n<p class=\"MsoNormal\" style=\"margin: 0cm 0cm 0pt; text-align: justify;\"><span style=\"color: black;\"> <\/span><\/p>\n<p class=\"MsoNormal\" style=\"margin: 0cm 0cm 0pt; text-align: justify;\"><span style=\"color: black;\">Katia Fonseca<\/span><\/p>\n<p class=\"MsoNormal\" style=\"margin: 0cm 0cm 0pt; text-align: justify;\"><span style=\"color: black;\">Presidente do CVI-Brasil<\/span><\/p>\n<p class=\"MsoNormal\" style=\"margin: 0cm 0cm 0pt; text-align: justify;\"><span style=\"color: black;\"><a rel=\"nofollow noopener\" href=\"http:\/\/br.mc591.mail.yahoo.com\/mc\/compose?to=katiaf1956@gmail.com.br\" target=\"_blank\"><span style=\"color: blue;\">katiaf1956@gmail.com.br<\/span><\/a><\/span><\/p>\n<p class=\"MsoNormal\" style=\"margin: 0cm 0cm 0pt; text-align: justify;\"><span style=\"color: black;\"><a class=\"moz-txt-link-abbreviated\" href=\"mailto:cvibrasil_institucional_2009@yahoogrupos.com.br\">cvibrasil_institucional_2009@yahoogrupos.com.br<\/a><\/span><\/p>\n<\/div>\n<\/div>\n","protected":false},"excerpt":{"rendered":"<p>MANIFESTO DE REP\u00daDIO O\u00a0Conselho Nacional dos Centros de Vida Independente\u00a0&#8211; CVI-Brasil, por meio de seu Conselho Diretor, vem a p\u00fablico manifestar seu rep\u00fadio e perplexidade diante do brutal ataque criminoso contra o Centro de Vida Independente do Amazonas (CVI-AM) e, especialmente, contra seu presidente, Ronaldo Andr\u00e9 Brasil, que levou tr\u00eas tiros. Vejam a not\u00edcia no [&hellip;]<\/p>\n","protected":false},"author":1,"featured_media":0,"comment_status":"open","ping_status":"open","sticky":false,"template":"","format":"standard","meta":{"site-container-style":"default","site-container-layout":"default","site-sidebar-layout":"default","disable-article-header":"default","disable-site-header":"default","disable-site-footer":"default","disable-content-area-spacing":"default","footnotes":""},"categories":[13,4],"tags":[],"class_list":["post-16593","post","type-post","status-publish","format-standard","hentry","category-denuncias","category-noticias"],"yoast_head":"<!-- This site is optimized with the Yoast SEO plugin v27.4 - https:\/\/yoast.com\/product\/yoast-seo-wordpress\/ -->\n<title>Manifesto de rep\u00fadio do Conselho Nacional dos Centros de Vida Independente -<\/title>\n<meta name=\"robots\" content=\"index, follow, max-snippet:-1, max-image-preview:large, max-video-preview:-1\" \/>\n<link rel=\"canonical\" href=\"https:\/\/inclusivenews.com.br\/?p=16593\" \/>\n<meta property=\"og:locale\" content=\"pt_PT\" \/>\n<meta property=\"og:type\" content=\"article\" \/>\n<meta property=\"og:title\" content=\"Manifesto de rep\u00fadio do Conselho Nacional dos Centros de Vida Independente -\" \/>\n<meta property=\"og:description\" content=\"MANIFESTO DE REP\u00daDIO O\u00a0Conselho Nacional dos Centros de Vida Independente\u00a0&#8211; CVI-Brasil, por meio de seu Conselho Diretor, vem a p\u00fablico manifestar seu rep\u00fadio e perplexidade diante do brutal ataque criminoso contra o Centro de Vida Independente do Amazonas (CVI-AM) e, especialmente, contra seu presidente, Ronaldo Andr\u00e9 Brasil, que levou tr\u00eas tiros. Vejam a not\u00edcia no [&hellip;]\" \/>\n<meta property=\"og:url\" content=\"https:\/\/inclusivenews.com.br\/?p=16593\" \/>\n<meta property=\"article:publisher\" content=\"https:\/\/www.facebook.com\/agenciainclusive\/\" \/>\n<meta property=\"article:published_time\" content=\"2010-07-19T19:01:26+00:00\" \/>\n<meta property=\"og:image\" content=\"http:\/\/www.cvi.org.br\/img\/cvi-brasil.jpg\" \/>\n<meta name=\"author\" content=\"inclusivenews2024\" \/>\n<meta name=\"twitter:card\" content=\"summary_large_image\" \/>\n<meta name=\"twitter:label1\" content=\"Escrito por\" \/>\n\t<meta name=\"twitter:data1\" content=\"inclusivenews2024\" \/>\n\t<meta name=\"twitter:label2\" content=\"Tempo estimado de leitura\" \/>\n\t<meta name=\"twitter:data2\" content=\"1 minuto\" \/>\n<script type=\"application\/ld+json\" class=\"yoast-schema-graph\">{\"@context\":\"https:\\\/\\\/schema.org\",\"@graph\":[{\"@type\":\"Article\",\"@id\":\"https:\\\/\\\/inclusivenews.com.br\\\/?p=16593#article\",\"isPartOf\":{\"@id\":\"https:\\\/\\\/inclusivenews.com.br\\\/?p=16593\"},\"author\":{\"name\":\"inclusivenews2024\",\"@id\":\"https:\\\/\\\/inclusivenews.com.br\\\/#\\\/schema\\\/person\\\/ae4ec7087559b8692fb33b6fffd2273b\"},\"headline\":\"Manifesto de rep\u00fadio do Conselho Nacional dos Centros de Vida Independente\",\"datePublished\":\"2010-07-19T19:01:26+00:00\",\"mainEntityOfPage\":{\"@id\":\"https:\\\/\\\/inclusivenews.com.br\\\/?p=16593\"},\"wordCount\":291,\"commentCount\":0,\"publisher\":{\"@id\":\"https:\\\/\\\/inclusivenews.com.br\\\/#organization\"},\"image\":{\"@id\":\"https:\\\/\\\/inclusivenews.com.br\\\/?p=16593#primaryimage\"},\"thumbnailUrl\":\"http:\\\/\\\/www.cvi.org.br\\\/img\\\/cvi-brasil.jpg\",\"articleSection\":[\"Den\u00fancias\",\"NOT\u00cdCIAS\"],\"inLanguage\":\"pt-PT\",\"potentialAction\":[{\"@type\":\"CommentAction\",\"name\":\"Comment\",\"target\":[\"https:\\\/\\\/inclusivenews.com.br\\\/?p=16593#respond\"]}]},{\"@type\":\"WebPage\",\"@id\":\"https:\\\/\\\/inclusivenews.com.br\\\/?p=16593\",\"url\":\"https:\\\/\\\/inclusivenews.com.br\\\/?p=16593\",\"name\":\"Manifesto de rep\u00fadio do Conselho Nacional dos Centros de Vida Independente -\",\"isPartOf\":{\"@id\":\"https:\\\/\\\/inclusivenews.com.br\\\/#website\"},\"primaryImageOfPage\":{\"@id\":\"https:\\\/\\\/inclusivenews.com.br\\\/?p=16593#primaryimage\"},\"image\":{\"@id\":\"https:\\\/\\\/inclusivenews.com.br\\\/?p=16593#primaryimage\"},\"thumbnailUrl\":\"http:\\\/\\\/www.cvi.org.br\\\/img\\\/cvi-brasil.jpg\",\"datePublished\":\"2010-07-19T19:01:26+00:00\",\"breadcrumb\":{\"@id\":\"https:\\\/\\\/inclusivenews.com.br\\\/?p=16593#breadcrumb\"},\"inLanguage\":\"pt-PT\",\"potentialAction\":[{\"@type\":\"ReadAction\",\"target\":[\"https:\\\/\\\/inclusivenews.com.br\\\/?p=16593\"]}]},{\"@type\":\"ImageObject\",\"inLanguage\":\"pt-PT\",\"@id\":\"https:\\\/\\\/inclusivenews.com.br\\\/?p=16593#primaryimage\",\"url\":\"http:\\\/\\\/www.cvi.org.br\\\/img\\\/cvi-brasil.jpg\",\"contentUrl\":\"http:\\\/\\\/www.cvi.org.br\\\/img\\\/cvi-brasil.jpg\"},{\"@type\":\"BreadcrumbList\",\"@id\":\"https:\\\/\\\/inclusivenews.com.br\\\/?p=16593#breadcrumb\",\"itemListElement\":[{\"@type\":\"ListItem\",\"position\":1,\"name\":\"In\u00edcio\",\"item\":\"https:\\\/\\\/inclusivenews.com.br\\\/\"},{\"@type\":\"ListItem\",\"position\":2,\"name\":\"Manifesto de rep\u00fadio do Conselho Nacional dos Centros de Vida Independente\"}]},{\"@type\":\"WebSite\",\"@id\":\"https:\\\/\\\/inclusivenews.com.br\\\/#website\",\"url\":\"https:\\\/\\\/inclusivenews.com.br\\\/\",\"name\":\"Inclusive News\",\"description\":\"Inclusive News\",\"publisher\":{\"@id\":\"https:\\\/\\\/inclusivenews.com.br\\\/#organization\"},\"potentialAction\":[{\"@type\":\"SearchAction\",\"target\":{\"@type\":\"EntryPoint\",\"urlTemplate\":\"https:\\\/\\\/inclusivenews.com.br\\\/?s={search_term_string}\"},\"query-input\":{\"@type\":\"PropertyValueSpecification\",\"valueRequired\":true,\"valueName\":\"search_term_string\"}}],\"inLanguage\":\"pt-PT\"},{\"@type\":\"Organization\",\"@id\":\"https:\\\/\\\/inclusivenews.com.br\\\/#organization\",\"name\":\"Inclusive - inclus\u00e3o e cidadania\",\"url\":\"https:\\\/\\\/inclusivenews.com.br\\\/\",\"logo\":{\"@type\":\"ImageObject\",\"inLanguage\":\"pt-PT\",\"@id\":\"https:\\\/\\\/inclusivenews.com.br\\\/#\\\/schema\\\/logo\\\/image\\\/\",\"url\":\"https:\\\/\\\/inclusivenews.com.br\\\/wp-content\\\/uploads\\\/2024\\\/03\\\/@grandesite.png\",\"contentUrl\":\"https:\\\/\\\/inclusivenews.com.br\\\/wp-content\\\/uploads\\\/2024\\\/03\\\/@grandesite.png\",\"width\":1080,\"height\":1080,\"caption\":\"Inclusive - inclus\u00e3o e cidadania\"},\"image\":{\"@id\":\"https:\\\/\\\/inclusivenews.com.br\\\/#\\\/schema\\\/logo\\\/image\\\/\"},\"sameAs\":[\"https:\\\/\\\/www.facebook.com\\\/agenciainclusive\\\/\",\"https:\\\/\\\/www.instagram.com\\\/newsinclusive\\\/\"]},{\"@type\":\"Person\",\"@id\":\"https:\\\/\\\/inclusivenews.com.br\\\/#\\\/schema\\\/person\\\/ae4ec7087559b8692fb33b6fffd2273b\",\"name\":\"inclusivenews2024\",\"image\":{\"@type\":\"ImageObject\",\"inLanguage\":\"pt-PT\",\"@id\":\"https:\\\/\\\/secure.gravatar.com\\\/avatar\\\/c5a7ef84c66fa914f55bc4f7ce26cfa275a3b9a1c5568b907bd184fb4dde7b40?s=96&d=mm&r=g\",\"url\":\"https:\\\/\\\/secure.gravatar.com\\\/avatar\\\/c5a7ef84c66fa914f55bc4f7ce26cfa275a3b9a1c5568b907bd184fb4dde7b40?s=96&d=mm&r=g\",\"contentUrl\":\"https:\\\/\\\/secure.gravatar.com\\\/avatar\\\/c5a7ef84c66fa914f55bc4f7ce26cfa275a3b9a1c5568b907bd184fb4dde7b40?s=96&d=mm&r=g\",\"caption\":\"inclusivenews2024\"},\"sameAs\":[\"https:\\\/\\\/inclusivenews.com.br\"],\"url\":\"https:\\\/\\\/inclusivenews.com.br\\\/?author=1\"}]}<\/script>\n<!-- \/ Yoast SEO plugin. -->","yoast_head_json":{"title":"Manifesto de rep\u00fadio do Conselho Nacional dos Centros de Vida Independente -","robots":{"index":"index","follow":"follow","max-snippet":"max-snippet:-1","max-image-preview":"max-image-preview:large","max-video-preview":"max-video-preview:-1"},"canonical":"https:\/\/inclusivenews.com.br\/?p=16593","og_locale":"pt_PT","og_type":"article","og_title":"Manifesto de rep\u00fadio do Conselho Nacional dos Centros de Vida Independente -","og_description":"MANIFESTO DE REP\u00daDIO O\u00a0Conselho Nacional dos Centros de Vida Independente\u00a0&#8211; CVI-Brasil, por meio de seu Conselho Diretor, vem a p\u00fablico manifestar seu rep\u00fadio e perplexidade diante do brutal ataque criminoso contra o Centro de Vida Independente do Amazonas (CVI-AM) e, especialmente, contra seu presidente, Ronaldo Andr\u00e9 Brasil, que levou tr\u00eas tiros. Vejam a not\u00edcia no [&hellip;]","og_url":"https:\/\/inclusivenews.com.br\/?p=16593","article_publisher":"https:\/\/www.facebook.com\/agenciainclusive\/","article_published_time":"2010-07-19T19:01:26+00:00","og_image":[{"url":"http:\/\/www.cvi.org.br\/img\/cvi-brasil.jpg","type":"","width":"","height":""}],"author":"inclusivenews2024","twitter_card":"summary_large_image","twitter_misc":{"Escrito por":"inclusivenews2024","Tempo estimado de leitura":"1 minuto"},"schema":{"@context":"https:\/\/schema.org","@graph":[{"@type":"Article","@id":"https:\/\/inclusivenews.com.br\/?p=16593#article","isPartOf":{"@id":"https:\/\/inclusivenews.com.br\/?p=16593"},"author":{"name":"inclusivenews2024","@id":"https:\/\/inclusivenews.com.br\/#\/schema\/person\/ae4ec7087559b8692fb33b6fffd2273b"},"headline":"Manifesto de rep\u00fadio do Conselho Nacional dos Centros de Vida Independente","datePublished":"2010-07-19T19:01:26+00:00","mainEntityOfPage":{"@id":"https:\/\/inclusivenews.com.br\/?p=16593"},"wordCount":291,"commentCount":0,"publisher":{"@id":"https:\/\/inclusivenews.com.br\/#organization"},"image":{"@id":"https:\/\/inclusivenews.com.br\/?p=16593#primaryimage"},"thumbnailUrl":"http:\/\/www.cvi.org.br\/img\/cvi-brasil.jpg","articleSection":["Den\u00fancias","NOT\u00cdCIAS"],"inLanguage":"pt-PT","potentialAction":[{"@type":"CommentAction","name":"Comment","target":["https:\/\/inclusivenews.com.br\/?p=16593#respond"]}]},{"@type":"WebPage","@id":"https:\/\/inclusivenews.com.br\/?p=16593","url":"https:\/\/inclusivenews.com.br\/?p=16593","name":"Manifesto de rep\u00fadio do Conselho Nacional dos Centros de Vida Independente -","isPartOf":{"@id":"https:\/\/inclusivenews.com.br\/#website"},"primaryImageOfPage":{"@id":"https:\/\/inclusivenews.com.br\/?p=16593#primaryimage"},"image":{"@id":"https:\/\/inclusivenews.com.br\/?p=16593#primaryimage"},"thumbnailUrl":"http:\/\/www.cvi.org.br\/img\/cvi-brasil.jpg","datePublished":"2010-07-19T19:01:26+00:00","breadcrumb":{"@id":"https:\/\/inclusivenews.com.br\/?p=16593#breadcrumb"},"inLanguage":"pt-PT","potentialAction":[{"@type":"ReadAction","target":["https:\/\/inclusivenews.com.br\/?p=16593"]}]},{"@type":"ImageObject","inLanguage":"pt-PT","@id":"https:\/\/inclusivenews.com.br\/?p=16593#primaryimage","url":"http:\/\/www.cvi.org.br\/img\/cvi-brasil.jpg","contentUrl":"http:\/\/www.cvi.org.br\/img\/cvi-brasil.jpg"},{"@type":"BreadcrumbList","@id":"https:\/\/inclusivenews.com.br\/?p=16593#breadcrumb","itemListElement":[{"@type":"ListItem","position":1,"name":"In\u00edcio","item":"https:\/\/inclusivenews.com.br\/"},{"@type":"ListItem","position":2,"name":"Manifesto de rep\u00fadio do Conselho Nacional dos Centros de Vida Independente"}]},{"@type":"WebSite","@id":"https:\/\/inclusivenews.com.br\/#website","url":"https:\/\/inclusivenews.com.br\/","name":"Inclusive News","description":"Inclusive News","publisher":{"@id":"https:\/\/inclusivenews.com.br\/#organization"},"potentialAction":[{"@type":"SearchAction","target":{"@type":"EntryPoint","urlTemplate":"https:\/\/inclusivenews.com.br\/?s={search_term_string}"},"query-input":{"@type":"PropertyValueSpecification","valueRequired":true,"valueName":"search_term_string"}}],"inLanguage":"pt-PT"},{"@type":"Organization","@id":"https:\/\/inclusivenews.com.br\/#organization","name":"Inclusive - inclus\u00e3o e cidadania","url":"https:\/\/inclusivenews.com.br\/","logo":{"@type":"ImageObject","inLanguage":"pt-PT","@id":"https:\/\/inclusivenews.com.br\/#\/schema\/logo\/image\/","url":"https:\/\/inclusivenews.com.br\/wp-content\/uploads\/2024\/03\/@grandesite.png","contentUrl":"https:\/\/inclusivenews.com.br\/wp-content\/uploads\/2024\/03\/@grandesite.png","width":1080,"height":1080,"caption":"Inclusive - inclus\u00e3o e cidadania"},"image":{"@id":"https:\/\/inclusivenews.com.br\/#\/schema\/logo\/image\/"},"sameAs":["https:\/\/www.facebook.com\/agenciainclusive\/","https:\/\/www.instagram.com\/newsinclusive\/"]},{"@type":"Person","@id":"https:\/\/inclusivenews.com.br\/#\/schema\/person\/ae4ec7087559b8692fb33b6fffd2273b","name":"inclusivenews2024","image":{"@type":"ImageObject","inLanguage":"pt-PT","@id":"https:\/\/secure.gravatar.com\/avatar\/c5a7ef84c66fa914f55bc4f7ce26cfa275a3b9a1c5568b907bd184fb4dde7b40?s=96&d=mm&r=g","url":"https:\/\/secure.gravatar.com\/avatar\/c5a7ef84c66fa914f55bc4f7ce26cfa275a3b9a1c5568b907bd184fb4dde7b40?s=96&d=mm&r=g","contentUrl":"https:\/\/secure.gravatar.com\/avatar\/c5a7ef84c66fa914f55bc4f7ce26cfa275a3b9a1c5568b907bd184fb4dde7b40?s=96&d=mm&r=g","caption":"inclusivenews2024"},"sameAs":["https:\/\/inclusivenews.com.br"],"url":"https:\/\/inclusivenews.com.br\/?author=1"}]}},"_links":{"self":[{"href":"https:\/\/inclusivenews.com.br\/index.php?rest_route=\/wp\/v2\/posts\/16593","targetHints":{"allow":["GET"]}}],"collection":[{"href":"https:\/\/inclusivenews.com.br\/index.php?rest_route=\/wp\/v2\/posts"}],"about":[{"href":"https:\/\/inclusivenews.com.br\/index.php?rest_route=\/wp\/v2\/types\/post"}],"author":[{"embeddable":true,"href":"https:\/\/inclusivenews.com.br\/index.php?rest_route=\/wp\/v2\/users\/1"}],"replies":[{"embeddable":true,"href":"https:\/\/inclusivenews.com.br\/index.php?rest_route=%2Fwp%2Fv2%2Fcomments&post=16593"}],"version-history":[{"count":0,"href":"https:\/\/inclusivenews.com.br\/index.php?rest_route=\/wp\/v2\/posts\/16593\/revisions"}],"wp:attachment":[{"href":"https:\/\/inclusivenews.com.br\/index.php?rest_route=%2Fwp%2Fv2%2Fmedia&parent=16593"}],"wp:term":[{"taxonomy":"category","embeddable":true,"href":"https:\/\/inclusivenews.com.br\/index.php?rest_route=%2Fwp%2Fv2%2Fcategories&post=16593"},{"taxonomy":"post_tag","embeddable":true,"href":"https:\/\/inclusivenews.com.br\/index.php?rest_route=%2Fwp%2Fv2%2Ftags&post=16593"}],"curies":[{"name":"wp","href":"https:\/\/api.w.org\/{rel}","templated":true}]}}