{"id":16597,"date":"2010-07-20T08:55:46","date_gmt":"2010-07-20T11:55:46","guid":{"rendered":"http:\/\/www.inclusive.org.br\/?p=16597"},"modified":"2010-07-20T08:55:46","modified_gmt":"2010-07-20T11:55:46","slug":"quase-30-dos-brasileiros-se-recusam-a-trabalhar-com-portadores-do-hiv","status":"publish","type":"post","link":"https:\/\/inclusivenews.com.br\/?p=16597","title":{"rendered":"Quase 30% dos brasileiros se recusam a trabalhar com portadores do HIV"},"content":{"rendered":"<figure id=\"attachment_13644\" aria-describedby=\"caption-attachment-13644\" style=\"width: 118px\" class=\"wp-caption alignleft\"><a href=\"http:\/\/www.inclusivenews.com.br\/wp-content\/uploads\/2010\/01\/aids.jpg\"><img loading=\"lazy\" decoding=\"async\" class=\"size-full wp-image-13644 \" title=\"Fita vermelha, s\u00edmbolo da AIDS\" src=\"http:\/\/inclusivenews.com.br\/wp-content\/uploads\/2010\/01\/aids.jpg\" alt=\"\" width=\"118\" height=\"113\" \/><\/a><figcaption id=\"caption-attachment-13644\" class=\"wp-caption-text\"> <\/figcaption><\/figure>\n<p>Um levantamento feito pelo Unaids (Programa da Organiza\u00e7\u00e3o das Na\u00e7\u00f5es Unidas de combate \u00e0 Aids)\u00a0indica que 29% dos brasileiros n\u00e3o trabalhariam com portadores do HIV, o v\u00edrus causador da Aids. O estudo tamb\u00e9m foi feito em outros 24 pa\u00edses.<\/p>\n<p>A Aids \u00e9 o tema de um encontro que come\u00e7a neste domingo (19) em Viena, na \u00c1ustria. A 18\u00aa Confer\u00eancia Internacional da ONU sobre a Aids re\u00fane, at\u00e9 o pr\u00f3ximo dia 23, cientistas, pol\u00edticos, religiosos, volunt\u00e1rios e\u00a0artistas para\u00a0discutir sobre uma doen\u00e7a que j\u00e1 tirou 25 milh\u00f5es de vidas e que em 2008 afetava mais de 33 milh\u00f5es de pessoas, segundo a ONU.<\/p>\n<p>Por causa do preconceito contra os portadores de HIV no trabalho, o governo brasileiro proibiu, no fim de maio,\u00a0as empresas do pa\u00eds de exigir o exame de HIV\u00a0de seus\u00a0trabalhadores tanto no processo de contrata\u00e7\u00e3o quanto\u00a0dos profissionais que j\u00e1 trabalham nas empresas.<\/p>\n<p>O relat\u00f3rio da ONU mostra ainda\u00a0que, dentre\u00a0os entrevistados\u00a0de todo o mundo, 61,2% trabalhariam com pessoas infectadas com o HIV, enquanto 20,1% preferem n\u00e3o dividir o mesmo espa\u00e7o de trabalho.<\/p>\n<p>Mas, no Brasil, o preconceito \u00e9 maior: 55% dos entrevistados afirmam que trabalhariam com portadores do v\u00edrus da Aids, mas 29% dizem que se recusariam a fazer isso. Entre os pa\u00edses que participaram do levantamento do Unaids,\u00a0a resist\u00eancia s\u00f3 \u00e9 maior na China, Egito, Fran\u00e7a, Indon\u00e9sia e Let\u00f4nia.<\/p>\n<p>J\u00e1 nos outros 19 pa\u00edses, como \u00cdndia, Jamaica, M\u00e9xico, Jap\u00e3o, Estados Unidos, R\u00fassia e \u00c1frica do Sul, o preconceito \u00e9 menor que no Brasil.<\/p>\n<p>De acordo com\u00a0o\u00a0relat\u00f3rio, a Aids continua sendo considerada um dos problemas mais importantes do mundo.<\/p>\n<p>&#8211; A aceita\u00e7\u00e3o das pessoas que vivem com HIV \u00e9 maior nos pa\u00edses da \u00c1frica Subsaariana e Caribe, onde 80% das pessoas demonstram atitudes positivas.<\/p>\n<p>Para realizar a pesquisa, feita em parceria com a institui\u00e7\u00e3o Zogby International, foram entrevistadas 11.820 mil pessoas pela internet entre 30 de mar\u00e7o e 27 de abril deste ano. No Brasil, foram 804 entrevistas.<\/p>\n<p><strong>Brasileiros s\u00e3o contra restri\u00e7\u00f5es em viagens<\/strong><\/p>\n<p>Apesar dessa resist\u00eancia no local de trabalho, o Brasil se mostrou um dos pa\u00edses mais contr\u00e1rios \u00e0s restri\u00e7\u00f5es de viagens contra portadores do HIV &#8211; medidas que impedem as pessoas infectadas de entrarem nos pa\u00edses. Pelo menos 75% dos brasileiros entrevistados n\u00e3o concordam com esse tipo de limita\u00e7\u00e3o \u2013 na China, 61% dos consultados aprovam a medida.<\/p>\n<p>O\u00a0relat\u00f3rio da ONU\u00a0mostra que os brasileiros est\u00e3o divididos quanto a capacidade do governo em combater a Aids. Segundo o levantamento, 50% dos entrevistados acreditam que o pa\u00eds sabe combater a doen\u00e7a, enquanto 43%\u00a0diz que o pa\u00eds n\u00e3o enfrenta devidamente o problema.<\/p>\n<p>Para os brasileiros, o que impede um trabalho mais efetivo de combate \u00e0 doen\u00e7a \u00e9, em primeiro lugar, a disponibilidade de recursos, seguida pelo preconceito\u00a0contra os portadores e pela quantidade de servi\u00e7os de sa\u00fade.<\/p>\n<p>O resultado disso \u00e9 que um quarto (25%)\u00a0dos brasileiros\u00a0afirmam\u00a0que\u00a0est\u00e3o sujeitos a se infectar com o v\u00edrus. Nos Estados Unidos e na Africa do Sul, essa taxa\u00a0est\u00e1 em torno de\u00a05% e 14%, respectivamente.<br \/>\n_________<\/p>\n<p><strong>Fonte:<\/strong> <a href=\"http:\/\/noticias.r7.com\/saude\/noticias\/quase-30-dos-brasileiros-se-recusam-a-trabalhar-com-portadores-do-hiv-20100718.html\">R7<\/a><\/p>\n","protected":false},"excerpt":{"rendered":"<p>Um levantamento feito pelo Unaids (Programa da Organiza\u00e7\u00e3o das Na\u00e7\u00f5es Unidas de combate \u00e0 Aids) indica que 29% dos brasileiros n\u00e3o trabalhariam com portadores do HIV, o v\u00edrus causador da Aids. O estudo tamb\u00e9m foi feito em outros 24 pa\u00edses. Do R7.<\/p>\n","protected":false},"author":1,"featured_media":0,"comment_status":"open","ping_status":"open","sticky":false,"template":"","format":"standard","meta":{"site-container-style":"default","site-container-layout":"default","site-sidebar-layout":"default","disable-article-header":"default","disable-site-header":"default","disable-site-footer":"default","disable-content-area-spacing":"default","footnotes":""},"categories":[39,4,41],"tags":[],"class_list":["post-16597","post","type-post","status-publish","format-standard","hentry","category-discriminacao","category-noticias","category-preconceito"],"yoast_head":"<!-- This site is optimized with the Yoast SEO plugin v27.4 - https:\/\/yoast.com\/product\/yoast-seo-wordpress\/ -->\n<title>Quase 30% dos brasileiros se recusam a trabalhar com portadores do HIV -<\/title>\n<meta name=\"robots\" content=\"index, follow, max-snippet:-1, max-image-preview:large, max-video-preview:-1\" \/>\n<link rel=\"canonical\" href=\"https:\/\/inclusivenews.com.br\/?p=16597\" \/>\n<meta property=\"og:locale\" content=\"pt_PT\" \/>\n<meta property=\"og:type\" content=\"article\" \/>\n<meta property=\"og:title\" content=\"Quase 30% dos brasileiros se recusam a trabalhar com portadores do HIV -\" \/>\n<meta property=\"og:description\" content=\"Um levantamento feito pelo Unaids (Programa da Organiza\u00e7\u00e3o das Na\u00e7\u00f5es Unidas de combate \u00e0 Aids) indica que 29% dos brasileiros n\u00e3o trabalhariam com portadores do HIV, o v\u00edrus causador da Aids. O estudo tamb\u00e9m foi feito em outros 24 pa\u00edses. Do R7.\" \/>\n<meta property=\"og:url\" content=\"https:\/\/inclusivenews.com.br\/?p=16597\" \/>\n<meta property=\"article:publisher\" content=\"https:\/\/www.facebook.com\/agenciainclusive\/\" \/>\n<meta property=\"article:published_time\" content=\"2010-07-20T11:55:46+00:00\" \/>\n<meta property=\"og:image\" content=\"http:\/\/inclusivenews.com.br\/wp-content\/uploads\/2010\/01\/aids.jpg\" \/>\n<meta name=\"author\" content=\"inclusivenews2024\" \/>\n<meta name=\"twitter:card\" content=\"summary_large_image\" \/>\n<meta name=\"twitter:label1\" content=\"Escrito por\" \/>\n\t<meta name=\"twitter:data1\" content=\"inclusivenews2024\" \/>\n\t<meta name=\"twitter:label2\" content=\"Tempo estimado de leitura\" \/>\n\t<meta name=\"twitter:data2\" content=\"3 minutos\" \/>\n<script type=\"application\/ld+json\" class=\"yoast-schema-graph\">{\"@context\":\"https:\\\/\\\/schema.org\",\"@graph\":[{\"@type\":\"Article\",\"@id\":\"https:\\\/\\\/inclusivenews.com.br\\\/?p=16597#article\",\"isPartOf\":{\"@id\":\"https:\\\/\\\/inclusivenews.com.br\\\/?p=16597\"},\"author\":{\"name\":\"inclusivenews2024\",\"@id\":\"https:\\\/\\\/inclusivenews.com.br\\\/#\\\/schema\\\/person\\\/ae4ec7087559b8692fb33b6fffd2273b\"},\"headline\":\"Quase 30% dos brasileiros se recusam a trabalhar com portadores do HIV\",\"datePublished\":\"2010-07-20T11:55:46+00:00\",\"mainEntityOfPage\":{\"@id\":\"https:\\\/\\\/inclusivenews.com.br\\\/?p=16597\"},\"wordCount\":551,\"commentCount\":1,\"publisher\":{\"@id\":\"https:\\\/\\\/inclusivenews.com.br\\\/#organization\"},\"image\":{\"@id\":\"https:\\\/\\\/inclusivenews.com.br\\\/?p=16597#primaryimage\"},\"thumbnailUrl\":\"http:\\\/\\\/inclusivenews.com.br\\\/wp-content\\\/uploads\\\/2010\\\/01\\\/aids.jpg\",\"articleSection\":[\"Discrimina\u00e7\u00e3o\",\"NOT\u00cdCIAS\",\"Preconceito\"],\"inLanguage\":\"pt-PT\",\"potentialAction\":[{\"@type\":\"CommentAction\",\"name\":\"Comment\",\"target\":[\"https:\\\/\\\/inclusivenews.com.br\\\/?p=16597#respond\"]}]},{\"@type\":\"WebPage\",\"@id\":\"https:\\\/\\\/inclusivenews.com.br\\\/?p=16597\",\"url\":\"https:\\\/\\\/inclusivenews.com.br\\\/?p=16597\",\"name\":\"Quase 30% dos brasileiros se recusam a trabalhar com portadores do HIV -\",\"isPartOf\":{\"@id\":\"https:\\\/\\\/inclusivenews.com.br\\\/#website\"},\"primaryImageOfPage\":{\"@id\":\"https:\\\/\\\/inclusivenews.com.br\\\/?p=16597#primaryimage\"},\"image\":{\"@id\":\"https:\\\/\\\/inclusivenews.com.br\\\/?p=16597#primaryimage\"},\"thumbnailUrl\":\"http:\\\/\\\/inclusivenews.com.br\\\/wp-content\\\/uploads\\\/2010\\\/01\\\/aids.jpg\",\"datePublished\":\"2010-07-20T11:55:46+00:00\",\"breadcrumb\":{\"@id\":\"https:\\\/\\\/inclusivenews.com.br\\\/?p=16597#breadcrumb\"},\"inLanguage\":\"pt-PT\",\"potentialAction\":[{\"@type\":\"ReadAction\",\"target\":[\"https:\\\/\\\/inclusivenews.com.br\\\/?p=16597\"]}]},{\"@type\":\"ImageObject\",\"inLanguage\":\"pt-PT\",\"@id\":\"https:\\\/\\\/inclusivenews.com.br\\\/?p=16597#primaryimage\",\"url\":\"\",\"contentUrl\":\"\"},{\"@type\":\"BreadcrumbList\",\"@id\":\"https:\\\/\\\/inclusivenews.com.br\\\/?p=16597#breadcrumb\",\"itemListElement\":[{\"@type\":\"ListItem\",\"position\":1,\"name\":\"In\u00edcio\",\"item\":\"https:\\\/\\\/inclusivenews.com.br\\\/\"},{\"@type\":\"ListItem\",\"position\":2,\"name\":\"Quase 30% dos brasileiros se recusam a trabalhar com portadores do HIV\"}]},{\"@type\":\"WebSite\",\"@id\":\"https:\\\/\\\/inclusivenews.com.br\\\/#website\",\"url\":\"https:\\\/\\\/inclusivenews.com.br\\\/\",\"name\":\"Inclusive News\",\"description\":\"Inclusive News\",\"publisher\":{\"@id\":\"https:\\\/\\\/inclusivenews.com.br\\\/#organization\"},\"potentialAction\":[{\"@type\":\"SearchAction\",\"target\":{\"@type\":\"EntryPoint\",\"urlTemplate\":\"https:\\\/\\\/inclusivenews.com.br\\\/?s={search_term_string}\"},\"query-input\":{\"@type\":\"PropertyValueSpecification\",\"valueRequired\":true,\"valueName\":\"search_term_string\"}}],\"inLanguage\":\"pt-PT\"},{\"@type\":\"Organization\",\"@id\":\"https:\\\/\\\/inclusivenews.com.br\\\/#organization\",\"name\":\"Inclusive - inclus\u00e3o e cidadania\",\"url\":\"https:\\\/\\\/inclusivenews.com.br\\\/\",\"logo\":{\"@type\":\"ImageObject\",\"inLanguage\":\"pt-PT\",\"@id\":\"https:\\\/\\\/inclusivenews.com.br\\\/#\\\/schema\\\/logo\\\/image\\\/\",\"url\":\"https:\\\/\\\/inclusivenews.com.br\\\/wp-content\\\/uploads\\\/2024\\\/03\\\/@grandesite.png\",\"contentUrl\":\"https:\\\/\\\/inclusivenews.com.br\\\/wp-content\\\/uploads\\\/2024\\\/03\\\/@grandesite.png\",\"width\":1080,\"height\":1080,\"caption\":\"Inclusive - inclus\u00e3o e cidadania\"},\"image\":{\"@id\":\"https:\\\/\\\/inclusivenews.com.br\\\/#\\\/schema\\\/logo\\\/image\\\/\"},\"sameAs\":[\"https:\\\/\\\/www.facebook.com\\\/agenciainclusive\\\/\",\"https:\\\/\\\/www.instagram.com\\\/newsinclusive\\\/\"]},{\"@type\":\"Person\",\"@id\":\"https:\\\/\\\/inclusivenews.com.br\\\/#\\\/schema\\\/person\\\/ae4ec7087559b8692fb33b6fffd2273b\",\"name\":\"inclusivenews2024\",\"image\":{\"@type\":\"ImageObject\",\"inLanguage\":\"pt-PT\",\"@id\":\"https:\\\/\\\/secure.gravatar.com\\\/avatar\\\/c5a7ef84c66fa914f55bc4f7ce26cfa275a3b9a1c5568b907bd184fb4dde7b40?s=96&d=mm&r=g\",\"url\":\"https:\\\/\\\/secure.gravatar.com\\\/avatar\\\/c5a7ef84c66fa914f55bc4f7ce26cfa275a3b9a1c5568b907bd184fb4dde7b40?s=96&d=mm&r=g\",\"contentUrl\":\"https:\\\/\\\/secure.gravatar.com\\\/avatar\\\/c5a7ef84c66fa914f55bc4f7ce26cfa275a3b9a1c5568b907bd184fb4dde7b40?s=96&d=mm&r=g\",\"caption\":\"inclusivenews2024\"},\"sameAs\":[\"https:\\\/\\\/inclusivenews.com.br\"],\"url\":\"https:\\\/\\\/inclusivenews.com.br\\\/?author=1\"}]}<\/script>\n<!-- \/ Yoast SEO plugin. -->","yoast_head_json":{"title":"Quase 30% dos brasileiros se recusam a trabalhar com portadores do HIV -","robots":{"index":"index","follow":"follow","max-snippet":"max-snippet:-1","max-image-preview":"max-image-preview:large","max-video-preview":"max-video-preview:-1"},"canonical":"https:\/\/inclusivenews.com.br\/?p=16597","og_locale":"pt_PT","og_type":"article","og_title":"Quase 30% dos brasileiros se recusam a trabalhar com portadores do HIV -","og_description":"Um levantamento feito pelo Unaids (Programa da Organiza\u00e7\u00e3o das Na\u00e7\u00f5es Unidas de combate \u00e0 Aids) indica que 29% dos brasileiros n\u00e3o trabalhariam com portadores do HIV, o v\u00edrus causador da Aids. O estudo tamb\u00e9m foi feito em outros 24 pa\u00edses. Do R7.","og_url":"https:\/\/inclusivenews.com.br\/?p=16597","article_publisher":"https:\/\/www.facebook.com\/agenciainclusive\/","article_published_time":"2010-07-20T11:55:46+00:00","og_image":[{"url":"http:\/\/inclusivenews.com.br\/wp-content\/uploads\/2010\/01\/aids.jpg","type":"","width":"","height":""}],"author":"inclusivenews2024","twitter_card":"summary_large_image","twitter_misc":{"Escrito por":"inclusivenews2024","Tempo estimado de leitura":"3 minutos"},"schema":{"@context":"https:\/\/schema.org","@graph":[{"@type":"Article","@id":"https:\/\/inclusivenews.com.br\/?p=16597#article","isPartOf":{"@id":"https:\/\/inclusivenews.com.br\/?p=16597"},"author":{"name":"inclusivenews2024","@id":"https:\/\/inclusivenews.com.br\/#\/schema\/person\/ae4ec7087559b8692fb33b6fffd2273b"},"headline":"Quase 30% dos brasileiros se recusam a trabalhar com portadores do HIV","datePublished":"2010-07-20T11:55:46+00:00","mainEntityOfPage":{"@id":"https:\/\/inclusivenews.com.br\/?p=16597"},"wordCount":551,"commentCount":1,"publisher":{"@id":"https:\/\/inclusivenews.com.br\/#organization"},"image":{"@id":"https:\/\/inclusivenews.com.br\/?p=16597#primaryimage"},"thumbnailUrl":"http:\/\/inclusivenews.com.br\/wp-content\/uploads\/2010\/01\/aids.jpg","articleSection":["Discrimina\u00e7\u00e3o","NOT\u00cdCIAS","Preconceito"],"inLanguage":"pt-PT","potentialAction":[{"@type":"CommentAction","name":"Comment","target":["https:\/\/inclusivenews.com.br\/?p=16597#respond"]}]},{"@type":"WebPage","@id":"https:\/\/inclusivenews.com.br\/?p=16597","url":"https:\/\/inclusivenews.com.br\/?p=16597","name":"Quase 30% dos brasileiros se recusam a trabalhar com portadores do HIV -","isPartOf":{"@id":"https:\/\/inclusivenews.com.br\/#website"},"primaryImageOfPage":{"@id":"https:\/\/inclusivenews.com.br\/?p=16597#primaryimage"},"image":{"@id":"https:\/\/inclusivenews.com.br\/?p=16597#primaryimage"},"thumbnailUrl":"http:\/\/inclusivenews.com.br\/wp-content\/uploads\/2010\/01\/aids.jpg","datePublished":"2010-07-20T11:55:46+00:00","breadcrumb":{"@id":"https:\/\/inclusivenews.com.br\/?p=16597#breadcrumb"},"inLanguage":"pt-PT","potentialAction":[{"@type":"ReadAction","target":["https:\/\/inclusivenews.com.br\/?p=16597"]}]},{"@type":"ImageObject","inLanguage":"pt-PT","@id":"https:\/\/inclusivenews.com.br\/?p=16597#primaryimage","url":"","contentUrl":""},{"@type":"BreadcrumbList","@id":"https:\/\/inclusivenews.com.br\/?p=16597#breadcrumb","itemListElement":[{"@type":"ListItem","position":1,"name":"In\u00edcio","item":"https:\/\/inclusivenews.com.br\/"},{"@type":"ListItem","position":2,"name":"Quase 30% dos brasileiros se recusam a trabalhar com portadores do HIV"}]},{"@type":"WebSite","@id":"https:\/\/inclusivenews.com.br\/#website","url":"https:\/\/inclusivenews.com.br\/","name":"Inclusive News","description":"Inclusive News","publisher":{"@id":"https:\/\/inclusivenews.com.br\/#organization"},"potentialAction":[{"@type":"SearchAction","target":{"@type":"EntryPoint","urlTemplate":"https:\/\/inclusivenews.com.br\/?s={search_term_string}"},"query-input":{"@type":"PropertyValueSpecification","valueRequired":true,"valueName":"search_term_string"}}],"inLanguage":"pt-PT"},{"@type":"Organization","@id":"https:\/\/inclusivenews.com.br\/#organization","name":"Inclusive - inclus\u00e3o e cidadania","url":"https:\/\/inclusivenews.com.br\/","logo":{"@type":"ImageObject","inLanguage":"pt-PT","@id":"https:\/\/inclusivenews.com.br\/#\/schema\/logo\/image\/","url":"https:\/\/inclusivenews.com.br\/wp-content\/uploads\/2024\/03\/@grandesite.png","contentUrl":"https:\/\/inclusivenews.com.br\/wp-content\/uploads\/2024\/03\/@grandesite.png","width":1080,"height":1080,"caption":"Inclusive - inclus\u00e3o e cidadania"},"image":{"@id":"https:\/\/inclusivenews.com.br\/#\/schema\/logo\/image\/"},"sameAs":["https:\/\/www.facebook.com\/agenciainclusive\/","https:\/\/www.instagram.com\/newsinclusive\/"]},{"@type":"Person","@id":"https:\/\/inclusivenews.com.br\/#\/schema\/person\/ae4ec7087559b8692fb33b6fffd2273b","name":"inclusivenews2024","image":{"@type":"ImageObject","inLanguage":"pt-PT","@id":"https:\/\/secure.gravatar.com\/avatar\/c5a7ef84c66fa914f55bc4f7ce26cfa275a3b9a1c5568b907bd184fb4dde7b40?s=96&d=mm&r=g","url":"https:\/\/secure.gravatar.com\/avatar\/c5a7ef84c66fa914f55bc4f7ce26cfa275a3b9a1c5568b907bd184fb4dde7b40?s=96&d=mm&r=g","contentUrl":"https:\/\/secure.gravatar.com\/avatar\/c5a7ef84c66fa914f55bc4f7ce26cfa275a3b9a1c5568b907bd184fb4dde7b40?s=96&d=mm&r=g","caption":"inclusivenews2024"},"sameAs":["https:\/\/inclusivenews.com.br"],"url":"https:\/\/inclusivenews.com.br\/?author=1"}]}},"_links":{"self":[{"href":"https:\/\/inclusivenews.com.br\/index.php?rest_route=\/wp\/v2\/posts\/16597","targetHints":{"allow":["GET"]}}],"collection":[{"href":"https:\/\/inclusivenews.com.br\/index.php?rest_route=\/wp\/v2\/posts"}],"about":[{"href":"https:\/\/inclusivenews.com.br\/index.php?rest_route=\/wp\/v2\/types\/post"}],"author":[{"embeddable":true,"href":"https:\/\/inclusivenews.com.br\/index.php?rest_route=\/wp\/v2\/users\/1"}],"replies":[{"embeddable":true,"href":"https:\/\/inclusivenews.com.br\/index.php?rest_route=%2Fwp%2Fv2%2Fcomments&post=16597"}],"version-history":[{"count":0,"href":"https:\/\/inclusivenews.com.br\/index.php?rest_route=\/wp\/v2\/posts\/16597\/revisions"}],"wp:attachment":[{"href":"https:\/\/inclusivenews.com.br\/index.php?rest_route=%2Fwp%2Fv2%2Fmedia&parent=16597"}],"wp:term":[{"taxonomy":"category","embeddable":true,"href":"https:\/\/inclusivenews.com.br\/index.php?rest_route=%2Fwp%2Fv2%2Fcategories&post=16597"},{"taxonomy":"post_tag","embeddable":true,"href":"https:\/\/inclusivenews.com.br\/index.php?rest_route=%2Fwp%2Fv2%2Ftags&post=16597"}],"curies":[{"name":"wp","href":"https:\/\/api.w.org\/{rel}","templated":true}]}}