{"id":16611,"date":"2010-07-23T05:50:24","date_gmt":"2010-07-23T08:50:24","guid":{"rendered":"http:\/\/www.inclusive.org.br\/?p=16611"},"modified":"2010-07-23T05:50:24","modified_gmt":"2010-07-23T08:50:24","slug":"mam-inaugura-a-exposicao-com-obras-interativas-e-com-recursos-de-acessibilidade-para-pessoas-com-deficiencia","status":"publish","type":"post","link":"https:\/\/inclusivenews.com.br\/?p=16611","title":{"rendered":"MAM inaugura a exposi\u00e7\u00e3o com obras interativas e com recursos de acessibilidade para pessoas com defici\u00eancia"},"content":{"rendered":"<figure style=\"width: 197px\" class=\"wp-caption alignleft\"><img loading=\"lazy\" decoding=\"async\" title=\"Fachada do MAM\" src=\"http:\/\/querocultura.files.wordpress.com\/2007\/11\/mam.jpg\" alt=\"\" width=\"197\" height=\"262\" \/><figcaption class=\"wp-caption-text\"> <\/figcaption><\/figure>\n<p>O Museu de Arte Moderna de S\u00e3o Paulo (MAM) inaugurou nodia 1 de julho a exposi\u00e7\u00e3o Ecol\u00f3gica, com curadoria de Felipe Chaimovich. A visita\u00e7\u00e3o, que come\u00e7ou dia 2 de julho, segue at\u00e9 dia 29 de agosto.<\/p>\n<p>Ecol\u00f3gica \u00e9 uma exposi\u00e7\u00e3o de arte contempor\u00e2nea que apresenta propostas de artistas que discutem o conceito de ecologia. No discurso social e pol\u00edtico atual, o termo ecologia sofre distor\u00e7\u00f5es, quando limitado \u00e0 reflex\u00f5es sobre a natureza e sua preserva\u00e7\u00e3o. A exposi\u00e7\u00e3o convida todos a reflex\u00e3o sobre a a\u00e7\u00e3o do consumo na paisagem e sobre a vida no planeta.<\/p>\n<p>A exposi\u00e7\u00e3o Ecol\u00f3gica \u00e9 quase toda composta por instala\u00e7\u00f5es, que s\u00e3o propostas art\u00edsticas que ocupam um espa\u00e7o, compondo-o com diversos elementos art\u00edsticos ou objetos cotidianos.<\/p>\n<p>Muitas obras foram feitas para proporcionar a intera\u00e7\u00e3o sensorial do visitante. Algumas t\u00eam odores espec\u00edficos dos materiais empregados, outras podem ser tocadas, outras sentadas, outras andadas. Algumas com sons instigantes, umas para serem vistas e em algumas podemos jogar coisas.<\/p>\n<p>A exposi\u00e7\u00e3o conta com o recurso de audioguia, nele os visitantes poder\u00e3o escutar a descri\u00e7\u00e3o e formas de intera\u00e7\u00e3o com as propostas art\u00edsticas. Todos os orientadores de p\u00fablico e educadores do museu receberam treinamento especializado para receber visitantes com defici\u00eancia utilizando as t\u00e9cnicas de guia-vidente e linguagem descritiva.<\/p>\n<p>Para saber mais entre em contato com a \u00e1rea de Acessibilidade do MAM:<br \/>\nTelefone: (11) 5085-1314<br \/>\nSite: www.mam.org.br<br \/>\nE-mail: daina_leyton@mam.org.br ou debora_coy@mam.org.br<\/p>\n<p>_____________<\/p>\n<p><strong>Fonte:<\/strong> <a href=\"http:\/\/sentidos.uol.com.br\/canais\/materia.asp?codpag=13492&amp;canal=ligado\">Sentidos<\/a><\/p>\n","protected":false},"excerpt":{"rendered":"<p>O Museu de Arte Moderna de S\u00e3o Paulo (MAM) inaugurou nodia 1 de julho a exposi\u00e7\u00e3o Ecol\u00f3gica, com curadoria de Felipe Chaimovich. A visita\u00e7\u00e3o, que come\u00e7ou dia 2 de julho, segue at\u00e9 dia 29 de agosto. Ecol\u00f3gica \u00e9 uma exposi\u00e7\u00e3o de arte contempor\u00e2nea que apresenta propostas de artistas que discutem o conceito de ecologia. No [&hellip;]<\/p>\n","protected":false},"author":1,"featured_media":0,"comment_status":"open","ping_status":"open","sticky":false,"template":"","format":"standard","meta":{"site-container-style":"default","site-container-layout":"default","site-sidebar-layout":"default","disable-article-header":"default","disable-site-header":"default","disable-site-footer":"default","disable-content-area-spacing":"default","footnotes":""},"categories":[29,4],"tags":[],"class_list":["post-16611","post","type-post","status-publish","format-standard","hentry","category-cultura","category-noticias"],"yoast_head":"<!-- This site is optimized with the Yoast SEO plugin v27.4 - https:\/\/yoast.com\/product\/yoast-seo-wordpress\/ -->\n<title>MAM inaugura a exposi\u00e7\u00e3o com obras interativas e com recursos de acessibilidade para pessoas com defici\u00eancia -<\/title>\n<meta name=\"robots\" content=\"index, follow, max-snippet:-1, max-image-preview:large, max-video-preview:-1\" \/>\n<link rel=\"canonical\" href=\"https:\/\/inclusivenews.com.br\/?p=16611\" \/>\n<meta property=\"og:locale\" content=\"pt_PT\" \/>\n<meta property=\"og:type\" content=\"article\" \/>\n<meta property=\"og:title\" content=\"MAM inaugura a exposi\u00e7\u00e3o com obras interativas e com recursos de acessibilidade para pessoas com defici\u00eancia -\" \/>\n<meta property=\"og:description\" content=\"O Museu de Arte Moderna de S\u00e3o Paulo (MAM) inaugurou nodia 1 de julho a exposi\u00e7\u00e3o Ecol\u00f3gica, com curadoria de Felipe Chaimovich. A visita\u00e7\u00e3o, que come\u00e7ou dia 2 de julho, segue at\u00e9 dia 29 de agosto. Ecol\u00f3gica \u00e9 uma exposi\u00e7\u00e3o de arte contempor\u00e2nea que apresenta propostas de artistas que discutem o conceito de ecologia. No [&hellip;]\" \/>\n<meta property=\"og:url\" content=\"https:\/\/inclusivenews.com.br\/?p=16611\" \/>\n<meta property=\"article:publisher\" content=\"https:\/\/www.facebook.com\/agenciainclusive\/\" \/>\n<meta property=\"article:published_time\" content=\"2010-07-23T08:50:24+00:00\" \/>\n<meta property=\"og:image\" content=\"http:\/\/querocultura.files.wordpress.com\/2007\/11\/mam.jpg\" \/>\n<meta name=\"author\" content=\"inclusivenews2024\" \/>\n<meta name=\"twitter:card\" content=\"summary_large_image\" \/>\n<meta name=\"twitter:label1\" content=\"Escrito por\" \/>\n\t<meta name=\"twitter:data1\" content=\"inclusivenews2024\" \/>\n\t<meta name=\"twitter:label2\" content=\"Tempo estimado de leitura\" \/>\n\t<meta name=\"twitter:data2\" content=\"1 minuto\" \/>\n<script type=\"application\/ld+json\" class=\"yoast-schema-graph\">{\"@context\":\"https:\\\/\\\/schema.org\",\"@graph\":[{\"@type\":\"Article\",\"@id\":\"https:\\\/\\\/inclusivenews.com.br\\\/?p=16611#article\",\"isPartOf\":{\"@id\":\"https:\\\/\\\/inclusivenews.com.br\\\/?p=16611\"},\"author\":{\"name\":\"inclusivenews2024\",\"@id\":\"https:\\\/\\\/inclusivenews.com.br\\\/#\\\/schema\\\/person\\\/ae4ec7087559b8692fb33b6fffd2273b\"},\"headline\":\"MAM inaugura a exposi\u00e7\u00e3o com obras interativas e com recursos de acessibilidade para pessoas com defici\u00eancia\",\"datePublished\":\"2010-07-23T08:50:24+00:00\",\"mainEntityOfPage\":{\"@id\":\"https:\\\/\\\/inclusivenews.com.br\\\/?p=16611\"},\"wordCount\":293,\"commentCount\":0,\"publisher\":{\"@id\":\"https:\\\/\\\/inclusivenews.com.br\\\/#organization\"},\"image\":{\"@id\":\"https:\\\/\\\/inclusivenews.com.br\\\/?p=16611#primaryimage\"},\"thumbnailUrl\":\"http:\\\/\\\/querocultura.files.wordpress.com\\\/2007\\\/11\\\/mam.jpg\",\"articleSection\":[\"Cultura\",\"NOT\u00cdCIAS\"],\"inLanguage\":\"pt-PT\",\"potentialAction\":[{\"@type\":\"CommentAction\",\"name\":\"Comment\",\"target\":[\"https:\\\/\\\/inclusivenews.com.br\\\/?p=16611#respond\"]}]},{\"@type\":\"WebPage\",\"@id\":\"https:\\\/\\\/inclusivenews.com.br\\\/?p=16611\",\"url\":\"https:\\\/\\\/inclusivenews.com.br\\\/?p=16611\",\"name\":\"MAM inaugura a exposi\u00e7\u00e3o com obras interativas e com recursos de acessibilidade para pessoas com defici\u00eancia -\",\"isPartOf\":{\"@id\":\"https:\\\/\\\/inclusivenews.com.br\\\/#website\"},\"primaryImageOfPage\":{\"@id\":\"https:\\\/\\\/inclusivenews.com.br\\\/?p=16611#primaryimage\"},\"image\":{\"@id\":\"https:\\\/\\\/inclusivenews.com.br\\\/?p=16611#primaryimage\"},\"thumbnailUrl\":\"http:\\\/\\\/querocultura.files.wordpress.com\\\/2007\\\/11\\\/mam.jpg\",\"datePublished\":\"2010-07-23T08:50:24+00:00\",\"breadcrumb\":{\"@id\":\"https:\\\/\\\/inclusivenews.com.br\\\/?p=16611#breadcrumb\"},\"inLanguage\":\"pt-PT\",\"potentialAction\":[{\"@type\":\"ReadAction\",\"target\":[\"https:\\\/\\\/inclusivenews.com.br\\\/?p=16611\"]}]},{\"@type\":\"ImageObject\",\"inLanguage\":\"pt-PT\",\"@id\":\"https:\\\/\\\/inclusivenews.com.br\\\/?p=16611#primaryimage\",\"url\":\"http:\\\/\\\/querocultura.files.wordpress.com\\\/2007\\\/11\\\/mam.jpg\",\"contentUrl\":\"http:\\\/\\\/querocultura.files.wordpress.com\\\/2007\\\/11\\\/mam.jpg\"},{\"@type\":\"BreadcrumbList\",\"@id\":\"https:\\\/\\\/inclusivenews.com.br\\\/?p=16611#breadcrumb\",\"itemListElement\":[{\"@type\":\"ListItem\",\"position\":1,\"name\":\"In\u00edcio\",\"item\":\"https:\\\/\\\/inclusivenews.com.br\\\/\"},{\"@type\":\"ListItem\",\"position\":2,\"name\":\"MAM inaugura a exposi\u00e7\u00e3o com obras interativas e com recursos de acessibilidade para pessoas com defici\u00eancia\"}]},{\"@type\":\"WebSite\",\"@id\":\"https:\\\/\\\/inclusivenews.com.br\\\/#website\",\"url\":\"https:\\\/\\\/inclusivenews.com.br\\\/\",\"name\":\"Inclusive News\",\"description\":\"Inclusive News\",\"publisher\":{\"@id\":\"https:\\\/\\\/inclusivenews.com.br\\\/#organization\"},\"potentialAction\":[{\"@type\":\"SearchAction\",\"target\":{\"@type\":\"EntryPoint\",\"urlTemplate\":\"https:\\\/\\\/inclusivenews.com.br\\\/?s={search_term_string}\"},\"query-input\":{\"@type\":\"PropertyValueSpecification\",\"valueRequired\":true,\"valueName\":\"search_term_string\"}}],\"inLanguage\":\"pt-PT\"},{\"@type\":\"Organization\",\"@id\":\"https:\\\/\\\/inclusivenews.com.br\\\/#organization\",\"name\":\"Inclusive - inclus\u00e3o e cidadania\",\"url\":\"https:\\\/\\\/inclusivenews.com.br\\\/\",\"logo\":{\"@type\":\"ImageObject\",\"inLanguage\":\"pt-PT\",\"@id\":\"https:\\\/\\\/inclusivenews.com.br\\\/#\\\/schema\\\/logo\\\/image\\\/\",\"url\":\"https:\\\/\\\/inclusivenews.com.br\\\/wp-content\\\/uploads\\\/2024\\\/03\\\/@grandesite.png\",\"contentUrl\":\"https:\\\/\\\/inclusivenews.com.br\\\/wp-content\\\/uploads\\\/2024\\\/03\\\/@grandesite.png\",\"width\":1080,\"height\":1080,\"caption\":\"Inclusive - inclus\u00e3o e cidadania\"},\"image\":{\"@id\":\"https:\\\/\\\/inclusivenews.com.br\\\/#\\\/schema\\\/logo\\\/image\\\/\"},\"sameAs\":[\"https:\\\/\\\/www.facebook.com\\\/agenciainclusive\\\/\",\"https:\\\/\\\/www.instagram.com\\\/newsinclusive\\\/\"]},{\"@type\":\"Person\",\"@id\":\"https:\\\/\\\/inclusivenews.com.br\\\/#\\\/schema\\\/person\\\/ae4ec7087559b8692fb33b6fffd2273b\",\"name\":\"inclusivenews2024\",\"image\":{\"@type\":\"ImageObject\",\"inLanguage\":\"pt-PT\",\"@id\":\"https:\\\/\\\/secure.gravatar.com\\\/avatar\\\/c5a7ef84c66fa914f55bc4f7ce26cfa275a3b9a1c5568b907bd184fb4dde7b40?s=96&d=mm&r=g\",\"url\":\"https:\\\/\\\/secure.gravatar.com\\\/avatar\\\/c5a7ef84c66fa914f55bc4f7ce26cfa275a3b9a1c5568b907bd184fb4dde7b40?s=96&d=mm&r=g\",\"contentUrl\":\"https:\\\/\\\/secure.gravatar.com\\\/avatar\\\/c5a7ef84c66fa914f55bc4f7ce26cfa275a3b9a1c5568b907bd184fb4dde7b40?s=96&d=mm&r=g\",\"caption\":\"inclusivenews2024\"},\"sameAs\":[\"https:\\\/\\\/inclusivenews.com.br\"],\"url\":\"https:\\\/\\\/inclusivenews.com.br\\\/?author=1\"}]}<\/script>\n<!-- \/ Yoast SEO plugin. -->","yoast_head_json":{"title":"MAM inaugura a exposi\u00e7\u00e3o com obras interativas e com recursos de acessibilidade para pessoas com defici\u00eancia -","robots":{"index":"index","follow":"follow","max-snippet":"max-snippet:-1","max-image-preview":"max-image-preview:large","max-video-preview":"max-video-preview:-1"},"canonical":"https:\/\/inclusivenews.com.br\/?p=16611","og_locale":"pt_PT","og_type":"article","og_title":"MAM inaugura a exposi\u00e7\u00e3o com obras interativas e com recursos de acessibilidade para pessoas com defici\u00eancia -","og_description":"O Museu de Arte Moderna de S\u00e3o Paulo (MAM) inaugurou nodia 1 de julho a exposi\u00e7\u00e3o Ecol\u00f3gica, com curadoria de Felipe Chaimovich. A visita\u00e7\u00e3o, que come\u00e7ou dia 2 de julho, segue at\u00e9 dia 29 de agosto. Ecol\u00f3gica \u00e9 uma exposi\u00e7\u00e3o de arte contempor\u00e2nea que apresenta propostas de artistas que discutem o conceito de ecologia. No [&hellip;]","og_url":"https:\/\/inclusivenews.com.br\/?p=16611","article_publisher":"https:\/\/www.facebook.com\/agenciainclusive\/","article_published_time":"2010-07-23T08:50:24+00:00","og_image":[{"url":"http:\/\/querocultura.files.wordpress.com\/2007\/11\/mam.jpg","type":"","width":"","height":""}],"author":"inclusivenews2024","twitter_card":"summary_large_image","twitter_misc":{"Escrito por":"inclusivenews2024","Tempo estimado de leitura":"1 minuto"},"schema":{"@context":"https:\/\/schema.org","@graph":[{"@type":"Article","@id":"https:\/\/inclusivenews.com.br\/?p=16611#article","isPartOf":{"@id":"https:\/\/inclusivenews.com.br\/?p=16611"},"author":{"name":"inclusivenews2024","@id":"https:\/\/inclusivenews.com.br\/#\/schema\/person\/ae4ec7087559b8692fb33b6fffd2273b"},"headline":"MAM inaugura a exposi\u00e7\u00e3o com obras interativas e com recursos de acessibilidade para pessoas com defici\u00eancia","datePublished":"2010-07-23T08:50:24+00:00","mainEntityOfPage":{"@id":"https:\/\/inclusivenews.com.br\/?p=16611"},"wordCount":293,"commentCount":0,"publisher":{"@id":"https:\/\/inclusivenews.com.br\/#organization"},"image":{"@id":"https:\/\/inclusivenews.com.br\/?p=16611#primaryimage"},"thumbnailUrl":"http:\/\/querocultura.files.wordpress.com\/2007\/11\/mam.jpg","articleSection":["Cultura","NOT\u00cdCIAS"],"inLanguage":"pt-PT","potentialAction":[{"@type":"CommentAction","name":"Comment","target":["https:\/\/inclusivenews.com.br\/?p=16611#respond"]}]},{"@type":"WebPage","@id":"https:\/\/inclusivenews.com.br\/?p=16611","url":"https:\/\/inclusivenews.com.br\/?p=16611","name":"MAM inaugura a exposi\u00e7\u00e3o com obras interativas e com recursos de acessibilidade para pessoas com defici\u00eancia -","isPartOf":{"@id":"https:\/\/inclusivenews.com.br\/#website"},"primaryImageOfPage":{"@id":"https:\/\/inclusivenews.com.br\/?p=16611#primaryimage"},"image":{"@id":"https:\/\/inclusivenews.com.br\/?p=16611#primaryimage"},"thumbnailUrl":"http:\/\/querocultura.files.wordpress.com\/2007\/11\/mam.jpg","datePublished":"2010-07-23T08:50:24+00:00","breadcrumb":{"@id":"https:\/\/inclusivenews.com.br\/?p=16611#breadcrumb"},"inLanguage":"pt-PT","potentialAction":[{"@type":"ReadAction","target":["https:\/\/inclusivenews.com.br\/?p=16611"]}]},{"@type":"ImageObject","inLanguage":"pt-PT","@id":"https:\/\/inclusivenews.com.br\/?p=16611#primaryimage","url":"http:\/\/querocultura.files.wordpress.com\/2007\/11\/mam.jpg","contentUrl":"http:\/\/querocultura.files.wordpress.com\/2007\/11\/mam.jpg"},{"@type":"BreadcrumbList","@id":"https:\/\/inclusivenews.com.br\/?p=16611#breadcrumb","itemListElement":[{"@type":"ListItem","position":1,"name":"In\u00edcio","item":"https:\/\/inclusivenews.com.br\/"},{"@type":"ListItem","position":2,"name":"MAM inaugura a exposi\u00e7\u00e3o com obras interativas e com recursos de acessibilidade para pessoas com defici\u00eancia"}]},{"@type":"WebSite","@id":"https:\/\/inclusivenews.com.br\/#website","url":"https:\/\/inclusivenews.com.br\/","name":"Inclusive News","description":"Inclusive News","publisher":{"@id":"https:\/\/inclusivenews.com.br\/#organization"},"potentialAction":[{"@type":"SearchAction","target":{"@type":"EntryPoint","urlTemplate":"https:\/\/inclusivenews.com.br\/?s={search_term_string}"},"query-input":{"@type":"PropertyValueSpecification","valueRequired":true,"valueName":"search_term_string"}}],"inLanguage":"pt-PT"},{"@type":"Organization","@id":"https:\/\/inclusivenews.com.br\/#organization","name":"Inclusive - inclus\u00e3o e cidadania","url":"https:\/\/inclusivenews.com.br\/","logo":{"@type":"ImageObject","inLanguage":"pt-PT","@id":"https:\/\/inclusivenews.com.br\/#\/schema\/logo\/image\/","url":"https:\/\/inclusivenews.com.br\/wp-content\/uploads\/2024\/03\/@grandesite.png","contentUrl":"https:\/\/inclusivenews.com.br\/wp-content\/uploads\/2024\/03\/@grandesite.png","width":1080,"height":1080,"caption":"Inclusive - inclus\u00e3o e cidadania"},"image":{"@id":"https:\/\/inclusivenews.com.br\/#\/schema\/logo\/image\/"},"sameAs":["https:\/\/www.facebook.com\/agenciainclusive\/","https:\/\/www.instagram.com\/newsinclusive\/"]},{"@type":"Person","@id":"https:\/\/inclusivenews.com.br\/#\/schema\/person\/ae4ec7087559b8692fb33b6fffd2273b","name":"inclusivenews2024","image":{"@type":"ImageObject","inLanguage":"pt-PT","@id":"https:\/\/secure.gravatar.com\/avatar\/c5a7ef84c66fa914f55bc4f7ce26cfa275a3b9a1c5568b907bd184fb4dde7b40?s=96&d=mm&r=g","url":"https:\/\/secure.gravatar.com\/avatar\/c5a7ef84c66fa914f55bc4f7ce26cfa275a3b9a1c5568b907bd184fb4dde7b40?s=96&d=mm&r=g","contentUrl":"https:\/\/secure.gravatar.com\/avatar\/c5a7ef84c66fa914f55bc4f7ce26cfa275a3b9a1c5568b907bd184fb4dde7b40?s=96&d=mm&r=g","caption":"inclusivenews2024"},"sameAs":["https:\/\/inclusivenews.com.br"],"url":"https:\/\/inclusivenews.com.br\/?author=1"}]}},"_links":{"self":[{"href":"https:\/\/inclusivenews.com.br\/index.php?rest_route=\/wp\/v2\/posts\/16611","targetHints":{"allow":["GET"]}}],"collection":[{"href":"https:\/\/inclusivenews.com.br\/index.php?rest_route=\/wp\/v2\/posts"}],"about":[{"href":"https:\/\/inclusivenews.com.br\/index.php?rest_route=\/wp\/v2\/types\/post"}],"author":[{"embeddable":true,"href":"https:\/\/inclusivenews.com.br\/index.php?rest_route=\/wp\/v2\/users\/1"}],"replies":[{"embeddable":true,"href":"https:\/\/inclusivenews.com.br\/index.php?rest_route=%2Fwp%2Fv2%2Fcomments&post=16611"}],"version-history":[{"count":0,"href":"https:\/\/inclusivenews.com.br\/index.php?rest_route=\/wp\/v2\/posts\/16611\/revisions"}],"wp:attachment":[{"href":"https:\/\/inclusivenews.com.br\/index.php?rest_route=%2Fwp%2Fv2%2Fmedia&parent=16611"}],"wp:term":[{"taxonomy":"category","embeddable":true,"href":"https:\/\/inclusivenews.com.br\/index.php?rest_route=%2Fwp%2Fv2%2Fcategories&post=16611"},{"taxonomy":"post_tag","embeddable":true,"href":"https:\/\/inclusivenews.com.br\/index.php?rest_route=%2Fwp%2Fv2%2Ftags&post=16611"}],"curies":[{"name":"wp","href":"https:\/\/api.w.org\/{rel}","templated":true}]}}