{"id":16619,"date":"2010-07-21T05:55:29","date_gmt":"2010-07-21T08:55:29","guid":{"rendered":"http:\/\/www.inclusive.org.br\/?p=16619"},"modified":"2010-07-21T05:55:29","modified_gmt":"2010-07-21T08:55:29","slug":"projeto-ipe-forma-jovens-empreendedores-na-periferia-da-zona-sul","status":"publish","type":"post","link":"https:\/\/inclusivenews.com.br\/?p=16619","title":{"rendered":"Projeto IPE forma jovens empreendedores na periferia da Zona Sul"},"content":{"rendered":"<figure id=\"attachment_12948\" aria-describedby=\"caption-attachment-12948\" style=\"width: 160px\" class=\"wp-caption alignleft\"><a href=\"http:\/\/www.inclusivenews.com.br\/wp-content\/uploads\/2009\/12\/paradigma.jpg\"><img loading=\"lazy\" decoding=\"async\" class=\"size-full wp-image-12948 \" title=\"Instituto Paradigma - pessoas incluindo pessoas.\" src=\"http:\/\/inclusivenews.com.br\/wp-content\/uploads\/2009\/12\/paradigma.jpg\" alt=\"\" width=\"160\" height=\"160\" \/><\/a><figcaption id=\"caption-attachment-12948\" class=\"wp-caption-text\"> <\/figcaption><\/figure>\n<p>O Instituto Paradigma, em parceria com a Ashoka pelo Programa Gera\u00e7\u00e3o MudaMundo, organiza\u00e7\u00e3o mundial sem fins lucrativos, e o Instituto Social Santa L\u00facia, com abrang\u00eancia na regi\u00e3o sul de S\u00e3o Paulo, est\u00e3o realizado o Projeto IPE \u2013 Incluindo Pessoas Empreendedoras, uma iniciativa que visa formar jovens residentes na regi\u00e3o do M\u00b4Boi Mirim e Campo Limpo (regi\u00e3o sul de S\u00e3o Paulo) com id\u00e9ias criativas e inovadoras capazes de provocar transforma\u00e7\u00f5es com amplo impacto social. O projeto conta com a participa\u00e7\u00e3o de 24 jovens, com idades entre 15 e 35 anos, com e sem defici\u00eancia, que t\u00eam em comum a vontade de aprender a viabilizar um projeto em sua comunidade. A forma\u00e7\u00e3o \u00e9 dada por consultores do Instituto Paradigma, no Centro da Juventude do Instituto Social Santa L\u00facia, Jardim Kagohara, com apoio da Ashoka, pelo programa Gera\u00e7\u00e3o MudaMundo. S\u00e3o dois encontros semanais, com workshops e visitas orientadas.<\/p>\n<p>A metodologia \u00e9 composta pelo desenvolvimento de um plano de a\u00e7\u00e3o que passa por diversas etapas: trabalho em equipe, conhecer a comunidade, estabelecimento de objetivos e metas, cria\u00e7\u00e3o de estrat\u00e9gias, log\u00edstica, e controle do or\u00e7amento. Em setembro, os projetos ser\u00e3o apresentados para uma banca avaliadora da Ashoka, com representantes dos setores p\u00fablico, privado e terceiro setor, e os que forem aprovados receber\u00e3o um \u201cfinanciamento-semente\u201d de at\u00e9 R$ 2 mil, para que o grupo possa implementar o empreendimento.<\/p>\n<p>O Instituto Paradigma ir\u00e1 orientar os jovens durante todo o processo, inclusive na implementa\u00e7\u00e3o do projeto e da presta\u00e7\u00e3o de contas que eles ter\u00e3o que realizar, devido ao financiamento recebido.<\/p>\n<p>\u201cNosso objetivo \u00e9 apoiar e desenvolver atitudes empreendedoras nos jovens, capacitando-os para empreender em grupo. Todos os projetos t\u00eam que ter no m\u00ednimo duas e no m\u00e1ximo cinco pessoas envolvidas. Queremos transmitir a import\u00e2ncia da coopera\u00e7\u00e3o, inclus\u00e3o e responsabilidade social\u201d, afirma Marcela Carvalho, coordenadora do Projeto no Instituto Paradigma.<\/p>\n<p><strong>Sobre o Instituto Paradigma<\/strong><\/p>\n<p>O Instituto Paradigma \u00e9 uma Organiza\u00e7\u00e3o da Sociedade Civil de Interesse P\u00fablico (OSCIP) dedicada \u00e0 inclus\u00e3o social de pessoas com defici\u00eancia. Sua miss\u00e3o \u00e9 promover a inclus\u00e3o social de pessoas com defici\u00eancia, auxiliando organiza\u00e7\u00f5es p\u00fablicas e privadas na constru\u00e7\u00e3o e gest\u00e3o de projetos sustent\u00e1veis para ampliar o exerc\u00edcio da cidadania. Para mais informa\u00e7\u00f5es, acesse: http:\/\/www.institutoparadigma.org.br. Siga o Instituto Paradigma tamb\u00e9m no   Twitter: http:\/\/www.twitter\/IParadigma<\/p>\n<p><strong>Sobre o Programa Gera\u00e7\u00e3o MudaMundo <\/strong><\/p>\n<p>O Gera\u00e7\u00e3o MudaMundo \u00e9 um Programa Global da \u00c1rea de Juventude da Ashoka (www.ashoka.org.br), uma organiza\u00e7\u00e3o mundial sem fins lucrativos, pioneira no trabalho e apoio aos empreendedores sociais &#8211; pessoas com id\u00e9ias criativas e inovadoras capazes de provocar transforma\u00e7\u00f5es com amplo impacto social. O Programa, hoje presente em 167pa\u00edses e atuante no Brasil desde 2006, foi constitu\u00eddo a partir dos avan\u00e7os realizados na discuss\u00e3o do protagonismo juvenil e da crescente demanda da juventude brasileira em se engajar socialmente, necessitando de apoios pr\u00e1ticos, tanto metodol\u00f3gicos quanto financeiros, para implementar suas iniciativas sociais. O Gera\u00e7\u00e3o MudaMundo surge, ent\u00e3o, com o prop\u00f3sito de fortalecer o conceito e a pr\u00e1tica do empreendedorismo social da juventude brasileira, estimulando que as novas gera\u00e7\u00f5es criem iniciativas pr\u00f3prias, partindo dos seus sonhos e anseios de mudan\u00e7a, transformando-as em pequenos empreendimentos sociais. Desta forma, o programa contribui tamb\u00e9m de forma estrat\u00e9gica para o fortalecimento da vis\u00e3o da Ashoka: Todo mundo pode mudar o mundo.<\/p>\n<p><strong>Sobre o Instituto Social Santa L\u00facia<\/strong><\/p>\n<p>O Instituto Social Santa Lucia desenvolve projetos e servi\u00e7os no \u00e2mbito da Assist\u00eancia e Desenvolvimento Social de forma a colaborar com a implanta\u00e7\u00e3o do Sistema \u00danico de Assist\u00eancia Social, em especial na cidade de S\u00e3o Paulo, atrav\u00e9s da co-responsabilidade na execu\u00e7\u00e3o de servi\u00e7os s\u00f3cioassistenciais de prote\u00e7\u00e3o social especial e b\u00e1sica.<\/p>\n<p>O Instituto sela seu compromisso com a Pol\u00edtica Nacional de Assist\u00eancia Social, buscando atuar em conson\u00e2ncia com os princ\u00edpios de prote\u00e7\u00e3o social, vigil\u00e2ncia s\u00f3cioassistencial e defesa de direitos em todas as a\u00e7\u00f5es que desenvolve. Al\u00e9m de colaborar com no processo de produ\u00e7\u00e3o do conhecimento e aprimoramento da pr\u00e1tica profissional por meio da Escola de Forma\u00e7\u00e3o Cidad\u00e3 do Instituto Social Santa L\u00facia.<\/p>\n<p>_______________<\/p>\n<p><strong>Fonte:<\/strong> EcooPress<\/p>\n","protected":false},"excerpt":{"rendered":"<p>Parceria do Instituto Paradigma com Ashoka e Instituto Social Santa L\u00facia ensina jovens da regi\u00e3o do M\u00b4Boi Mirim a transformar sonhos em realidade.<\/p>\n","protected":false},"author":1,"featured_media":0,"comment_status":"open","ping_status":"open","sticky":false,"template":"","format":"standard","meta":{"site-container-style":"default","site-container-layout":"default","site-sidebar-layout":"default","disable-article-header":"default","disable-site-header":"default","disable-site-footer":"default","disable-content-area-spacing":"default","footnotes":""},"categories":[48,4],"tags":[],"class_list":["post-16619","post","type-post","status-publish","format-standard","hentry","category-inclusao","category-noticias"],"yoast_head":"<!-- This site is optimized with the Yoast SEO plugin v27.4 - https:\/\/yoast.com\/product\/yoast-seo-wordpress\/ -->\n<title>Projeto IPE forma jovens empreendedores na periferia da Zona Sul -<\/title>\n<meta name=\"robots\" content=\"index, follow, max-snippet:-1, max-image-preview:large, max-video-preview:-1\" \/>\n<link rel=\"canonical\" href=\"https:\/\/inclusivenews.com.br\/?p=16619\" \/>\n<meta property=\"og:locale\" content=\"pt_PT\" \/>\n<meta property=\"og:type\" content=\"article\" \/>\n<meta property=\"og:title\" content=\"Projeto IPE forma jovens empreendedores na periferia da Zona Sul -\" \/>\n<meta property=\"og:description\" content=\"Parceria do Instituto Paradigma com Ashoka e Instituto Social Santa L\u00facia ensina jovens da regi\u00e3o do M\u00b4Boi Mirim a transformar sonhos em realidade.\" \/>\n<meta property=\"og:url\" content=\"https:\/\/inclusivenews.com.br\/?p=16619\" \/>\n<meta property=\"article:publisher\" content=\"https:\/\/www.facebook.com\/agenciainclusive\/\" \/>\n<meta property=\"article:published_time\" content=\"2010-07-21T08:55:29+00:00\" \/>\n<meta property=\"og:image\" content=\"http:\/\/inclusivenews.com.br\/wp-content\/uploads\/2009\/12\/paradigma.jpg\" \/>\n<meta name=\"author\" content=\"inclusivenews2024\" \/>\n<meta name=\"twitter:card\" content=\"summary_large_image\" \/>\n<meta name=\"twitter:label1\" content=\"Escrito por\" \/>\n\t<meta name=\"twitter:data1\" content=\"inclusivenews2024\" \/>\n\t<meta name=\"twitter:label2\" content=\"Tempo estimado de leitura\" \/>\n\t<meta name=\"twitter:data2\" content=\"4 minutos\" \/>\n<script type=\"application\/ld+json\" class=\"yoast-schema-graph\">{\"@context\":\"https:\\\/\\\/schema.org\",\"@graph\":[{\"@type\":\"Article\",\"@id\":\"https:\\\/\\\/inclusivenews.com.br\\\/?p=16619#article\",\"isPartOf\":{\"@id\":\"https:\\\/\\\/inclusivenews.com.br\\\/?p=16619\"},\"author\":{\"name\":\"inclusivenews2024\",\"@id\":\"https:\\\/\\\/inclusivenews.com.br\\\/#\\\/schema\\\/person\\\/ae4ec7087559b8692fb33b6fffd2273b\"},\"headline\":\"Projeto IPE forma jovens empreendedores na periferia da Zona Sul\",\"datePublished\":\"2010-07-21T08:55:29+00:00\",\"mainEntityOfPage\":{\"@id\":\"https:\\\/\\\/inclusivenews.com.br\\\/?p=16619\"},\"wordCount\":760,\"commentCount\":0,\"publisher\":{\"@id\":\"https:\\\/\\\/inclusivenews.com.br\\\/#organization\"},\"image\":{\"@id\":\"https:\\\/\\\/inclusivenews.com.br\\\/?p=16619#primaryimage\"},\"thumbnailUrl\":\"http:\\\/\\\/inclusivenews.com.br\\\/wp-content\\\/uploads\\\/2009\\\/12\\\/paradigma.jpg\",\"articleSection\":[\"INCLUS\u00c3O SOCIAL\",\"NOT\u00cdCIAS\"],\"inLanguage\":\"pt-PT\",\"potentialAction\":[{\"@type\":\"CommentAction\",\"name\":\"Comment\",\"target\":[\"https:\\\/\\\/inclusivenews.com.br\\\/?p=16619#respond\"]}]},{\"@type\":\"WebPage\",\"@id\":\"https:\\\/\\\/inclusivenews.com.br\\\/?p=16619\",\"url\":\"https:\\\/\\\/inclusivenews.com.br\\\/?p=16619\",\"name\":\"Projeto IPE forma jovens empreendedores na periferia da Zona Sul -\",\"isPartOf\":{\"@id\":\"https:\\\/\\\/inclusivenews.com.br\\\/#website\"},\"primaryImageOfPage\":{\"@id\":\"https:\\\/\\\/inclusivenews.com.br\\\/?p=16619#primaryimage\"},\"image\":{\"@id\":\"https:\\\/\\\/inclusivenews.com.br\\\/?p=16619#primaryimage\"},\"thumbnailUrl\":\"http:\\\/\\\/inclusivenews.com.br\\\/wp-content\\\/uploads\\\/2009\\\/12\\\/paradigma.jpg\",\"datePublished\":\"2010-07-21T08:55:29+00:00\",\"breadcrumb\":{\"@id\":\"https:\\\/\\\/inclusivenews.com.br\\\/?p=16619#breadcrumb\"},\"inLanguage\":\"pt-PT\",\"potentialAction\":[{\"@type\":\"ReadAction\",\"target\":[\"https:\\\/\\\/inclusivenews.com.br\\\/?p=16619\"]}]},{\"@type\":\"ImageObject\",\"inLanguage\":\"pt-PT\",\"@id\":\"https:\\\/\\\/inclusivenews.com.br\\\/?p=16619#primaryimage\",\"url\":\"\",\"contentUrl\":\"\"},{\"@type\":\"BreadcrumbList\",\"@id\":\"https:\\\/\\\/inclusivenews.com.br\\\/?p=16619#breadcrumb\",\"itemListElement\":[{\"@type\":\"ListItem\",\"position\":1,\"name\":\"In\u00edcio\",\"item\":\"https:\\\/\\\/inclusivenews.com.br\\\/\"},{\"@type\":\"ListItem\",\"position\":2,\"name\":\"Projeto IPE forma jovens empreendedores na periferia da Zona Sul\"}]},{\"@type\":\"WebSite\",\"@id\":\"https:\\\/\\\/inclusivenews.com.br\\\/#website\",\"url\":\"https:\\\/\\\/inclusivenews.com.br\\\/\",\"name\":\"Inclusive News\",\"description\":\"Inclusive News\",\"publisher\":{\"@id\":\"https:\\\/\\\/inclusivenews.com.br\\\/#organization\"},\"potentialAction\":[{\"@type\":\"SearchAction\",\"target\":{\"@type\":\"EntryPoint\",\"urlTemplate\":\"https:\\\/\\\/inclusivenews.com.br\\\/?s={search_term_string}\"},\"query-input\":{\"@type\":\"PropertyValueSpecification\",\"valueRequired\":true,\"valueName\":\"search_term_string\"}}],\"inLanguage\":\"pt-PT\"},{\"@type\":\"Organization\",\"@id\":\"https:\\\/\\\/inclusivenews.com.br\\\/#organization\",\"name\":\"Inclusive - inclus\u00e3o e cidadania\",\"url\":\"https:\\\/\\\/inclusivenews.com.br\\\/\",\"logo\":{\"@type\":\"ImageObject\",\"inLanguage\":\"pt-PT\",\"@id\":\"https:\\\/\\\/inclusivenews.com.br\\\/#\\\/schema\\\/logo\\\/image\\\/\",\"url\":\"https:\\\/\\\/inclusivenews.com.br\\\/wp-content\\\/uploads\\\/2024\\\/03\\\/@grandesite.png\",\"contentUrl\":\"https:\\\/\\\/inclusivenews.com.br\\\/wp-content\\\/uploads\\\/2024\\\/03\\\/@grandesite.png\",\"width\":1080,\"height\":1080,\"caption\":\"Inclusive - inclus\u00e3o e cidadania\"},\"image\":{\"@id\":\"https:\\\/\\\/inclusivenews.com.br\\\/#\\\/schema\\\/logo\\\/image\\\/\"},\"sameAs\":[\"https:\\\/\\\/www.facebook.com\\\/agenciainclusive\\\/\",\"https:\\\/\\\/www.instagram.com\\\/newsinclusive\\\/\"]},{\"@type\":\"Person\",\"@id\":\"https:\\\/\\\/inclusivenews.com.br\\\/#\\\/schema\\\/person\\\/ae4ec7087559b8692fb33b6fffd2273b\",\"name\":\"inclusivenews2024\",\"image\":{\"@type\":\"ImageObject\",\"inLanguage\":\"pt-PT\",\"@id\":\"https:\\\/\\\/secure.gravatar.com\\\/avatar\\\/c5a7ef84c66fa914f55bc4f7ce26cfa275a3b9a1c5568b907bd184fb4dde7b40?s=96&d=mm&r=g\",\"url\":\"https:\\\/\\\/secure.gravatar.com\\\/avatar\\\/c5a7ef84c66fa914f55bc4f7ce26cfa275a3b9a1c5568b907bd184fb4dde7b40?s=96&d=mm&r=g\",\"contentUrl\":\"https:\\\/\\\/secure.gravatar.com\\\/avatar\\\/c5a7ef84c66fa914f55bc4f7ce26cfa275a3b9a1c5568b907bd184fb4dde7b40?s=96&d=mm&r=g\",\"caption\":\"inclusivenews2024\"},\"sameAs\":[\"https:\\\/\\\/inclusivenews.com.br\"],\"url\":\"https:\\\/\\\/inclusivenews.com.br\\\/?author=1\"}]}<\/script>\n<!-- \/ Yoast SEO plugin. -->","yoast_head_json":{"title":"Projeto IPE forma jovens empreendedores na periferia da Zona Sul -","robots":{"index":"index","follow":"follow","max-snippet":"max-snippet:-1","max-image-preview":"max-image-preview:large","max-video-preview":"max-video-preview:-1"},"canonical":"https:\/\/inclusivenews.com.br\/?p=16619","og_locale":"pt_PT","og_type":"article","og_title":"Projeto IPE forma jovens empreendedores na periferia da Zona Sul -","og_description":"Parceria do Instituto Paradigma com Ashoka e Instituto Social Santa L\u00facia ensina jovens da regi\u00e3o do M\u00b4Boi Mirim a transformar sonhos em realidade.","og_url":"https:\/\/inclusivenews.com.br\/?p=16619","article_publisher":"https:\/\/www.facebook.com\/agenciainclusive\/","article_published_time":"2010-07-21T08:55:29+00:00","og_image":[{"url":"http:\/\/inclusivenews.com.br\/wp-content\/uploads\/2009\/12\/paradigma.jpg","type":"","width":"","height":""}],"author":"inclusivenews2024","twitter_card":"summary_large_image","twitter_misc":{"Escrito por":"inclusivenews2024","Tempo estimado de leitura":"4 minutos"},"schema":{"@context":"https:\/\/schema.org","@graph":[{"@type":"Article","@id":"https:\/\/inclusivenews.com.br\/?p=16619#article","isPartOf":{"@id":"https:\/\/inclusivenews.com.br\/?p=16619"},"author":{"name":"inclusivenews2024","@id":"https:\/\/inclusivenews.com.br\/#\/schema\/person\/ae4ec7087559b8692fb33b6fffd2273b"},"headline":"Projeto IPE forma jovens empreendedores na periferia da Zona Sul","datePublished":"2010-07-21T08:55:29+00:00","mainEntityOfPage":{"@id":"https:\/\/inclusivenews.com.br\/?p=16619"},"wordCount":760,"commentCount":0,"publisher":{"@id":"https:\/\/inclusivenews.com.br\/#organization"},"image":{"@id":"https:\/\/inclusivenews.com.br\/?p=16619#primaryimage"},"thumbnailUrl":"http:\/\/inclusivenews.com.br\/wp-content\/uploads\/2009\/12\/paradigma.jpg","articleSection":["INCLUS\u00c3O SOCIAL","NOT\u00cdCIAS"],"inLanguage":"pt-PT","potentialAction":[{"@type":"CommentAction","name":"Comment","target":["https:\/\/inclusivenews.com.br\/?p=16619#respond"]}]},{"@type":"WebPage","@id":"https:\/\/inclusivenews.com.br\/?p=16619","url":"https:\/\/inclusivenews.com.br\/?p=16619","name":"Projeto IPE forma jovens empreendedores na periferia da Zona Sul -","isPartOf":{"@id":"https:\/\/inclusivenews.com.br\/#website"},"primaryImageOfPage":{"@id":"https:\/\/inclusivenews.com.br\/?p=16619#primaryimage"},"image":{"@id":"https:\/\/inclusivenews.com.br\/?p=16619#primaryimage"},"thumbnailUrl":"http:\/\/inclusivenews.com.br\/wp-content\/uploads\/2009\/12\/paradigma.jpg","datePublished":"2010-07-21T08:55:29+00:00","breadcrumb":{"@id":"https:\/\/inclusivenews.com.br\/?p=16619#breadcrumb"},"inLanguage":"pt-PT","potentialAction":[{"@type":"ReadAction","target":["https:\/\/inclusivenews.com.br\/?p=16619"]}]},{"@type":"ImageObject","inLanguage":"pt-PT","@id":"https:\/\/inclusivenews.com.br\/?p=16619#primaryimage","url":"","contentUrl":""},{"@type":"BreadcrumbList","@id":"https:\/\/inclusivenews.com.br\/?p=16619#breadcrumb","itemListElement":[{"@type":"ListItem","position":1,"name":"In\u00edcio","item":"https:\/\/inclusivenews.com.br\/"},{"@type":"ListItem","position":2,"name":"Projeto IPE forma jovens empreendedores na periferia da Zona Sul"}]},{"@type":"WebSite","@id":"https:\/\/inclusivenews.com.br\/#website","url":"https:\/\/inclusivenews.com.br\/","name":"Inclusive News","description":"Inclusive News","publisher":{"@id":"https:\/\/inclusivenews.com.br\/#organization"},"potentialAction":[{"@type":"SearchAction","target":{"@type":"EntryPoint","urlTemplate":"https:\/\/inclusivenews.com.br\/?s={search_term_string}"},"query-input":{"@type":"PropertyValueSpecification","valueRequired":true,"valueName":"search_term_string"}}],"inLanguage":"pt-PT"},{"@type":"Organization","@id":"https:\/\/inclusivenews.com.br\/#organization","name":"Inclusive - inclus\u00e3o e cidadania","url":"https:\/\/inclusivenews.com.br\/","logo":{"@type":"ImageObject","inLanguage":"pt-PT","@id":"https:\/\/inclusivenews.com.br\/#\/schema\/logo\/image\/","url":"https:\/\/inclusivenews.com.br\/wp-content\/uploads\/2024\/03\/@grandesite.png","contentUrl":"https:\/\/inclusivenews.com.br\/wp-content\/uploads\/2024\/03\/@grandesite.png","width":1080,"height":1080,"caption":"Inclusive - inclus\u00e3o e cidadania"},"image":{"@id":"https:\/\/inclusivenews.com.br\/#\/schema\/logo\/image\/"},"sameAs":["https:\/\/www.facebook.com\/agenciainclusive\/","https:\/\/www.instagram.com\/newsinclusive\/"]},{"@type":"Person","@id":"https:\/\/inclusivenews.com.br\/#\/schema\/person\/ae4ec7087559b8692fb33b6fffd2273b","name":"inclusivenews2024","image":{"@type":"ImageObject","inLanguage":"pt-PT","@id":"https:\/\/secure.gravatar.com\/avatar\/c5a7ef84c66fa914f55bc4f7ce26cfa275a3b9a1c5568b907bd184fb4dde7b40?s=96&d=mm&r=g","url":"https:\/\/secure.gravatar.com\/avatar\/c5a7ef84c66fa914f55bc4f7ce26cfa275a3b9a1c5568b907bd184fb4dde7b40?s=96&d=mm&r=g","contentUrl":"https:\/\/secure.gravatar.com\/avatar\/c5a7ef84c66fa914f55bc4f7ce26cfa275a3b9a1c5568b907bd184fb4dde7b40?s=96&d=mm&r=g","caption":"inclusivenews2024"},"sameAs":["https:\/\/inclusivenews.com.br"],"url":"https:\/\/inclusivenews.com.br\/?author=1"}]}},"_links":{"self":[{"href":"https:\/\/inclusivenews.com.br\/index.php?rest_route=\/wp\/v2\/posts\/16619","targetHints":{"allow":["GET"]}}],"collection":[{"href":"https:\/\/inclusivenews.com.br\/index.php?rest_route=\/wp\/v2\/posts"}],"about":[{"href":"https:\/\/inclusivenews.com.br\/index.php?rest_route=\/wp\/v2\/types\/post"}],"author":[{"embeddable":true,"href":"https:\/\/inclusivenews.com.br\/index.php?rest_route=\/wp\/v2\/users\/1"}],"replies":[{"embeddable":true,"href":"https:\/\/inclusivenews.com.br\/index.php?rest_route=%2Fwp%2Fv2%2Fcomments&post=16619"}],"version-history":[{"count":0,"href":"https:\/\/inclusivenews.com.br\/index.php?rest_route=\/wp\/v2\/posts\/16619\/revisions"}],"wp:attachment":[{"href":"https:\/\/inclusivenews.com.br\/index.php?rest_route=%2Fwp%2Fv2%2Fmedia&parent=16619"}],"wp:term":[{"taxonomy":"category","embeddable":true,"href":"https:\/\/inclusivenews.com.br\/index.php?rest_route=%2Fwp%2Fv2%2Fcategories&post=16619"},{"taxonomy":"post_tag","embeddable":true,"href":"https:\/\/inclusivenews.com.br\/index.php?rest_route=%2Fwp%2Fv2%2Ftags&post=16619"}],"curies":[{"name":"wp","href":"https:\/\/api.w.org\/{rel}","templated":true}]}}