{"id":16623,"date":"2010-07-22T05:50:29","date_gmt":"2010-07-22T08:50:29","guid":{"rendered":"http:\/\/www.inclusive.org.br\/?p=16623"},"modified":"2010-07-22T05:50:29","modified_gmt":"2010-07-22T08:50:29","slug":"firjan-realiza-1%c2%ba-seminario-de-calcadas-acessiveis","status":"publish","type":"post","link":"https:\/\/inclusivenews.com.br\/?p=16623","title":{"rendered":"Firjan realiza 1\u00ba Semin\u00e1rio de Cal\u00e7adas Acess\u00edveis"},"content":{"rendered":"<figure id=\"attachment_13347\" aria-describedby=\"caption-attachment-13347\" style=\"width: 169px\" class=\"wp-caption alignleft\"><a href=\"http:\/\/www.inclusivenews.com.br\/wp-content\/uploads\/2010\/01\/acessibilidade.gif\"><img loading=\"lazy\" decoding=\"async\" class=\"size-full wp-image-13347 \" title=\"S\u00edmbolo internacional da acessibilidade - boneco em cadeira de rodas sobre fundo azul\" src=\"http:\/\/inclusivenews.com.br\/wp-content\/uploads\/2010\/01\/acessibilidade.gif\" alt=\"\" width=\"169\" height=\"190\" \/><\/a><figcaption id=\"caption-attachment-13347\" class=\"wp-caption-text\"> <\/figcaption><\/figure>\n<p>Com o intuito de discutir solu\u00e7\u00f5es para os passeios p\u00fablicos, a Representa\u00e7\u00e3o Regional da Firjan de Nova Igua\u00e7u promove no dia 11 de agosto, das 9h \u00e0s 17h, o 1\u00ba Semin\u00e1rio de Cal\u00e7adas Acess\u00edveis da Baixada Fluminense.<\/p>\n<p>O Sistema Firjan, em parceria com a Associa\u00e7\u00e3o Brasileira de Cimento Portland (ABCP) realizou diversos encontros com as prefeituras da regi\u00e3o com o objetivo de sensibilizar as autoridades p\u00fablicas sobre a import\u00e2ncia da revitaliza\u00e7\u00e3o e padroniza\u00e7\u00e3o das cal\u00e7adas na Baixada Fluminense a fim de garantir melhores condi\u00e7\u00f5es de acesso e locomo\u00e7\u00e3o.<\/p>\n<p>O Minist\u00e9rio das Cidades ir\u00e1 apresentar os recursos para projetos e obras de acessibilidade nos munic\u00edpios; haver\u00e1 tamb\u00e9m uma palestra do representante do Minist\u00e9rio P\u00fablico sobre o cumprimento do Estatuto das Cidades. O prefeito de Mesquita, Arthur Messias, ir\u00e1 apresentar a obra do Pa\u00e7o Municipal e como este projeto ir\u00e1 mudar o conceito de acessibilidade para o cidad\u00e3o.<\/p>\n<p>O evento \u00e9 gratuito e as vagas s\u00e3o limitadas. O 1\u00ba Semin\u00e1rio de Cal\u00e7adas Acess\u00edveis ser\u00e1 realizado na Representa\u00e7\u00e3o Regional da Firjan, em Nova Igua\u00e7u, na Rua Gerson Chernicharo, s\/n\u00ba no Bairro da Luz. Mais informa\u00e7\u00f5es ligar para 2667-5353 e inscri\u00e7\u00f5es atrav\u00e9s do 0800-0231231. Segue a programa\u00e7\u00e3o.<\/p>\n<p>Programa\u00e7\u00e3o: do 1\u00ba Semin\u00e1rio de Cal\u00e7adas Acess\u00edveis<\/p>\n<p>9h \u2013 Abertura<\/p>\n<p>9h45 \u2013 10h15 \u2013 Palestra \u201cRecursos para Projetos e Obras Acess\u00edveis\u201d<\/p>\n<p>Sra. Daiz\u00ea Pinho Vechi \u2013 Secret\u00e1ria do Minist\u00e9rio das Cidades<\/p>\n<p>10h15 \u2013 10h45 \u2013 Palestra \u201cA\u00e7\u00f5es do Minist\u00e9rio P\u00fablico no Estado do RJ para o cumprimento do Estatuto das Cidades\u201d &#8211; Dra. Rosana Rodrigues de Alves Pereira &#8211; Titular da Promotoria de Justi\u00e7a de Prote\u00e7\u00e3o ao Idoso e \u00e0 Pessoa Portadora de Defici\u00eancia do N\u00facleo Nova Igua\u00e7u<\/p>\n<p>10h45 \u2013 11h30 \u2013 Palestra \u201cMobilidade Urbana em Cal\u00e7adas Acess\u00edveis: O que isto significa? Exemplos e Novos Paradigmas para o Brasil\u201d &#8211; Arquiteta Regina Cohen &#8211; N\u00facleo Pr\u00f3-Acesso &#8211; UFRJ<\/p>\n<p>11h30 \u2013 12h15 \u2013 Palestra \u201cMelhorando as Condi\u00e7\u00f5es de Circula\u00e7\u00e3o a P\u00e9 nas Cidades Brasileiras\u201d &#8211; Dr.Philip Gold &#8211;  Gold Projects.<\/p>\n<p>14h00 \u2013 14h45 \u2013 Palestra \u201cSolu\u00e7\u00f5es Urban\u00edsticas e de Acessibilidade na Prefeitura de SP\u201d &#8211; Arquiteto Jos\u00e9 Renato Melhem &#8211; Prefeitura de S\u00e3o Paulo \u2013 SP<\/p>\n<p>14h45 \u2013 15h15 \u2013 Palestra  \u201cObra do Pa\u00e7o Municipal &#8211; O primeiro passo para a acessibilidade\u201d &#8211; Prefeito Arthur Messias \u2013 Prefeito de Mesquita &#8211; RJ<\/p>\n<p>15h30- 15h50 \u2013 Palestra \u201cSolu\u00e7\u00f5es para capacita\u00e7\u00e3o de M\u00e3o de Obra\u201d<\/p>\n<p>Dra Andr\u00e9a Marinho \u2013 Diretora de Educa\u00e7\u00e3o do Sistema FIRJAN<\/p>\n<p>15h50 \u2013 16h15 \u2013 Palestra \u201cCal\u00e7adas Acess\u00edveis &#8211; Tecnologias e Ferramentas \/ Proposta de Trabalho\u201d &#8211; Eng. Eduardo D\u00c1vila &#8211; Gerente Regional da ABCP RJ-ES<\/p>\n<p>16h15 \u2013 Debate com a presen\u00e7a dos palestrantes e convidados: Professora Georgette Viddor, Coordenadora da Sele\u00e7\u00e3o Brasileira Feminina de Gin\u00e1stica Art\u00edstica e Jo\u00e3o Carlos Farias da Rocha do IBDD &#8211; Instituto Brasileiro de Defesa dos Direitos da Pessoa com Defici\u00eancia<\/p>\n<p>EVENTO: 1\u00ba SEMIN\u00c1RIO DE CAL\u00c7ADAS ACESS\u00cdVEIS<br \/>\nDATA: QUARTA-FEIRA, 11 DE AGOSTO 2010<br \/>\nHOR\u00c1RIO: 9h \u00e0s 17h<br \/>\nLOCAL: REPRESENTA\u00c7\u00c3O REGIONAL DA FIRJAN \u2013 RUA GERSON CHERNICHARO, S\/N\u00ba, BAIRRO DA LUZ \u2013 NOVA IGUA\u00c7U<\/p>\n","protected":false},"excerpt":{"rendered":"<p>Com o intuito de discutir solu\u00e7\u00f5es para os passeios p\u00fablicos, a Representa\u00e7\u00e3o Regional da Firjan de Nova Igua\u00e7u promove no dia 11 de agosto, das 9h \u00e0s 17h, o 1\u00ba Semin\u00e1rio de Cal\u00e7adas Acess\u00edveis da Baixada Fluminense. O Sistema Firjan, em parceria com a Associa\u00e7\u00e3o Brasileira de Cimento Portland (ABCP) realizou diversos encontros com as [&hellip;]<\/p>\n","protected":false},"author":1,"featured_media":0,"comment_status":"open","ping_status":"open","sticky":false,"template":"","format":"standard","meta":{"site-container-style":"default","site-container-layout":"default","site-sidebar-layout":"default","disable-article-header":"default","disable-site-header":"default","disable-site-footer":"default","disable-content-area-spacing":"default","footnotes":""},"categories":[44,12],"tags":[],"class_list":["post-16623","post","type-post","status-publish","format-standard","hentry","category-acessibilidade","category-cursos-e-eventos"],"yoast_head":"<!-- This site is optimized with the Yoast SEO plugin v27.4 - https:\/\/yoast.com\/product\/yoast-seo-wordpress\/ -->\n<title>Firjan realiza 1\u00ba Semin\u00e1rio de Cal\u00e7adas Acess\u00edveis -<\/title>\n<meta name=\"robots\" content=\"index, follow, max-snippet:-1, max-image-preview:large, max-video-preview:-1\" \/>\n<link rel=\"canonical\" href=\"https:\/\/inclusivenews.com.br\/?p=16623\" \/>\n<meta property=\"og:locale\" content=\"pt_PT\" \/>\n<meta property=\"og:type\" content=\"article\" \/>\n<meta property=\"og:title\" content=\"Firjan realiza 1\u00ba Semin\u00e1rio de Cal\u00e7adas Acess\u00edveis -\" \/>\n<meta property=\"og:description\" content=\"Com o intuito de discutir solu\u00e7\u00f5es para os passeios p\u00fablicos, a Representa\u00e7\u00e3o Regional da Firjan de Nova Igua\u00e7u promove no dia 11 de agosto, das 9h \u00e0s 17h, o 1\u00ba Semin\u00e1rio de Cal\u00e7adas Acess\u00edveis da Baixada Fluminense. O Sistema Firjan, em parceria com a Associa\u00e7\u00e3o Brasileira de Cimento Portland (ABCP) realizou diversos encontros com as [&hellip;]\" \/>\n<meta property=\"og:url\" content=\"https:\/\/inclusivenews.com.br\/?p=16623\" \/>\n<meta property=\"article:publisher\" content=\"https:\/\/www.facebook.com\/agenciainclusive\/\" \/>\n<meta property=\"article:published_time\" content=\"2010-07-22T08:50:29+00:00\" \/>\n<meta property=\"og:image\" content=\"http:\/\/inclusivenews.com.br\/wp-content\/uploads\/2010\/01\/acessibilidade.gif\" \/>\n<meta name=\"author\" content=\"inclusivenews2024\" \/>\n<meta name=\"twitter:card\" content=\"summary_large_image\" \/>\n<meta name=\"twitter:label1\" content=\"Escrito por\" \/>\n\t<meta name=\"twitter:data1\" content=\"inclusivenews2024\" \/>\n\t<meta name=\"twitter:label2\" content=\"Tempo estimado de leitura\" \/>\n\t<meta name=\"twitter:data2\" content=\"3 minutos\" \/>\n<script type=\"application\/ld+json\" class=\"yoast-schema-graph\">{\"@context\":\"https:\\\/\\\/schema.org\",\"@graph\":[{\"@type\":\"Article\",\"@id\":\"https:\\\/\\\/inclusivenews.com.br\\\/?p=16623#article\",\"isPartOf\":{\"@id\":\"https:\\\/\\\/inclusivenews.com.br\\\/?p=16623\"},\"author\":{\"name\":\"inclusivenews2024\",\"@id\":\"https:\\\/\\\/inclusivenews.com.br\\\/#\\\/schema\\\/person\\\/ae4ec7087559b8692fb33b6fffd2273b\"},\"headline\":\"Firjan realiza 1\u00ba Semin\u00e1rio de Cal\u00e7adas Acess\u00edveis\",\"datePublished\":\"2010-07-22T08:50:29+00:00\",\"mainEntityOfPage\":{\"@id\":\"https:\\\/\\\/inclusivenews.com.br\\\/?p=16623\"},\"wordCount\":558,\"commentCount\":0,\"publisher\":{\"@id\":\"https:\\\/\\\/inclusivenews.com.br\\\/#organization\"},\"image\":{\"@id\":\"https:\\\/\\\/inclusivenews.com.br\\\/?p=16623#primaryimage\"},\"thumbnailUrl\":\"http:\\\/\\\/inclusivenews.com.br\\\/wp-content\\\/uploads\\\/2010\\\/01\\\/acessibilidade.gif\",\"articleSection\":[\"ACESSIBILIDADE\",\"Cursos e eventos\"],\"inLanguage\":\"pt-PT\",\"potentialAction\":[{\"@type\":\"CommentAction\",\"name\":\"Comment\",\"target\":[\"https:\\\/\\\/inclusivenews.com.br\\\/?p=16623#respond\"]}]},{\"@type\":\"WebPage\",\"@id\":\"https:\\\/\\\/inclusivenews.com.br\\\/?p=16623\",\"url\":\"https:\\\/\\\/inclusivenews.com.br\\\/?p=16623\",\"name\":\"Firjan realiza 1\u00ba Semin\u00e1rio de Cal\u00e7adas Acess\u00edveis -\",\"isPartOf\":{\"@id\":\"https:\\\/\\\/inclusivenews.com.br\\\/#website\"},\"primaryImageOfPage\":{\"@id\":\"https:\\\/\\\/inclusivenews.com.br\\\/?p=16623#primaryimage\"},\"image\":{\"@id\":\"https:\\\/\\\/inclusivenews.com.br\\\/?p=16623#primaryimage\"},\"thumbnailUrl\":\"http:\\\/\\\/inclusivenews.com.br\\\/wp-content\\\/uploads\\\/2010\\\/01\\\/acessibilidade.gif\",\"datePublished\":\"2010-07-22T08:50:29+00:00\",\"breadcrumb\":{\"@id\":\"https:\\\/\\\/inclusivenews.com.br\\\/?p=16623#breadcrumb\"},\"inLanguage\":\"pt-PT\",\"potentialAction\":[{\"@type\":\"ReadAction\",\"target\":[\"https:\\\/\\\/inclusivenews.com.br\\\/?p=16623\"]}]},{\"@type\":\"ImageObject\",\"inLanguage\":\"pt-PT\",\"@id\":\"https:\\\/\\\/inclusivenews.com.br\\\/?p=16623#primaryimage\",\"url\":\"\",\"contentUrl\":\"\"},{\"@type\":\"BreadcrumbList\",\"@id\":\"https:\\\/\\\/inclusivenews.com.br\\\/?p=16623#breadcrumb\",\"itemListElement\":[{\"@type\":\"ListItem\",\"position\":1,\"name\":\"In\u00edcio\",\"item\":\"https:\\\/\\\/inclusivenews.com.br\\\/\"},{\"@type\":\"ListItem\",\"position\":2,\"name\":\"Firjan realiza 1\u00ba Semin\u00e1rio de Cal\u00e7adas Acess\u00edveis\"}]},{\"@type\":\"WebSite\",\"@id\":\"https:\\\/\\\/inclusivenews.com.br\\\/#website\",\"url\":\"https:\\\/\\\/inclusivenews.com.br\\\/\",\"name\":\"Inclusive News\",\"description\":\"Inclusive News\",\"publisher\":{\"@id\":\"https:\\\/\\\/inclusivenews.com.br\\\/#organization\"},\"potentialAction\":[{\"@type\":\"SearchAction\",\"target\":{\"@type\":\"EntryPoint\",\"urlTemplate\":\"https:\\\/\\\/inclusivenews.com.br\\\/?s={search_term_string}\"},\"query-input\":{\"@type\":\"PropertyValueSpecification\",\"valueRequired\":true,\"valueName\":\"search_term_string\"}}],\"inLanguage\":\"pt-PT\"},{\"@type\":\"Organization\",\"@id\":\"https:\\\/\\\/inclusivenews.com.br\\\/#organization\",\"name\":\"Inclusive - inclus\u00e3o e cidadania\",\"url\":\"https:\\\/\\\/inclusivenews.com.br\\\/\",\"logo\":{\"@type\":\"ImageObject\",\"inLanguage\":\"pt-PT\",\"@id\":\"https:\\\/\\\/inclusivenews.com.br\\\/#\\\/schema\\\/logo\\\/image\\\/\",\"url\":\"https:\\\/\\\/inclusivenews.com.br\\\/wp-content\\\/uploads\\\/2024\\\/03\\\/@grandesite.png\",\"contentUrl\":\"https:\\\/\\\/inclusivenews.com.br\\\/wp-content\\\/uploads\\\/2024\\\/03\\\/@grandesite.png\",\"width\":1080,\"height\":1080,\"caption\":\"Inclusive - inclus\u00e3o e cidadania\"},\"image\":{\"@id\":\"https:\\\/\\\/inclusivenews.com.br\\\/#\\\/schema\\\/logo\\\/image\\\/\"},\"sameAs\":[\"https:\\\/\\\/www.facebook.com\\\/agenciainclusive\\\/\",\"https:\\\/\\\/www.instagram.com\\\/newsinclusive\\\/\"]},{\"@type\":\"Person\",\"@id\":\"https:\\\/\\\/inclusivenews.com.br\\\/#\\\/schema\\\/person\\\/ae4ec7087559b8692fb33b6fffd2273b\",\"name\":\"inclusivenews2024\",\"image\":{\"@type\":\"ImageObject\",\"inLanguage\":\"pt-PT\",\"@id\":\"https:\\\/\\\/secure.gravatar.com\\\/avatar\\\/c5a7ef84c66fa914f55bc4f7ce26cfa275a3b9a1c5568b907bd184fb4dde7b40?s=96&d=mm&r=g\",\"url\":\"https:\\\/\\\/secure.gravatar.com\\\/avatar\\\/c5a7ef84c66fa914f55bc4f7ce26cfa275a3b9a1c5568b907bd184fb4dde7b40?s=96&d=mm&r=g\",\"contentUrl\":\"https:\\\/\\\/secure.gravatar.com\\\/avatar\\\/c5a7ef84c66fa914f55bc4f7ce26cfa275a3b9a1c5568b907bd184fb4dde7b40?s=96&d=mm&r=g\",\"caption\":\"inclusivenews2024\"},\"sameAs\":[\"https:\\\/\\\/inclusivenews.com.br\"],\"url\":\"https:\\\/\\\/inclusivenews.com.br\\\/?author=1\"}]}<\/script>\n<!-- \/ Yoast SEO plugin. -->","yoast_head_json":{"title":"Firjan realiza 1\u00ba Semin\u00e1rio de Cal\u00e7adas Acess\u00edveis -","robots":{"index":"index","follow":"follow","max-snippet":"max-snippet:-1","max-image-preview":"max-image-preview:large","max-video-preview":"max-video-preview:-1"},"canonical":"https:\/\/inclusivenews.com.br\/?p=16623","og_locale":"pt_PT","og_type":"article","og_title":"Firjan realiza 1\u00ba Semin\u00e1rio de Cal\u00e7adas Acess\u00edveis -","og_description":"Com o intuito de discutir solu\u00e7\u00f5es para os passeios p\u00fablicos, a Representa\u00e7\u00e3o Regional da Firjan de Nova Igua\u00e7u promove no dia 11 de agosto, das 9h \u00e0s 17h, o 1\u00ba Semin\u00e1rio de Cal\u00e7adas Acess\u00edveis da Baixada Fluminense. O Sistema Firjan, em parceria com a Associa\u00e7\u00e3o Brasileira de Cimento Portland (ABCP) realizou diversos encontros com as [&hellip;]","og_url":"https:\/\/inclusivenews.com.br\/?p=16623","article_publisher":"https:\/\/www.facebook.com\/agenciainclusive\/","article_published_time":"2010-07-22T08:50:29+00:00","og_image":[{"url":"http:\/\/inclusivenews.com.br\/wp-content\/uploads\/2010\/01\/acessibilidade.gif","type":"","width":"","height":""}],"author":"inclusivenews2024","twitter_card":"summary_large_image","twitter_misc":{"Escrito por":"inclusivenews2024","Tempo estimado de leitura":"3 minutos"},"schema":{"@context":"https:\/\/schema.org","@graph":[{"@type":"Article","@id":"https:\/\/inclusivenews.com.br\/?p=16623#article","isPartOf":{"@id":"https:\/\/inclusivenews.com.br\/?p=16623"},"author":{"name":"inclusivenews2024","@id":"https:\/\/inclusivenews.com.br\/#\/schema\/person\/ae4ec7087559b8692fb33b6fffd2273b"},"headline":"Firjan realiza 1\u00ba Semin\u00e1rio de Cal\u00e7adas Acess\u00edveis","datePublished":"2010-07-22T08:50:29+00:00","mainEntityOfPage":{"@id":"https:\/\/inclusivenews.com.br\/?p=16623"},"wordCount":558,"commentCount":0,"publisher":{"@id":"https:\/\/inclusivenews.com.br\/#organization"},"image":{"@id":"https:\/\/inclusivenews.com.br\/?p=16623#primaryimage"},"thumbnailUrl":"http:\/\/inclusivenews.com.br\/wp-content\/uploads\/2010\/01\/acessibilidade.gif","articleSection":["ACESSIBILIDADE","Cursos e eventos"],"inLanguage":"pt-PT","potentialAction":[{"@type":"CommentAction","name":"Comment","target":["https:\/\/inclusivenews.com.br\/?p=16623#respond"]}]},{"@type":"WebPage","@id":"https:\/\/inclusivenews.com.br\/?p=16623","url":"https:\/\/inclusivenews.com.br\/?p=16623","name":"Firjan realiza 1\u00ba Semin\u00e1rio de Cal\u00e7adas Acess\u00edveis -","isPartOf":{"@id":"https:\/\/inclusivenews.com.br\/#website"},"primaryImageOfPage":{"@id":"https:\/\/inclusivenews.com.br\/?p=16623#primaryimage"},"image":{"@id":"https:\/\/inclusivenews.com.br\/?p=16623#primaryimage"},"thumbnailUrl":"http:\/\/inclusivenews.com.br\/wp-content\/uploads\/2010\/01\/acessibilidade.gif","datePublished":"2010-07-22T08:50:29+00:00","breadcrumb":{"@id":"https:\/\/inclusivenews.com.br\/?p=16623#breadcrumb"},"inLanguage":"pt-PT","potentialAction":[{"@type":"ReadAction","target":["https:\/\/inclusivenews.com.br\/?p=16623"]}]},{"@type":"ImageObject","inLanguage":"pt-PT","@id":"https:\/\/inclusivenews.com.br\/?p=16623#primaryimage","url":"","contentUrl":""},{"@type":"BreadcrumbList","@id":"https:\/\/inclusivenews.com.br\/?p=16623#breadcrumb","itemListElement":[{"@type":"ListItem","position":1,"name":"In\u00edcio","item":"https:\/\/inclusivenews.com.br\/"},{"@type":"ListItem","position":2,"name":"Firjan realiza 1\u00ba Semin\u00e1rio de Cal\u00e7adas Acess\u00edveis"}]},{"@type":"WebSite","@id":"https:\/\/inclusivenews.com.br\/#website","url":"https:\/\/inclusivenews.com.br\/","name":"Inclusive News","description":"Inclusive News","publisher":{"@id":"https:\/\/inclusivenews.com.br\/#organization"},"potentialAction":[{"@type":"SearchAction","target":{"@type":"EntryPoint","urlTemplate":"https:\/\/inclusivenews.com.br\/?s={search_term_string}"},"query-input":{"@type":"PropertyValueSpecification","valueRequired":true,"valueName":"search_term_string"}}],"inLanguage":"pt-PT"},{"@type":"Organization","@id":"https:\/\/inclusivenews.com.br\/#organization","name":"Inclusive - inclus\u00e3o e cidadania","url":"https:\/\/inclusivenews.com.br\/","logo":{"@type":"ImageObject","inLanguage":"pt-PT","@id":"https:\/\/inclusivenews.com.br\/#\/schema\/logo\/image\/","url":"https:\/\/inclusivenews.com.br\/wp-content\/uploads\/2024\/03\/@grandesite.png","contentUrl":"https:\/\/inclusivenews.com.br\/wp-content\/uploads\/2024\/03\/@grandesite.png","width":1080,"height":1080,"caption":"Inclusive - inclus\u00e3o e cidadania"},"image":{"@id":"https:\/\/inclusivenews.com.br\/#\/schema\/logo\/image\/"},"sameAs":["https:\/\/www.facebook.com\/agenciainclusive\/","https:\/\/www.instagram.com\/newsinclusive\/"]},{"@type":"Person","@id":"https:\/\/inclusivenews.com.br\/#\/schema\/person\/ae4ec7087559b8692fb33b6fffd2273b","name":"inclusivenews2024","image":{"@type":"ImageObject","inLanguage":"pt-PT","@id":"https:\/\/secure.gravatar.com\/avatar\/c5a7ef84c66fa914f55bc4f7ce26cfa275a3b9a1c5568b907bd184fb4dde7b40?s=96&d=mm&r=g","url":"https:\/\/secure.gravatar.com\/avatar\/c5a7ef84c66fa914f55bc4f7ce26cfa275a3b9a1c5568b907bd184fb4dde7b40?s=96&d=mm&r=g","contentUrl":"https:\/\/secure.gravatar.com\/avatar\/c5a7ef84c66fa914f55bc4f7ce26cfa275a3b9a1c5568b907bd184fb4dde7b40?s=96&d=mm&r=g","caption":"inclusivenews2024"},"sameAs":["https:\/\/inclusivenews.com.br"],"url":"https:\/\/inclusivenews.com.br\/?author=1"}]}},"_links":{"self":[{"href":"https:\/\/inclusivenews.com.br\/index.php?rest_route=\/wp\/v2\/posts\/16623","targetHints":{"allow":["GET"]}}],"collection":[{"href":"https:\/\/inclusivenews.com.br\/index.php?rest_route=\/wp\/v2\/posts"}],"about":[{"href":"https:\/\/inclusivenews.com.br\/index.php?rest_route=\/wp\/v2\/types\/post"}],"author":[{"embeddable":true,"href":"https:\/\/inclusivenews.com.br\/index.php?rest_route=\/wp\/v2\/users\/1"}],"replies":[{"embeddable":true,"href":"https:\/\/inclusivenews.com.br\/index.php?rest_route=%2Fwp%2Fv2%2Fcomments&post=16623"}],"version-history":[{"count":0,"href":"https:\/\/inclusivenews.com.br\/index.php?rest_route=\/wp\/v2\/posts\/16623\/revisions"}],"wp:attachment":[{"href":"https:\/\/inclusivenews.com.br\/index.php?rest_route=%2Fwp%2Fv2%2Fmedia&parent=16623"}],"wp:term":[{"taxonomy":"category","embeddable":true,"href":"https:\/\/inclusivenews.com.br\/index.php?rest_route=%2Fwp%2Fv2%2Fcategories&post=16623"},{"taxonomy":"post_tag","embeddable":true,"href":"https:\/\/inclusivenews.com.br\/index.php?rest_route=%2Fwp%2Fv2%2Ftags&post=16623"}],"curies":[{"name":"wp","href":"https:\/\/api.w.org\/{rel}","templated":true}]}}