{"id":16628,"date":"2010-07-22T05:49:52","date_gmt":"2010-07-22T08:49:52","guid":{"rendered":"http:\/\/www.inclusive.org.br\/?p=16628"},"modified":"2010-07-22T05:49:52","modified_gmt":"2010-07-22T08:49:52","slug":"educacao-inclusiva-e-tema-de-seminario-no-campus-codo","status":"publish","type":"post","link":"https:\/\/inclusivenews.com.br\/?p=16628","title":{"rendered":"Educa\u00e7\u00e3o inclusiva \u00e9 tema de semin\u00e1rio no Campus Cod\u00f3"},"content":{"rendered":"<figure style=\"width: 160px\" class=\"wp-caption alignleft\"><img loading=\"lazy\" decoding=\"async\" title=\"Participantes do evento\" src=\"http:\/\/www.cefet-ma.br\/plugins\/content\/jumultithumb\/img.php?src=Li4vLi4vLi4vaW1hZ2VzL3N0b3JpZXMvQ29kL1NlbWlucmlvX0VkdWNhb19JbmNsdXNpdmFfMy5qcGcmYW1wO3c9MTYwJmFtcDtoPTE2MCZhbXA7cT05MA==\" alt=\"\" width=\"160\" height=\"120\" \/><figcaption class=\"wp-caption-text\"> <\/figcaption><\/figure>\n<p>Inclus\u00e3o afetiva, g\u00eanero e educa\u00e7\u00e3o de jovens e adultos s\u00e3o alguns dos temas abordados no \u201cPrimeiro Semin\u00e1rio de Educa\u00e7\u00e3o Inclusiva\u201d, que come\u00e7ou ontem (19) e vai at\u00e9 s\u00e1bado (24). O evento \u00e9 a culmin\u00e2ncia da disciplina Filosofia da Educa\u00e7\u00e3o, ministrada nos cursos superiores pelo professor Dastur Costa.<\/p>\n<p>A cada dia um palestrante aborda um aspecto da educa\u00e7\u00e3o inclusiva. O primeiro dia teve a participa\u00e7\u00e3o do psic\u00f3logo do Campus Cod\u00f3, Thiago Ribeiro. Ele utilizou m\u00fasica e din\u00e2micas que envolviam o contato f\u00edsico para falar sobre a inclus\u00e3o afetiva. \u201cNa educa\u00e7\u00e3o inclusiva os alunos devem aprender juntos, mas o ritmo de cada um deve ser respeitado\u201d, explicou Thiago. Como o p\u00fablico do evento \u00e9 formado por alunos dos cursos de licenciaturas, o palestrante tamb\u00e9m explorou o papel da afetividade no exerc\u00edcio do magist\u00e9rio. \u201cO professor afetivo \u00e9 aquele que conhece as diferen\u00e7as existentes entre os alunos, estimula o desenvolvimento deles e tamb\u00e9m sabe colocar limites\u201d.<\/p>\n<p>Segundo Dastur Costa, a inten\u00e7\u00e3o do semin\u00e1rio \u00e9 provocar a reflex\u00e3o dos futuros professores sobre a educa\u00e7\u00e3o inclusiva. \u201c\u00c9 interessante que os alunos dos cursos de licenciatura observem a realidade educacional que temos e a aquela que queremos\u201d.<\/p>\n<p>A estudante do curso de Licenciatura em Ci\u00eancias Agr\u00e1rias, Silvana Santos, acredita que o semin\u00e1rio contribui para que eles compreendam o novo contexto da educa\u00e7\u00e3o. \u201cComo futuros professores, n\u00f3s precisamos saber lidar com as particularidades de cada aluno para que ele se sinta inclu\u00eddo\u201d, observou Silvana.<\/p>\n<p>O primeiro dia do semin\u00e1rio foi encerrado pelo Diretor Geral do Campus Cod\u00f3, Jos\u00e9 Cardoso, que destacou a relev\u00e2ncia do debate sobre a educa\u00e7\u00e3o inclusiva nos cursos de licenciaturas. \u201cUm dos objetivos do Campus Cod\u00f3 \u00e9 oferecer uma forma\u00e7\u00e3o de qualidade para os alunos da gradua\u00e7\u00e3o, pois futuramente eles ser\u00e3o os professores do Instituto e tamb\u00e9m das institui\u00e7\u00f5es de ensino da regi\u00e3o\u201d.<\/p>\n<p>_______________<\/p>\n<p><strong>Fonte:<\/strong><a href=\"http:\/\/www.cefet-ma.br\/index.php\/departamentos\/1417-educacao-inclusiva-e-tema-de-seminario-no-campus-codo\"> CEFET-MA<\/a><\/p>\n","protected":false},"excerpt":{"rendered":"<p>Inclus\u00e3o afetiva, g\u00eanero e educa\u00e7\u00e3o de jovens e adultos s\u00e3o alguns dos temas abordados no \u201cPrimeiro Semin\u00e1rio de Educa\u00e7\u00e3o Inclusiva\u201d, que come\u00e7ou ontem (19) e vai at\u00e9 s\u00e1bado (24). O evento \u00e9 a culmin\u00e2ncia da disciplina Filosofia da Educa\u00e7\u00e3o, ministrada nos cursos superiores pelo professor Dastur Costa. A cada dia um palestrante aborda um aspecto [&hellip;]<\/p>\n","protected":false},"author":1,"featured_media":0,"comment_status":"open","ping_status":"open","sticky":false,"template":"","format":"standard","meta":{"site-container-style":"default","site-container-layout":"default","site-sidebar-layout":"default","disable-article-header":"default","disable-site-header":"default","disable-site-footer":"default","disable-content-area-spacing":"default","footnotes":""},"categories":[12,6,48,4],"tags":[],"class_list":["post-16628","post","type-post","status-publish","format-standard","hentry","category-cursos-e-eventos","category-educacao","category-inclusao","category-noticias"],"yoast_head":"<!-- This site is optimized with the Yoast SEO plugin v27.4 - https:\/\/yoast.com\/product\/yoast-seo-wordpress\/ -->\n<title>Educa\u00e7\u00e3o inclusiva \u00e9 tema de semin\u00e1rio no Campus Cod\u00f3 -<\/title>\n<meta name=\"robots\" content=\"index, follow, max-snippet:-1, max-image-preview:large, max-video-preview:-1\" \/>\n<link rel=\"canonical\" href=\"https:\/\/inclusivenews.com.br\/?p=16628\" \/>\n<meta property=\"og:locale\" content=\"pt_PT\" \/>\n<meta property=\"og:type\" content=\"article\" \/>\n<meta property=\"og:title\" content=\"Educa\u00e7\u00e3o inclusiva \u00e9 tema de semin\u00e1rio no Campus Cod\u00f3 -\" \/>\n<meta property=\"og:description\" content=\"Inclus\u00e3o afetiva, g\u00eanero e educa\u00e7\u00e3o de jovens e adultos s\u00e3o alguns dos temas abordados no \u201cPrimeiro Semin\u00e1rio de Educa\u00e7\u00e3o Inclusiva\u201d, que come\u00e7ou ontem (19) e vai at\u00e9 s\u00e1bado (24). O evento \u00e9 a culmin\u00e2ncia da disciplina Filosofia da Educa\u00e7\u00e3o, ministrada nos cursos superiores pelo professor Dastur Costa. A cada dia um palestrante aborda um aspecto [&hellip;]\" \/>\n<meta property=\"og:url\" content=\"https:\/\/inclusivenews.com.br\/?p=16628\" \/>\n<meta property=\"article:publisher\" content=\"https:\/\/www.facebook.com\/agenciainclusive\/\" \/>\n<meta property=\"article:published_time\" content=\"2010-07-22T08:49:52+00:00\" \/>\n<meta property=\"og:image\" content=\"http:\/\/www.cefet-ma.br\/plugins\/content\/jumultithumb\/img.php?src=Li4vLi4vLi4vaW1hZ2VzL3N0b3JpZXMvQ29kL1NlbWlucmlvX0VkdWNhb19JbmNsdXNpdmFfMy5qcGcmYW1wO3c9MTYwJmFtcDtoPTE2MCZhbXA7cT05MA==\" \/>\n<meta name=\"author\" content=\"inclusivenews2024\" \/>\n<meta name=\"twitter:card\" content=\"summary_large_image\" \/>\n<meta name=\"twitter:label1\" content=\"Escrito por\" \/>\n\t<meta name=\"twitter:data1\" content=\"inclusivenews2024\" \/>\n\t<meta name=\"twitter:label2\" content=\"Tempo estimado de leitura\" \/>\n\t<meta name=\"twitter:data2\" content=\"2 minutos\" \/>\n<script type=\"application\/ld+json\" class=\"yoast-schema-graph\">{\"@context\":\"https:\\\/\\\/schema.org\",\"@graph\":[{\"@type\":\"Article\",\"@id\":\"https:\\\/\\\/inclusivenews.com.br\\\/?p=16628#article\",\"isPartOf\":{\"@id\":\"https:\\\/\\\/inclusivenews.com.br\\\/?p=16628\"},\"author\":{\"name\":\"inclusivenews2024\",\"@id\":\"https:\\\/\\\/inclusivenews.com.br\\\/#\\\/schema\\\/person\\\/ae4ec7087559b8692fb33b6fffd2273b\"},\"headline\":\"Educa\u00e7\u00e3o inclusiva \u00e9 tema de semin\u00e1rio no Campus Cod\u00f3\",\"datePublished\":\"2010-07-22T08:49:52+00:00\",\"mainEntityOfPage\":{\"@id\":\"https:\\\/\\\/inclusivenews.com.br\\\/?p=16628\"},\"wordCount\":353,\"commentCount\":0,\"publisher\":{\"@id\":\"https:\\\/\\\/inclusivenews.com.br\\\/#organization\"},\"image\":{\"@id\":\"https:\\\/\\\/inclusivenews.com.br\\\/?p=16628#primaryimage\"},\"thumbnailUrl\":\"http:\\\/\\\/www.cefet-ma.br\\\/plugins\\\/content\\\/jumultithumb\\\/img.php?src=Li4vLi4vLi4vaW1hZ2VzL3N0b3JpZXMvQ29kL1NlbWlucmlvX0VkdWNhb19JbmNsdXNpdmFfMy5qcGcmYW1wO3c9MTYwJmFtcDtoPTE2MCZhbXA7cT05MA==\",\"articleSection\":[\"Cursos e eventos\",\"EDUCA\u00c7\u00c3O\",\"INCLUS\u00c3O SOCIAL\",\"NOT\u00cdCIAS\"],\"inLanguage\":\"pt-PT\",\"potentialAction\":[{\"@type\":\"CommentAction\",\"name\":\"Comment\",\"target\":[\"https:\\\/\\\/inclusivenews.com.br\\\/?p=16628#respond\"]}]},{\"@type\":\"WebPage\",\"@id\":\"https:\\\/\\\/inclusivenews.com.br\\\/?p=16628\",\"url\":\"https:\\\/\\\/inclusivenews.com.br\\\/?p=16628\",\"name\":\"Educa\u00e7\u00e3o inclusiva \u00e9 tema de semin\u00e1rio no Campus Cod\u00f3 -\",\"isPartOf\":{\"@id\":\"https:\\\/\\\/inclusivenews.com.br\\\/#website\"},\"primaryImageOfPage\":{\"@id\":\"https:\\\/\\\/inclusivenews.com.br\\\/?p=16628#primaryimage\"},\"image\":{\"@id\":\"https:\\\/\\\/inclusivenews.com.br\\\/?p=16628#primaryimage\"},\"thumbnailUrl\":\"http:\\\/\\\/www.cefet-ma.br\\\/plugins\\\/content\\\/jumultithumb\\\/img.php?src=Li4vLi4vLi4vaW1hZ2VzL3N0b3JpZXMvQ29kL1NlbWlucmlvX0VkdWNhb19JbmNsdXNpdmFfMy5qcGcmYW1wO3c9MTYwJmFtcDtoPTE2MCZhbXA7cT05MA==\",\"datePublished\":\"2010-07-22T08:49:52+00:00\",\"breadcrumb\":{\"@id\":\"https:\\\/\\\/inclusivenews.com.br\\\/?p=16628#breadcrumb\"},\"inLanguage\":\"pt-PT\",\"potentialAction\":[{\"@type\":\"ReadAction\",\"target\":[\"https:\\\/\\\/inclusivenews.com.br\\\/?p=16628\"]}]},{\"@type\":\"ImageObject\",\"inLanguage\":\"pt-PT\",\"@id\":\"https:\\\/\\\/inclusivenews.com.br\\\/?p=16628#primaryimage\",\"url\":\"http:\\\/\\\/www.cefet-ma.br\\\/plugins\\\/content\\\/jumultithumb\\\/img.php?src=Li4vLi4vLi4vaW1hZ2VzL3N0b3JpZXMvQ29kL1NlbWlucmlvX0VkdWNhb19JbmNsdXNpdmFfMy5qcGcmYW1wO3c9MTYwJmFtcDtoPTE2MCZhbXA7cT05MA==\",\"contentUrl\":\"http:\\\/\\\/www.cefet-ma.br\\\/plugins\\\/content\\\/jumultithumb\\\/img.php?src=Li4vLi4vLi4vaW1hZ2VzL3N0b3JpZXMvQ29kL1NlbWlucmlvX0VkdWNhb19JbmNsdXNpdmFfMy5qcGcmYW1wO3c9MTYwJmFtcDtoPTE2MCZhbXA7cT05MA==\"},{\"@type\":\"BreadcrumbList\",\"@id\":\"https:\\\/\\\/inclusivenews.com.br\\\/?p=16628#breadcrumb\",\"itemListElement\":[{\"@type\":\"ListItem\",\"position\":1,\"name\":\"In\u00edcio\",\"item\":\"https:\\\/\\\/inclusivenews.com.br\\\/\"},{\"@type\":\"ListItem\",\"position\":2,\"name\":\"Educa\u00e7\u00e3o inclusiva \u00e9 tema de semin\u00e1rio no Campus Cod\u00f3\"}]},{\"@type\":\"WebSite\",\"@id\":\"https:\\\/\\\/inclusivenews.com.br\\\/#website\",\"url\":\"https:\\\/\\\/inclusivenews.com.br\\\/\",\"name\":\"Inclusive News\",\"description\":\"Inclusive News\",\"publisher\":{\"@id\":\"https:\\\/\\\/inclusivenews.com.br\\\/#organization\"},\"potentialAction\":[{\"@type\":\"SearchAction\",\"target\":{\"@type\":\"EntryPoint\",\"urlTemplate\":\"https:\\\/\\\/inclusivenews.com.br\\\/?s={search_term_string}\"},\"query-input\":{\"@type\":\"PropertyValueSpecification\",\"valueRequired\":true,\"valueName\":\"search_term_string\"}}],\"inLanguage\":\"pt-PT\"},{\"@type\":\"Organization\",\"@id\":\"https:\\\/\\\/inclusivenews.com.br\\\/#organization\",\"name\":\"Inclusive - inclus\u00e3o e cidadania\",\"url\":\"https:\\\/\\\/inclusivenews.com.br\\\/\",\"logo\":{\"@type\":\"ImageObject\",\"inLanguage\":\"pt-PT\",\"@id\":\"https:\\\/\\\/inclusivenews.com.br\\\/#\\\/schema\\\/logo\\\/image\\\/\",\"url\":\"https:\\\/\\\/inclusivenews.com.br\\\/wp-content\\\/uploads\\\/2024\\\/03\\\/@grandesite.png\",\"contentUrl\":\"https:\\\/\\\/inclusivenews.com.br\\\/wp-content\\\/uploads\\\/2024\\\/03\\\/@grandesite.png\",\"width\":1080,\"height\":1080,\"caption\":\"Inclusive - inclus\u00e3o e cidadania\"},\"image\":{\"@id\":\"https:\\\/\\\/inclusivenews.com.br\\\/#\\\/schema\\\/logo\\\/image\\\/\"},\"sameAs\":[\"https:\\\/\\\/www.facebook.com\\\/agenciainclusive\\\/\",\"https:\\\/\\\/www.instagram.com\\\/newsinclusive\\\/\"]},{\"@type\":\"Person\",\"@id\":\"https:\\\/\\\/inclusivenews.com.br\\\/#\\\/schema\\\/person\\\/ae4ec7087559b8692fb33b6fffd2273b\",\"name\":\"inclusivenews2024\",\"image\":{\"@type\":\"ImageObject\",\"inLanguage\":\"pt-PT\",\"@id\":\"https:\\\/\\\/secure.gravatar.com\\\/avatar\\\/c5a7ef84c66fa914f55bc4f7ce26cfa275a3b9a1c5568b907bd184fb4dde7b40?s=96&d=mm&r=g\",\"url\":\"https:\\\/\\\/secure.gravatar.com\\\/avatar\\\/c5a7ef84c66fa914f55bc4f7ce26cfa275a3b9a1c5568b907bd184fb4dde7b40?s=96&d=mm&r=g\",\"contentUrl\":\"https:\\\/\\\/secure.gravatar.com\\\/avatar\\\/c5a7ef84c66fa914f55bc4f7ce26cfa275a3b9a1c5568b907bd184fb4dde7b40?s=96&d=mm&r=g\",\"caption\":\"inclusivenews2024\"},\"sameAs\":[\"https:\\\/\\\/inclusivenews.com.br\"],\"url\":\"https:\\\/\\\/inclusivenews.com.br\\\/?author=1\"}]}<\/script>\n<!-- \/ Yoast SEO plugin. -->","yoast_head_json":{"title":"Educa\u00e7\u00e3o inclusiva \u00e9 tema de semin\u00e1rio no Campus Cod\u00f3 -","robots":{"index":"index","follow":"follow","max-snippet":"max-snippet:-1","max-image-preview":"max-image-preview:large","max-video-preview":"max-video-preview:-1"},"canonical":"https:\/\/inclusivenews.com.br\/?p=16628","og_locale":"pt_PT","og_type":"article","og_title":"Educa\u00e7\u00e3o inclusiva \u00e9 tema de semin\u00e1rio no Campus Cod\u00f3 -","og_description":"Inclus\u00e3o afetiva, g\u00eanero e educa\u00e7\u00e3o de jovens e adultos s\u00e3o alguns dos temas abordados no \u201cPrimeiro Semin\u00e1rio de Educa\u00e7\u00e3o Inclusiva\u201d, que come\u00e7ou ontem (19) e vai at\u00e9 s\u00e1bado (24). O evento \u00e9 a culmin\u00e2ncia da disciplina Filosofia da Educa\u00e7\u00e3o, ministrada nos cursos superiores pelo professor Dastur Costa. A cada dia um palestrante aborda um aspecto [&hellip;]","og_url":"https:\/\/inclusivenews.com.br\/?p=16628","article_publisher":"https:\/\/www.facebook.com\/agenciainclusive\/","article_published_time":"2010-07-22T08:49:52+00:00","og_image":[{"url":"http:\/\/www.cefet-ma.br\/plugins\/content\/jumultithumb\/img.php?src=Li4vLi4vLi4vaW1hZ2VzL3N0b3JpZXMvQ29kL1NlbWlucmlvX0VkdWNhb19JbmNsdXNpdmFfMy5qcGcmYW1wO3c9MTYwJmFtcDtoPTE2MCZhbXA7cT05MA==","type":"","width":"","height":""}],"author":"inclusivenews2024","twitter_card":"summary_large_image","twitter_misc":{"Escrito por":"inclusivenews2024","Tempo estimado de leitura":"2 minutos"},"schema":{"@context":"https:\/\/schema.org","@graph":[{"@type":"Article","@id":"https:\/\/inclusivenews.com.br\/?p=16628#article","isPartOf":{"@id":"https:\/\/inclusivenews.com.br\/?p=16628"},"author":{"name":"inclusivenews2024","@id":"https:\/\/inclusivenews.com.br\/#\/schema\/person\/ae4ec7087559b8692fb33b6fffd2273b"},"headline":"Educa\u00e7\u00e3o inclusiva \u00e9 tema de semin\u00e1rio no Campus Cod\u00f3","datePublished":"2010-07-22T08:49:52+00:00","mainEntityOfPage":{"@id":"https:\/\/inclusivenews.com.br\/?p=16628"},"wordCount":353,"commentCount":0,"publisher":{"@id":"https:\/\/inclusivenews.com.br\/#organization"},"image":{"@id":"https:\/\/inclusivenews.com.br\/?p=16628#primaryimage"},"thumbnailUrl":"http:\/\/www.cefet-ma.br\/plugins\/content\/jumultithumb\/img.php?src=Li4vLi4vLi4vaW1hZ2VzL3N0b3JpZXMvQ29kL1NlbWlucmlvX0VkdWNhb19JbmNsdXNpdmFfMy5qcGcmYW1wO3c9MTYwJmFtcDtoPTE2MCZhbXA7cT05MA==","articleSection":["Cursos e eventos","EDUCA\u00c7\u00c3O","INCLUS\u00c3O SOCIAL","NOT\u00cdCIAS"],"inLanguage":"pt-PT","potentialAction":[{"@type":"CommentAction","name":"Comment","target":["https:\/\/inclusivenews.com.br\/?p=16628#respond"]}]},{"@type":"WebPage","@id":"https:\/\/inclusivenews.com.br\/?p=16628","url":"https:\/\/inclusivenews.com.br\/?p=16628","name":"Educa\u00e7\u00e3o inclusiva \u00e9 tema de semin\u00e1rio no Campus Cod\u00f3 -","isPartOf":{"@id":"https:\/\/inclusivenews.com.br\/#website"},"primaryImageOfPage":{"@id":"https:\/\/inclusivenews.com.br\/?p=16628#primaryimage"},"image":{"@id":"https:\/\/inclusivenews.com.br\/?p=16628#primaryimage"},"thumbnailUrl":"http:\/\/www.cefet-ma.br\/plugins\/content\/jumultithumb\/img.php?src=Li4vLi4vLi4vaW1hZ2VzL3N0b3JpZXMvQ29kL1NlbWlucmlvX0VkdWNhb19JbmNsdXNpdmFfMy5qcGcmYW1wO3c9MTYwJmFtcDtoPTE2MCZhbXA7cT05MA==","datePublished":"2010-07-22T08:49:52+00:00","breadcrumb":{"@id":"https:\/\/inclusivenews.com.br\/?p=16628#breadcrumb"},"inLanguage":"pt-PT","potentialAction":[{"@type":"ReadAction","target":["https:\/\/inclusivenews.com.br\/?p=16628"]}]},{"@type":"ImageObject","inLanguage":"pt-PT","@id":"https:\/\/inclusivenews.com.br\/?p=16628#primaryimage","url":"http:\/\/www.cefet-ma.br\/plugins\/content\/jumultithumb\/img.php?src=Li4vLi4vLi4vaW1hZ2VzL3N0b3JpZXMvQ29kL1NlbWlucmlvX0VkdWNhb19JbmNsdXNpdmFfMy5qcGcmYW1wO3c9MTYwJmFtcDtoPTE2MCZhbXA7cT05MA==","contentUrl":"http:\/\/www.cefet-ma.br\/plugins\/content\/jumultithumb\/img.php?src=Li4vLi4vLi4vaW1hZ2VzL3N0b3JpZXMvQ29kL1NlbWlucmlvX0VkdWNhb19JbmNsdXNpdmFfMy5qcGcmYW1wO3c9MTYwJmFtcDtoPTE2MCZhbXA7cT05MA=="},{"@type":"BreadcrumbList","@id":"https:\/\/inclusivenews.com.br\/?p=16628#breadcrumb","itemListElement":[{"@type":"ListItem","position":1,"name":"In\u00edcio","item":"https:\/\/inclusivenews.com.br\/"},{"@type":"ListItem","position":2,"name":"Educa\u00e7\u00e3o inclusiva \u00e9 tema de semin\u00e1rio no Campus Cod\u00f3"}]},{"@type":"WebSite","@id":"https:\/\/inclusivenews.com.br\/#website","url":"https:\/\/inclusivenews.com.br\/","name":"Inclusive News","description":"Inclusive News","publisher":{"@id":"https:\/\/inclusivenews.com.br\/#organization"},"potentialAction":[{"@type":"SearchAction","target":{"@type":"EntryPoint","urlTemplate":"https:\/\/inclusivenews.com.br\/?s={search_term_string}"},"query-input":{"@type":"PropertyValueSpecification","valueRequired":true,"valueName":"search_term_string"}}],"inLanguage":"pt-PT"},{"@type":"Organization","@id":"https:\/\/inclusivenews.com.br\/#organization","name":"Inclusive - inclus\u00e3o e cidadania","url":"https:\/\/inclusivenews.com.br\/","logo":{"@type":"ImageObject","inLanguage":"pt-PT","@id":"https:\/\/inclusivenews.com.br\/#\/schema\/logo\/image\/","url":"https:\/\/inclusivenews.com.br\/wp-content\/uploads\/2024\/03\/@grandesite.png","contentUrl":"https:\/\/inclusivenews.com.br\/wp-content\/uploads\/2024\/03\/@grandesite.png","width":1080,"height":1080,"caption":"Inclusive - inclus\u00e3o e cidadania"},"image":{"@id":"https:\/\/inclusivenews.com.br\/#\/schema\/logo\/image\/"},"sameAs":["https:\/\/www.facebook.com\/agenciainclusive\/","https:\/\/www.instagram.com\/newsinclusive\/"]},{"@type":"Person","@id":"https:\/\/inclusivenews.com.br\/#\/schema\/person\/ae4ec7087559b8692fb33b6fffd2273b","name":"inclusivenews2024","image":{"@type":"ImageObject","inLanguage":"pt-PT","@id":"https:\/\/secure.gravatar.com\/avatar\/c5a7ef84c66fa914f55bc4f7ce26cfa275a3b9a1c5568b907bd184fb4dde7b40?s=96&d=mm&r=g","url":"https:\/\/secure.gravatar.com\/avatar\/c5a7ef84c66fa914f55bc4f7ce26cfa275a3b9a1c5568b907bd184fb4dde7b40?s=96&d=mm&r=g","contentUrl":"https:\/\/secure.gravatar.com\/avatar\/c5a7ef84c66fa914f55bc4f7ce26cfa275a3b9a1c5568b907bd184fb4dde7b40?s=96&d=mm&r=g","caption":"inclusivenews2024"},"sameAs":["https:\/\/inclusivenews.com.br"],"url":"https:\/\/inclusivenews.com.br\/?author=1"}]}},"_links":{"self":[{"href":"https:\/\/inclusivenews.com.br\/index.php?rest_route=\/wp\/v2\/posts\/16628","targetHints":{"allow":["GET"]}}],"collection":[{"href":"https:\/\/inclusivenews.com.br\/index.php?rest_route=\/wp\/v2\/posts"}],"about":[{"href":"https:\/\/inclusivenews.com.br\/index.php?rest_route=\/wp\/v2\/types\/post"}],"author":[{"embeddable":true,"href":"https:\/\/inclusivenews.com.br\/index.php?rest_route=\/wp\/v2\/users\/1"}],"replies":[{"embeddable":true,"href":"https:\/\/inclusivenews.com.br\/index.php?rest_route=%2Fwp%2Fv2%2Fcomments&post=16628"}],"version-history":[{"count":0,"href":"https:\/\/inclusivenews.com.br\/index.php?rest_route=\/wp\/v2\/posts\/16628\/revisions"}],"wp:attachment":[{"href":"https:\/\/inclusivenews.com.br\/index.php?rest_route=%2Fwp%2Fv2%2Fmedia&parent=16628"}],"wp:term":[{"taxonomy":"category","embeddable":true,"href":"https:\/\/inclusivenews.com.br\/index.php?rest_route=%2Fwp%2Fv2%2Fcategories&post=16628"},{"taxonomy":"post_tag","embeddable":true,"href":"https:\/\/inclusivenews.com.br\/index.php?rest_route=%2Fwp%2Fv2%2Ftags&post=16628"}],"curies":[{"name":"wp","href":"https:\/\/api.w.org\/{rel}","templated":true}]}}