{"id":16631,"date":"2010-07-22T05:55:29","date_gmt":"2010-07-22T08:55:29","guid":{"rendered":"http:\/\/www.inclusive.org.br\/?p=16631"},"modified":"2010-07-22T05:55:29","modified_gmt":"2010-07-22T08:55:29","slug":"arquitetura-da-inclusao","status":"publish","type":"post","link":"https:\/\/inclusivenews.com.br\/?p=16631","title":{"rendered":"Arquitetura da inclus\u00e3o"},"content":{"rendered":"<figure style=\"width: 215px\" class=\"wp-caption alignleft\"><img loading=\"lazy\" decoding=\"async\" title=\"Imagem de planta baixa e marquete\" src=\"http:\/\/www.daterraimoveis.com.br\/sanraphael\/img\/arquitetura.jpg\" alt=\"\" width=\"215\" height=\"200\" \/><figcaption class=\"wp-caption-text\"> <\/figcaption><\/figure>\n<p><strong>Por Marco Antonio Pellegrini *<\/strong><\/p>\n<p>A moradia \u00e9 o primeiro espa\u00e7o de um indiv\u00edduo dentro da sociedade e deve, idealmente, ser um lugar digno no qual a pessoa esteja devidamente inclu\u00edda e possa exercer todas as suas funcionalidades plenamente. Uma moradia digna contempla as necessidades do ser humano em todas as etapas e circunst\u00e2ncias da vida.<\/p>\n<p>Para as pessoas com defici\u00eancia, a forma mais eficiente de garantir a maior autonomia poss\u00edvel \u00e9 a ado\u00e7\u00e3o do conceito de Desenho Universal na arquitetura e no desenvolvimento de produtos. Sua aplica\u00e7\u00e3o na habita\u00e7\u00e3o \u00e9 uma demonstra\u00e7\u00e3o de respeito aos direitos humanos.<\/p>\n<p>O Desenho Universal \u00e9 um conceito surgido nos anos 1990 que prev\u00ea crit\u00e9rios para que edifica\u00e7\u00f5es, ambientes internos, urbanos e produtos atendam o maior n\u00famero de usu\u00e1rios. Baseia-se em 7 pontos: o uso de produtos e espa\u00e7os deve ser equitativo; flex\u00edvel; simples e intuitivo; deve conter informa\u00e7\u00e3o de f\u00e1cil percep\u00e7\u00e3o; deve ter toler\u00e2ncia ao erro; exigir esfor\u00e7o f\u00edsico m\u00ednimo; e ter dimensionamento de espa\u00e7os para acesso e uso abrangente.<\/p>\n<p>Na \u00e1rea da habita\u00e7\u00e3o de interesse social no Estado de S\u00e3o Paulo, a Secretaria de Estado dos Direitos da Pessoa com Defici\u00eancia e a Secretaria da Habita\u00e7\u00e3o assinaram um Decreto em 2008 garantindo que todos os im\u00f3veis constru\u00eddos pela CDHU adotem o Desenho Universal.<\/p>\n<p>Entre as mudan\u00e7as implantadas, est\u00e3o portas e corredores com 90 cm de largura, espa\u00e7os para manobra de cadeira de rodas, interruptores em altura adequada, pisos antiderrapantes e com diferen\u00e7a de textura.<\/p>\n<p>\u00c9 importante ressaltar que o Desenho Universal n\u00e3o deve ser aplicado apenas no espa\u00e7o habitacional, mas tamb\u00e9m no seu entorno, nas ruas e cal\u00e7adas e no ambiente de trabalho. \u00c9 desta forma que se garante que a pessoa com defici\u00eancia circule em sua casa,  visite seus vizinhos, compartilhe os espa\u00e7os, trabalhe. A inclus\u00e3o deve ser pensada de forma ampla. Universal.<\/p>\n<p>* tetrapl\u00e9gico, \u00e9 secret\u00e1rio-adjunto da Secretaria de Estado dos Direitos da Pessoa com Defici\u00eancia<\/p>\n<p>_____________<\/p>\n<p><strong>Fonte:<\/strong> O Autor<\/p>\n","protected":false},"excerpt":{"rendered":"<p>Por Marco Antonio Pellegrini. &#8220;Para as pessoas com defici\u00eancia, a forma mais eficiente de garantir a maior autonomia poss\u00edvel \u00e9 a ado\u00e7\u00e3o do conceito de Desenho Universal na arquitetura e no desenvolvimento de produtos. Sua aplica\u00e7\u00e3o na habita\u00e7\u00e3o \u00e9 uma demonstra\u00e7\u00e3o de respeito aos direitos humanos.&#8221;<\/p>\n","protected":false},"author":1,"featured_media":0,"comment_status":"open","ping_status":"open","sticky":false,"template":"","format":"standard","meta":{"site-container-style":"default","site-container-layout":"default","site-sidebar-layout":"default","disable-article-header":"default","disable-site-header":"default","disable-site-footer":"default","disable-content-area-spacing":"default","footnotes":""},"categories":[36,38,48,8],"tags":[],"class_list":["post-16631","post","type-post","status-publish","format-standard","hentry","category-colunas-especiais","category-deficiencia","category-inclusao","category-textos-e-artigos"],"yoast_head":"<!-- This site is optimized with the Yoast SEO plugin v27.4 - https:\/\/yoast.com\/product\/yoast-seo-wordpress\/ -->\n<title>Arquitetura da inclus\u00e3o -<\/title>\n<meta name=\"robots\" content=\"index, follow, max-snippet:-1, max-image-preview:large, max-video-preview:-1\" \/>\n<link rel=\"canonical\" href=\"https:\/\/inclusivenews.com.br\/?p=16631\" \/>\n<meta property=\"og:locale\" content=\"pt_PT\" \/>\n<meta property=\"og:type\" content=\"article\" \/>\n<meta property=\"og:title\" content=\"Arquitetura da inclus\u00e3o -\" \/>\n<meta property=\"og:description\" content=\"Por Marco Antonio Pellegrini. &quot;Para as pessoas com defici\u00eancia, a forma mais eficiente de garantir a maior autonomia poss\u00edvel \u00e9 a ado\u00e7\u00e3o do conceito de Desenho Universal na arquitetura e no desenvolvimento de produtos. Sua aplica\u00e7\u00e3o na habita\u00e7\u00e3o \u00e9 uma demonstra\u00e7\u00e3o de respeito aos direitos humanos.&quot;\" \/>\n<meta property=\"og:url\" content=\"https:\/\/inclusivenews.com.br\/?p=16631\" \/>\n<meta property=\"article:publisher\" content=\"https:\/\/www.facebook.com\/agenciainclusive\/\" \/>\n<meta property=\"article:published_time\" content=\"2010-07-22T08:55:29+00:00\" \/>\n<meta property=\"og:image\" content=\"http:\/\/www.daterraimoveis.com.br\/sanraphael\/img\/arquitetura.jpg\" \/>\n<meta name=\"author\" content=\"inclusivenews2024\" \/>\n<meta name=\"twitter:card\" content=\"summary_large_image\" \/>\n<meta name=\"twitter:label1\" content=\"Escrito por\" \/>\n\t<meta name=\"twitter:data1\" content=\"inclusivenews2024\" \/>\n\t<meta name=\"twitter:label2\" content=\"Tempo estimado de leitura\" \/>\n\t<meta name=\"twitter:data2\" content=\"2 minutos\" \/>\n<script type=\"application\/ld+json\" class=\"yoast-schema-graph\">{\"@context\":\"https:\\\/\\\/schema.org\",\"@graph\":[{\"@type\":\"Article\",\"@id\":\"https:\\\/\\\/inclusivenews.com.br\\\/?p=16631#article\",\"isPartOf\":{\"@id\":\"https:\\\/\\\/inclusivenews.com.br\\\/?p=16631\"},\"author\":{\"name\":\"inclusivenews2024\",\"@id\":\"https:\\\/\\\/inclusivenews.com.br\\\/#\\\/schema\\\/person\\\/ae4ec7087559b8692fb33b6fffd2273b\"},\"headline\":\"Arquitetura da inclus\u00e3o\",\"datePublished\":\"2010-07-22T08:55:29+00:00\",\"mainEntityOfPage\":{\"@id\":\"https:\\\/\\\/inclusivenews.com.br\\\/?p=16631\"},\"wordCount\":361,\"commentCount\":0,\"publisher\":{\"@id\":\"https:\\\/\\\/inclusivenews.com.br\\\/#organization\"},\"image\":{\"@id\":\"https:\\\/\\\/inclusivenews.com.br\\\/?p=16631#primaryimage\"},\"thumbnailUrl\":\"http:\\\/\\\/www.daterraimoveis.com.br\\\/sanraphael\\\/img\\\/arquitetura.jpg\",\"articleSection\":[\"Colunas especiais\",\"Defici\u00eancia\",\"INCLUS\u00c3O SOCIAL\",\"OPINI\u00c3O\"],\"inLanguage\":\"pt-PT\",\"potentialAction\":[{\"@type\":\"CommentAction\",\"name\":\"Comment\",\"target\":[\"https:\\\/\\\/inclusivenews.com.br\\\/?p=16631#respond\"]}]},{\"@type\":\"WebPage\",\"@id\":\"https:\\\/\\\/inclusivenews.com.br\\\/?p=16631\",\"url\":\"https:\\\/\\\/inclusivenews.com.br\\\/?p=16631\",\"name\":\"Arquitetura da inclus\u00e3o -\",\"isPartOf\":{\"@id\":\"https:\\\/\\\/inclusivenews.com.br\\\/#website\"},\"primaryImageOfPage\":{\"@id\":\"https:\\\/\\\/inclusivenews.com.br\\\/?p=16631#primaryimage\"},\"image\":{\"@id\":\"https:\\\/\\\/inclusivenews.com.br\\\/?p=16631#primaryimage\"},\"thumbnailUrl\":\"http:\\\/\\\/www.daterraimoveis.com.br\\\/sanraphael\\\/img\\\/arquitetura.jpg\",\"datePublished\":\"2010-07-22T08:55:29+00:00\",\"breadcrumb\":{\"@id\":\"https:\\\/\\\/inclusivenews.com.br\\\/?p=16631#breadcrumb\"},\"inLanguage\":\"pt-PT\",\"potentialAction\":[{\"@type\":\"ReadAction\",\"target\":[\"https:\\\/\\\/inclusivenews.com.br\\\/?p=16631\"]}]},{\"@type\":\"ImageObject\",\"inLanguage\":\"pt-PT\",\"@id\":\"https:\\\/\\\/inclusivenews.com.br\\\/?p=16631#primaryimage\",\"url\":\"http:\\\/\\\/www.daterraimoveis.com.br\\\/sanraphael\\\/img\\\/arquitetura.jpg\",\"contentUrl\":\"http:\\\/\\\/www.daterraimoveis.com.br\\\/sanraphael\\\/img\\\/arquitetura.jpg\"},{\"@type\":\"BreadcrumbList\",\"@id\":\"https:\\\/\\\/inclusivenews.com.br\\\/?p=16631#breadcrumb\",\"itemListElement\":[{\"@type\":\"ListItem\",\"position\":1,\"name\":\"In\u00edcio\",\"item\":\"https:\\\/\\\/inclusivenews.com.br\\\/\"},{\"@type\":\"ListItem\",\"position\":2,\"name\":\"Arquitetura da inclus\u00e3o\"}]},{\"@type\":\"WebSite\",\"@id\":\"https:\\\/\\\/inclusivenews.com.br\\\/#website\",\"url\":\"https:\\\/\\\/inclusivenews.com.br\\\/\",\"name\":\"Inclusive News\",\"description\":\"Inclusive News\",\"publisher\":{\"@id\":\"https:\\\/\\\/inclusivenews.com.br\\\/#organization\"},\"potentialAction\":[{\"@type\":\"SearchAction\",\"target\":{\"@type\":\"EntryPoint\",\"urlTemplate\":\"https:\\\/\\\/inclusivenews.com.br\\\/?s={search_term_string}\"},\"query-input\":{\"@type\":\"PropertyValueSpecification\",\"valueRequired\":true,\"valueName\":\"search_term_string\"}}],\"inLanguage\":\"pt-PT\"},{\"@type\":\"Organization\",\"@id\":\"https:\\\/\\\/inclusivenews.com.br\\\/#organization\",\"name\":\"Inclusive - inclus\u00e3o e cidadania\",\"url\":\"https:\\\/\\\/inclusivenews.com.br\\\/\",\"logo\":{\"@type\":\"ImageObject\",\"inLanguage\":\"pt-PT\",\"@id\":\"https:\\\/\\\/inclusivenews.com.br\\\/#\\\/schema\\\/logo\\\/image\\\/\",\"url\":\"https:\\\/\\\/inclusivenews.com.br\\\/wp-content\\\/uploads\\\/2024\\\/03\\\/@grandesite.png\",\"contentUrl\":\"https:\\\/\\\/inclusivenews.com.br\\\/wp-content\\\/uploads\\\/2024\\\/03\\\/@grandesite.png\",\"width\":1080,\"height\":1080,\"caption\":\"Inclusive - inclus\u00e3o e cidadania\"},\"image\":{\"@id\":\"https:\\\/\\\/inclusivenews.com.br\\\/#\\\/schema\\\/logo\\\/image\\\/\"},\"sameAs\":[\"https:\\\/\\\/www.facebook.com\\\/agenciainclusive\\\/\",\"https:\\\/\\\/www.instagram.com\\\/newsinclusive\\\/\"]},{\"@type\":\"Person\",\"@id\":\"https:\\\/\\\/inclusivenews.com.br\\\/#\\\/schema\\\/person\\\/ae4ec7087559b8692fb33b6fffd2273b\",\"name\":\"inclusivenews2024\",\"image\":{\"@type\":\"ImageObject\",\"inLanguage\":\"pt-PT\",\"@id\":\"https:\\\/\\\/secure.gravatar.com\\\/avatar\\\/c5a7ef84c66fa914f55bc4f7ce26cfa275a3b9a1c5568b907bd184fb4dde7b40?s=96&d=mm&r=g\",\"url\":\"https:\\\/\\\/secure.gravatar.com\\\/avatar\\\/c5a7ef84c66fa914f55bc4f7ce26cfa275a3b9a1c5568b907bd184fb4dde7b40?s=96&d=mm&r=g\",\"contentUrl\":\"https:\\\/\\\/secure.gravatar.com\\\/avatar\\\/c5a7ef84c66fa914f55bc4f7ce26cfa275a3b9a1c5568b907bd184fb4dde7b40?s=96&d=mm&r=g\",\"caption\":\"inclusivenews2024\"},\"sameAs\":[\"https:\\\/\\\/inclusivenews.com.br\"],\"url\":\"https:\\\/\\\/inclusivenews.com.br\\\/?author=1\"}]}<\/script>\n<!-- \/ Yoast SEO plugin. -->","yoast_head_json":{"title":"Arquitetura da inclus\u00e3o -","robots":{"index":"index","follow":"follow","max-snippet":"max-snippet:-1","max-image-preview":"max-image-preview:large","max-video-preview":"max-video-preview:-1"},"canonical":"https:\/\/inclusivenews.com.br\/?p=16631","og_locale":"pt_PT","og_type":"article","og_title":"Arquitetura da inclus\u00e3o -","og_description":"Por Marco Antonio Pellegrini. \"Para as pessoas com defici\u00eancia, a forma mais eficiente de garantir a maior autonomia poss\u00edvel \u00e9 a ado\u00e7\u00e3o do conceito de Desenho Universal na arquitetura e no desenvolvimento de produtos. Sua aplica\u00e7\u00e3o na habita\u00e7\u00e3o \u00e9 uma demonstra\u00e7\u00e3o de respeito aos direitos humanos.\"","og_url":"https:\/\/inclusivenews.com.br\/?p=16631","article_publisher":"https:\/\/www.facebook.com\/agenciainclusive\/","article_published_time":"2010-07-22T08:55:29+00:00","og_image":[{"url":"http:\/\/www.daterraimoveis.com.br\/sanraphael\/img\/arquitetura.jpg","type":"","width":"","height":""}],"author":"inclusivenews2024","twitter_card":"summary_large_image","twitter_misc":{"Escrito por":"inclusivenews2024","Tempo estimado de leitura":"2 minutos"},"schema":{"@context":"https:\/\/schema.org","@graph":[{"@type":"Article","@id":"https:\/\/inclusivenews.com.br\/?p=16631#article","isPartOf":{"@id":"https:\/\/inclusivenews.com.br\/?p=16631"},"author":{"name":"inclusivenews2024","@id":"https:\/\/inclusivenews.com.br\/#\/schema\/person\/ae4ec7087559b8692fb33b6fffd2273b"},"headline":"Arquitetura da inclus\u00e3o","datePublished":"2010-07-22T08:55:29+00:00","mainEntityOfPage":{"@id":"https:\/\/inclusivenews.com.br\/?p=16631"},"wordCount":361,"commentCount":0,"publisher":{"@id":"https:\/\/inclusivenews.com.br\/#organization"},"image":{"@id":"https:\/\/inclusivenews.com.br\/?p=16631#primaryimage"},"thumbnailUrl":"http:\/\/www.daterraimoveis.com.br\/sanraphael\/img\/arquitetura.jpg","articleSection":["Colunas especiais","Defici\u00eancia","INCLUS\u00c3O SOCIAL","OPINI\u00c3O"],"inLanguage":"pt-PT","potentialAction":[{"@type":"CommentAction","name":"Comment","target":["https:\/\/inclusivenews.com.br\/?p=16631#respond"]}]},{"@type":"WebPage","@id":"https:\/\/inclusivenews.com.br\/?p=16631","url":"https:\/\/inclusivenews.com.br\/?p=16631","name":"Arquitetura da inclus\u00e3o -","isPartOf":{"@id":"https:\/\/inclusivenews.com.br\/#website"},"primaryImageOfPage":{"@id":"https:\/\/inclusivenews.com.br\/?p=16631#primaryimage"},"image":{"@id":"https:\/\/inclusivenews.com.br\/?p=16631#primaryimage"},"thumbnailUrl":"http:\/\/www.daterraimoveis.com.br\/sanraphael\/img\/arquitetura.jpg","datePublished":"2010-07-22T08:55:29+00:00","breadcrumb":{"@id":"https:\/\/inclusivenews.com.br\/?p=16631#breadcrumb"},"inLanguage":"pt-PT","potentialAction":[{"@type":"ReadAction","target":["https:\/\/inclusivenews.com.br\/?p=16631"]}]},{"@type":"ImageObject","inLanguage":"pt-PT","@id":"https:\/\/inclusivenews.com.br\/?p=16631#primaryimage","url":"http:\/\/www.daterraimoveis.com.br\/sanraphael\/img\/arquitetura.jpg","contentUrl":"http:\/\/www.daterraimoveis.com.br\/sanraphael\/img\/arquitetura.jpg"},{"@type":"BreadcrumbList","@id":"https:\/\/inclusivenews.com.br\/?p=16631#breadcrumb","itemListElement":[{"@type":"ListItem","position":1,"name":"In\u00edcio","item":"https:\/\/inclusivenews.com.br\/"},{"@type":"ListItem","position":2,"name":"Arquitetura da inclus\u00e3o"}]},{"@type":"WebSite","@id":"https:\/\/inclusivenews.com.br\/#website","url":"https:\/\/inclusivenews.com.br\/","name":"Inclusive News","description":"Inclusive News","publisher":{"@id":"https:\/\/inclusivenews.com.br\/#organization"},"potentialAction":[{"@type":"SearchAction","target":{"@type":"EntryPoint","urlTemplate":"https:\/\/inclusivenews.com.br\/?s={search_term_string}"},"query-input":{"@type":"PropertyValueSpecification","valueRequired":true,"valueName":"search_term_string"}}],"inLanguage":"pt-PT"},{"@type":"Organization","@id":"https:\/\/inclusivenews.com.br\/#organization","name":"Inclusive - inclus\u00e3o e cidadania","url":"https:\/\/inclusivenews.com.br\/","logo":{"@type":"ImageObject","inLanguage":"pt-PT","@id":"https:\/\/inclusivenews.com.br\/#\/schema\/logo\/image\/","url":"https:\/\/inclusivenews.com.br\/wp-content\/uploads\/2024\/03\/@grandesite.png","contentUrl":"https:\/\/inclusivenews.com.br\/wp-content\/uploads\/2024\/03\/@grandesite.png","width":1080,"height":1080,"caption":"Inclusive - inclus\u00e3o e cidadania"},"image":{"@id":"https:\/\/inclusivenews.com.br\/#\/schema\/logo\/image\/"},"sameAs":["https:\/\/www.facebook.com\/agenciainclusive\/","https:\/\/www.instagram.com\/newsinclusive\/"]},{"@type":"Person","@id":"https:\/\/inclusivenews.com.br\/#\/schema\/person\/ae4ec7087559b8692fb33b6fffd2273b","name":"inclusivenews2024","image":{"@type":"ImageObject","inLanguage":"pt-PT","@id":"https:\/\/secure.gravatar.com\/avatar\/c5a7ef84c66fa914f55bc4f7ce26cfa275a3b9a1c5568b907bd184fb4dde7b40?s=96&d=mm&r=g","url":"https:\/\/secure.gravatar.com\/avatar\/c5a7ef84c66fa914f55bc4f7ce26cfa275a3b9a1c5568b907bd184fb4dde7b40?s=96&d=mm&r=g","contentUrl":"https:\/\/secure.gravatar.com\/avatar\/c5a7ef84c66fa914f55bc4f7ce26cfa275a3b9a1c5568b907bd184fb4dde7b40?s=96&d=mm&r=g","caption":"inclusivenews2024"},"sameAs":["https:\/\/inclusivenews.com.br"],"url":"https:\/\/inclusivenews.com.br\/?author=1"}]}},"_links":{"self":[{"href":"https:\/\/inclusivenews.com.br\/index.php?rest_route=\/wp\/v2\/posts\/16631","targetHints":{"allow":["GET"]}}],"collection":[{"href":"https:\/\/inclusivenews.com.br\/index.php?rest_route=\/wp\/v2\/posts"}],"about":[{"href":"https:\/\/inclusivenews.com.br\/index.php?rest_route=\/wp\/v2\/types\/post"}],"author":[{"embeddable":true,"href":"https:\/\/inclusivenews.com.br\/index.php?rest_route=\/wp\/v2\/users\/1"}],"replies":[{"embeddable":true,"href":"https:\/\/inclusivenews.com.br\/index.php?rest_route=%2Fwp%2Fv2%2Fcomments&post=16631"}],"version-history":[{"count":0,"href":"https:\/\/inclusivenews.com.br\/index.php?rest_route=\/wp\/v2\/posts\/16631\/revisions"}],"wp:attachment":[{"href":"https:\/\/inclusivenews.com.br\/index.php?rest_route=%2Fwp%2Fv2%2Fmedia&parent=16631"}],"wp:term":[{"taxonomy":"category","embeddable":true,"href":"https:\/\/inclusivenews.com.br\/index.php?rest_route=%2Fwp%2Fv2%2Fcategories&post=16631"},{"taxonomy":"post_tag","embeddable":true,"href":"https:\/\/inclusivenews.com.br\/index.php?rest_route=%2Fwp%2Fv2%2Ftags&post=16631"}],"curies":[{"name":"wp","href":"https:\/\/api.w.org\/{rel}","templated":true}]}}