{"id":16633,"date":"2010-07-23T05:59:11","date_gmt":"2010-07-23T08:59:11","guid":{"rendered":"http:\/\/www.inclusive.org.br\/?p=16633"},"modified":"2010-07-23T05:59:11","modified_gmt":"2010-07-23T08:59:11","slug":"caminhos-de-inclusao-aos-atendimentos-psicologicos","status":"publish","type":"post","link":"https:\/\/inclusivenews.com.br\/?p=16633","title":{"rendered":"Caminhos de inclus\u00e3o aos atendimentos psicol\u00f3gicos"},"content":{"rendered":"<figure style=\"width: 173px\" class=\"wp-caption alignleft\"><img loading=\"lazy\" decoding=\"async\" title=\"Duas pessoas trocando informa\u00e7\u00f5es escritas\" src=\"http:\/\/images03.olx.pt\/ui\/3\/38\/60\/61643860_1-Explicacoes-de-Filosofia-e-Psicologia-10-12-anos-.jpg\" alt=\"\" width=\"173\" height=\"227\" \/><figcaption class=\"wp-caption-text\"> <\/figcaption><\/figure>\n<p><strong>Por Em\u00edlio Figueira<\/strong><\/p>\n<p>Que a internet causou uma revolu\u00e7\u00e3o mundial \u00e9 um fato que todos j\u00e1 sabem. Principalmente para n\u00f3s, pessoas com defici\u00eancia. Abriu-nos infinitas possibilidades, tais como de comunica\u00e7\u00e3o, pesquisa troca de conhecimentos e experi\u00eancias, acesso \u00e0s informa\u00e7\u00f5es, servi\u00e7os de banco, compras on-line, pesquisas, leituras, enfim. Talvez o mais fascinante seja o ensino a dist\u00e2ncia, permitindo h\u00e1 milhares de brasileiros se qualificarem para o mercado de trabalho. Eu, na condi\u00e7\u00e3o de pesquisador cient\u00edfico, psic\u00f3logo e psicanalista, nos \u00faltimos tempos comecei a me questionar diante desse universo: Ser\u00e1 poss\u00edvel realizar alguns servi\u00e7os psicol\u00f3gicos via internet? Esses servi\u00e7os poderiam ser estendidos \u00e0s pessoas com defici\u00eancia?<\/p>\n<p>Visando responder tais indaga\u00e7\u00f5es, busquei primeiro me informar sobre a legalidade desse projeto. Tomei ci\u00eancia que o atendimento com o uso do computador pelo psic\u00f3logo encontra-se respaldado na Resolu\u00e7\u00e3o n. 003\/00, normas estabelecidas pelo CFP (Conselho Federal de Psicologia). Os chamados &#8220;Servi\u00e7os Psicol\u00f3gicos Mediados Por Computador&#8221; (SPMC) s\u00e3o interven\u00e7\u00f5es realizadas nas seguintes \u00e1reas: orienta\u00e7\u00e3o psicol\u00f3gica; orienta\u00e7\u00e3o afetivo-sexual; orienta\u00e7\u00e3o profissional; orienta\u00e7\u00e3o de aprendizagem; psicologia escolar; orienta\u00e7\u00e3o ergon\u00f4mica; consultoria a empresas; reabilita\u00e7\u00e3o cognitiva, ideomotora e comunicativa; processos pr\u00e9vios de sele\u00e7\u00e3o de pessoal; utiliza\u00e7\u00e3o de testes informatizados devidamente validados; utiliza\u00e7\u00e3o de softwares informativos e educativos com resposta automatizada; outras interven\u00e7\u00f5es, desde que n\u00e3o firam o C\u00f3digo de \u00c9tica Profissional do psic\u00f3logo e outras legisla\u00e7\u00f5es.<\/p>\n<p>No perfil de pessoas que podem se utilizar dos SPMC, destaca-se pessoas que exer\u00e7a atividade profissional que exija um deslocando constante (ju\u00edzes substitutos, cantores, atores, esportistas, empres\u00e1rios), que n\u00e3o encontra tempo para ir ao consult\u00f3rio; pessoa que apresenta um quadro psicopatol\u00f3gico (fobia, p\u00e2nico, TOC, depress\u00e3o, ansiedade) e ainda n\u00e3o consegue sair de sua casa; pessoa com doen\u00e7a infecto-contagiosa (influenza; caxumba) que esteja debilitado e impossibilitado de ter contato direto com outras pessoas; pessoa que esteja no estrangeiro que deseja se tratar com terapeuta brasileiro; pessoa que apresenta grande inibi\u00e7\u00e3o para falar presencialmente (face a face) com o terapeuta; pessoa que n\u00e3o se adapta aos tratamentos em consult\u00f3rio; pessoa que al\u00e9m da Psicoterapia ou An\u00e1lise presencial necessita de suporte psicol\u00f3gico fora do consult\u00f3rio, entre as sess\u00f5es cl\u00ednicas.<\/p>\n<p>Mas dentre esse p\u00fablico estabelecido pelos documentos oficiais, um veio de encontro aos meus questionamentos: \u201cPessoas com algum problema f\u00edsico (surdez, paralisia, perda de membro) que dificulte a comunica\u00e7\u00e3o falada e\/ou traslado ao consult\u00f3rio\u201d.<\/p>\n<p>A partir disso, ao desenvolver o site do meu consult\u00f3rio on-line, criei a p\u00e1gina chamada Cl\u00ednica Inclusiva. Sua proposta \u00e9 desenvolver um servi\u00e7o de atendimento e aconselhamento \u00e0s pessoas com defici\u00eancia e futuramente \u00e0 terceira idade, principalmente \u00e0quelas com grandes dificuldades de locomo\u00e7\u00e3o, possibilitando a elas acesso ao atendimento psicol\u00f3gico sem necessitarem de locomo\u00e7\u00e3o, enfrentar barreiras arquitet\u00f4nicas, por exemplo. Posteriormente, estudaremos as possibilidades dos encontros presenciais. E as bases desses atendimentos s\u00e3o os mesmos descritos aos demais pacientes, mas com rela\u00e7\u00e3o e esse p\u00fablico, posso trabalhar com quest\u00f5es como autoestima, estimula\u00e7\u00e3o, supera\u00e7\u00e3o, falar de possibilidades que temos perante a vida!<\/p>\n<p>Fico \u00e0 vontade nesta \u00e1rea por ser uma caminhada de 40 anos em m\u00e3o dupla: por um lado tamb\u00e9m sou uma pessoa com defici\u00eancia, adquirir paralisia cerebral durante o parto; mas por outro sou um pesquisador e especialista nesta \u00e1rea com uma grande produ\u00e7\u00e3o de conhecimento e servi\u00e7os prestados, al\u00e9m se ser formado em psicologia e psican\u00e1lise.<\/p>\n<p>Sendo uma forte tend\u00eancia americana e europ\u00e9ia, alguns pontos gerais posso destacar dos benef\u00edcios dos aconselhamentos on-line: A pessoa pode escrever e enviar as mensagens para o terapeuta a qualquer momento, 24 horas, sem se deslocar fisicamente. As respostas do terapeuta ser\u00e3o enviadas com prazos estipulados em contrato (uma, duas, tr\u00eas vezes por semana). Um contato direto entre o terapeuta e a pessoa, evitando que essa deixe mensagens com intermedi\u00e1rios, Em geral, as pessoas ficam menos inibidos, conseguem falar de temas importantes, pois n\u00e3o est\u00e3o na frente do terapeuta. Ningu\u00e9m precisar\u00e1 saber que ela est\u00e1 buscando ajuda\/aconselhamento psicol\u00f3gico. A pessoa tem a possibilidade de arquivar suas mensagens e respostas do terapeuta para reler o que ocorreu durante a interven\u00e7\u00e3o e refletir sobre o que foi exposto. A pessoa tem um meio f\u00edsico (impress\u00e3o das interven\u00e7\u00f5es via e-mail, chat, confer\u00eancia, etc.) para processar o terapeuta, caso o mesmo tenha atos n\u00e3o \u00e9ticos.<\/p>\n<p>A partir desses meus levantamentos, criei o site \u201cCl\u00ednica da Meia-Idade\u201d (<a href=\"Por Em\u00edlio Figueira\">www.clinicadameiaidade.com.br<\/a>). Tenho me dedicado nos \u00faltimos anos a pesquisar, estudar e escrever sobre o atual comportamento das pessoas de meia-idade. Per\u00edodo o qual Carl Jung havia estabelecido entre os 35 a 40 anos das pessoas. Mas eu, nas minhas atualiza\u00e7\u00f5es cient\u00edficas, restabele\u00e7o esse p\u00fablico-alvo como formado por pessoas entre 35 a 60 anos na sociedade contempor\u00e2nea. E escolhi como s\u00edmbolo da minha Cl\u00ednica esta pintura acima de minha pr\u00f3pria autoria; uma montanha entre o casal representa os nossos vazios sentimentais e existenciais na atualidade!<\/p>\n<p>Nesse espa\u00e7o disponibilizo a oportunidade de ter os nossos primeiros contatos via on-line com as pessoas. Podemos conversar inicialmente via e-mail com orienta\u00e7\u00e3o psicol\u00f3gica breve, tudo de forma discreta e sigilosa. Como em qualquer local onde um psic\u00f3logo ou psicanalista trabalhe (consult\u00f3rio, cl\u00ednica, escola, hospital, rua, on-line, etc.), estabelecido assim no C\u00f3digo de \u00c9tica do Psic\u00f3logo. E em especial para quem tem uma defici\u00eancia assim como eu, convido a conhecer minhas propostas da Cl\u00ednica Inclusiva, uma forma tamb\u00e9m de inclus\u00e3o aos servi\u00e7os psicol\u00f3gicos e psicanal\u00edticos.<\/p>\n<p>____________<\/p>\n<p><strong>Fonte:<\/strong> O autor<\/p>\n","protected":false},"excerpt":{"rendered":"<p>Por Em\u00edlio Figueira. Que a internet causou uma revolu\u00e7\u00e3o mundial \u00e9 um fato que todos j\u00e1 sabem. Principalmente para n\u00f3s, pessoas com defici\u00eancia. Abriu-nos infinitas possibilidades, tais como de comunica\u00e7\u00e3o, pesquisa troca de conhecimentos e experi\u00eancias, acesso \u00e0s informa\u00e7\u00f5es, servi\u00e7os de banco, compras on-line, pesquisas, leituras, enfim. <\/p>\n","protected":false},"author":1,"featured_media":0,"comment_status":"open","ping_status":"open","sticky":false,"template":"","format":"standard","meta":{"site-container-style":"default","site-container-layout":"default","site-sidebar-layout":"default","disable-article-header":"default","disable-site-header":"default","disable-site-footer":"default","disable-content-area-spacing":"default","footnotes":""},"categories":[8],"tags":[],"class_list":["post-16633","post","type-post","status-publish","format-standard","hentry","category-textos-e-artigos"],"yoast_head":"<!-- This site is optimized with the Yoast SEO plugin v27.4 - https:\/\/yoast.com\/product\/yoast-seo-wordpress\/ -->\n<title>Caminhos de inclus\u00e3o aos atendimentos psicol\u00f3gicos -<\/title>\n<meta name=\"robots\" content=\"index, follow, max-snippet:-1, max-image-preview:large, max-video-preview:-1\" \/>\n<link rel=\"canonical\" href=\"https:\/\/inclusivenews.com.br\/?p=16633\" \/>\n<meta property=\"og:locale\" content=\"pt_PT\" \/>\n<meta property=\"og:type\" content=\"article\" \/>\n<meta property=\"og:title\" content=\"Caminhos de inclus\u00e3o aos atendimentos psicol\u00f3gicos -\" \/>\n<meta property=\"og:description\" content=\"Por Em\u00edlio Figueira. Que a internet causou uma revolu\u00e7\u00e3o mundial \u00e9 um fato que todos j\u00e1 sabem. Principalmente para n\u00f3s, pessoas com defici\u00eancia. Abriu-nos infinitas possibilidades, tais como de comunica\u00e7\u00e3o, pesquisa troca de conhecimentos e experi\u00eancias, acesso \u00e0s informa\u00e7\u00f5es, servi\u00e7os de banco, compras on-line, pesquisas, leituras, enfim.\" \/>\n<meta property=\"og:url\" content=\"https:\/\/inclusivenews.com.br\/?p=16633\" \/>\n<meta property=\"article:publisher\" content=\"https:\/\/www.facebook.com\/agenciainclusive\/\" \/>\n<meta property=\"article:published_time\" content=\"2010-07-23T08:59:11+00:00\" \/>\n<meta property=\"og:image\" content=\"http:\/\/images03.olx.pt\/ui\/3\/38\/60\/61643860_1-Explicacoes-de-Filosofia-e-Psicologia-10-12-anos-.jpg\" \/>\n<meta name=\"author\" content=\"inclusivenews2024\" \/>\n<meta name=\"twitter:card\" content=\"summary_large_image\" \/>\n<meta name=\"twitter:label1\" content=\"Escrito por\" \/>\n\t<meta name=\"twitter:data1\" content=\"inclusivenews2024\" \/>\n\t<meta name=\"twitter:label2\" content=\"Tempo estimado de leitura\" \/>\n\t<meta name=\"twitter:data2\" content=\"5 minutos\" \/>\n<script type=\"application\/ld+json\" class=\"yoast-schema-graph\">{\"@context\":\"https:\\\/\\\/schema.org\",\"@graph\":[{\"@type\":\"Article\",\"@id\":\"https:\\\/\\\/inclusivenews.com.br\\\/?p=16633#article\",\"isPartOf\":{\"@id\":\"https:\\\/\\\/inclusivenews.com.br\\\/?p=16633\"},\"author\":{\"name\":\"inclusivenews2024\",\"@id\":\"https:\\\/\\\/inclusivenews.com.br\\\/#\\\/schema\\\/person\\\/ae4ec7087559b8692fb33b6fffd2273b\"},\"headline\":\"Caminhos de inclus\u00e3o aos atendimentos psicol\u00f3gicos\",\"datePublished\":\"2010-07-23T08:59:11+00:00\",\"mainEntityOfPage\":{\"@id\":\"https:\\\/\\\/inclusivenews.com.br\\\/?p=16633\"},\"wordCount\":1003,\"commentCount\":0,\"publisher\":{\"@id\":\"https:\\\/\\\/inclusivenews.com.br\\\/#organization\"},\"image\":{\"@id\":\"https:\\\/\\\/inclusivenews.com.br\\\/?p=16633#primaryimage\"},\"thumbnailUrl\":\"http:\\\/\\\/images03.olx.pt\\\/ui\\\/3\\\/38\\\/60\\\/61643860_1-Explicacoes-de-Filosofia-e-Psicologia-10-12-anos-.jpg\",\"articleSection\":[\"OPINI\u00c3O\"],\"inLanguage\":\"pt-PT\",\"potentialAction\":[{\"@type\":\"CommentAction\",\"name\":\"Comment\",\"target\":[\"https:\\\/\\\/inclusivenews.com.br\\\/?p=16633#respond\"]}]},{\"@type\":\"WebPage\",\"@id\":\"https:\\\/\\\/inclusivenews.com.br\\\/?p=16633\",\"url\":\"https:\\\/\\\/inclusivenews.com.br\\\/?p=16633\",\"name\":\"Caminhos de inclus\u00e3o aos atendimentos psicol\u00f3gicos -\",\"isPartOf\":{\"@id\":\"https:\\\/\\\/inclusivenews.com.br\\\/#website\"},\"primaryImageOfPage\":{\"@id\":\"https:\\\/\\\/inclusivenews.com.br\\\/?p=16633#primaryimage\"},\"image\":{\"@id\":\"https:\\\/\\\/inclusivenews.com.br\\\/?p=16633#primaryimage\"},\"thumbnailUrl\":\"http:\\\/\\\/images03.olx.pt\\\/ui\\\/3\\\/38\\\/60\\\/61643860_1-Explicacoes-de-Filosofia-e-Psicologia-10-12-anos-.jpg\",\"datePublished\":\"2010-07-23T08:59:11+00:00\",\"breadcrumb\":{\"@id\":\"https:\\\/\\\/inclusivenews.com.br\\\/?p=16633#breadcrumb\"},\"inLanguage\":\"pt-PT\",\"potentialAction\":[{\"@type\":\"ReadAction\",\"target\":[\"https:\\\/\\\/inclusivenews.com.br\\\/?p=16633\"]}]},{\"@type\":\"ImageObject\",\"inLanguage\":\"pt-PT\",\"@id\":\"https:\\\/\\\/inclusivenews.com.br\\\/?p=16633#primaryimage\",\"url\":\"http:\\\/\\\/images03.olx.pt\\\/ui\\\/3\\\/38\\\/60\\\/61643860_1-Explicacoes-de-Filosofia-e-Psicologia-10-12-anos-.jpg\",\"contentUrl\":\"http:\\\/\\\/images03.olx.pt\\\/ui\\\/3\\\/38\\\/60\\\/61643860_1-Explicacoes-de-Filosofia-e-Psicologia-10-12-anos-.jpg\"},{\"@type\":\"BreadcrumbList\",\"@id\":\"https:\\\/\\\/inclusivenews.com.br\\\/?p=16633#breadcrumb\",\"itemListElement\":[{\"@type\":\"ListItem\",\"position\":1,\"name\":\"In\u00edcio\",\"item\":\"https:\\\/\\\/inclusivenews.com.br\\\/\"},{\"@type\":\"ListItem\",\"position\":2,\"name\":\"Caminhos de inclus\u00e3o aos atendimentos psicol\u00f3gicos\"}]},{\"@type\":\"WebSite\",\"@id\":\"https:\\\/\\\/inclusivenews.com.br\\\/#website\",\"url\":\"https:\\\/\\\/inclusivenews.com.br\\\/\",\"name\":\"Inclusive News\",\"description\":\"Inclusive News\",\"publisher\":{\"@id\":\"https:\\\/\\\/inclusivenews.com.br\\\/#organization\"},\"potentialAction\":[{\"@type\":\"SearchAction\",\"target\":{\"@type\":\"EntryPoint\",\"urlTemplate\":\"https:\\\/\\\/inclusivenews.com.br\\\/?s={search_term_string}\"},\"query-input\":{\"@type\":\"PropertyValueSpecification\",\"valueRequired\":true,\"valueName\":\"search_term_string\"}}],\"inLanguage\":\"pt-PT\"},{\"@type\":\"Organization\",\"@id\":\"https:\\\/\\\/inclusivenews.com.br\\\/#organization\",\"name\":\"Inclusive - inclus\u00e3o e cidadania\",\"url\":\"https:\\\/\\\/inclusivenews.com.br\\\/\",\"logo\":{\"@type\":\"ImageObject\",\"inLanguage\":\"pt-PT\",\"@id\":\"https:\\\/\\\/inclusivenews.com.br\\\/#\\\/schema\\\/logo\\\/image\\\/\",\"url\":\"https:\\\/\\\/inclusivenews.com.br\\\/wp-content\\\/uploads\\\/2024\\\/03\\\/@grandesite.png\",\"contentUrl\":\"https:\\\/\\\/inclusivenews.com.br\\\/wp-content\\\/uploads\\\/2024\\\/03\\\/@grandesite.png\",\"width\":1080,\"height\":1080,\"caption\":\"Inclusive - inclus\u00e3o e cidadania\"},\"image\":{\"@id\":\"https:\\\/\\\/inclusivenews.com.br\\\/#\\\/schema\\\/logo\\\/image\\\/\"},\"sameAs\":[\"https:\\\/\\\/www.facebook.com\\\/agenciainclusive\\\/\",\"https:\\\/\\\/www.instagram.com\\\/newsinclusive\\\/\"]},{\"@type\":\"Person\",\"@id\":\"https:\\\/\\\/inclusivenews.com.br\\\/#\\\/schema\\\/person\\\/ae4ec7087559b8692fb33b6fffd2273b\",\"name\":\"inclusivenews2024\",\"image\":{\"@type\":\"ImageObject\",\"inLanguage\":\"pt-PT\",\"@id\":\"https:\\\/\\\/secure.gravatar.com\\\/avatar\\\/c5a7ef84c66fa914f55bc4f7ce26cfa275a3b9a1c5568b907bd184fb4dde7b40?s=96&d=mm&r=g\",\"url\":\"https:\\\/\\\/secure.gravatar.com\\\/avatar\\\/c5a7ef84c66fa914f55bc4f7ce26cfa275a3b9a1c5568b907bd184fb4dde7b40?s=96&d=mm&r=g\",\"contentUrl\":\"https:\\\/\\\/secure.gravatar.com\\\/avatar\\\/c5a7ef84c66fa914f55bc4f7ce26cfa275a3b9a1c5568b907bd184fb4dde7b40?s=96&d=mm&r=g\",\"caption\":\"inclusivenews2024\"},\"sameAs\":[\"https:\\\/\\\/inclusivenews.com.br\"],\"url\":\"https:\\\/\\\/inclusivenews.com.br\\\/?author=1\"}]}<\/script>\n<!-- \/ Yoast SEO plugin. -->","yoast_head_json":{"title":"Caminhos de inclus\u00e3o aos atendimentos psicol\u00f3gicos -","robots":{"index":"index","follow":"follow","max-snippet":"max-snippet:-1","max-image-preview":"max-image-preview:large","max-video-preview":"max-video-preview:-1"},"canonical":"https:\/\/inclusivenews.com.br\/?p=16633","og_locale":"pt_PT","og_type":"article","og_title":"Caminhos de inclus\u00e3o aos atendimentos psicol\u00f3gicos -","og_description":"Por Em\u00edlio Figueira. Que a internet causou uma revolu\u00e7\u00e3o mundial \u00e9 um fato que todos j\u00e1 sabem. Principalmente para n\u00f3s, pessoas com defici\u00eancia. Abriu-nos infinitas possibilidades, tais como de comunica\u00e7\u00e3o, pesquisa troca de conhecimentos e experi\u00eancias, acesso \u00e0s informa\u00e7\u00f5es, servi\u00e7os de banco, compras on-line, pesquisas, leituras, enfim.","og_url":"https:\/\/inclusivenews.com.br\/?p=16633","article_publisher":"https:\/\/www.facebook.com\/agenciainclusive\/","article_published_time":"2010-07-23T08:59:11+00:00","og_image":[{"url":"http:\/\/images03.olx.pt\/ui\/3\/38\/60\/61643860_1-Explicacoes-de-Filosofia-e-Psicologia-10-12-anos-.jpg","type":"","width":"","height":""}],"author":"inclusivenews2024","twitter_card":"summary_large_image","twitter_misc":{"Escrito por":"inclusivenews2024","Tempo estimado de leitura":"5 minutos"},"schema":{"@context":"https:\/\/schema.org","@graph":[{"@type":"Article","@id":"https:\/\/inclusivenews.com.br\/?p=16633#article","isPartOf":{"@id":"https:\/\/inclusivenews.com.br\/?p=16633"},"author":{"name":"inclusivenews2024","@id":"https:\/\/inclusivenews.com.br\/#\/schema\/person\/ae4ec7087559b8692fb33b6fffd2273b"},"headline":"Caminhos de inclus\u00e3o aos atendimentos psicol\u00f3gicos","datePublished":"2010-07-23T08:59:11+00:00","mainEntityOfPage":{"@id":"https:\/\/inclusivenews.com.br\/?p=16633"},"wordCount":1003,"commentCount":0,"publisher":{"@id":"https:\/\/inclusivenews.com.br\/#organization"},"image":{"@id":"https:\/\/inclusivenews.com.br\/?p=16633#primaryimage"},"thumbnailUrl":"http:\/\/images03.olx.pt\/ui\/3\/38\/60\/61643860_1-Explicacoes-de-Filosofia-e-Psicologia-10-12-anos-.jpg","articleSection":["OPINI\u00c3O"],"inLanguage":"pt-PT","potentialAction":[{"@type":"CommentAction","name":"Comment","target":["https:\/\/inclusivenews.com.br\/?p=16633#respond"]}]},{"@type":"WebPage","@id":"https:\/\/inclusivenews.com.br\/?p=16633","url":"https:\/\/inclusivenews.com.br\/?p=16633","name":"Caminhos de inclus\u00e3o aos atendimentos psicol\u00f3gicos -","isPartOf":{"@id":"https:\/\/inclusivenews.com.br\/#website"},"primaryImageOfPage":{"@id":"https:\/\/inclusivenews.com.br\/?p=16633#primaryimage"},"image":{"@id":"https:\/\/inclusivenews.com.br\/?p=16633#primaryimage"},"thumbnailUrl":"http:\/\/images03.olx.pt\/ui\/3\/38\/60\/61643860_1-Explicacoes-de-Filosofia-e-Psicologia-10-12-anos-.jpg","datePublished":"2010-07-23T08:59:11+00:00","breadcrumb":{"@id":"https:\/\/inclusivenews.com.br\/?p=16633#breadcrumb"},"inLanguage":"pt-PT","potentialAction":[{"@type":"ReadAction","target":["https:\/\/inclusivenews.com.br\/?p=16633"]}]},{"@type":"ImageObject","inLanguage":"pt-PT","@id":"https:\/\/inclusivenews.com.br\/?p=16633#primaryimage","url":"http:\/\/images03.olx.pt\/ui\/3\/38\/60\/61643860_1-Explicacoes-de-Filosofia-e-Psicologia-10-12-anos-.jpg","contentUrl":"http:\/\/images03.olx.pt\/ui\/3\/38\/60\/61643860_1-Explicacoes-de-Filosofia-e-Psicologia-10-12-anos-.jpg"},{"@type":"BreadcrumbList","@id":"https:\/\/inclusivenews.com.br\/?p=16633#breadcrumb","itemListElement":[{"@type":"ListItem","position":1,"name":"In\u00edcio","item":"https:\/\/inclusivenews.com.br\/"},{"@type":"ListItem","position":2,"name":"Caminhos de inclus\u00e3o aos atendimentos psicol\u00f3gicos"}]},{"@type":"WebSite","@id":"https:\/\/inclusivenews.com.br\/#website","url":"https:\/\/inclusivenews.com.br\/","name":"Inclusive News","description":"Inclusive News","publisher":{"@id":"https:\/\/inclusivenews.com.br\/#organization"},"potentialAction":[{"@type":"SearchAction","target":{"@type":"EntryPoint","urlTemplate":"https:\/\/inclusivenews.com.br\/?s={search_term_string}"},"query-input":{"@type":"PropertyValueSpecification","valueRequired":true,"valueName":"search_term_string"}}],"inLanguage":"pt-PT"},{"@type":"Organization","@id":"https:\/\/inclusivenews.com.br\/#organization","name":"Inclusive - inclus\u00e3o e cidadania","url":"https:\/\/inclusivenews.com.br\/","logo":{"@type":"ImageObject","inLanguage":"pt-PT","@id":"https:\/\/inclusivenews.com.br\/#\/schema\/logo\/image\/","url":"https:\/\/inclusivenews.com.br\/wp-content\/uploads\/2024\/03\/@grandesite.png","contentUrl":"https:\/\/inclusivenews.com.br\/wp-content\/uploads\/2024\/03\/@grandesite.png","width":1080,"height":1080,"caption":"Inclusive - inclus\u00e3o e cidadania"},"image":{"@id":"https:\/\/inclusivenews.com.br\/#\/schema\/logo\/image\/"},"sameAs":["https:\/\/www.facebook.com\/agenciainclusive\/","https:\/\/www.instagram.com\/newsinclusive\/"]},{"@type":"Person","@id":"https:\/\/inclusivenews.com.br\/#\/schema\/person\/ae4ec7087559b8692fb33b6fffd2273b","name":"inclusivenews2024","image":{"@type":"ImageObject","inLanguage":"pt-PT","@id":"https:\/\/secure.gravatar.com\/avatar\/c5a7ef84c66fa914f55bc4f7ce26cfa275a3b9a1c5568b907bd184fb4dde7b40?s=96&d=mm&r=g","url":"https:\/\/secure.gravatar.com\/avatar\/c5a7ef84c66fa914f55bc4f7ce26cfa275a3b9a1c5568b907bd184fb4dde7b40?s=96&d=mm&r=g","contentUrl":"https:\/\/secure.gravatar.com\/avatar\/c5a7ef84c66fa914f55bc4f7ce26cfa275a3b9a1c5568b907bd184fb4dde7b40?s=96&d=mm&r=g","caption":"inclusivenews2024"},"sameAs":["https:\/\/inclusivenews.com.br"],"url":"https:\/\/inclusivenews.com.br\/?author=1"}]}},"_links":{"self":[{"href":"https:\/\/inclusivenews.com.br\/index.php?rest_route=\/wp\/v2\/posts\/16633","targetHints":{"allow":["GET"]}}],"collection":[{"href":"https:\/\/inclusivenews.com.br\/index.php?rest_route=\/wp\/v2\/posts"}],"about":[{"href":"https:\/\/inclusivenews.com.br\/index.php?rest_route=\/wp\/v2\/types\/post"}],"author":[{"embeddable":true,"href":"https:\/\/inclusivenews.com.br\/index.php?rest_route=\/wp\/v2\/users\/1"}],"replies":[{"embeddable":true,"href":"https:\/\/inclusivenews.com.br\/index.php?rest_route=%2Fwp%2Fv2%2Fcomments&post=16633"}],"version-history":[{"count":0,"href":"https:\/\/inclusivenews.com.br\/index.php?rest_route=\/wp\/v2\/posts\/16633\/revisions"}],"wp:attachment":[{"href":"https:\/\/inclusivenews.com.br\/index.php?rest_route=%2Fwp%2Fv2%2Fmedia&parent=16633"}],"wp:term":[{"taxonomy":"category","embeddable":true,"href":"https:\/\/inclusivenews.com.br\/index.php?rest_route=%2Fwp%2Fv2%2Fcategories&post=16633"},{"taxonomy":"post_tag","embeddable":true,"href":"https:\/\/inclusivenews.com.br\/index.php?rest_route=%2Fwp%2Fv2%2Ftags&post=16633"}],"curies":[{"name":"wp","href":"https:\/\/api.w.org\/{rel}","templated":true}]}}