{"id":16634,"date":"2010-07-23T05:51:44","date_gmt":"2010-07-23T08:51:44","guid":{"rendered":"http:\/\/www.inclusive.org.br\/?p=16634"},"modified":"2010-07-23T05:51:44","modified_gmt":"2010-07-23T08:51:44","slug":"a-garantia-do-direito-a-educacao-de-criancas-e-adolescentes-com-deficiencia-no-municipio-de-frederico-westphalen","status":"publish","type":"post","link":"https:\/\/inclusivenews.com.br\/?p=16634","title":{"rendered":"A garantia do direito \u00e0 educa\u00e7\u00e3o de crian\u00e7as e adolescentes com defici\u00eancia no munic\u00edpio de Frederico Westphalen"},"content":{"rendered":"<figure id=\"attachment_12736\" aria-describedby=\"caption-attachment-12736\" style=\"width: 150px\" class=\"wp-caption alignnone\"><a href=\"http:\/\/www.inclusivenews.com.br\/wp-content\/uploads\/2009\/11\/corujinha2.jpg\"><img loading=\"lazy\" decoding=\"async\" class=\"size-full wp-image-12736\" title=\"Inclusive - corujinha - produ\u00e7\u00e3o acad\u00eamica.\" src=\"http:\/\/inclusivenews.com.br\/wp-content\/uploads\/2009\/11\/corujinha2.jpg\" alt=\"\" width=\"150\" height=\"150\" \/><\/a><figcaption id=\"caption-attachment-12736\" class=\"wp-caption-text\"> <\/figcaption><\/figure>\n<p>A garantia do direito \u00e0 educa\u00e7\u00e3o de crian\u00e7as e adolescentes com defici\u00eancia no munic\u00edpio de Frederico Westphalen, por Sim\u00f4nia Gon\u00e7alves de Oliveira. Pontif\u00edcia Universidade Cat\u00f3lica do RS.<\/p>\n<p><a href=\"http:\/\/tede.pucrs.br\/tde_busca\/arquivo.php?codArquivo=2204\">Link para download.<\/a><\/p>\n<p><strong>RESUMO\/ABSTRACT<\/strong><\/p>\n<p>A presente pesquisa teve por objetivo analisar como se constitui o processo de garantia do direito \u00e0 educa\u00e7\u00e3o de crian\u00e7as e adolescentes com defici\u00eancia no munic\u00edpio de Frederico Westphalen, visando a contribuir com subs\u00eddios para o aprimoramento das pol\u00edticas sociais voltadas para essa popula\u00e7\u00e3o. Analisou, especificamente, como a pol\u00edtica de prote\u00e7\u00e3o integral a crian\u00e7as e adolescentes com defici\u00eancias vem se construindo na interface com as normativas e concep\u00e7\u00f5es de pol\u00edticas p\u00fablicas de garantia do direito \u00e0 educa\u00e7\u00e3o. Observou tamb\u00e9m a maneira como a rede de atendimento e as escolas est\u00e3o reconhecendo e assumindo a pauta da garantia desse direito. Ainda analisou o modo como se constituiu o processo da garantia do direito \u00e0 educa\u00e7\u00e3o a partir da experi\u00eancia social de crian\u00e7as e adolescentes com defici\u00eancia, e seus familiares, que frequentam as escolas de Frederico Westphalen. Para tanto, foi necess\u00e1rio conhecer os sujeitos da pesquisa, a partir de entrevistas, an\u00e1lise documental e observa\u00e7\u00e3o participante. As vozes dos sujeitos que participaram dessa pesquisa indicaram a presen\u00e7a de obst\u00e1culos \u00e0 efetiva\u00e7\u00e3o da garantia do direito \u00e0 educa\u00e7\u00e3o das crian\u00e7as e adolescentes com defici\u00eancia, pela fragilidade da aplica\u00e7\u00e3o das pol\u00edticas p\u00fablicas a exigir melhor articula\u00e7\u00e3o e maior efetividade para as demandas sociais do grupo de pessoas pesquisado.<\/p>\n","protected":false},"excerpt":{"rendered":"<p>As vozes dos sujeitos que participaram dessa pesquisa indicaram a presen\u00e7a de obst\u00e1culos \u00e0 efetiva\u00e7\u00e3o da garantia do direito \u00e0 educa\u00e7\u00e3o das crian\u00e7as e adolescentes com defici\u00eancia. (Produ\u00e7\u00e3o acad\u00eamica)<\/p>\n","protected":false},"author":1,"featured_media":0,"comment_status":"open","ping_status":"open","sticky":false,"template":"","format":"standard","meta":{"site-container-style":"default","site-container-layout":"default","site-sidebar-layout":"default","disable-article-header":"default","disable-site-header":"default","disable-site-footer":"default","disable-content-area-spacing":"default","footnotes":""},"categories":[24],"tags":[],"class_list":["post-16634","post","type-post","status-publish","format-standard","hentry","category-producao-academica"],"yoast_head":"<!-- This site is optimized with the Yoast SEO plugin v27.4 - https:\/\/yoast.com\/product\/yoast-seo-wordpress\/ -->\n<title>A garantia do direito \u00e0 educa\u00e7\u00e3o de crian\u00e7as e adolescentes com defici\u00eancia no munic\u00edpio de Frederico Westphalen -<\/title>\n<meta name=\"robots\" content=\"index, follow, max-snippet:-1, max-image-preview:large, max-video-preview:-1\" \/>\n<link rel=\"canonical\" href=\"https:\/\/inclusivenews.com.br\/?p=16634\" \/>\n<meta property=\"og:locale\" content=\"pt_PT\" \/>\n<meta property=\"og:type\" content=\"article\" \/>\n<meta property=\"og:title\" content=\"A garantia do direito \u00e0 educa\u00e7\u00e3o de crian\u00e7as e adolescentes com defici\u00eancia no munic\u00edpio de Frederico Westphalen -\" \/>\n<meta property=\"og:description\" content=\"As vozes dos sujeitos que participaram dessa pesquisa indicaram a presen\u00e7a de obst\u00e1culos \u00e0 efetiva\u00e7\u00e3o da garantia do direito \u00e0 educa\u00e7\u00e3o das crian\u00e7as e adolescentes com defici\u00eancia. (Produ\u00e7\u00e3o acad\u00eamica)\" \/>\n<meta property=\"og:url\" content=\"https:\/\/inclusivenews.com.br\/?p=16634\" \/>\n<meta property=\"article:publisher\" content=\"https:\/\/www.facebook.com\/agenciainclusive\/\" \/>\n<meta property=\"article:published_time\" content=\"2010-07-23T08:51:44+00:00\" \/>\n<meta property=\"og:image\" content=\"http:\/\/inclusivenews.com.br\/wp-content\/uploads\/2009\/11\/corujinha2.jpg\" \/>\n<meta name=\"author\" content=\"inclusivenews2024\" \/>\n<meta name=\"twitter:card\" content=\"summary_large_image\" \/>\n<meta name=\"twitter:label1\" content=\"Escrito por\" \/>\n\t<meta name=\"twitter:data1\" content=\"inclusivenews2024\" \/>\n\t<meta name=\"twitter:label2\" content=\"Tempo estimado de leitura\" \/>\n\t<meta name=\"twitter:data2\" content=\"1 minuto\" \/>\n<script type=\"application\/ld+json\" class=\"yoast-schema-graph\">{\"@context\":\"https:\\\/\\\/schema.org\",\"@graph\":[{\"@type\":\"Article\",\"@id\":\"https:\\\/\\\/inclusivenews.com.br\\\/?p=16634#article\",\"isPartOf\":{\"@id\":\"https:\\\/\\\/inclusivenews.com.br\\\/?p=16634\"},\"author\":{\"name\":\"inclusivenews2024\",\"@id\":\"https:\\\/\\\/inclusivenews.com.br\\\/#\\\/schema\\\/person\\\/ae4ec7087559b8692fb33b6fffd2273b\"},\"headline\":\"A garantia do direito \u00e0 educa\u00e7\u00e3o de crian\u00e7as e adolescentes com defici\u00eancia no munic\u00edpio de Frederico Westphalen\",\"datePublished\":\"2010-07-23T08:51:44+00:00\",\"mainEntityOfPage\":{\"@id\":\"https:\\\/\\\/inclusivenews.com.br\\\/?p=16634\"},\"wordCount\":299,\"commentCount\":0,\"publisher\":{\"@id\":\"https:\\\/\\\/inclusivenews.com.br\\\/#organization\"},\"image\":{\"@id\":\"https:\\\/\\\/inclusivenews.com.br\\\/?p=16634#primaryimage\"},\"thumbnailUrl\":\"http:\\\/\\\/inclusivenews.com.br\\\/wp-content\\\/uploads\\\/2009\\\/11\\\/corujinha2.jpg\",\"articleSection\":[\"Produ\u00e7\u00e3o acad\u00eamica\"],\"inLanguage\":\"pt-PT\",\"potentialAction\":[{\"@type\":\"CommentAction\",\"name\":\"Comment\",\"target\":[\"https:\\\/\\\/inclusivenews.com.br\\\/?p=16634#respond\"]}]},{\"@type\":\"WebPage\",\"@id\":\"https:\\\/\\\/inclusivenews.com.br\\\/?p=16634\",\"url\":\"https:\\\/\\\/inclusivenews.com.br\\\/?p=16634\",\"name\":\"A garantia do direito \u00e0 educa\u00e7\u00e3o de crian\u00e7as e adolescentes com defici\u00eancia no munic\u00edpio de Frederico Westphalen -\",\"isPartOf\":{\"@id\":\"https:\\\/\\\/inclusivenews.com.br\\\/#website\"},\"primaryImageOfPage\":{\"@id\":\"https:\\\/\\\/inclusivenews.com.br\\\/?p=16634#primaryimage\"},\"image\":{\"@id\":\"https:\\\/\\\/inclusivenews.com.br\\\/?p=16634#primaryimage\"},\"thumbnailUrl\":\"http:\\\/\\\/inclusivenews.com.br\\\/wp-content\\\/uploads\\\/2009\\\/11\\\/corujinha2.jpg\",\"datePublished\":\"2010-07-23T08:51:44+00:00\",\"breadcrumb\":{\"@id\":\"https:\\\/\\\/inclusivenews.com.br\\\/?p=16634#breadcrumb\"},\"inLanguage\":\"pt-PT\",\"potentialAction\":[{\"@type\":\"ReadAction\",\"target\":[\"https:\\\/\\\/inclusivenews.com.br\\\/?p=16634\"]}]},{\"@type\":\"ImageObject\",\"inLanguage\":\"pt-PT\",\"@id\":\"https:\\\/\\\/inclusivenews.com.br\\\/?p=16634#primaryimage\",\"url\":\"https:\\\/\\\/inclusivenews.com.br\\\/wp-content\\\/uploads\\\/2009\\\/11\\\/corujinha2.jpg\",\"contentUrl\":\"https:\\\/\\\/inclusivenews.com.br\\\/wp-content\\\/uploads\\\/2009\\\/11\\\/corujinha2.jpg\",\"width\":150,\"height\":150},{\"@type\":\"BreadcrumbList\",\"@id\":\"https:\\\/\\\/inclusivenews.com.br\\\/?p=16634#breadcrumb\",\"itemListElement\":[{\"@type\":\"ListItem\",\"position\":1,\"name\":\"In\u00edcio\",\"item\":\"https:\\\/\\\/inclusivenews.com.br\\\/\"},{\"@type\":\"ListItem\",\"position\":2,\"name\":\"A garantia do direito \u00e0 educa\u00e7\u00e3o de crian\u00e7as e adolescentes com defici\u00eancia no munic\u00edpio de Frederico Westphalen\"}]},{\"@type\":\"WebSite\",\"@id\":\"https:\\\/\\\/inclusivenews.com.br\\\/#website\",\"url\":\"https:\\\/\\\/inclusivenews.com.br\\\/\",\"name\":\"Inclusive News\",\"description\":\"Inclusive News\",\"publisher\":{\"@id\":\"https:\\\/\\\/inclusivenews.com.br\\\/#organization\"},\"potentialAction\":[{\"@type\":\"SearchAction\",\"target\":{\"@type\":\"EntryPoint\",\"urlTemplate\":\"https:\\\/\\\/inclusivenews.com.br\\\/?s={search_term_string}\"},\"query-input\":{\"@type\":\"PropertyValueSpecification\",\"valueRequired\":true,\"valueName\":\"search_term_string\"}}],\"inLanguage\":\"pt-PT\"},{\"@type\":\"Organization\",\"@id\":\"https:\\\/\\\/inclusivenews.com.br\\\/#organization\",\"name\":\"Inclusive - inclus\u00e3o e cidadania\",\"url\":\"https:\\\/\\\/inclusivenews.com.br\\\/\",\"logo\":{\"@type\":\"ImageObject\",\"inLanguage\":\"pt-PT\",\"@id\":\"https:\\\/\\\/inclusivenews.com.br\\\/#\\\/schema\\\/logo\\\/image\\\/\",\"url\":\"https:\\\/\\\/inclusivenews.com.br\\\/wp-content\\\/uploads\\\/2024\\\/03\\\/@grandesite.png\",\"contentUrl\":\"https:\\\/\\\/inclusivenews.com.br\\\/wp-content\\\/uploads\\\/2024\\\/03\\\/@grandesite.png\",\"width\":1080,\"height\":1080,\"caption\":\"Inclusive - inclus\u00e3o e cidadania\"},\"image\":{\"@id\":\"https:\\\/\\\/inclusivenews.com.br\\\/#\\\/schema\\\/logo\\\/image\\\/\"},\"sameAs\":[\"https:\\\/\\\/www.facebook.com\\\/agenciainclusive\\\/\",\"https:\\\/\\\/www.instagram.com\\\/newsinclusive\\\/\"]},{\"@type\":\"Person\",\"@id\":\"https:\\\/\\\/inclusivenews.com.br\\\/#\\\/schema\\\/person\\\/ae4ec7087559b8692fb33b6fffd2273b\",\"name\":\"inclusivenews2024\",\"image\":{\"@type\":\"ImageObject\",\"inLanguage\":\"pt-PT\",\"@id\":\"https:\\\/\\\/secure.gravatar.com\\\/avatar\\\/c5a7ef84c66fa914f55bc4f7ce26cfa275a3b9a1c5568b907bd184fb4dde7b40?s=96&d=mm&r=g\",\"url\":\"https:\\\/\\\/secure.gravatar.com\\\/avatar\\\/c5a7ef84c66fa914f55bc4f7ce26cfa275a3b9a1c5568b907bd184fb4dde7b40?s=96&d=mm&r=g\",\"contentUrl\":\"https:\\\/\\\/secure.gravatar.com\\\/avatar\\\/c5a7ef84c66fa914f55bc4f7ce26cfa275a3b9a1c5568b907bd184fb4dde7b40?s=96&d=mm&r=g\",\"caption\":\"inclusivenews2024\"},\"sameAs\":[\"https:\\\/\\\/inclusivenews.com.br\"],\"url\":\"https:\\\/\\\/inclusivenews.com.br\\\/?author=1\"}]}<\/script>\n<!-- \/ Yoast SEO plugin. -->","yoast_head_json":{"title":"A garantia do direito \u00e0 educa\u00e7\u00e3o de crian\u00e7as e adolescentes com defici\u00eancia no munic\u00edpio de Frederico Westphalen -","robots":{"index":"index","follow":"follow","max-snippet":"max-snippet:-1","max-image-preview":"max-image-preview:large","max-video-preview":"max-video-preview:-1"},"canonical":"https:\/\/inclusivenews.com.br\/?p=16634","og_locale":"pt_PT","og_type":"article","og_title":"A garantia do direito \u00e0 educa\u00e7\u00e3o de crian\u00e7as e adolescentes com defici\u00eancia no munic\u00edpio de Frederico Westphalen -","og_description":"As vozes dos sujeitos que participaram dessa pesquisa indicaram a presen\u00e7a de obst\u00e1culos \u00e0 efetiva\u00e7\u00e3o da garantia do direito \u00e0 educa\u00e7\u00e3o das crian\u00e7as e adolescentes com defici\u00eancia. (Produ\u00e7\u00e3o acad\u00eamica)","og_url":"https:\/\/inclusivenews.com.br\/?p=16634","article_publisher":"https:\/\/www.facebook.com\/agenciainclusive\/","article_published_time":"2010-07-23T08:51:44+00:00","og_image":[{"url":"http:\/\/inclusivenews.com.br\/wp-content\/uploads\/2009\/11\/corujinha2.jpg","type":"","width":"","height":""}],"author":"inclusivenews2024","twitter_card":"summary_large_image","twitter_misc":{"Escrito por":"inclusivenews2024","Tempo estimado de leitura":"1 minuto"},"schema":{"@context":"https:\/\/schema.org","@graph":[{"@type":"Article","@id":"https:\/\/inclusivenews.com.br\/?p=16634#article","isPartOf":{"@id":"https:\/\/inclusivenews.com.br\/?p=16634"},"author":{"name":"inclusivenews2024","@id":"https:\/\/inclusivenews.com.br\/#\/schema\/person\/ae4ec7087559b8692fb33b6fffd2273b"},"headline":"A garantia do direito \u00e0 educa\u00e7\u00e3o de crian\u00e7as e adolescentes com defici\u00eancia no munic\u00edpio de Frederico Westphalen","datePublished":"2010-07-23T08:51:44+00:00","mainEntityOfPage":{"@id":"https:\/\/inclusivenews.com.br\/?p=16634"},"wordCount":299,"commentCount":0,"publisher":{"@id":"https:\/\/inclusivenews.com.br\/#organization"},"image":{"@id":"https:\/\/inclusivenews.com.br\/?p=16634#primaryimage"},"thumbnailUrl":"http:\/\/inclusivenews.com.br\/wp-content\/uploads\/2009\/11\/corujinha2.jpg","articleSection":["Produ\u00e7\u00e3o acad\u00eamica"],"inLanguage":"pt-PT","potentialAction":[{"@type":"CommentAction","name":"Comment","target":["https:\/\/inclusivenews.com.br\/?p=16634#respond"]}]},{"@type":"WebPage","@id":"https:\/\/inclusivenews.com.br\/?p=16634","url":"https:\/\/inclusivenews.com.br\/?p=16634","name":"A garantia do direito \u00e0 educa\u00e7\u00e3o de crian\u00e7as e adolescentes com defici\u00eancia no munic\u00edpio de Frederico Westphalen -","isPartOf":{"@id":"https:\/\/inclusivenews.com.br\/#website"},"primaryImageOfPage":{"@id":"https:\/\/inclusivenews.com.br\/?p=16634#primaryimage"},"image":{"@id":"https:\/\/inclusivenews.com.br\/?p=16634#primaryimage"},"thumbnailUrl":"http:\/\/inclusivenews.com.br\/wp-content\/uploads\/2009\/11\/corujinha2.jpg","datePublished":"2010-07-23T08:51:44+00:00","breadcrumb":{"@id":"https:\/\/inclusivenews.com.br\/?p=16634#breadcrumb"},"inLanguage":"pt-PT","potentialAction":[{"@type":"ReadAction","target":["https:\/\/inclusivenews.com.br\/?p=16634"]}]},{"@type":"ImageObject","inLanguage":"pt-PT","@id":"https:\/\/inclusivenews.com.br\/?p=16634#primaryimage","url":"https:\/\/inclusivenews.com.br\/wp-content\/uploads\/2009\/11\/corujinha2.jpg","contentUrl":"https:\/\/inclusivenews.com.br\/wp-content\/uploads\/2009\/11\/corujinha2.jpg","width":150,"height":150},{"@type":"BreadcrumbList","@id":"https:\/\/inclusivenews.com.br\/?p=16634#breadcrumb","itemListElement":[{"@type":"ListItem","position":1,"name":"In\u00edcio","item":"https:\/\/inclusivenews.com.br\/"},{"@type":"ListItem","position":2,"name":"A garantia do direito \u00e0 educa\u00e7\u00e3o de crian\u00e7as e adolescentes com defici\u00eancia no munic\u00edpio de Frederico Westphalen"}]},{"@type":"WebSite","@id":"https:\/\/inclusivenews.com.br\/#website","url":"https:\/\/inclusivenews.com.br\/","name":"Inclusive News","description":"Inclusive News","publisher":{"@id":"https:\/\/inclusivenews.com.br\/#organization"},"potentialAction":[{"@type":"SearchAction","target":{"@type":"EntryPoint","urlTemplate":"https:\/\/inclusivenews.com.br\/?s={search_term_string}"},"query-input":{"@type":"PropertyValueSpecification","valueRequired":true,"valueName":"search_term_string"}}],"inLanguage":"pt-PT"},{"@type":"Organization","@id":"https:\/\/inclusivenews.com.br\/#organization","name":"Inclusive - inclus\u00e3o e cidadania","url":"https:\/\/inclusivenews.com.br\/","logo":{"@type":"ImageObject","inLanguage":"pt-PT","@id":"https:\/\/inclusivenews.com.br\/#\/schema\/logo\/image\/","url":"https:\/\/inclusivenews.com.br\/wp-content\/uploads\/2024\/03\/@grandesite.png","contentUrl":"https:\/\/inclusivenews.com.br\/wp-content\/uploads\/2024\/03\/@grandesite.png","width":1080,"height":1080,"caption":"Inclusive - inclus\u00e3o e cidadania"},"image":{"@id":"https:\/\/inclusivenews.com.br\/#\/schema\/logo\/image\/"},"sameAs":["https:\/\/www.facebook.com\/agenciainclusive\/","https:\/\/www.instagram.com\/newsinclusive\/"]},{"@type":"Person","@id":"https:\/\/inclusivenews.com.br\/#\/schema\/person\/ae4ec7087559b8692fb33b6fffd2273b","name":"inclusivenews2024","image":{"@type":"ImageObject","inLanguage":"pt-PT","@id":"https:\/\/secure.gravatar.com\/avatar\/c5a7ef84c66fa914f55bc4f7ce26cfa275a3b9a1c5568b907bd184fb4dde7b40?s=96&d=mm&r=g","url":"https:\/\/secure.gravatar.com\/avatar\/c5a7ef84c66fa914f55bc4f7ce26cfa275a3b9a1c5568b907bd184fb4dde7b40?s=96&d=mm&r=g","contentUrl":"https:\/\/secure.gravatar.com\/avatar\/c5a7ef84c66fa914f55bc4f7ce26cfa275a3b9a1c5568b907bd184fb4dde7b40?s=96&d=mm&r=g","caption":"inclusivenews2024"},"sameAs":["https:\/\/inclusivenews.com.br"],"url":"https:\/\/inclusivenews.com.br\/?author=1"}]}},"_links":{"self":[{"href":"https:\/\/inclusivenews.com.br\/index.php?rest_route=\/wp\/v2\/posts\/16634","targetHints":{"allow":["GET"]}}],"collection":[{"href":"https:\/\/inclusivenews.com.br\/index.php?rest_route=\/wp\/v2\/posts"}],"about":[{"href":"https:\/\/inclusivenews.com.br\/index.php?rest_route=\/wp\/v2\/types\/post"}],"author":[{"embeddable":true,"href":"https:\/\/inclusivenews.com.br\/index.php?rest_route=\/wp\/v2\/users\/1"}],"replies":[{"embeddable":true,"href":"https:\/\/inclusivenews.com.br\/index.php?rest_route=%2Fwp%2Fv2%2Fcomments&post=16634"}],"version-history":[{"count":0,"href":"https:\/\/inclusivenews.com.br\/index.php?rest_route=\/wp\/v2\/posts\/16634\/revisions"}],"wp:attachment":[{"href":"https:\/\/inclusivenews.com.br\/index.php?rest_route=%2Fwp%2Fv2%2Fmedia&parent=16634"}],"wp:term":[{"taxonomy":"category","embeddable":true,"href":"https:\/\/inclusivenews.com.br\/index.php?rest_route=%2Fwp%2Fv2%2Fcategories&post=16634"},{"taxonomy":"post_tag","embeddable":true,"href":"https:\/\/inclusivenews.com.br\/index.php?rest_route=%2Fwp%2Fv2%2Ftags&post=16634"}],"curies":[{"name":"wp","href":"https:\/\/api.w.org\/{rel}","templated":true}]}}