{"id":16637,"date":"2010-07-23T05:57:58","date_gmt":"2010-07-23T08:57:58","guid":{"rendered":"http:\/\/www.inclusive.org.br\/?p=16637"},"modified":"2010-07-23T05:57:58","modified_gmt":"2010-07-23T08:57:58","slug":"cearense-e-campeao-brasileiro-de-mountain-bike-aos-53-anos","status":"publish","type":"post","link":"https:\/\/inclusivenews.com.br\/?p=16637","title":{"rendered":"Cearense \u00e9 campe\u00e3o brasileiro de mountain bike aos 53 anos"},"content":{"rendered":"<figure style=\"width: 255px\" class=\"wp-caption alignleft\"><img loading=\"lazy\" decoding=\"async\" class=\"   \" title=\"Jos\u00e9 Lito e seu filho Ailton mostram seus pr\u00eamios\" src=\"http:\/\/www.boanoticia.org.br\/arquivos\/Image\/noticias\/moutainbikecross.JPG\" alt=\"\" width=\"255\" height=\"191\" \/><figcaption class=\"wp-caption-text\"> <\/figcaption><\/figure>\n<p>Dizem que esportes radicais \u00e9 coisa para jovens, mas o cearense de Maranguape Jos\u00e9 Lito vem quebrando essa regra. Aos 53 anos o atleta j\u00e1 conquistou mais de 100 t\u00edtulos e no \u00faltimo domingo, 18, conquistou em Campo Largo no Paran\u00e1 o primeiro t\u00edtulo brasileiro de mountain bike cross na categoria master. O resultado classificou o ciclista para o mundial que ser\u00e1 disputado no m\u00eas de setembro em Santa Catarina.<\/p>\n<p>Para se tornar campe\u00e3o, Jos\u00e9 teve de vencer advers\u00e1rios fortes no cen\u00e1rio nacional, eram 8 atletas campe\u00f5es em seus estados, sendo que 5 desistiram pelas condi\u00e7\u00f5es do tempo, ou por problemas t\u00e9cnicos. Mas o maior desafio estava nas condi\u00e7\u00f5es da estrada e do clima, foram 21Km de lama e muito frio. O cearense teve que se adaptar rapidamente \u00e0 temperatura que chegou a 5\u00ba Celsius.<\/p>\n<p>Jos\u00e9 Lito trabalha como auxiliar numa empresa t\u00eaxtil e treina apenas quando tem tempo \u201cComo ainda n\u00e3o tenho patroc\u00ednio fixo, fica dif\u00edcil treinar mais forte, trabalho todo dia. Quando vou treinar tento recuperar o tempo perdido. J\u00e1 cheguei a pedalar duas horas seguidas subindo a serra&#8221;, conta o atleta.<\/p>\n<p>A hist\u00f3ria deste atleta se iguala a da maioria dos esportistas brasileiros, sem apoio, mas com muita perseveran\u00e7a. Come\u00e7ou no esporte em 1989, quando pedalava uma bicicleta conhecida na regi\u00e3o como \u201cMal\u00e3o\u201d quando participou de um pequeno torneio em Maranguape. \u201cDepois daquele campeonato, passei a me dedicar tamb\u00e9m ao esporte e a disputar os torneios. Gra\u00e7as a Deus j\u00e1 s\u00e3o mais de cem t\u00edtulos\u201d, diz Lito.<\/p>\n<p>Lito teve que disputar o campeonato brasileiro com uma bicicleta emprestada, a dele estava com problemas em algumas pe\u00e7as e ele n\u00e3o tinha dinheiro para consertar. As premia\u00e7\u00f5es dos campeonatos s\u00e3o muito baixas, no brasileiro, ele recebeu R$100 e s\u00f3 o conserto do pneu custou R$120.<\/p>\n<p>Mesmo com toda dificuldade, Lito sente orgulho ao ver seu filho mais novo seguindo seus passos no esporte. A\u00edlton de apenas 15 anos, tamb\u00e9m disputou o campeonato brasileiro na categoria juvenil e conseguiu o 8\u00ba lugar dentre os 28 atletas concorrentes \u201cSinto muito orgulho de meu filho, o esporte deixa ele longe das drogas e de outras coisas ruins que o mundo oferece aos jovens de hoje\u201d, comemora o pai.<\/p>\n<p>Para a viagem pai e filho conseguiram as passagens por meio da Secretaria de Esporte do Estado e com o resultado os atletas esperam receber bolsa para continuar a trazer t\u00edtulos e orgulho para o cear\u00e1. \u201cEspero que as empresas tamb\u00e9m possam entrar em contato com a gente, o mundial ser\u00e1 daqui a dois meses e precisamos de verba para pagar os gastos\u201d, finaliza o atleta.<\/p>\n<p>Contato: Jos\u00e9 Lito \u2013 (fone: 85 8729 0845)<\/p>\n<p>__________________________________________<\/p>\n<p><strong>Fonte:<\/strong> <a href=\"http:\/\/www.boanoticia.org.br\/noticias_detalhes.asp?Cod=1965\">Ag\u00eancia da Boa Not\u00edcia &#8211; (fone: 85 3224 5509)<\/a><\/p>\n","protected":false},"excerpt":{"rendered":"<p>Jos\u00e9 Lito trabalha como auxiliar numa empresa t\u00eaxtil e treina apenas quando tem tempo \u201cComo ainda n\u00e3o tenho patroc\u00ednio fixo, fica dif\u00edcil treinar mais forte, trabalho todo dia. Quando vou treinar tento recuperar o tempo perdido. J\u00e1 cheguei a pedalar duas horas seguidas subindo a serra&#8221;, conta o atleta. Informa\u00e7\u00e3o \u00e9 da Ag\u00eancia da Boa Not\u00edcia.<\/p>\n","protected":false},"author":1,"featured_media":0,"comment_status":"open","ping_status":"open","sticky":false,"template":"","format":"standard","meta":{"site-container-style":"default","site-container-layout":"default","site-sidebar-layout":"default","disable-article-header":"default","disable-site-header":"default","disable-site-footer":"default","disable-content-area-spacing":"default","footnotes":""},"categories":[33],"tags":[],"class_list":["post-16637","post","type-post","status-publish","format-standard","hentry","category-reportagem"],"yoast_head":"<!-- This site is optimized with the Yoast SEO plugin v27.4 - https:\/\/yoast.com\/product\/yoast-seo-wordpress\/ -->\n<title>Cearense \u00e9 campe\u00e3o brasileiro de mountain bike aos 53 anos -<\/title>\n<meta name=\"robots\" content=\"index, follow, max-snippet:-1, max-image-preview:large, max-video-preview:-1\" \/>\n<link rel=\"canonical\" href=\"https:\/\/inclusivenews.com.br\/?p=16637\" \/>\n<meta property=\"og:locale\" content=\"pt_PT\" \/>\n<meta property=\"og:type\" content=\"article\" \/>\n<meta property=\"og:title\" content=\"Cearense \u00e9 campe\u00e3o brasileiro de mountain bike aos 53 anos -\" \/>\n<meta property=\"og:description\" content=\"Jos\u00e9 Lito trabalha como auxiliar numa empresa t\u00eaxtil e treina apenas quando tem tempo \u201cComo ainda n\u00e3o tenho patroc\u00ednio fixo, fica dif\u00edcil treinar mais forte, trabalho todo dia. Quando vou treinar tento recuperar o tempo perdido. J\u00e1 cheguei a pedalar duas horas seguidas subindo a serra&quot;, conta o atleta. Informa\u00e7\u00e3o \u00e9 da Ag\u00eancia da Boa Not\u00edcia.\" \/>\n<meta property=\"og:url\" content=\"https:\/\/inclusivenews.com.br\/?p=16637\" \/>\n<meta property=\"article:publisher\" content=\"https:\/\/www.facebook.com\/agenciainclusive\/\" \/>\n<meta property=\"article:published_time\" content=\"2010-07-23T08:57:58+00:00\" \/>\n<meta property=\"og:image\" content=\"http:\/\/www.boanoticia.org.br\/arquivos\/Image\/noticias\/moutainbikecross.JPG\" \/>\n<meta name=\"author\" content=\"inclusivenews2024\" \/>\n<meta name=\"twitter:card\" content=\"summary_large_image\" \/>\n<meta name=\"twitter:label1\" content=\"Escrito por\" \/>\n\t<meta name=\"twitter:data1\" content=\"inclusivenews2024\" \/>\n\t<meta name=\"twitter:label2\" content=\"Tempo estimado de leitura\" \/>\n\t<meta name=\"twitter:data2\" content=\"2 minutos\" \/>\n<script type=\"application\/ld+json\" class=\"yoast-schema-graph\">{\"@context\":\"https:\\\/\\\/schema.org\",\"@graph\":[{\"@type\":\"Article\",\"@id\":\"https:\\\/\\\/inclusivenews.com.br\\\/?p=16637#article\",\"isPartOf\":{\"@id\":\"https:\\\/\\\/inclusivenews.com.br\\\/?p=16637\"},\"author\":{\"name\":\"inclusivenews2024\",\"@id\":\"https:\\\/\\\/inclusivenews.com.br\\\/#\\\/schema\\\/person\\\/ae4ec7087559b8692fb33b6fffd2273b\"},\"headline\":\"Cearense \u00e9 campe\u00e3o brasileiro de mountain bike aos 53 anos\",\"datePublished\":\"2010-07-23T08:57:58+00:00\",\"mainEntityOfPage\":{\"@id\":\"https:\\\/\\\/inclusivenews.com.br\\\/?p=16637\"},\"wordCount\":480,\"commentCount\":1,\"publisher\":{\"@id\":\"https:\\\/\\\/inclusivenews.com.br\\\/#organization\"},\"image\":{\"@id\":\"https:\\\/\\\/inclusivenews.com.br\\\/?p=16637#primaryimage\"},\"thumbnailUrl\":\"http:\\\/\\\/www.boanoticia.org.br\\\/arquivos\\\/Image\\\/noticias\\\/moutainbikecross.JPG\",\"articleSection\":[\"Reportagem\"],\"inLanguage\":\"pt-PT\",\"potentialAction\":[{\"@type\":\"CommentAction\",\"name\":\"Comment\",\"target\":[\"https:\\\/\\\/inclusivenews.com.br\\\/?p=16637#respond\"]}]},{\"@type\":\"WebPage\",\"@id\":\"https:\\\/\\\/inclusivenews.com.br\\\/?p=16637\",\"url\":\"https:\\\/\\\/inclusivenews.com.br\\\/?p=16637\",\"name\":\"Cearense \u00e9 campe\u00e3o brasileiro de mountain bike aos 53 anos -\",\"isPartOf\":{\"@id\":\"https:\\\/\\\/inclusivenews.com.br\\\/#website\"},\"primaryImageOfPage\":{\"@id\":\"https:\\\/\\\/inclusivenews.com.br\\\/?p=16637#primaryimage\"},\"image\":{\"@id\":\"https:\\\/\\\/inclusivenews.com.br\\\/?p=16637#primaryimage\"},\"thumbnailUrl\":\"http:\\\/\\\/www.boanoticia.org.br\\\/arquivos\\\/Image\\\/noticias\\\/moutainbikecross.JPG\",\"datePublished\":\"2010-07-23T08:57:58+00:00\",\"breadcrumb\":{\"@id\":\"https:\\\/\\\/inclusivenews.com.br\\\/?p=16637#breadcrumb\"},\"inLanguage\":\"pt-PT\",\"potentialAction\":[{\"@type\":\"ReadAction\",\"target\":[\"https:\\\/\\\/inclusivenews.com.br\\\/?p=16637\"]}]},{\"@type\":\"ImageObject\",\"inLanguage\":\"pt-PT\",\"@id\":\"https:\\\/\\\/inclusivenews.com.br\\\/?p=16637#primaryimage\",\"url\":\"http:\\\/\\\/www.boanoticia.org.br\\\/arquivos\\\/Image\\\/noticias\\\/moutainbikecross.JPG\",\"contentUrl\":\"http:\\\/\\\/www.boanoticia.org.br\\\/arquivos\\\/Image\\\/noticias\\\/moutainbikecross.JPG\"},{\"@type\":\"BreadcrumbList\",\"@id\":\"https:\\\/\\\/inclusivenews.com.br\\\/?p=16637#breadcrumb\",\"itemListElement\":[{\"@type\":\"ListItem\",\"position\":1,\"name\":\"In\u00edcio\",\"item\":\"https:\\\/\\\/inclusivenews.com.br\\\/\"},{\"@type\":\"ListItem\",\"position\":2,\"name\":\"Cearense \u00e9 campe\u00e3o brasileiro de mountain bike aos 53 anos\"}]},{\"@type\":\"WebSite\",\"@id\":\"https:\\\/\\\/inclusivenews.com.br\\\/#website\",\"url\":\"https:\\\/\\\/inclusivenews.com.br\\\/\",\"name\":\"Inclusive News\",\"description\":\"Inclusive News\",\"publisher\":{\"@id\":\"https:\\\/\\\/inclusivenews.com.br\\\/#organization\"},\"potentialAction\":[{\"@type\":\"SearchAction\",\"target\":{\"@type\":\"EntryPoint\",\"urlTemplate\":\"https:\\\/\\\/inclusivenews.com.br\\\/?s={search_term_string}\"},\"query-input\":{\"@type\":\"PropertyValueSpecification\",\"valueRequired\":true,\"valueName\":\"search_term_string\"}}],\"inLanguage\":\"pt-PT\"},{\"@type\":\"Organization\",\"@id\":\"https:\\\/\\\/inclusivenews.com.br\\\/#organization\",\"name\":\"Inclusive - inclus\u00e3o e cidadania\",\"url\":\"https:\\\/\\\/inclusivenews.com.br\\\/\",\"logo\":{\"@type\":\"ImageObject\",\"inLanguage\":\"pt-PT\",\"@id\":\"https:\\\/\\\/inclusivenews.com.br\\\/#\\\/schema\\\/logo\\\/image\\\/\",\"url\":\"https:\\\/\\\/inclusivenews.com.br\\\/wp-content\\\/uploads\\\/2024\\\/03\\\/@grandesite.png\",\"contentUrl\":\"https:\\\/\\\/inclusivenews.com.br\\\/wp-content\\\/uploads\\\/2024\\\/03\\\/@grandesite.png\",\"width\":1080,\"height\":1080,\"caption\":\"Inclusive - inclus\u00e3o e cidadania\"},\"image\":{\"@id\":\"https:\\\/\\\/inclusivenews.com.br\\\/#\\\/schema\\\/logo\\\/image\\\/\"},\"sameAs\":[\"https:\\\/\\\/www.facebook.com\\\/agenciainclusive\\\/\",\"https:\\\/\\\/www.instagram.com\\\/newsinclusive\\\/\"]},{\"@type\":\"Person\",\"@id\":\"https:\\\/\\\/inclusivenews.com.br\\\/#\\\/schema\\\/person\\\/ae4ec7087559b8692fb33b6fffd2273b\",\"name\":\"inclusivenews2024\",\"image\":{\"@type\":\"ImageObject\",\"inLanguage\":\"pt-PT\",\"@id\":\"https:\\\/\\\/secure.gravatar.com\\\/avatar\\\/c5a7ef84c66fa914f55bc4f7ce26cfa275a3b9a1c5568b907bd184fb4dde7b40?s=96&d=mm&r=g\",\"url\":\"https:\\\/\\\/secure.gravatar.com\\\/avatar\\\/c5a7ef84c66fa914f55bc4f7ce26cfa275a3b9a1c5568b907bd184fb4dde7b40?s=96&d=mm&r=g\",\"contentUrl\":\"https:\\\/\\\/secure.gravatar.com\\\/avatar\\\/c5a7ef84c66fa914f55bc4f7ce26cfa275a3b9a1c5568b907bd184fb4dde7b40?s=96&d=mm&r=g\",\"caption\":\"inclusivenews2024\"},\"sameAs\":[\"https:\\\/\\\/inclusivenews.com.br\"],\"url\":\"https:\\\/\\\/inclusivenews.com.br\\\/?author=1\"}]}<\/script>\n<!-- \/ Yoast SEO plugin. -->","yoast_head_json":{"title":"Cearense \u00e9 campe\u00e3o brasileiro de mountain bike aos 53 anos -","robots":{"index":"index","follow":"follow","max-snippet":"max-snippet:-1","max-image-preview":"max-image-preview:large","max-video-preview":"max-video-preview:-1"},"canonical":"https:\/\/inclusivenews.com.br\/?p=16637","og_locale":"pt_PT","og_type":"article","og_title":"Cearense \u00e9 campe\u00e3o brasileiro de mountain bike aos 53 anos -","og_description":"Jos\u00e9 Lito trabalha como auxiliar numa empresa t\u00eaxtil e treina apenas quando tem tempo \u201cComo ainda n\u00e3o tenho patroc\u00ednio fixo, fica dif\u00edcil treinar mais forte, trabalho todo dia. Quando vou treinar tento recuperar o tempo perdido. J\u00e1 cheguei a pedalar duas horas seguidas subindo a serra\", conta o atleta. Informa\u00e7\u00e3o \u00e9 da Ag\u00eancia da Boa Not\u00edcia.","og_url":"https:\/\/inclusivenews.com.br\/?p=16637","article_publisher":"https:\/\/www.facebook.com\/agenciainclusive\/","article_published_time":"2010-07-23T08:57:58+00:00","og_image":[{"url":"http:\/\/www.boanoticia.org.br\/arquivos\/Image\/noticias\/moutainbikecross.JPG","type":"","width":"","height":""}],"author":"inclusivenews2024","twitter_card":"summary_large_image","twitter_misc":{"Escrito por":"inclusivenews2024","Tempo estimado de leitura":"2 minutos"},"schema":{"@context":"https:\/\/schema.org","@graph":[{"@type":"Article","@id":"https:\/\/inclusivenews.com.br\/?p=16637#article","isPartOf":{"@id":"https:\/\/inclusivenews.com.br\/?p=16637"},"author":{"name":"inclusivenews2024","@id":"https:\/\/inclusivenews.com.br\/#\/schema\/person\/ae4ec7087559b8692fb33b6fffd2273b"},"headline":"Cearense \u00e9 campe\u00e3o brasileiro de mountain bike aos 53 anos","datePublished":"2010-07-23T08:57:58+00:00","mainEntityOfPage":{"@id":"https:\/\/inclusivenews.com.br\/?p=16637"},"wordCount":480,"commentCount":1,"publisher":{"@id":"https:\/\/inclusivenews.com.br\/#organization"},"image":{"@id":"https:\/\/inclusivenews.com.br\/?p=16637#primaryimage"},"thumbnailUrl":"http:\/\/www.boanoticia.org.br\/arquivos\/Image\/noticias\/moutainbikecross.JPG","articleSection":["Reportagem"],"inLanguage":"pt-PT","potentialAction":[{"@type":"CommentAction","name":"Comment","target":["https:\/\/inclusivenews.com.br\/?p=16637#respond"]}]},{"@type":"WebPage","@id":"https:\/\/inclusivenews.com.br\/?p=16637","url":"https:\/\/inclusivenews.com.br\/?p=16637","name":"Cearense \u00e9 campe\u00e3o brasileiro de mountain bike aos 53 anos -","isPartOf":{"@id":"https:\/\/inclusivenews.com.br\/#website"},"primaryImageOfPage":{"@id":"https:\/\/inclusivenews.com.br\/?p=16637#primaryimage"},"image":{"@id":"https:\/\/inclusivenews.com.br\/?p=16637#primaryimage"},"thumbnailUrl":"http:\/\/www.boanoticia.org.br\/arquivos\/Image\/noticias\/moutainbikecross.JPG","datePublished":"2010-07-23T08:57:58+00:00","breadcrumb":{"@id":"https:\/\/inclusivenews.com.br\/?p=16637#breadcrumb"},"inLanguage":"pt-PT","potentialAction":[{"@type":"ReadAction","target":["https:\/\/inclusivenews.com.br\/?p=16637"]}]},{"@type":"ImageObject","inLanguage":"pt-PT","@id":"https:\/\/inclusivenews.com.br\/?p=16637#primaryimage","url":"http:\/\/www.boanoticia.org.br\/arquivos\/Image\/noticias\/moutainbikecross.JPG","contentUrl":"http:\/\/www.boanoticia.org.br\/arquivos\/Image\/noticias\/moutainbikecross.JPG"},{"@type":"BreadcrumbList","@id":"https:\/\/inclusivenews.com.br\/?p=16637#breadcrumb","itemListElement":[{"@type":"ListItem","position":1,"name":"In\u00edcio","item":"https:\/\/inclusivenews.com.br\/"},{"@type":"ListItem","position":2,"name":"Cearense \u00e9 campe\u00e3o brasileiro de mountain bike aos 53 anos"}]},{"@type":"WebSite","@id":"https:\/\/inclusivenews.com.br\/#website","url":"https:\/\/inclusivenews.com.br\/","name":"Inclusive News","description":"Inclusive News","publisher":{"@id":"https:\/\/inclusivenews.com.br\/#organization"},"potentialAction":[{"@type":"SearchAction","target":{"@type":"EntryPoint","urlTemplate":"https:\/\/inclusivenews.com.br\/?s={search_term_string}"},"query-input":{"@type":"PropertyValueSpecification","valueRequired":true,"valueName":"search_term_string"}}],"inLanguage":"pt-PT"},{"@type":"Organization","@id":"https:\/\/inclusivenews.com.br\/#organization","name":"Inclusive - inclus\u00e3o e cidadania","url":"https:\/\/inclusivenews.com.br\/","logo":{"@type":"ImageObject","inLanguage":"pt-PT","@id":"https:\/\/inclusivenews.com.br\/#\/schema\/logo\/image\/","url":"https:\/\/inclusivenews.com.br\/wp-content\/uploads\/2024\/03\/@grandesite.png","contentUrl":"https:\/\/inclusivenews.com.br\/wp-content\/uploads\/2024\/03\/@grandesite.png","width":1080,"height":1080,"caption":"Inclusive - inclus\u00e3o e cidadania"},"image":{"@id":"https:\/\/inclusivenews.com.br\/#\/schema\/logo\/image\/"},"sameAs":["https:\/\/www.facebook.com\/agenciainclusive\/","https:\/\/www.instagram.com\/newsinclusive\/"]},{"@type":"Person","@id":"https:\/\/inclusivenews.com.br\/#\/schema\/person\/ae4ec7087559b8692fb33b6fffd2273b","name":"inclusivenews2024","image":{"@type":"ImageObject","inLanguage":"pt-PT","@id":"https:\/\/secure.gravatar.com\/avatar\/c5a7ef84c66fa914f55bc4f7ce26cfa275a3b9a1c5568b907bd184fb4dde7b40?s=96&d=mm&r=g","url":"https:\/\/secure.gravatar.com\/avatar\/c5a7ef84c66fa914f55bc4f7ce26cfa275a3b9a1c5568b907bd184fb4dde7b40?s=96&d=mm&r=g","contentUrl":"https:\/\/secure.gravatar.com\/avatar\/c5a7ef84c66fa914f55bc4f7ce26cfa275a3b9a1c5568b907bd184fb4dde7b40?s=96&d=mm&r=g","caption":"inclusivenews2024"},"sameAs":["https:\/\/inclusivenews.com.br"],"url":"https:\/\/inclusivenews.com.br\/?author=1"}]}},"_links":{"self":[{"href":"https:\/\/inclusivenews.com.br\/index.php?rest_route=\/wp\/v2\/posts\/16637","targetHints":{"allow":["GET"]}}],"collection":[{"href":"https:\/\/inclusivenews.com.br\/index.php?rest_route=\/wp\/v2\/posts"}],"about":[{"href":"https:\/\/inclusivenews.com.br\/index.php?rest_route=\/wp\/v2\/types\/post"}],"author":[{"embeddable":true,"href":"https:\/\/inclusivenews.com.br\/index.php?rest_route=\/wp\/v2\/users\/1"}],"replies":[{"embeddable":true,"href":"https:\/\/inclusivenews.com.br\/index.php?rest_route=%2Fwp%2Fv2%2Fcomments&post=16637"}],"version-history":[{"count":0,"href":"https:\/\/inclusivenews.com.br\/index.php?rest_route=\/wp\/v2\/posts\/16637\/revisions"}],"wp:attachment":[{"href":"https:\/\/inclusivenews.com.br\/index.php?rest_route=%2Fwp%2Fv2%2Fmedia&parent=16637"}],"wp:term":[{"taxonomy":"category","embeddable":true,"href":"https:\/\/inclusivenews.com.br\/index.php?rest_route=%2Fwp%2Fv2%2Fcategories&post=16637"},{"taxonomy":"post_tag","embeddable":true,"href":"https:\/\/inclusivenews.com.br\/index.php?rest_route=%2Fwp%2Fv2%2Ftags&post=16637"}],"curies":[{"name":"wp","href":"https:\/\/api.w.org\/{rel}","templated":true}]}}