{"id":16646,"date":"2010-07-23T06:01:03","date_gmt":"2010-07-23T09:01:03","guid":{"rendered":"http:\/\/www.inclusive.org.br\/?p=16646"},"modified":"2010-07-23T06:01:03","modified_gmt":"2010-07-23T09:01:03","slug":"ideb-e-educacao-basica-da-retorica-a-realidade","status":"publish","type":"post","link":"https:\/\/inclusivenews.com.br\/?p=16646","title":{"rendered":"IDEB e educa\u00e7\u00e3o b\u00e1sica: da ret\u00f3rica a realidade"},"content":{"rendered":"<figure style=\"width: 224px\" class=\"wp-caption alignleft\"><img loading=\"lazy\" decoding=\"async\" title=\"Uma sala de aula vazia e com o piso em peda\u00e7os\" src=\"http:\/\/2.bp.blogspot.com\/_8usOdprQu5s\/TEXjrsD4DGI\/AAAAAAAAB5I\/PDx4wi_6eQA\/s320\/FotoSketcher+-+escola-precaria-hg-20091130.jpg\" alt=\"\" width=\"224\" height=\"168\" \/><figcaption class=\"wp-caption-text\"> <\/figcaption><\/figure>\n<p><strong>Por Wellington Fontes Menezes *<\/strong><\/p>\n<p>Com a divulga\u00e7\u00e3o do in\u00edcio do m\u00eas de julho pelo Minist\u00e9rio da Educa\u00e7\u00e3o (MEC) dos n\u00fameros do \u00cdndice de Desenvolvimento B\u00e1sico da Educa\u00e7\u00e3o (Ideb), para quem acompanha o est\u00e1gio atual da Educa\u00e7\u00e3o B\u00e1sica no Brasil j\u00e1 era esperado muita publicidade ufanista para uma lament\u00e1vel realidade. \u00c9 sabido que a Educa\u00e7\u00e3o B\u00e1sica p\u00fablica nunca foi prioridade real de nenhum governo na esfera federal ou estadual, salvo ex\u00edguas exce\u00e7\u00f5es em pequenos munic\u00edpios. Logo, todo o discurso que se faz em torno da Educa\u00e7\u00e3o B\u00e1sica \u00e9 muito mais verborr\u00e1gico do que efetividade governamental.<\/p>\n<p>Estat\u00edsticas servem como norteadores e nunca como verdades absolutas. Por sua vez, os n\u00fameros das estat\u00edsticas podem ser curiosos. Analisar seus significados em aspectos positivos ou negativos ser\u00e1 trabalhado de acordo com o seu articulador. \u00c9 a hist\u00f3ria do copo pela metade de \u00e1gua: meio cheio ou meio vazio. Isto n\u00e3o significa formalmente \u201cmanipula\u00e7\u00e3o\u201d, mas uma \u201cinterpreta\u00e7\u00e3o\u201d de dados. Sendo assim, o Ideb segue como mais um norteador burocr\u00e1tico criado pelo governo federal para diagnosticar obviedades na educa\u00e7\u00e3o b\u00e1sica.<\/p>\n<p>Usando a l\u00f3gica do ch\u00e3o de f\u00e1brica do tecnicismo metrol\u00f3gico, segundo seus idealizadores e medido a cada dois anos, o Ideb serviria para avaliar o desempenho e propor \u201cmetas\u201d a serem atingidas at\u00e9 2022. Neste caso, o Ideb \u00e9 composto de dados auferidos por algumas notas de provinhas que enfatizam a matem\u00e1tica e l\u00edngua portuguesa realizadas pelos alunos das s\u00e9ries iniciais e finais do Ensino Fundamental e do Ensino M\u00e9dio. As \u201cmetas\u201d a serem al\u00e7adas pelas unidades de ensino s\u00e3o propostas pelos t\u00e9cnicos do Instituto Nacional de Pesquisas Estat\u00edsticas (INEP).<\/p>\n<p>Os dados da m\u00e9dia nacional do Ideb rec\u00e9m divulgados pelo INEP para as s\u00e9ries iniciais do Ensino Fundamental para 2005, 2007 e 2009 foram respectivamente, 3,8, 4,2 e 4,6. Para a proje\u00e7\u00e3o das metas para ao per\u00edodo 2007, 2009 e 2021 s\u00e3o respectivamente, 3,9, 4,2 e 6,0. Para as s\u00e9ries finais do Ensino Fundamental, os dados obtidos para 2005, 2007 e 2009 foram respectivamente 3,5, 3,8 e 4,0. A meta estabelecida para esta s\u00e9rie para os anos de 2007, 2009 e 2021 foi respectivamente de 3,5, 3,7 e 5,5. E por fim, a avalia\u00e7\u00e3o nacional para o Ensino M\u00e9dio observado para 2005, 2005 e 2009 foi respectivamente, 3,4, 3,5 e 3,6. A proje\u00e7\u00e3o das metas para o Ensino M\u00e9dio para 2007, 2009 e 2022 foi respectivamente 3,4, 3,5 e 5,2. Cada unidade escolar, p\u00fablica e privada, possui seus respectivos valores medidos e suas metas de proje\u00e7\u00e3o pelos t\u00e9cnicos do INEP. Segundo o pr\u00f3prio site oficial do MEC, por meio de aporte de recursos do Fundo da Educa\u00e7\u00e3o B\u00e1sica (FUNDEB), o \u00f3rg\u00e3o promete dar suporte para munic\u00edpios e estados para aplicarem nas escolas e supostamente melhorarem seus \u00edndices do Ideb, com \u00eanfase na alfabetiza\u00e7\u00e3o de todas as crian\u00e7as at\u00e9 oito anos de idade.<\/p>\n<p>O investimento por aluno na Educa\u00e7\u00e3o B\u00e1sica \u00e9 muito aqu\u00e9m do que se poderia esperar de um m\u00ednimo padr\u00e3o aceit\u00e1vel. Utilizando os mesmos dados disponibilizados pelo INEP\/MEC em n\u00edvel nacional, entre 2000 e 2008, o investimento m\u00e9dio anual por aluno na Educa\u00e7\u00e3o B\u00e1sica foi de R$ 1.752,89, ou seja, cerca de R$ 146 ao m\u00eas por aluno. Neste mesmo per\u00edodo, no caso do Ensino M\u00e9dio, foi de R$ 1.434,78, ou seja, o valor m\u00e9dio por aluno de R$ 120 ao m\u00eas. Estes dados s\u00e3o referentes ao investimento governamental direto em educa\u00e7\u00e3o p\u00fablica.<\/p>\n<p>Por mais inveross\u00edmil que possa apresentar em pleno s\u00e9culo XXI no Brasil, somente no ano de 2008 foi decretado o piso nacional que trata do sal\u00e1rio do professor da Educa\u00e7\u00e3o B\u00e1sica. A Lei n\u00ba 11.738 sancionada pelo presidente da Rep\u00fablica estipulando o valor de R$ 950 mensais para uma jornada m\u00e1xima de 40 horas semanais. Bem acima dos mitos tecnol\u00f3gicos e as fal\u00e1cias do ensino a dist\u00e2ncia, \u00e9 importante frisar que a estrutura educacional \u00e9 alicer\u00e7ada essencialmente pelos recursos humanos. Al\u00e9m das not\u00f3rias disparidades econ\u00f4micas regionais, a falta de subs\u00eddios para os professores e conjunto com as prec\u00e1rias estruturas de trabalho e de forma\u00e7\u00e3o e atualiza\u00e7\u00e3o profissional colaboram profundamente para a degenera\u00e7\u00e3o do quadro da Educa\u00e7\u00e3o B\u00e1sica p\u00fablica no pa\u00eds.<\/p>\n<p>De todas as categorias profissionais do servi\u00e7o p\u00fablico e sua import\u00e2ncia social, o of\u00edcio docente da Educa\u00e7\u00e3o B\u00e1sica \u00e9 a que mais sofre pelo profundo descaso das a\u00e7\u00f5es governamentais. H\u00e1 poucas vagas nos cursos de licenciatura nas universidades p\u00fablicas e a forma\u00e7\u00e3o do professor da rede p\u00fablica \u00e9 basicamente relegada para as faculdades privadas que muitas delas fazem promo\u00e7\u00f5es ao estilo \u201cpague um e leve dois\u201d cursos de licenciatura. A farra indiscriminada da p\u00edfia qualidade de ensino da grande maioria destas empresas privadas disfar\u00e7adas em faculdades \u00e9 negligenciada pelo MEC. Quando a educa\u00e7\u00e3o \u00e9 tratada um mero produto mercantil o resultado \u00e9 a n\u00edtida falta de social com sua finalidade prim\u00e1ria.<\/p>\n<p>Na balan\u00e7a entre o p\u00fablico e o privado que falsamente \u00e9 induzido o debate educacional, os pais que podem subsidiar a educa\u00e7\u00e3o de seus filhos encontram escolas que na m\u00e9dia nacional ainda est\u00e3o abaixo ou, no m\u00e1ximo, no limite das metas estabelecidas pelos crit\u00e9rios do Ideb. Supostamente, com maior aporte de recursos proveniente das mensalidades cobradas pelas empresas gerenciadoras, tais escolas privadas patinam no mito da \u201csuperioridade\u201d em n\u00edveis de qualidade e nas veleidades consumistas dos pais dos alunos que em geral tratam a educa\u00e7\u00e3o como mera mercadoria.<\/p>\n<p>Sem uma profunda mudan\u00e7a na estrutura educacional da Educa\u00e7\u00e3o B\u00e1sica p\u00fablica aliada ao aporte de recursos financeiros com valoriza\u00e7\u00e3o efetiva dos professores pouco adiantar\u00e1 gastar dinheiro p\u00fablico na elabora\u00e7\u00e3o id\u00edlica de modelos estat\u00edsticos e econom\u00e9tricos. Sobretudo vale ainda destacar que ao n\u00e3o tratar educa\u00e7\u00e3o p\u00fablica como verdadeira prioridade governamental, \u00e9 relegar milh\u00f5es de brasileiros ao ostracismo da ignor\u00e2ncia e mis\u00e9ria, al\u00e9m da manuten\u00e7\u00e3o perpetua das disparidades sociais. Para quem acredita no vislumbre sedutor das estat\u00edsticas, basta uma breve visita a qualquer uma escola p\u00fablica \u201cn\u00e3o-maquilada\u201d para sentir o abismo que adormece a Educa\u00e7\u00e3o B\u00e1sica brasileira.<\/p>\n<p><strong>* Wellington Fontes Menezes<\/strong> \u00e9 mestrando em Ci\u00eancias Sociais pela Universidade Estadual Paulista (UNESP), bacharel e licenciado em F\u00edsica pela Universidade de S\u00e3o Paulo (USP) e professor da Rede P\u00fablica do estado de S\u00e3o Paulo. \u00a0Contato: wfmenezes@uol.com.br<br \/>\nBlog do autor: http:\/\/www.wfmenezes.blogspot.com\/<\/p>\n<p>_____________<\/p>\n<p><strong>Fonte:<\/strong> <a href=\"http:\/\/wfmenezes.blogspot.com\/2010\/07\/ideb-e-educacao-basica-da-retorica.html\">O autor<\/a><\/p>\n","protected":false},"excerpt":{"rendered":"<p>Para quem acredita no vislumbre sedutor das estat\u00edsticas, basta uma breve visita a qualquer uma escola p\u00fablica \u201cn\u00e3o-maquilada\u201d para sentir o abismo que adormece a Educa\u00e7\u00e3o B\u00e1sica brasileira. Texto \u00e9 de Wellington Fontes Menezes.<\/p>\n","protected":false},"author":1,"featured_media":0,"comment_status":"open","ping_status":"open","sticky":false,"template":"","format":"standard","meta":{"site-container-style":"default","site-container-layout":"default","site-sidebar-layout":"default","disable-article-header":"default","disable-site-header":"default","disable-site-footer":"default","disable-content-area-spacing":"default","footnotes":""},"categories":[6,8],"tags":[],"class_list":["post-16646","post","type-post","status-publish","format-standard","hentry","category-educacao","category-textos-e-artigos"],"yoast_head":"<!-- This site is optimized with the Yoast SEO plugin v27.4 - https:\/\/yoast.com\/product\/yoast-seo-wordpress\/ -->\n<title>IDEB e educa\u00e7\u00e3o b\u00e1sica: da ret\u00f3rica a realidade -<\/title>\n<meta name=\"robots\" content=\"index, follow, max-snippet:-1, max-image-preview:large, max-video-preview:-1\" \/>\n<link rel=\"canonical\" href=\"https:\/\/inclusivenews.com.br\/?p=16646\" \/>\n<meta property=\"og:locale\" content=\"pt_PT\" \/>\n<meta property=\"og:type\" content=\"article\" \/>\n<meta property=\"og:title\" content=\"IDEB e educa\u00e7\u00e3o b\u00e1sica: da ret\u00f3rica a realidade -\" \/>\n<meta property=\"og:description\" content=\"Para quem acredita no vislumbre sedutor das estat\u00edsticas, basta uma breve visita a qualquer uma escola p\u00fablica \u201cn\u00e3o-maquilada\u201d para sentir o abismo que adormece a Educa\u00e7\u00e3o B\u00e1sica brasileira. Texto \u00e9 de Wellington Fontes Menezes.\" \/>\n<meta property=\"og:url\" content=\"https:\/\/inclusivenews.com.br\/?p=16646\" \/>\n<meta property=\"article:publisher\" content=\"https:\/\/www.facebook.com\/agenciainclusive\/\" \/>\n<meta property=\"article:published_time\" content=\"2010-07-23T09:01:03+00:00\" \/>\n<meta property=\"og:image\" content=\"http:\/\/2.bp.blogspot.com\/_8usOdprQu5s\/TEXjrsD4DGI\/AAAAAAAAB5I\/PDx4wi_6eQA\/s320\/FotoSketcher+-+escola-precaria-hg-20091130.jpg\" \/>\n<meta name=\"author\" content=\"inclusivenews2024\" \/>\n<meta name=\"twitter:card\" content=\"summary_large_image\" \/>\n<meta name=\"twitter:label1\" content=\"Escrito por\" \/>\n\t<meta name=\"twitter:data1\" content=\"inclusivenews2024\" \/>\n\t<meta name=\"twitter:label2\" content=\"Tempo estimado de leitura\" \/>\n\t<meta name=\"twitter:data2\" content=\"6 minutos\" \/>\n<script type=\"application\/ld+json\" class=\"yoast-schema-graph\">{\"@context\":\"https:\\\/\\\/schema.org\",\"@graph\":[{\"@type\":\"Article\",\"@id\":\"https:\\\/\\\/inclusivenews.com.br\\\/?p=16646#article\",\"isPartOf\":{\"@id\":\"https:\\\/\\\/inclusivenews.com.br\\\/?p=16646\"},\"author\":{\"name\":\"inclusivenews2024\",\"@id\":\"https:\\\/\\\/inclusivenews.com.br\\\/#\\\/schema\\\/person\\\/ae4ec7087559b8692fb33b6fffd2273b\"},\"headline\":\"IDEB e educa\u00e7\u00e3o b\u00e1sica: da ret\u00f3rica a realidade\",\"datePublished\":\"2010-07-23T09:01:03+00:00\",\"mainEntityOfPage\":{\"@id\":\"https:\\\/\\\/inclusivenews.com.br\\\/?p=16646\"},\"wordCount\":1137,\"commentCount\":0,\"publisher\":{\"@id\":\"https:\\\/\\\/inclusivenews.com.br\\\/#organization\"},\"image\":{\"@id\":\"https:\\\/\\\/inclusivenews.com.br\\\/?p=16646#primaryimage\"},\"thumbnailUrl\":\"http:\\\/\\\/2.bp.blogspot.com\\\/_8usOdprQu5s\\\/TEXjrsD4DGI\\\/AAAAAAAAB5I\\\/PDx4wi_6eQA\\\/s320\\\/FotoSketcher+-+escola-precaria-hg-20091130.jpg\",\"articleSection\":[\"EDUCA\u00c7\u00c3O\",\"OPINI\u00c3O\"],\"inLanguage\":\"pt-PT\",\"potentialAction\":[{\"@type\":\"CommentAction\",\"name\":\"Comment\",\"target\":[\"https:\\\/\\\/inclusivenews.com.br\\\/?p=16646#respond\"]}]},{\"@type\":\"WebPage\",\"@id\":\"https:\\\/\\\/inclusivenews.com.br\\\/?p=16646\",\"url\":\"https:\\\/\\\/inclusivenews.com.br\\\/?p=16646\",\"name\":\"IDEB e educa\u00e7\u00e3o b\u00e1sica: da ret\u00f3rica a realidade -\",\"isPartOf\":{\"@id\":\"https:\\\/\\\/inclusivenews.com.br\\\/#website\"},\"primaryImageOfPage\":{\"@id\":\"https:\\\/\\\/inclusivenews.com.br\\\/?p=16646#primaryimage\"},\"image\":{\"@id\":\"https:\\\/\\\/inclusivenews.com.br\\\/?p=16646#primaryimage\"},\"thumbnailUrl\":\"http:\\\/\\\/2.bp.blogspot.com\\\/_8usOdprQu5s\\\/TEXjrsD4DGI\\\/AAAAAAAAB5I\\\/PDx4wi_6eQA\\\/s320\\\/FotoSketcher+-+escola-precaria-hg-20091130.jpg\",\"datePublished\":\"2010-07-23T09:01:03+00:00\",\"breadcrumb\":{\"@id\":\"https:\\\/\\\/inclusivenews.com.br\\\/?p=16646#breadcrumb\"},\"inLanguage\":\"pt-PT\",\"potentialAction\":[{\"@type\":\"ReadAction\",\"target\":[\"https:\\\/\\\/inclusivenews.com.br\\\/?p=16646\"]}]},{\"@type\":\"ImageObject\",\"inLanguage\":\"pt-PT\",\"@id\":\"https:\\\/\\\/inclusivenews.com.br\\\/?p=16646#primaryimage\",\"url\":\"http:\\\/\\\/2.bp.blogspot.com\\\/_8usOdprQu5s\\\/TEXjrsD4DGI\\\/AAAAAAAAB5I\\\/PDx4wi_6eQA\\\/s320\\\/FotoSketcher+-+escola-precaria-hg-20091130.jpg\",\"contentUrl\":\"http:\\\/\\\/2.bp.blogspot.com\\\/_8usOdprQu5s\\\/TEXjrsD4DGI\\\/AAAAAAAAB5I\\\/PDx4wi_6eQA\\\/s320\\\/FotoSketcher+-+escola-precaria-hg-20091130.jpg\"},{\"@type\":\"BreadcrumbList\",\"@id\":\"https:\\\/\\\/inclusivenews.com.br\\\/?p=16646#breadcrumb\",\"itemListElement\":[{\"@type\":\"ListItem\",\"position\":1,\"name\":\"In\u00edcio\",\"item\":\"https:\\\/\\\/inclusivenews.com.br\\\/\"},{\"@type\":\"ListItem\",\"position\":2,\"name\":\"IDEB e educa\u00e7\u00e3o b\u00e1sica: da ret\u00f3rica a realidade\"}]},{\"@type\":\"WebSite\",\"@id\":\"https:\\\/\\\/inclusivenews.com.br\\\/#website\",\"url\":\"https:\\\/\\\/inclusivenews.com.br\\\/\",\"name\":\"Inclusive News\",\"description\":\"Inclusive News\",\"publisher\":{\"@id\":\"https:\\\/\\\/inclusivenews.com.br\\\/#organization\"},\"potentialAction\":[{\"@type\":\"SearchAction\",\"target\":{\"@type\":\"EntryPoint\",\"urlTemplate\":\"https:\\\/\\\/inclusivenews.com.br\\\/?s={search_term_string}\"},\"query-input\":{\"@type\":\"PropertyValueSpecification\",\"valueRequired\":true,\"valueName\":\"search_term_string\"}}],\"inLanguage\":\"pt-PT\"},{\"@type\":\"Organization\",\"@id\":\"https:\\\/\\\/inclusivenews.com.br\\\/#organization\",\"name\":\"Inclusive - inclus\u00e3o e cidadania\",\"url\":\"https:\\\/\\\/inclusivenews.com.br\\\/\",\"logo\":{\"@type\":\"ImageObject\",\"inLanguage\":\"pt-PT\",\"@id\":\"https:\\\/\\\/inclusivenews.com.br\\\/#\\\/schema\\\/logo\\\/image\\\/\",\"url\":\"https:\\\/\\\/inclusivenews.com.br\\\/wp-content\\\/uploads\\\/2024\\\/03\\\/@grandesite.png\",\"contentUrl\":\"https:\\\/\\\/inclusivenews.com.br\\\/wp-content\\\/uploads\\\/2024\\\/03\\\/@grandesite.png\",\"width\":1080,\"height\":1080,\"caption\":\"Inclusive - inclus\u00e3o e cidadania\"},\"image\":{\"@id\":\"https:\\\/\\\/inclusivenews.com.br\\\/#\\\/schema\\\/logo\\\/image\\\/\"},\"sameAs\":[\"https:\\\/\\\/www.facebook.com\\\/agenciainclusive\\\/\",\"https:\\\/\\\/www.instagram.com\\\/newsinclusive\\\/\"]},{\"@type\":\"Person\",\"@id\":\"https:\\\/\\\/inclusivenews.com.br\\\/#\\\/schema\\\/person\\\/ae4ec7087559b8692fb33b6fffd2273b\",\"name\":\"inclusivenews2024\",\"image\":{\"@type\":\"ImageObject\",\"inLanguage\":\"pt-PT\",\"@id\":\"https:\\\/\\\/secure.gravatar.com\\\/avatar\\\/c5a7ef84c66fa914f55bc4f7ce26cfa275a3b9a1c5568b907bd184fb4dde7b40?s=96&d=mm&r=g\",\"url\":\"https:\\\/\\\/secure.gravatar.com\\\/avatar\\\/c5a7ef84c66fa914f55bc4f7ce26cfa275a3b9a1c5568b907bd184fb4dde7b40?s=96&d=mm&r=g\",\"contentUrl\":\"https:\\\/\\\/secure.gravatar.com\\\/avatar\\\/c5a7ef84c66fa914f55bc4f7ce26cfa275a3b9a1c5568b907bd184fb4dde7b40?s=96&d=mm&r=g\",\"caption\":\"inclusivenews2024\"},\"sameAs\":[\"https:\\\/\\\/inclusivenews.com.br\"],\"url\":\"https:\\\/\\\/inclusivenews.com.br\\\/?author=1\"}]}<\/script>\n<!-- \/ Yoast SEO plugin. -->","yoast_head_json":{"title":"IDEB e educa\u00e7\u00e3o b\u00e1sica: da ret\u00f3rica a realidade -","robots":{"index":"index","follow":"follow","max-snippet":"max-snippet:-1","max-image-preview":"max-image-preview:large","max-video-preview":"max-video-preview:-1"},"canonical":"https:\/\/inclusivenews.com.br\/?p=16646","og_locale":"pt_PT","og_type":"article","og_title":"IDEB e educa\u00e7\u00e3o b\u00e1sica: da ret\u00f3rica a realidade -","og_description":"Para quem acredita no vislumbre sedutor das estat\u00edsticas, basta uma breve visita a qualquer uma escola p\u00fablica \u201cn\u00e3o-maquilada\u201d para sentir o abismo que adormece a Educa\u00e7\u00e3o B\u00e1sica brasileira. Texto \u00e9 de Wellington Fontes Menezes.","og_url":"https:\/\/inclusivenews.com.br\/?p=16646","article_publisher":"https:\/\/www.facebook.com\/agenciainclusive\/","article_published_time":"2010-07-23T09:01:03+00:00","og_image":[{"url":"http:\/\/2.bp.blogspot.com\/_8usOdprQu5s\/TEXjrsD4DGI\/AAAAAAAAB5I\/PDx4wi_6eQA\/s320\/FotoSketcher+-+escola-precaria-hg-20091130.jpg","type":"","width":"","height":""}],"author":"inclusivenews2024","twitter_card":"summary_large_image","twitter_misc":{"Escrito por":"inclusivenews2024","Tempo estimado de leitura":"6 minutos"},"schema":{"@context":"https:\/\/schema.org","@graph":[{"@type":"Article","@id":"https:\/\/inclusivenews.com.br\/?p=16646#article","isPartOf":{"@id":"https:\/\/inclusivenews.com.br\/?p=16646"},"author":{"name":"inclusivenews2024","@id":"https:\/\/inclusivenews.com.br\/#\/schema\/person\/ae4ec7087559b8692fb33b6fffd2273b"},"headline":"IDEB e educa\u00e7\u00e3o b\u00e1sica: da ret\u00f3rica a realidade","datePublished":"2010-07-23T09:01:03+00:00","mainEntityOfPage":{"@id":"https:\/\/inclusivenews.com.br\/?p=16646"},"wordCount":1137,"commentCount":0,"publisher":{"@id":"https:\/\/inclusivenews.com.br\/#organization"},"image":{"@id":"https:\/\/inclusivenews.com.br\/?p=16646#primaryimage"},"thumbnailUrl":"http:\/\/2.bp.blogspot.com\/_8usOdprQu5s\/TEXjrsD4DGI\/AAAAAAAAB5I\/PDx4wi_6eQA\/s320\/FotoSketcher+-+escola-precaria-hg-20091130.jpg","articleSection":["EDUCA\u00c7\u00c3O","OPINI\u00c3O"],"inLanguage":"pt-PT","potentialAction":[{"@type":"CommentAction","name":"Comment","target":["https:\/\/inclusivenews.com.br\/?p=16646#respond"]}]},{"@type":"WebPage","@id":"https:\/\/inclusivenews.com.br\/?p=16646","url":"https:\/\/inclusivenews.com.br\/?p=16646","name":"IDEB e educa\u00e7\u00e3o b\u00e1sica: da ret\u00f3rica a realidade -","isPartOf":{"@id":"https:\/\/inclusivenews.com.br\/#website"},"primaryImageOfPage":{"@id":"https:\/\/inclusivenews.com.br\/?p=16646#primaryimage"},"image":{"@id":"https:\/\/inclusivenews.com.br\/?p=16646#primaryimage"},"thumbnailUrl":"http:\/\/2.bp.blogspot.com\/_8usOdprQu5s\/TEXjrsD4DGI\/AAAAAAAAB5I\/PDx4wi_6eQA\/s320\/FotoSketcher+-+escola-precaria-hg-20091130.jpg","datePublished":"2010-07-23T09:01:03+00:00","breadcrumb":{"@id":"https:\/\/inclusivenews.com.br\/?p=16646#breadcrumb"},"inLanguage":"pt-PT","potentialAction":[{"@type":"ReadAction","target":["https:\/\/inclusivenews.com.br\/?p=16646"]}]},{"@type":"ImageObject","inLanguage":"pt-PT","@id":"https:\/\/inclusivenews.com.br\/?p=16646#primaryimage","url":"http:\/\/2.bp.blogspot.com\/_8usOdprQu5s\/TEXjrsD4DGI\/AAAAAAAAB5I\/PDx4wi_6eQA\/s320\/FotoSketcher+-+escola-precaria-hg-20091130.jpg","contentUrl":"http:\/\/2.bp.blogspot.com\/_8usOdprQu5s\/TEXjrsD4DGI\/AAAAAAAAB5I\/PDx4wi_6eQA\/s320\/FotoSketcher+-+escola-precaria-hg-20091130.jpg"},{"@type":"BreadcrumbList","@id":"https:\/\/inclusivenews.com.br\/?p=16646#breadcrumb","itemListElement":[{"@type":"ListItem","position":1,"name":"In\u00edcio","item":"https:\/\/inclusivenews.com.br\/"},{"@type":"ListItem","position":2,"name":"IDEB e educa\u00e7\u00e3o b\u00e1sica: da ret\u00f3rica a realidade"}]},{"@type":"WebSite","@id":"https:\/\/inclusivenews.com.br\/#website","url":"https:\/\/inclusivenews.com.br\/","name":"Inclusive News","description":"Inclusive News","publisher":{"@id":"https:\/\/inclusivenews.com.br\/#organization"},"potentialAction":[{"@type":"SearchAction","target":{"@type":"EntryPoint","urlTemplate":"https:\/\/inclusivenews.com.br\/?s={search_term_string}"},"query-input":{"@type":"PropertyValueSpecification","valueRequired":true,"valueName":"search_term_string"}}],"inLanguage":"pt-PT"},{"@type":"Organization","@id":"https:\/\/inclusivenews.com.br\/#organization","name":"Inclusive - inclus\u00e3o e cidadania","url":"https:\/\/inclusivenews.com.br\/","logo":{"@type":"ImageObject","inLanguage":"pt-PT","@id":"https:\/\/inclusivenews.com.br\/#\/schema\/logo\/image\/","url":"https:\/\/inclusivenews.com.br\/wp-content\/uploads\/2024\/03\/@grandesite.png","contentUrl":"https:\/\/inclusivenews.com.br\/wp-content\/uploads\/2024\/03\/@grandesite.png","width":1080,"height":1080,"caption":"Inclusive - inclus\u00e3o e cidadania"},"image":{"@id":"https:\/\/inclusivenews.com.br\/#\/schema\/logo\/image\/"},"sameAs":["https:\/\/www.facebook.com\/agenciainclusive\/","https:\/\/www.instagram.com\/newsinclusive\/"]},{"@type":"Person","@id":"https:\/\/inclusivenews.com.br\/#\/schema\/person\/ae4ec7087559b8692fb33b6fffd2273b","name":"inclusivenews2024","image":{"@type":"ImageObject","inLanguage":"pt-PT","@id":"https:\/\/secure.gravatar.com\/avatar\/c5a7ef84c66fa914f55bc4f7ce26cfa275a3b9a1c5568b907bd184fb4dde7b40?s=96&d=mm&r=g","url":"https:\/\/secure.gravatar.com\/avatar\/c5a7ef84c66fa914f55bc4f7ce26cfa275a3b9a1c5568b907bd184fb4dde7b40?s=96&d=mm&r=g","contentUrl":"https:\/\/secure.gravatar.com\/avatar\/c5a7ef84c66fa914f55bc4f7ce26cfa275a3b9a1c5568b907bd184fb4dde7b40?s=96&d=mm&r=g","caption":"inclusivenews2024"},"sameAs":["https:\/\/inclusivenews.com.br"],"url":"https:\/\/inclusivenews.com.br\/?author=1"}]}},"_links":{"self":[{"href":"https:\/\/inclusivenews.com.br\/index.php?rest_route=\/wp\/v2\/posts\/16646","targetHints":{"allow":["GET"]}}],"collection":[{"href":"https:\/\/inclusivenews.com.br\/index.php?rest_route=\/wp\/v2\/posts"}],"about":[{"href":"https:\/\/inclusivenews.com.br\/index.php?rest_route=\/wp\/v2\/types\/post"}],"author":[{"embeddable":true,"href":"https:\/\/inclusivenews.com.br\/index.php?rest_route=\/wp\/v2\/users\/1"}],"replies":[{"embeddable":true,"href":"https:\/\/inclusivenews.com.br\/index.php?rest_route=%2Fwp%2Fv2%2Fcomments&post=16646"}],"version-history":[{"count":0,"href":"https:\/\/inclusivenews.com.br\/index.php?rest_route=\/wp\/v2\/posts\/16646\/revisions"}],"wp:attachment":[{"href":"https:\/\/inclusivenews.com.br\/index.php?rest_route=%2Fwp%2Fv2%2Fmedia&parent=16646"}],"wp:term":[{"taxonomy":"category","embeddable":true,"href":"https:\/\/inclusivenews.com.br\/index.php?rest_route=%2Fwp%2Fv2%2Fcategories&post=16646"},{"taxonomy":"post_tag","embeddable":true,"href":"https:\/\/inclusivenews.com.br\/index.php?rest_route=%2Fwp%2Fv2%2Ftags&post=16646"}],"curies":[{"name":"wp","href":"https:\/\/api.w.org\/{rel}","templated":true}]}}