{"id":16659,"date":"2010-07-27T06:43:04","date_gmt":"2010-07-27T09:43:04","guid":{"rendered":"http:\/\/www.inclusive.org.br\/?p=16659"},"modified":"2010-07-27T06:43:04","modified_gmt":"2010-07-27T09:43:04","slug":"eua-sem-rumo-sozinhos-e-vivendo-um-limbo-legal","status":"publish","type":"post","link":"https:\/\/inclusivenews.com.br\/?p=16659","title":{"rendered":"EUA: Sem rumo, sozinhos e vivendo um limbo legal"},"content":{"rendered":"<figure id=\"attachment_16662\" aria-describedby=\"caption-attachment-16662\" style=\"width: 200px\" class=\"wp-caption alignleft\"><a href=\"http:\/\/www.inclusivenews.com.br\/wp-content\/uploads\/2010\/07\/usdeportation0710.jpg\"><img loading=\"lazy\" decoding=\"async\" class=\"size-full wp-image-16662\" title=\"usdeportation0710\" src=\"http:\/\/inclusivenews.com.br\/wp-content\/uploads\/2010\/07\/usdeportation0710.jpg\" alt=\"IMAGEM CAPA DO INFORME DA HUMAN RIGHTS WATCH E ACLU SOBRE A DEPORTA\u00c7\u00c3O DE PESSOAS COM TRANSTORNO MENTAL PELOS EUA - com um foto de um poss\u00edvel oficial de servi\u00e7o de Imigra\u00e7\u00e3o, onde s\u00f3 aparecem suas pernas e ele colocando caixas que cont\u00eam os processos de deporta\u00e7\u00e3o de pessoas com transtorno mental, indicando sua condi\u00e7\u00e3o de g\u00eanero. (descri\u00e7\u00e3o para pessoas cegas, InfoAtivo DefNet)\" width=\"200\" height=\"254\" \/><\/a><figcaption id=\"caption-attachment-16662\" class=\"wp-caption-text\">IMAGEM CAPA DO INFORME DA HUMAN RIGHTS WATCH  E ACLU SOBRE A DEPORTA\u00c7\u00c3O DE PESSOAS COM TRANSTORNO MENTAL PELOS EUA - com um foto de um poss\u00edvel oficial de servi\u00e7o de Imigra\u00e7\u00e3o, onde s\u00f3 aparecem suas pernas e ele colocando caixas que cont\u00eam os processos de deporta\u00e7\u00e3o de pessoas com transtorno mental, indicando sua condi\u00e7\u00e3o de g\u00eanero. (descri\u00e7\u00e3o para pessoas cegas, InfoAtivo DefNet)<\/figcaption><\/figure>\n<p>Deten\u00e7\u00e3o e Deporta\u00e7\u00e3o ileg\u00edtimas de pessoas com defici\u00eancia<br \/>\n(tradu\u00e7\u00e3o livre para o portugu\u00eas; Dr.Jorge M\u00e1rcio Pereira de Andrade &#8211; Campinas &#8211; 27\/07\/2010)<\/p>\n<p>(Nova York) &#8211; As pessoas com transtorno mental, entre elas cidad\u00e3os estadounidenses, correm um risco maior de serem deportadas de maneira err\u00f4nea pelo Servi\u00e7o de Imigra\u00e7\u00e3o e Controle de Aduanas (ICE) dos EUA, porque os tribunais n\u00e3o garantem audi\u00eancia justas para os que n\u00e3o podem representarem- se a si mesmos, notificaram a Human Rights Watch e a Uni\u00e3o Americana de Direitos Civis (ACLU) em um informe conjunto  publicado hoje. As organiza\u00e7\u00f5es solicitaram ao Congresso para que aprove leis que passe a exigir a designa\u00e7\u00e3o de advogados para todas as pessoas com transtorno mental que comparecerem a tribunais de imigra\u00e7\u00e3o.<\/p>\n<p>O INFORME de 98 p\u00e1ginas: &#8221; DEPORTA\u00c7\u00c3O POR DEFEITO: Transtorno Mental, Audi\u00eancias Injustas e deten\u00e7\u00e3o por tempo indeterminado no sistema de Imigra\u00e7\u00e3o dos EUA&#8221;, notifica que os imigrantes com um transtorno mental s\u00e3o muitas vezes, injustificadamente, detidos por anos a fio, \u00e0s vezes sem limites legais. O informe documenta situa\u00e7\u00f5es que se repetem nas quais n\u00e3o se permitiu que as pessoas com transtorno mental apresentassem argumentos contra sua deporta\u00e7\u00e3o (inclusive demonstrando sua cidadania norte-americana) porque elas n\u00e3o podiam representarem- se a si pr\u00f3prias (como incapazes). Algumas das pessoas entrevistadas para o informe n\u00e3o sabiam seu pr\u00f3prio nome, tinham del\u00edrios, n\u00e3o podiam determinar o tempo e n\u00e3o sabiam que deporta\u00e7\u00e3o significava a expuls\u00e3o dos Estados Unidos.<\/p>\n<p>&#8220;Poucos aspectos da legisla\u00e7\u00e3o norte-americana s\u00e3o t\u00e3o complicados como a deporta\u00e7\u00e3o, e, sem d\u00favida, cada dia tem que comparecer perante os tribunais pessoas com deficiencia intelectual (ou sofrimento mental) sem advogados, sem nenhuma salvaguarda que lhe garanta uma audi\u00eancia justa&#8221;, comunicou Sarah Mehta, becaria Aryeh Neier da Human Rights Watch e da ACLU. &#8221; Algumas sofrem de um transtorno mental t\u00e3o grave que n\u00e3o sabem o que \u00e9 um juiz, nem seu pr\u00f3prio nome&#8221;, afirmou.<\/p>\n<p>Pelo menos 57.000 dos imigrante detidos e que enfrentavam a deporta\u00e7\u00e3o em 2008 ( 15% do total) SOFRIAM DE ALGUM TRANSTORNO MENTAL. Conformea legisla\u00e7\u00e3o e as pr\u00e1ticas migratorias vigentes, os detidos por infra\u00e7\u00f5es de imigra\u00e7\u00e3o n\u00e3o t\u00eam o direito a um advogado e nem outras garantias judiciais, como avalia\u00e7\u00f5es de sua capacidade para se submeterem a um julgamento justo durante o processo de deporta\u00e7\u00e3o, afirmou a Human Rights Watch e a ACLU. Mesmo que algumas pessoas recebam representa\u00e7\u00e3o gratuita de aorganiza\u00e7\u00f5es de servi\u00e7os legais, ou possam pagar um advogado com a ajuda de suas fam\u00edias, a grande maioria n\u00e3o poder\u00e1 custear e nem encontrar um advogado, portanto correm o risco de uma deten\u00e7\u00e3o prolongada e possivelmente indefinida<\/p>\n<p>&#8220;O juiz somente me d\u00e1 mais tempo para ver se posso conseguir um advogado&#8230; \u00c9 dif\u00edcil porque alguma coisa\u00b4est\u00e1 mal na minha cabe\u00e7a, e \u00e9 dif\u00edcil saber o que lhe dizer&#8221;, disse uma pessoa. Quando se lhe perguntou por seu transtorno mental, ele contou que tinha recebido v\u00e1rios tiros na cabe\u00e7a, e que algumas balas continuavam alojadas dentro da mesma: &#8221; Creio que tinha morrido porque recordo-me de ter visto uma crian\u00e7a com asas&#8221;<\/p>\n<p>O informe da Human Rightas Watch e da ACLU documenta 58 casos de pessoas com transtorno mental que enfrentam a deporta\u00e7\u00e3o e est\u00e3o detidas no Arizona, Texas, California, Florida, Illinois, Wisconsin, Carolina do Sul, Pensilvania e Virginia. A maioria s\u00e3o residentes permanentes e legais nos Estados Unidos que enfrentam a deporta\u00e7\u00e3o por delitos penais n\u00e3o violentos, como a posse ou uso de drogas. Muitos deles estavam em tratamento  psiqui\u00e1trico nas comunidades de origem, antes de serem presos pelo ICE. O informe revela como os imigrantes e inclusive os cidad\u00e3os norte-americanos com transtornos mentais est\u00e3o especialmente expostos \u00e0s sele\u00e7\u00f5es da imigra\u00e7\u00e3o.<\/p>\n<p>O informe tamb\u00e9m demonstra que as pessoas com transtornos mentais n\u00e3o s\u00f3  enfrentam a pris\u00e3o e a deporta\u00e7\u00e3o sem garantias, com que o ICE tamb\u00e9m as mant\u00eam habitualmente presas durante o transcurso dos seus processos. A deten\u00e7\u00e3o se torna, com frequ\u00eancia, injustificadamente prolongada, quando os imigrantes com transtorno mental n\u00e3o podem representar- se a si pr\u00f3prios, o que faz com os funcionarios judiciais reconhe\u00e7am que os processos n\u00e3o podem ou n\u00e3o devem prosseguir. Algumas pessoas estiveram detidas por at\u00e9 10 anos sem que se resolvessem seus casos.<\/p>\n<p>&#8220;N\u00e3o h\u00e1 nada o que fazer com os detidos com transtorno mental, pois que todos os componentes do sistema de imigra\u00e7\u00e3o negam esta responsabilidade&#8221; , afirmou Mehta. &#8221; O resultado \u00e9 que as pessoas padecem (languidecem) durante anos, muito embora seus processos (e suas vidas) se transfiram de um lugar para o outro ou fiquem paralisados indefinidamente&#8221; , confirmou.<\/p>\n<p>Human Rights Watch e a ACLU notificam que em 26 de julho de 2010 \u00e9 completado o vig\u00e9simo anivers\u00e1rio da Lei NorteAmericana para as Pessoas com Defici\u00eancia, e um ano desde que o o Presidente Barack Obam firmou a Conven\u00e7\u00e3o sobre os Direitos das Pessoas com Defici\u00eancia. O Departamento de Justi\u00e7a dos EUA  e a Oficina Executiva para a Revis\u00e3o dos Casos de Imigra\u00e7\u00e3o devem honrar o esp\u00edrito ( e os princ\u00edpios) desses compromissos, e desenvolver procedimentos para garantir a identifica\u00e7\u00e3o das pesssoas com transtornos mentais, e que estas recebam assist\u00eancia durante seus processos, notificaram a Human Rights Watch e a ACLU. O ICE deve revisar as politicas existents para que a deten\u00e7\u00e3o de imigrantes com transtorno mental n\u00e3o seja arbitr\u00e1ria nem indefinida.<\/p>\n<p>Fonte: <a href=\"http:\/\/infoativodefnet.blogspot.com\/\">DefNet<\/a><\/p>\n","protected":false},"excerpt":{"rendered":"<p>As pessoas com transtorno mental, entre elas cidad\u00e3os estadounidenses, correm um risco maior de serem deportadas de maneira err\u00f4nea pelo Servi\u00e7o de Imigra\u00e7\u00e3o e Controle de Aduanas (ICE) dos EUA, porque os tribunais n\u00e3o garantem audi\u00eancia justas para os que n\u00e3o podem representarem- se a si mesmos, notificaram a Human Rights Watch e a Uni\u00e3o Americana de Direitos Civis (ACLU) em um informe conjunto  publicado hoje.<\/p>\n","protected":false},"author":1,"featured_media":0,"comment_status":"open","ping_status":"open","sticky":false,"template":"","format":"standard","meta":{"site-container-style":"default","site-container-layout":"default","site-sidebar-layout":"default","disable-article-header":"default","disable-site-header":"default","disable-site-footer":"default","disable-content-area-spacing":"default","footnotes":""},"categories":[38,13,11,39,4],"tags":[],"class_list":["post-16659","post","type-post","status-publish","format-standard","hentry","category-deficiencia","category-denuncias","category-direitos-humanos","category-discriminacao","category-noticias"],"yoast_head":"<!-- This site is optimized with the Yoast SEO plugin v27.4 - https:\/\/yoast.com\/product\/yoast-seo-wordpress\/ -->\n<title>EUA: Sem rumo, sozinhos e vivendo um limbo legal -<\/title>\n<meta name=\"robots\" content=\"index, follow, max-snippet:-1, max-image-preview:large, max-video-preview:-1\" \/>\n<link rel=\"canonical\" href=\"https:\/\/inclusivenews.com.br\/?p=16659\" \/>\n<meta property=\"og:locale\" content=\"pt_PT\" \/>\n<meta property=\"og:type\" content=\"article\" \/>\n<meta property=\"og:title\" content=\"EUA: Sem rumo, sozinhos e vivendo um limbo legal -\" \/>\n<meta property=\"og:description\" content=\"As pessoas com transtorno mental, entre elas cidad\u00e3os estadounidenses, correm um risco maior de serem deportadas de maneira err\u00f4nea pelo Servi\u00e7o de Imigra\u00e7\u00e3o e Controle de Aduanas (ICE) dos EUA, porque os tribunais n\u00e3o garantem audi\u00eancia justas para os que n\u00e3o podem representarem- se a si mesmos, notificaram a Human Rights Watch e a Uni\u00e3o Americana de Direitos Civis (ACLU) em um informe conjunto publicado hoje.\" \/>\n<meta property=\"og:url\" content=\"https:\/\/inclusivenews.com.br\/?p=16659\" \/>\n<meta property=\"article:publisher\" content=\"https:\/\/www.facebook.com\/agenciainclusive\/\" \/>\n<meta property=\"article:published_time\" content=\"2010-07-27T09:43:04+00:00\" \/>\n<meta property=\"og:image\" content=\"http:\/\/inclusivenews.com.br\/wp-content\/uploads\/2010\/07\/usdeportation0710.jpg\" \/>\n<meta name=\"author\" content=\"inclusivenews2024\" \/>\n<meta name=\"twitter:card\" content=\"summary_large_image\" \/>\n<meta name=\"twitter:label1\" content=\"Escrito por\" \/>\n\t<meta name=\"twitter:data1\" content=\"inclusivenews2024\" \/>\n\t<meta name=\"twitter:label2\" content=\"Tempo estimado de leitura\" \/>\n\t<meta name=\"twitter:data2\" content=\"5 minutos\" \/>\n<script type=\"application\/ld+json\" class=\"yoast-schema-graph\">{\"@context\":\"https:\\\/\\\/schema.org\",\"@graph\":[{\"@type\":\"Article\",\"@id\":\"https:\\\/\\\/inclusivenews.com.br\\\/?p=16659#article\",\"isPartOf\":{\"@id\":\"https:\\\/\\\/inclusivenews.com.br\\\/?p=16659\"},\"author\":{\"name\":\"inclusivenews2024\",\"@id\":\"https:\\\/\\\/inclusivenews.com.br\\\/#\\\/schema\\\/person\\\/ae4ec7087559b8692fb33b6fffd2273b\"},\"headline\":\"EUA: Sem rumo, sozinhos e vivendo um limbo legal\",\"datePublished\":\"2010-07-27T09:43:04+00:00\",\"mainEntityOfPage\":{\"@id\":\"https:\\\/\\\/inclusivenews.com.br\\\/?p=16659\"},\"wordCount\":1048,\"commentCount\":0,\"publisher\":{\"@id\":\"https:\\\/\\\/inclusivenews.com.br\\\/#organization\"},\"image\":{\"@id\":\"https:\\\/\\\/inclusivenews.com.br\\\/?p=16659#primaryimage\"},\"thumbnailUrl\":\"http:\\\/\\\/inclusivenews.com.br\\\/wp-content\\\/uploads\\\/2010\\\/07\\\/usdeportation0710.jpg\",\"articleSection\":[\"Defici\u00eancia\",\"Den\u00fancias\",\"DIREITOS HUMANOS\",\"Discrimina\u00e7\u00e3o\",\"NOT\u00cdCIAS\"],\"inLanguage\":\"pt-PT\",\"potentialAction\":[{\"@type\":\"CommentAction\",\"name\":\"Comment\",\"target\":[\"https:\\\/\\\/inclusivenews.com.br\\\/?p=16659#respond\"]}]},{\"@type\":\"WebPage\",\"@id\":\"https:\\\/\\\/inclusivenews.com.br\\\/?p=16659\",\"url\":\"https:\\\/\\\/inclusivenews.com.br\\\/?p=16659\",\"name\":\"EUA: Sem rumo, sozinhos e vivendo um limbo legal -\",\"isPartOf\":{\"@id\":\"https:\\\/\\\/inclusivenews.com.br\\\/#website\"},\"primaryImageOfPage\":{\"@id\":\"https:\\\/\\\/inclusivenews.com.br\\\/?p=16659#primaryimage\"},\"image\":{\"@id\":\"https:\\\/\\\/inclusivenews.com.br\\\/?p=16659#primaryimage\"},\"thumbnailUrl\":\"http:\\\/\\\/inclusivenews.com.br\\\/wp-content\\\/uploads\\\/2010\\\/07\\\/usdeportation0710.jpg\",\"datePublished\":\"2010-07-27T09:43:04+00:00\",\"breadcrumb\":{\"@id\":\"https:\\\/\\\/inclusivenews.com.br\\\/?p=16659#breadcrumb\"},\"inLanguage\":\"pt-PT\",\"potentialAction\":[{\"@type\":\"ReadAction\",\"target\":[\"https:\\\/\\\/inclusivenews.com.br\\\/?p=16659\"]}]},{\"@type\":\"ImageObject\",\"inLanguage\":\"pt-PT\",\"@id\":\"https:\\\/\\\/inclusivenews.com.br\\\/?p=16659#primaryimage\",\"url\":\"\",\"contentUrl\":\"\"},{\"@type\":\"BreadcrumbList\",\"@id\":\"https:\\\/\\\/inclusivenews.com.br\\\/?p=16659#breadcrumb\",\"itemListElement\":[{\"@type\":\"ListItem\",\"position\":1,\"name\":\"In\u00edcio\",\"item\":\"https:\\\/\\\/inclusivenews.com.br\\\/\"},{\"@type\":\"ListItem\",\"position\":2,\"name\":\"EUA: Sem rumo, sozinhos e vivendo um limbo legal\"}]},{\"@type\":\"WebSite\",\"@id\":\"https:\\\/\\\/inclusivenews.com.br\\\/#website\",\"url\":\"https:\\\/\\\/inclusivenews.com.br\\\/\",\"name\":\"Inclusive News\",\"description\":\"Inclusive News\",\"publisher\":{\"@id\":\"https:\\\/\\\/inclusivenews.com.br\\\/#organization\"},\"potentialAction\":[{\"@type\":\"SearchAction\",\"target\":{\"@type\":\"EntryPoint\",\"urlTemplate\":\"https:\\\/\\\/inclusivenews.com.br\\\/?s={search_term_string}\"},\"query-input\":{\"@type\":\"PropertyValueSpecification\",\"valueRequired\":true,\"valueName\":\"search_term_string\"}}],\"inLanguage\":\"pt-PT\"},{\"@type\":\"Organization\",\"@id\":\"https:\\\/\\\/inclusivenews.com.br\\\/#organization\",\"name\":\"Inclusive - inclus\u00e3o e cidadania\",\"url\":\"https:\\\/\\\/inclusivenews.com.br\\\/\",\"logo\":{\"@type\":\"ImageObject\",\"inLanguage\":\"pt-PT\",\"@id\":\"https:\\\/\\\/inclusivenews.com.br\\\/#\\\/schema\\\/logo\\\/image\\\/\",\"url\":\"https:\\\/\\\/inclusivenews.com.br\\\/wp-content\\\/uploads\\\/2024\\\/03\\\/@grandesite.png\",\"contentUrl\":\"https:\\\/\\\/inclusivenews.com.br\\\/wp-content\\\/uploads\\\/2024\\\/03\\\/@grandesite.png\",\"width\":1080,\"height\":1080,\"caption\":\"Inclusive - inclus\u00e3o e cidadania\"},\"image\":{\"@id\":\"https:\\\/\\\/inclusivenews.com.br\\\/#\\\/schema\\\/logo\\\/image\\\/\"},\"sameAs\":[\"https:\\\/\\\/www.facebook.com\\\/agenciainclusive\\\/\",\"https:\\\/\\\/www.instagram.com\\\/newsinclusive\\\/\"]},{\"@type\":\"Person\",\"@id\":\"https:\\\/\\\/inclusivenews.com.br\\\/#\\\/schema\\\/person\\\/ae4ec7087559b8692fb33b6fffd2273b\",\"name\":\"inclusivenews2024\",\"image\":{\"@type\":\"ImageObject\",\"inLanguage\":\"pt-PT\",\"@id\":\"https:\\\/\\\/secure.gravatar.com\\\/avatar\\\/c5a7ef84c66fa914f55bc4f7ce26cfa275a3b9a1c5568b907bd184fb4dde7b40?s=96&d=mm&r=g\",\"url\":\"https:\\\/\\\/secure.gravatar.com\\\/avatar\\\/c5a7ef84c66fa914f55bc4f7ce26cfa275a3b9a1c5568b907bd184fb4dde7b40?s=96&d=mm&r=g\",\"contentUrl\":\"https:\\\/\\\/secure.gravatar.com\\\/avatar\\\/c5a7ef84c66fa914f55bc4f7ce26cfa275a3b9a1c5568b907bd184fb4dde7b40?s=96&d=mm&r=g\",\"caption\":\"inclusivenews2024\"},\"sameAs\":[\"https:\\\/\\\/inclusivenews.com.br\"],\"url\":\"https:\\\/\\\/inclusivenews.com.br\\\/?author=1\"}]}<\/script>\n<!-- \/ Yoast SEO plugin. -->","yoast_head_json":{"title":"EUA: Sem rumo, sozinhos e vivendo um limbo legal -","robots":{"index":"index","follow":"follow","max-snippet":"max-snippet:-1","max-image-preview":"max-image-preview:large","max-video-preview":"max-video-preview:-1"},"canonical":"https:\/\/inclusivenews.com.br\/?p=16659","og_locale":"pt_PT","og_type":"article","og_title":"EUA: Sem rumo, sozinhos e vivendo um limbo legal -","og_description":"As pessoas com transtorno mental, entre elas cidad\u00e3os estadounidenses, correm um risco maior de serem deportadas de maneira err\u00f4nea pelo Servi\u00e7o de Imigra\u00e7\u00e3o e Controle de Aduanas (ICE) dos EUA, porque os tribunais n\u00e3o garantem audi\u00eancia justas para os que n\u00e3o podem representarem- se a si mesmos, notificaram a Human Rights Watch e a Uni\u00e3o Americana de Direitos Civis (ACLU) em um informe conjunto publicado hoje.","og_url":"https:\/\/inclusivenews.com.br\/?p=16659","article_publisher":"https:\/\/www.facebook.com\/agenciainclusive\/","article_published_time":"2010-07-27T09:43:04+00:00","og_image":[{"url":"http:\/\/inclusivenews.com.br\/wp-content\/uploads\/2010\/07\/usdeportation0710.jpg","type":"","width":"","height":""}],"author":"inclusivenews2024","twitter_card":"summary_large_image","twitter_misc":{"Escrito por":"inclusivenews2024","Tempo estimado de leitura":"5 minutos"},"schema":{"@context":"https:\/\/schema.org","@graph":[{"@type":"Article","@id":"https:\/\/inclusivenews.com.br\/?p=16659#article","isPartOf":{"@id":"https:\/\/inclusivenews.com.br\/?p=16659"},"author":{"name":"inclusivenews2024","@id":"https:\/\/inclusivenews.com.br\/#\/schema\/person\/ae4ec7087559b8692fb33b6fffd2273b"},"headline":"EUA: Sem rumo, sozinhos e vivendo um limbo legal","datePublished":"2010-07-27T09:43:04+00:00","mainEntityOfPage":{"@id":"https:\/\/inclusivenews.com.br\/?p=16659"},"wordCount":1048,"commentCount":0,"publisher":{"@id":"https:\/\/inclusivenews.com.br\/#organization"},"image":{"@id":"https:\/\/inclusivenews.com.br\/?p=16659#primaryimage"},"thumbnailUrl":"http:\/\/inclusivenews.com.br\/wp-content\/uploads\/2010\/07\/usdeportation0710.jpg","articleSection":["Defici\u00eancia","Den\u00fancias","DIREITOS HUMANOS","Discrimina\u00e7\u00e3o","NOT\u00cdCIAS"],"inLanguage":"pt-PT","potentialAction":[{"@type":"CommentAction","name":"Comment","target":["https:\/\/inclusivenews.com.br\/?p=16659#respond"]}]},{"@type":"WebPage","@id":"https:\/\/inclusivenews.com.br\/?p=16659","url":"https:\/\/inclusivenews.com.br\/?p=16659","name":"EUA: Sem rumo, sozinhos e vivendo um limbo legal -","isPartOf":{"@id":"https:\/\/inclusivenews.com.br\/#website"},"primaryImageOfPage":{"@id":"https:\/\/inclusivenews.com.br\/?p=16659#primaryimage"},"image":{"@id":"https:\/\/inclusivenews.com.br\/?p=16659#primaryimage"},"thumbnailUrl":"http:\/\/inclusivenews.com.br\/wp-content\/uploads\/2010\/07\/usdeportation0710.jpg","datePublished":"2010-07-27T09:43:04+00:00","breadcrumb":{"@id":"https:\/\/inclusivenews.com.br\/?p=16659#breadcrumb"},"inLanguage":"pt-PT","potentialAction":[{"@type":"ReadAction","target":["https:\/\/inclusivenews.com.br\/?p=16659"]}]},{"@type":"ImageObject","inLanguage":"pt-PT","@id":"https:\/\/inclusivenews.com.br\/?p=16659#primaryimage","url":"","contentUrl":""},{"@type":"BreadcrumbList","@id":"https:\/\/inclusivenews.com.br\/?p=16659#breadcrumb","itemListElement":[{"@type":"ListItem","position":1,"name":"In\u00edcio","item":"https:\/\/inclusivenews.com.br\/"},{"@type":"ListItem","position":2,"name":"EUA: Sem rumo, sozinhos e vivendo um limbo legal"}]},{"@type":"WebSite","@id":"https:\/\/inclusivenews.com.br\/#website","url":"https:\/\/inclusivenews.com.br\/","name":"Inclusive News","description":"Inclusive News","publisher":{"@id":"https:\/\/inclusivenews.com.br\/#organization"},"potentialAction":[{"@type":"SearchAction","target":{"@type":"EntryPoint","urlTemplate":"https:\/\/inclusivenews.com.br\/?s={search_term_string}"},"query-input":{"@type":"PropertyValueSpecification","valueRequired":true,"valueName":"search_term_string"}}],"inLanguage":"pt-PT"},{"@type":"Organization","@id":"https:\/\/inclusivenews.com.br\/#organization","name":"Inclusive - inclus\u00e3o e cidadania","url":"https:\/\/inclusivenews.com.br\/","logo":{"@type":"ImageObject","inLanguage":"pt-PT","@id":"https:\/\/inclusivenews.com.br\/#\/schema\/logo\/image\/","url":"https:\/\/inclusivenews.com.br\/wp-content\/uploads\/2024\/03\/@grandesite.png","contentUrl":"https:\/\/inclusivenews.com.br\/wp-content\/uploads\/2024\/03\/@grandesite.png","width":1080,"height":1080,"caption":"Inclusive - inclus\u00e3o e cidadania"},"image":{"@id":"https:\/\/inclusivenews.com.br\/#\/schema\/logo\/image\/"},"sameAs":["https:\/\/www.facebook.com\/agenciainclusive\/","https:\/\/www.instagram.com\/newsinclusive\/"]},{"@type":"Person","@id":"https:\/\/inclusivenews.com.br\/#\/schema\/person\/ae4ec7087559b8692fb33b6fffd2273b","name":"inclusivenews2024","image":{"@type":"ImageObject","inLanguage":"pt-PT","@id":"https:\/\/secure.gravatar.com\/avatar\/c5a7ef84c66fa914f55bc4f7ce26cfa275a3b9a1c5568b907bd184fb4dde7b40?s=96&d=mm&r=g","url":"https:\/\/secure.gravatar.com\/avatar\/c5a7ef84c66fa914f55bc4f7ce26cfa275a3b9a1c5568b907bd184fb4dde7b40?s=96&d=mm&r=g","contentUrl":"https:\/\/secure.gravatar.com\/avatar\/c5a7ef84c66fa914f55bc4f7ce26cfa275a3b9a1c5568b907bd184fb4dde7b40?s=96&d=mm&r=g","caption":"inclusivenews2024"},"sameAs":["https:\/\/inclusivenews.com.br"],"url":"https:\/\/inclusivenews.com.br\/?author=1"}]}},"_links":{"self":[{"href":"https:\/\/inclusivenews.com.br\/index.php?rest_route=\/wp\/v2\/posts\/16659","targetHints":{"allow":["GET"]}}],"collection":[{"href":"https:\/\/inclusivenews.com.br\/index.php?rest_route=\/wp\/v2\/posts"}],"about":[{"href":"https:\/\/inclusivenews.com.br\/index.php?rest_route=\/wp\/v2\/types\/post"}],"author":[{"embeddable":true,"href":"https:\/\/inclusivenews.com.br\/index.php?rest_route=\/wp\/v2\/users\/1"}],"replies":[{"embeddable":true,"href":"https:\/\/inclusivenews.com.br\/index.php?rest_route=%2Fwp%2Fv2%2Fcomments&post=16659"}],"version-history":[{"count":0,"href":"https:\/\/inclusivenews.com.br\/index.php?rest_route=\/wp\/v2\/posts\/16659\/revisions"}],"wp:attachment":[{"href":"https:\/\/inclusivenews.com.br\/index.php?rest_route=%2Fwp%2Fv2%2Fmedia&parent=16659"}],"wp:term":[{"taxonomy":"category","embeddable":true,"href":"https:\/\/inclusivenews.com.br\/index.php?rest_route=%2Fwp%2Fv2%2Fcategories&post=16659"},{"taxonomy":"post_tag","embeddable":true,"href":"https:\/\/inclusivenews.com.br\/index.php?rest_route=%2Fwp%2Fv2%2Ftags&post=16659"}],"curies":[{"name":"wp","href":"https:\/\/api.w.org\/{rel}","templated":true}]}}