{"id":16750,"date":"2010-07-30T18:30:36","date_gmt":"2010-07-30T21:30:36","guid":{"rendered":"http:\/\/www.inclusive.org.br\/?p=16750"},"modified":"2010-07-30T18:30:36","modified_gmt":"2010-07-30T21:30:36","slug":"encontro-com-o-desembargador-federal-ricardo-tadeu-58-no-trt-do-parana","status":"publish","type":"post","link":"https:\/\/inclusivenews.com.br\/?p=16750","title":{"rendered":"Encontro com o Desembargador Federal Ricardo Tadeu 5\/8, no TRT do Paran\u00e1."},"content":{"rendered":"<figure id=\"attachment_13323\" aria-describedby=\"caption-attachment-13323\" style=\"width: 150px\" class=\"wp-caption alignleft\"><a href=\"http:\/\/www.inclusivenews.com.br\/wp-content\/uploads\/2010\/01\/CNT_EXT_1578341.jpg\"><img loading=\"lazy\" decoding=\"async\" class=\"size-thumbnail wp-image-13323\" title=\"Ricardoi Tadeu\" src=\"http:\/\/inclusivenews.com.br\/wp-content\/uploads\/2010\/01\/CNT_EXT_1578341-150x150.jpg\" alt=\"\" width=\"150\" height=\"150\" \/><\/a><figcaption id=\"caption-attachment-13323\" class=\"wp-caption-text\">Foto do Desembargador Ricardo Tadeu Marques da Fonseca<\/figcaption><\/figure>\n<p>Em busca de vencer preconceitos culturais que dificultam a presen\u00e7a das pessoas com defici\u00eancia no mercado formal de trabalho, temos um encontro agendado com o Dr. Ricardo Tadeu Marques da Fonseca, Desembargador Federal do Trabalho, que \u00e9 o 1\u00ba juiz cego brasileiro.<\/p>\n<p>No encontro conheceremos a vis\u00e3o do Dr. Ricardo sobre as boas pr\u00e1ticas do Poder Judici\u00e1rio no respeito \u00e0 Constitui\u00e7\u00e3o e no respeito ao direito ao trabalho das pessoas com defici\u00eancia.<\/p>\n<p>Antes de ser juiz ele teve uma trajet\u00f3ria de 18 anos como membro do Minist\u00e9rio P\u00fablico do Trabalho e ajudou na elabora\u00e7\u00e3o de v\u00e1rios documentos nacionais e internacionais em defesa dos direitos da pessoa com defici\u00eancia.<\/p>\n<p>O Programa de Sensibiliza\u00e7\u00e3o j\u00e1 visitou empresas, sindicatos, entidades especializadas, escolas, Secretaria de Estado dos Direitos da Pessoa com Defici\u00eancia e passou pela Superintend\u00eancia Regional do Trabalho e Emprego. Todos em S\u00e3o Paulo.<\/p>\n<p>O Dr. Ricardo vai receber os convidados no seu gabinete no Tribunal Regional do Trabalho do Paran\u00e1, localizado \u00e0 Alameda Dr. Carlos de Carvalho, 528 \u2013 8\u00ba Piso \u2013 Centro \u2013 Curitiba, dia 5 de Agosto (quinta-feira) das 13:30 horas \u00e0s 15:30 horas.<\/p>\n<p>Caso tiver interesse em participar deste encontro \u00e9 necess\u00e1rio confirmar presen\u00e7a at\u00e9 dia 3 de Agosto atrav\u00e9s do e-mail: ecidadania@ecidadania.org.br  ou telefone: 11-3685-0915.<\/p>\n<p>Fonte: <a href=\"http:\/\/www.ecidadania.org.br\/\">Espa\u00e7o Cidadania<\/a><\/p>\n","protected":false},"excerpt":{"rendered":"<p>Em busca de vencer preconceitos culturais que dificultam a presen\u00e7a das pessoas com defici\u00eancia no mercado formal de trabalho, temos um encontro agendado com o Dr. Ricardo Tadeu Marques da Fonseca, Desembargador Federal do Trabalho, que \u00e9 o 1\u00ba juiz cego brasileiro. No encontro conheceremos a vis\u00e3o do Dr. Ricardo sobre as boas pr\u00e1ticas do [&hellip;]<\/p>\n","protected":false},"author":1,"featured_media":0,"comment_status":"open","ping_status":"open","sticky":false,"template":"","format":"standard","meta":{"site-container-style":"default","site-container-layout":"default","site-sidebar-layout":"default","disable-article-header":"default","disable-site-header":"default","disable-site-footer":"default","disable-content-area-spacing":"default","footnotes":""},"categories":[5,38,48,26,46,4],"tags":[],"class_list":["post-16750","post","type-post","status-publish","format-standard","hentry","category-convencao","category-deficiencia","category-inclusao","category-legislacao","category-mercado-de-trabalho","category-noticias"],"yoast_head":"<!-- This site is optimized with the Yoast SEO plugin v27.4 - https:\/\/yoast.com\/product\/yoast-seo-wordpress\/ -->\n<title>Encontro com o Desembargador Federal Ricardo Tadeu 5\/8, no TRT do Paran\u00e1. -<\/title>\n<meta name=\"robots\" content=\"index, follow, max-snippet:-1, max-image-preview:large, max-video-preview:-1\" \/>\n<link rel=\"canonical\" href=\"https:\/\/inclusivenews.com.br\/?p=16750\" \/>\n<meta property=\"og:locale\" content=\"pt_PT\" \/>\n<meta property=\"og:type\" content=\"article\" \/>\n<meta property=\"og:title\" content=\"Encontro com o Desembargador Federal Ricardo Tadeu 5\/8, no TRT do Paran\u00e1. -\" \/>\n<meta property=\"og:description\" content=\"Em busca de vencer preconceitos culturais que dificultam a presen\u00e7a das pessoas com defici\u00eancia no mercado formal de trabalho, temos um encontro agendado com o Dr. Ricardo Tadeu Marques da Fonseca, Desembargador Federal do Trabalho, que \u00e9 o 1\u00ba juiz cego brasileiro. No encontro conheceremos a vis\u00e3o do Dr. Ricardo sobre as boas pr\u00e1ticas do [&hellip;]\" \/>\n<meta property=\"og:url\" content=\"https:\/\/inclusivenews.com.br\/?p=16750\" \/>\n<meta property=\"article:publisher\" content=\"https:\/\/www.facebook.com\/agenciainclusive\/\" \/>\n<meta property=\"article:published_time\" content=\"2010-07-30T21:30:36+00:00\" \/>\n<meta property=\"og:image\" content=\"http:\/\/inclusivenews.com.br\/wp-content\/uploads\/2010\/01\/CNT_EXT_1578341-150x150.jpg\" \/>\n<meta name=\"author\" content=\"inclusivenews2024\" \/>\n<meta name=\"twitter:card\" content=\"summary_large_image\" \/>\n<meta name=\"twitter:label1\" content=\"Escrito por\" \/>\n\t<meta name=\"twitter:data1\" content=\"inclusivenews2024\" \/>\n\t<meta name=\"twitter:label2\" content=\"Tempo estimado de leitura\" \/>\n\t<meta name=\"twitter:data2\" content=\"1 minuto\" \/>\n<script type=\"application\/ld+json\" class=\"yoast-schema-graph\">{\"@context\":\"https:\\\/\\\/schema.org\",\"@graph\":[{\"@type\":\"Article\",\"@id\":\"https:\\\/\\\/inclusivenews.com.br\\\/?p=16750#article\",\"isPartOf\":{\"@id\":\"https:\\\/\\\/inclusivenews.com.br\\\/?p=16750\"},\"author\":{\"name\":\"inclusivenews2024\",\"@id\":\"https:\\\/\\\/inclusivenews.com.br\\\/#\\\/schema\\\/person\\\/ae4ec7087559b8692fb33b6fffd2273b\"},\"headline\":\"Encontro com o Desembargador Federal Ricardo Tadeu 5\\\/8, no TRT do Paran\u00e1.\",\"datePublished\":\"2010-07-30T21:30:36+00:00\",\"mainEntityOfPage\":{\"@id\":\"https:\\\/\\\/inclusivenews.com.br\\\/?p=16750\"},\"wordCount\":247,\"commentCount\":0,\"publisher\":{\"@id\":\"https:\\\/\\\/inclusivenews.com.br\\\/#organization\"},\"image\":{\"@id\":\"https:\\\/\\\/inclusivenews.com.br\\\/?p=16750#primaryimage\"},\"thumbnailUrl\":\"http:\\\/\\\/inclusivenews.com.br\\\/wp-content\\\/uploads\\\/2010\\\/01\\\/CNT_EXT_1578341-150x150.jpg\",\"articleSection\":[\"Conven\u00e7\u00e3o\",\"Defici\u00eancia\",\"INCLUS\u00c3O SOCIAL\",\"Legisla\u00e7\u00e3o ...\",\"Mercado de Trabalho\",\"NOT\u00cdCIAS\"],\"inLanguage\":\"pt-PT\",\"potentialAction\":[{\"@type\":\"CommentAction\",\"name\":\"Comment\",\"target\":[\"https:\\\/\\\/inclusivenews.com.br\\\/?p=16750#respond\"]}]},{\"@type\":\"WebPage\",\"@id\":\"https:\\\/\\\/inclusivenews.com.br\\\/?p=16750\",\"url\":\"https:\\\/\\\/inclusivenews.com.br\\\/?p=16750\",\"name\":\"Encontro com o Desembargador Federal Ricardo Tadeu 5\\\/8, no TRT do Paran\u00e1. -\",\"isPartOf\":{\"@id\":\"https:\\\/\\\/inclusivenews.com.br\\\/#website\"},\"primaryImageOfPage\":{\"@id\":\"https:\\\/\\\/inclusivenews.com.br\\\/?p=16750#primaryimage\"},\"image\":{\"@id\":\"https:\\\/\\\/inclusivenews.com.br\\\/?p=16750#primaryimage\"},\"thumbnailUrl\":\"http:\\\/\\\/inclusivenews.com.br\\\/wp-content\\\/uploads\\\/2010\\\/01\\\/CNT_EXT_1578341-150x150.jpg\",\"datePublished\":\"2010-07-30T21:30:36+00:00\",\"breadcrumb\":{\"@id\":\"https:\\\/\\\/inclusivenews.com.br\\\/?p=16750#breadcrumb\"},\"inLanguage\":\"pt-PT\",\"potentialAction\":[{\"@type\":\"ReadAction\",\"target\":[\"https:\\\/\\\/inclusivenews.com.br\\\/?p=16750\"]}]},{\"@type\":\"ImageObject\",\"inLanguage\":\"pt-PT\",\"@id\":\"https:\\\/\\\/inclusivenews.com.br\\\/?p=16750#primaryimage\",\"url\":\"\",\"contentUrl\":\"\"},{\"@type\":\"BreadcrumbList\",\"@id\":\"https:\\\/\\\/inclusivenews.com.br\\\/?p=16750#breadcrumb\",\"itemListElement\":[{\"@type\":\"ListItem\",\"position\":1,\"name\":\"In\u00edcio\",\"item\":\"https:\\\/\\\/inclusivenews.com.br\\\/\"},{\"@type\":\"ListItem\",\"position\":2,\"name\":\"Encontro com o Desembargador Federal Ricardo Tadeu 5\\\/8, no TRT do Paran\u00e1.\"}]},{\"@type\":\"WebSite\",\"@id\":\"https:\\\/\\\/inclusivenews.com.br\\\/#website\",\"url\":\"https:\\\/\\\/inclusivenews.com.br\\\/\",\"name\":\"Inclusive News\",\"description\":\"Inclusive News\",\"publisher\":{\"@id\":\"https:\\\/\\\/inclusivenews.com.br\\\/#organization\"},\"potentialAction\":[{\"@type\":\"SearchAction\",\"target\":{\"@type\":\"EntryPoint\",\"urlTemplate\":\"https:\\\/\\\/inclusivenews.com.br\\\/?s={search_term_string}\"},\"query-input\":{\"@type\":\"PropertyValueSpecification\",\"valueRequired\":true,\"valueName\":\"search_term_string\"}}],\"inLanguage\":\"pt-PT\"},{\"@type\":\"Organization\",\"@id\":\"https:\\\/\\\/inclusivenews.com.br\\\/#organization\",\"name\":\"Inclusive - inclus\u00e3o e cidadania\",\"url\":\"https:\\\/\\\/inclusivenews.com.br\\\/\",\"logo\":{\"@type\":\"ImageObject\",\"inLanguage\":\"pt-PT\",\"@id\":\"https:\\\/\\\/inclusivenews.com.br\\\/#\\\/schema\\\/logo\\\/image\\\/\",\"url\":\"https:\\\/\\\/inclusivenews.com.br\\\/wp-content\\\/uploads\\\/2024\\\/03\\\/@grandesite.png\",\"contentUrl\":\"https:\\\/\\\/inclusivenews.com.br\\\/wp-content\\\/uploads\\\/2024\\\/03\\\/@grandesite.png\",\"width\":1080,\"height\":1080,\"caption\":\"Inclusive - inclus\u00e3o e cidadania\"},\"image\":{\"@id\":\"https:\\\/\\\/inclusivenews.com.br\\\/#\\\/schema\\\/logo\\\/image\\\/\"},\"sameAs\":[\"https:\\\/\\\/www.facebook.com\\\/agenciainclusive\\\/\",\"https:\\\/\\\/www.instagram.com\\\/newsinclusive\\\/\"]},{\"@type\":\"Person\",\"@id\":\"https:\\\/\\\/inclusivenews.com.br\\\/#\\\/schema\\\/person\\\/ae4ec7087559b8692fb33b6fffd2273b\",\"name\":\"inclusivenews2024\",\"image\":{\"@type\":\"ImageObject\",\"inLanguage\":\"pt-PT\",\"@id\":\"https:\\\/\\\/secure.gravatar.com\\\/avatar\\\/c5a7ef84c66fa914f55bc4f7ce26cfa275a3b9a1c5568b907bd184fb4dde7b40?s=96&d=mm&r=g\",\"url\":\"https:\\\/\\\/secure.gravatar.com\\\/avatar\\\/c5a7ef84c66fa914f55bc4f7ce26cfa275a3b9a1c5568b907bd184fb4dde7b40?s=96&d=mm&r=g\",\"contentUrl\":\"https:\\\/\\\/secure.gravatar.com\\\/avatar\\\/c5a7ef84c66fa914f55bc4f7ce26cfa275a3b9a1c5568b907bd184fb4dde7b40?s=96&d=mm&r=g\",\"caption\":\"inclusivenews2024\"},\"sameAs\":[\"https:\\\/\\\/inclusivenews.com.br\"],\"url\":\"https:\\\/\\\/inclusivenews.com.br\\\/?author=1\"}]}<\/script>\n<!-- \/ Yoast SEO plugin. -->","yoast_head_json":{"title":"Encontro com o Desembargador Federal Ricardo Tadeu 5\/8, no TRT do Paran\u00e1. -","robots":{"index":"index","follow":"follow","max-snippet":"max-snippet:-1","max-image-preview":"max-image-preview:large","max-video-preview":"max-video-preview:-1"},"canonical":"https:\/\/inclusivenews.com.br\/?p=16750","og_locale":"pt_PT","og_type":"article","og_title":"Encontro com o Desembargador Federal Ricardo Tadeu 5\/8, no TRT do Paran\u00e1. -","og_description":"Em busca de vencer preconceitos culturais que dificultam a presen\u00e7a das pessoas com defici\u00eancia no mercado formal de trabalho, temos um encontro agendado com o Dr. Ricardo Tadeu Marques da Fonseca, Desembargador Federal do Trabalho, que \u00e9 o 1\u00ba juiz cego brasileiro. No encontro conheceremos a vis\u00e3o do Dr. Ricardo sobre as boas pr\u00e1ticas do [&hellip;]","og_url":"https:\/\/inclusivenews.com.br\/?p=16750","article_publisher":"https:\/\/www.facebook.com\/agenciainclusive\/","article_published_time":"2010-07-30T21:30:36+00:00","og_image":[{"url":"http:\/\/inclusivenews.com.br\/wp-content\/uploads\/2010\/01\/CNT_EXT_1578341-150x150.jpg","type":"","width":"","height":""}],"author":"inclusivenews2024","twitter_card":"summary_large_image","twitter_misc":{"Escrito por":"inclusivenews2024","Tempo estimado de leitura":"1 minuto"},"schema":{"@context":"https:\/\/schema.org","@graph":[{"@type":"Article","@id":"https:\/\/inclusivenews.com.br\/?p=16750#article","isPartOf":{"@id":"https:\/\/inclusivenews.com.br\/?p=16750"},"author":{"name":"inclusivenews2024","@id":"https:\/\/inclusivenews.com.br\/#\/schema\/person\/ae4ec7087559b8692fb33b6fffd2273b"},"headline":"Encontro com o Desembargador Federal Ricardo Tadeu 5\/8, no TRT do Paran\u00e1.","datePublished":"2010-07-30T21:30:36+00:00","mainEntityOfPage":{"@id":"https:\/\/inclusivenews.com.br\/?p=16750"},"wordCount":247,"commentCount":0,"publisher":{"@id":"https:\/\/inclusivenews.com.br\/#organization"},"image":{"@id":"https:\/\/inclusivenews.com.br\/?p=16750#primaryimage"},"thumbnailUrl":"http:\/\/inclusivenews.com.br\/wp-content\/uploads\/2010\/01\/CNT_EXT_1578341-150x150.jpg","articleSection":["Conven\u00e7\u00e3o","Defici\u00eancia","INCLUS\u00c3O SOCIAL","Legisla\u00e7\u00e3o ...","Mercado de Trabalho","NOT\u00cdCIAS"],"inLanguage":"pt-PT","potentialAction":[{"@type":"CommentAction","name":"Comment","target":["https:\/\/inclusivenews.com.br\/?p=16750#respond"]}]},{"@type":"WebPage","@id":"https:\/\/inclusivenews.com.br\/?p=16750","url":"https:\/\/inclusivenews.com.br\/?p=16750","name":"Encontro com o Desembargador Federal Ricardo Tadeu 5\/8, no TRT do Paran\u00e1. -","isPartOf":{"@id":"https:\/\/inclusivenews.com.br\/#website"},"primaryImageOfPage":{"@id":"https:\/\/inclusivenews.com.br\/?p=16750#primaryimage"},"image":{"@id":"https:\/\/inclusivenews.com.br\/?p=16750#primaryimage"},"thumbnailUrl":"http:\/\/inclusivenews.com.br\/wp-content\/uploads\/2010\/01\/CNT_EXT_1578341-150x150.jpg","datePublished":"2010-07-30T21:30:36+00:00","breadcrumb":{"@id":"https:\/\/inclusivenews.com.br\/?p=16750#breadcrumb"},"inLanguage":"pt-PT","potentialAction":[{"@type":"ReadAction","target":["https:\/\/inclusivenews.com.br\/?p=16750"]}]},{"@type":"ImageObject","inLanguage":"pt-PT","@id":"https:\/\/inclusivenews.com.br\/?p=16750#primaryimage","url":"","contentUrl":""},{"@type":"BreadcrumbList","@id":"https:\/\/inclusivenews.com.br\/?p=16750#breadcrumb","itemListElement":[{"@type":"ListItem","position":1,"name":"In\u00edcio","item":"https:\/\/inclusivenews.com.br\/"},{"@type":"ListItem","position":2,"name":"Encontro com o Desembargador Federal Ricardo Tadeu 5\/8, no TRT do Paran\u00e1."}]},{"@type":"WebSite","@id":"https:\/\/inclusivenews.com.br\/#website","url":"https:\/\/inclusivenews.com.br\/","name":"Inclusive News","description":"Inclusive News","publisher":{"@id":"https:\/\/inclusivenews.com.br\/#organization"},"potentialAction":[{"@type":"SearchAction","target":{"@type":"EntryPoint","urlTemplate":"https:\/\/inclusivenews.com.br\/?s={search_term_string}"},"query-input":{"@type":"PropertyValueSpecification","valueRequired":true,"valueName":"search_term_string"}}],"inLanguage":"pt-PT"},{"@type":"Organization","@id":"https:\/\/inclusivenews.com.br\/#organization","name":"Inclusive - inclus\u00e3o e cidadania","url":"https:\/\/inclusivenews.com.br\/","logo":{"@type":"ImageObject","inLanguage":"pt-PT","@id":"https:\/\/inclusivenews.com.br\/#\/schema\/logo\/image\/","url":"https:\/\/inclusivenews.com.br\/wp-content\/uploads\/2024\/03\/@grandesite.png","contentUrl":"https:\/\/inclusivenews.com.br\/wp-content\/uploads\/2024\/03\/@grandesite.png","width":1080,"height":1080,"caption":"Inclusive - inclus\u00e3o e cidadania"},"image":{"@id":"https:\/\/inclusivenews.com.br\/#\/schema\/logo\/image\/"},"sameAs":["https:\/\/www.facebook.com\/agenciainclusive\/","https:\/\/www.instagram.com\/newsinclusive\/"]},{"@type":"Person","@id":"https:\/\/inclusivenews.com.br\/#\/schema\/person\/ae4ec7087559b8692fb33b6fffd2273b","name":"inclusivenews2024","image":{"@type":"ImageObject","inLanguage":"pt-PT","@id":"https:\/\/secure.gravatar.com\/avatar\/c5a7ef84c66fa914f55bc4f7ce26cfa275a3b9a1c5568b907bd184fb4dde7b40?s=96&d=mm&r=g","url":"https:\/\/secure.gravatar.com\/avatar\/c5a7ef84c66fa914f55bc4f7ce26cfa275a3b9a1c5568b907bd184fb4dde7b40?s=96&d=mm&r=g","contentUrl":"https:\/\/secure.gravatar.com\/avatar\/c5a7ef84c66fa914f55bc4f7ce26cfa275a3b9a1c5568b907bd184fb4dde7b40?s=96&d=mm&r=g","caption":"inclusivenews2024"},"sameAs":["https:\/\/inclusivenews.com.br"],"url":"https:\/\/inclusivenews.com.br\/?author=1"}]}},"_links":{"self":[{"href":"https:\/\/inclusivenews.com.br\/index.php?rest_route=\/wp\/v2\/posts\/16750","targetHints":{"allow":["GET"]}}],"collection":[{"href":"https:\/\/inclusivenews.com.br\/index.php?rest_route=\/wp\/v2\/posts"}],"about":[{"href":"https:\/\/inclusivenews.com.br\/index.php?rest_route=\/wp\/v2\/types\/post"}],"author":[{"embeddable":true,"href":"https:\/\/inclusivenews.com.br\/index.php?rest_route=\/wp\/v2\/users\/1"}],"replies":[{"embeddable":true,"href":"https:\/\/inclusivenews.com.br\/index.php?rest_route=%2Fwp%2Fv2%2Fcomments&post=16750"}],"version-history":[{"count":0,"href":"https:\/\/inclusivenews.com.br\/index.php?rest_route=\/wp\/v2\/posts\/16750\/revisions"}],"wp:attachment":[{"href":"https:\/\/inclusivenews.com.br\/index.php?rest_route=%2Fwp%2Fv2%2Fmedia&parent=16750"}],"wp:term":[{"taxonomy":"category","embeddable":true,"href":"https:\/\/inclusivenews.com.br\/index.php?rest_route=%2Fwp%2Fv2%2Fcategories&post=16750"},{"taxonomy":"post_tag","embeddable":true,"href":"https:\/\/inclusivenews.com.br\/index.php?rest_route=%2Fwp%2Fv2%2Ftags&post=16750"}],"curies":[{"name":"wp","href":"https:\/\/api.w.org\/{rel}","templated":true}]}}