{"id":16751,"date":"2010-07-30T18:55:50","date_gmt":"2010-07-30T21:55:50","guid":{"rendered":"http:\/\/www.inclusive.org.br\/?p=16751"},"modified":"2010-07-30T18:55:50","modified_gmt":"2010-07-30T21:55:50","slug":"casos-de-sucesso-na-inclusao-atraem-mais-de-250-visitantes","status":"publish","type":"post","link":"https:\/\/inclusivenews.com.br\/?p=16751","title":{"rendered":"Casos de sucesso na inclus\u00e3o atraem mais de 250 visitantes"},"content":{"rendered":"<figure id=\"attachment_16753\" aria-describedby=\"caption-attachment-16753\" style=\"width: 150px\" class=\"wp-caption alignleft\"><a href=\"http:\/\/www.inclusivenews.com.br\/wp-content\/uploads\/2010\/07\/sindrome-de-down-klinefelter-e.jpg\"><img loading=\"lazy\" decoding=\"async\" class=\"size-thumbnail wp-image-16753\" title=\"sindrome-de-down-klinefelter-e\" src=\"http:\/\/inclusivenews.com.br\/wp-content\/uploads\/2010\/07\/sindrome-de-down-klinefelter-e-150x150.jpg\" alt=\"Rapaz com s\u00edndrome de down de terno e gravata e ambiente de trabalho\" width=\"150\" height=\"150\" \/><\/a><figcaption id=\"caption-attachment-16753\" class=\"wp-caption-text\">Rapaz com s\u00edndrome de down de terno e gravata e ambiente de trabalho<\/figcaption><\/figure>\n<p>Eles est\u00e3o vindo de v\u00e1rias cidades de S\u00e3o Paulo e de outros estados brasileiros. V\u00eam de empresas, escolas, sindicatos, entidades especializadas e \u00f3rg\u00e3os p\u00fablicos.<\/p>\n<p>E depois de cada visita voltam com a certeza que a inclus\u00e3o profissional de pessoas com defici\u00eancia j\u00e1 \u00e9 uma realidade em todos as organiza\u00e7\u00f5es visitadas.<\/p>\n<p>Na 8\u00aa visita do Programa, em 17 de junho, foi a vez da Apae de S\u00e3o Paulo. Tinha gente de Porto Alegre e de Bras\u00edlia conferindo os relatos dos parceiros da Apae que apostaram nas contrata\u00e7\u00f5es de pessoas com defici\u00eancia intelectual, e ouviram o lado dos profissionais de RH, funcion\u00e1rios e ex-alunos.<\/p>\n<p>Quando chegaram nas oficinas os visitantes \u201caprenderam\u201dcom os alunos como desenvolver tarefas de montagens.<\/p>\n<p>A 9\u00aa visita aconteceu a 450 km da Capital, na cidade de Lins, em 21 de junho. Os visitantes foram recebidos com muito carinho (tinha at\u00e9 faixa de boas vindas) e descobriram possibilidades de trabalho de pessoas com defici\u00eancia no setor de carnes e derivados.<\/p>\n<p>A partir do Frigor\u00edfico JBS os visitantes se deslocaram \u00e0 Oficina  de Trabalhos Experimentais \u2013 Projeto de Inclus\u00e3o de Pessoas com Defici\u00eancia que \u00e9 uma parceria da empresa, da Secretaria Estadual de Sa\u00fade e da Prefeitura local, na prepara\u00e7\u00e3o para o trabalho de jovens com defici\u00eancia intelectual.<\/p>\n<p>Teve relatos dos jovens, de m\u00e3e e de coordenadoras do projeto.<\/p>\n<p>Os visitantes tamb\u00e9m conheceram a f\u00e1brica de produtos de PET do Grupo JBS e o contato foi feito na linha de produ\u00e7\u00e3o e no setor de embalagem, onde atuam diversas pessoas com defici\u00eancia.<\/p>\n<p>Pr\u00f3ximas visitas do 3\u00ba Programa de sensibiliza\u00e7\u00e3o social e empresarial para coloca\u00e7\u00e3o da pessoa com defici\u00eancia no mercado de trabalho. J\u00e1 est\u00e3o com vagas restritas:<\/p>\n<p>Dia 29 de junho ser\u00e1 na Drogaria S\u00e3o Paulo \u2013 Capital<\/p>\n<p>Dia 30 de junho ser\u00e1 na Escola SENAI \u2013 Itu<\/p>\n<p>Objetivo: Conhecer a escola que \u00e9 refer\u00eancia nacional do SENAI na capacita\u00e7\u00e3o de pessoas com defici\u00eancia do trabalho e as possibilidades de capacita\u00e7\u00e3o profissional de alunos com defici\u00eancia.<\/p>\n<p>Hor\u00e1rio: 14:00h as 17:00 horas<\/p>\n<p>Endere\u00e7o: Av. Goi\u00e1s, 139 \u2013 Centro \u2013 Itu ( ao lado da Esta\u00e7\u00e3o Rodovi\u00e1ria de Itu)<\/p>\n<p>Inscri\u00e7\u00f5es abertas at\u00e9 o dia 25\/06\/2010 atrav\u00e9s do e-mail ecidadania@ecidadania.org.br<\/p>\n<p>Dia 07 de julho ser\u00e1 na Metal\u00fargica Corneta \u2013 Osasco<\/p>\n<p>A 3\u00aa etapa do Programa ser\u00e1 executada em 23 de julho, na Superintend\u00eancia Regional do Trabalho e Emprego de S\u00e3o Paulo.<\/p>\n<p>Fonte: <a href=\"http:\/\/www.ecidadania.org.br\/?pg=noticias&amp;id=194\">Espa\u00e7o da Cidadania <\/a><\/p>\n","protected":false},"excerpt":{"rendered":"<p>Eles est\u00e3o vindo de v\u00e1rias cidades de S\u00e3o Paulo e de outros estados brasileiros. V\u00eam de empresas, escolas, sindicatos, entidades especializadas e \u00f3rg\u00e3os p\u00fablicos. E depois de cada visita voltam com a certeza que a inclus\u00e3o profissional de pessoas com defici\u00eancia j\u00e1 \u00e9 uma realidade em todos as organiza\u00e7\u00f5es visitadas. Na 8\u00aa visita do Programa, [&hellip;]<\/p>\n","protected":false},"author":1,"featured_media":0,"comment_status":"open","ping_status":"open","sticky":false,"template":"","format":"standard","meta":{"site-container-style":"default","site-container-layout":"default","site-sidebar-layout":"default","disable-article-header":"default","disable-site-header":"default","disable-site-footer":"default","disable-content-area-spacing":"default","footnotes":""},"categories":[38,48,46,4],"tags":[],"class_list":["post-16751","post","type-post","status-publish","format-standard","hentry","category-deficiencia","category-inclusao","category-mercado-de-trabalho","category-noticias"],"yoast_head":"<!-- This site is optimized with the Yoast SEO plugin v27.4 - https:\/\/yoast.com\/product\/yoast-seo-wordpress\/ -->\n<title>Casos de sucesso na inclus\u00e3o atraem mais de 250 visitantes -<\/title>\n<meta name=\"robots\" content=\"index, follow, max-snippet:-1, max-image-preview:large, max-video-preview:-1\" \/>\n<link rel=\"canonical\" href=\"https:\/\/inclusivenews.com.br\/?p=16751\" \/>\n<meta property=\"og:locale\" content=\"pt_PT\" \/>\n<meta property=\"og:type\" content=\"article\" \/>\n<meta property=\"og:title\" content=\"Casos de sucesso na inclus\u00e3o atraem mais de 250 visitantes -\" \/>\n<meta property=\"og:description\" content=\"Eles est\u00e3o vindo de v\u00e1rias cidades de S\u00e3o Paulo e de outros estados brasileiros. V\u00eam de empresas, escolas, sindicatos, entidades especializadas e \u00f3rg\u00e3os p\u00fablicos. E depois de cada visita voltam com a certeza que a inclus\u00e3o profissional de pessoas com defici\u00eancia j\u00e1 \u00e9 uma realidade em todos as organiza\u00e7\u00f5es visitadas. Na 8\u00aa visita do Programa, [&hellip;]\" \/>\n<meta property=\"og:url\" content=\"https:\/\/inclusivenews.com.br\/?p=16751\" \/>\n<meta property=\"article:publisher\" content=\"https:\/\/www.facebook.com\/agenciainclusive\/\" \/>\n<meta property=\"article:published_time\" content=\"2010-07-30T21:55:50+00:00\" \/>\n<meta property=\"og:image\" content=\"http:\/\/inclusivenews.com.br\/wp-content\/uploads\/2010\/07\/sindrome-de-down-klinefelter-e-150x150.jpg\" \/>\n<meta name=\"author\" content=\"inclusivenews2024\" \/>\n<meta name=\"twitter:card\" content=\"summary_large_image\" \/>\n<meta name=\"twitter:label1\" content=\"Escrito por\" \/>\n\t<meta name=\"twitter:data1\" content=\"inclusivenews2024\" \/>\n\t<meta name=\"twitter:label2\" content=\"Tempo estimado de leitura\" \/>\n\t<meta name=\"twitter:data2\" content=\"2 minutos\" \/>\n<script type=\"application\/ld+json\" class=\"yoast-schema-graph\">{\"@context\":\"https:\\\/\\\/schema.org\",\"@graph\":[{\"@type\":\"Article\",\"@id\":\"https:\\\/\\\/inclusivenews.com.br\\\/?p=16751#article\",\"isPartOf\":{\"@id\":\"https:\\\/\\\/inclusivenews.com.br\\\/?p=16751\"},\"author\":{\"name\":\"inclusivenews2024\",\"@id\":\"https:\\\/\\\/inclusivenews.com.br\\\/#\\\/schema\\\/person\\\/ae4ec7087559b8692fb33b6fffd2273b\"},\"headline\":\"Casos de sucesso na inclus\u00e3o atraem mais de 250 visitantes\",\"datePublished\":\"2010-07-30T21:55:50+00:00\",\"mainEntityOfPage\":{\"@id\":\"https:\\\/\\\/inclusivenews.com.br\\\/?p=16751\"},\"wordCount\":451,\"commentCount\":0,\"publisher\":{\"@id\":\"https:\\\/\\\/inclusivenews.com.br\\\/#organization\"},\"image\":{\"@id\":\"https:\\\/\\\/inclusivenews.com.br\\\/?p=16751#primaryimage\"},\"thumbnailUrl\":\"http:\\\/\\\/inclusivenews.com.br\\\/wp-content\\\/uploads\\\/2010\\\/07\\\/sindrome-de-down-klinefelter-e-150x150.jpg\",\"articleSection\":[\"Defici\u00eancia\",\"INCLUS\u00c3O SOCIAL\",\"Mercado de Trabalho\",\"NOT\u00cdCIAS\"],\"inLanguage\":\"pt-PT\",\"potentialAction\":[{\"@type\":\"CommentAction\",\"name\":\"Comment\",\"target\":[\"https:\\\/\\\/inclusivenews.com.br\\\/?p=16751#respond\"]}]},{\"@type\":\"WebPage\",\"@id\":\"https:\\\/\\\/inclusivenews.com.br\\\/?p=16751\",\"url\":\"https:\\\/\\\/inclusivenews.com.br\\\/?p=16751\",\"name\":\"Casos de sucesso na inclus\u00e3o atraem mais de 250 visitantes -\",\"isPartOf\":{\"@id\":\"https:\\\/\\\/inclusivenews.com.br\\\/#website\"},\"primaryImageOfPage\":{\"@id\":\"https:\\\/\\\/inclusivenews.com.br\\\/?p=16751#primaryimage\"},\"image\":{\"@id\":\"https:\\\/\\\/inclusivenews.com.br\\\/?p=16751#primaryimage\"},\"thumbnailUrl\":\"http:\\\/\\\/inclusivenews.com.br\\\/wp-content\\\/uploads\\\/2010\\\/07\\\/sindrome-de-down-klinefelter-e-150x150.jpg\",\"datePublished\":\"2010-07-30T21:55:50+00:00\",\"breadcrumb\":{\"@id\":\"https:\\\/\\\/inclusivenews.com.br\\\/?p=16751#breadcrumb\"},\"inLanguage\":\"pt-PT\",\"potentialAction\":[{\"@type\":\"ReadAction\",\"target\":[\"https:\\\/\\\/inclusivenews.com.br\\\/?p=16751\"]}]},{\"@type\":\"ImageObject\",\"inLanguage\":\"pt-PT\",\"@id\":\"https:\\\/\\\/inclusivenews.com.br\\\/?p=16751#primaryimage\",\"url\":\"\",\"contentUrl\":\"\"},{\"@type\":\"BreadcrumbList\",\"@id\":\"https:\\\/\\\/inclusivenews.com.br\\\/?p=16751#breadcrumb\",\"itemListElement\":[{\"@type\":\"ListItem\",\"position\":1,\"name\":\"In\u00edcio\",\"item\":\"https:\\\/\\\/inclusivenews.com.br\\\/\"},{\"@type\":\"ListItem\",\"position\":2,\"name\":\"Casos de sucesso na inclus\u00e3o atraem mais de 250 visitantes\"}]},{\"@type\":\"WebSite\",\"@id\":\"https:\\\/\\\/inclusivenews.com.br\\\/#website\",\"url\":\"https:\\\/\\\/inclusivenews.com.br\\\/\",\"name\":\"Inclusive News\",\"description\":\"Inclusive News\",\"publisher\":{\"@id\":\"https:\\\/\\\/inclusivenews.com.br\\\/#organization\"},\"potentialAction\":[{\"@type\":\"SearchAction\",\"target\":{\"@type\":\"EntryPoint\",\"urlTemplate\":\"https:\\\/\\\/inclusivenews.com.br\\\/?s={search_term_string}\"},\"query-input\":{\"@type\":\"PropertyValueSpecification\",\"valueRequired\":true,\"valueName\":\"search_term_string\"}}],\"inLanguage\":\"pt-PT\"},{\"@type\":\"Organization\",\"@id\":\"https:\\\/\\\/inclusivenews.com.br\\\/#organization\",\"name\":\"Inclusive - inclus\u00e3o e cidadania\",\"url\":\"https:\\\/\\\/inclusivenews.com.br\\\/\",\"logo\":{\"@type\":\"ImageObject\",\"inLanguage\":\"pt-PT\",\"@id\":\"https:\\\/\\\/inclusivenews.com.br\\\/#\\\/schema\\\/logo\\\/image\\\/\",\"url\":\"https:\\\/\\\/inclusivenews.com.br\\\/wp-content\\\/uploads\\\/2024\\\/03\\\/@grandesite.png\",\"contentUrl\":\"https:\\\/\\\/inclusivenews.com.br\\\/wp-content\\\/uploads\\\/2024\\\/03\\\/@grandesite.png\",\"width\":1080,\"height\":1080,\"caption\":\"Inclusive - inclus\u00e3o e cidadania\"},\"image\":{\"@id\":\"https:\\\/\\\/inclusivenews.com.br\\\/#\\\/schema\\\/logo\\\/image\\\/\"},\"sameAs\":[\"https:\\\/\\\/www.facebook.com\\\/agenciainclusive\\\/\",\"https:\\\/\\\/www.instagram.com\\\/newsinclusive\\\/\"]},{\"@type\":\"Person\",\"@id\":\"https:\\\/\\\/inclusivenews.com.br\\\/#\\\/schema\\\/person\\\/ae4ec7087559b8692fb33b6fffd2273b\",\"name\":\"inclusivenews2024\",\"image\":{\"@type\":\"ImageObject\",\"inLanguage\":\"pt-PT\",\"@id\":\"https:\\\/\\\/secure.gravatar.com\\\/avatar\\\/c5a7ef84c66fa914f55bc4f7ce26cfa275a3b9a1c5568b907bd184fb4dde7b40?s=96&d=mm&r=g\",\"url\":\"https:\\\/\\\/secure.gravatar.com\\\/avatar\\\/c5a7ef84c66fa914f55bc4f7ce26cfa275a3b9a1c5568b907bd184fb4dde7b40?s=96&d=mm&r=g\",\"contentUrl\":\"https:\\\/\\\/secure.gravatar.com\\\/avatar\\\/c5a7ef84c66fa914f55bc4f7ce26cfa275a3b9a1c5568b907bd184fb4dde7b40?s=96&d=mm&r=g\",\"caption\":\"inclusivenews2024\"},\"sameAs\":[\"https:\\\/\\\/inclusivenews.com.br\"],\"url\":\"https:\\\/\\\/inclusivenews.com.br\\\/?author=1\"}]}<\/script>\n<!-- \/ Yoast SEO plugin. -->","yoast_head_json":{"title":"Casos de sucesso na inclus\u00e3o atraem mais de 250 visitantes -","robots":{"index":"index","follow":"follow","max-snippet":"max-snippet:-1","max-image-preview":"max-image-preview:large","max-video-preview":"max-video-preview:-1"},"canonical":"https:\/\/inclusivenews.com.br\/?p=16751","og_locale":"pt_PT","og_type":"article","og_title":"Casos de sucesso na inclus\u00e3o atraem mais de 250 visitantes -","og_description":"Eles est\u00e3o vindo de v\u00e1rias cidades de S\u00e3o Paulo e de outros estados brasileiros. V\u00eam de empresas, escolas, sindicatos, entidades especializadas e \u00f3rg\u00e3os p\u00fablicos. E depois de cada visita voltam com a certeza que a inclus\u00e3o profissional de pessoas com defici\u00eancia j\u00e1 \u00e9 uma realidade em todos as organiza\u00e7\u00f5es visitadas. Na 8\u00aa visita do Programa, [&hellip;]","og_url":"https:\/\/inclusivenews.com.br\/?p=16751","article_publisher":"https:\/\/www.facebook.com\/agenciainclusive\/","article_published_time":"2010-07-30T21:55:50+00:00","og_image":[{"url":"http:\/\/inclusivenews.com.br\/wp-content\/uploads\/2010\/07\/sindrome-de-down-klinefelter-e-150x150.jpg","type":"","width":"","height":""}],"author":"inclusivenews2024","twitter_card":"summary_large_image","twitter_misc":{"Escrito por":"inclusivenews2024","Tempo estimado de leitura":"2 minutos"},"schema":{"@context":"https:\/\/schema.org","@graph":[{"@type":"Article","@id":"https:\/\/inclusivenews.com.br\/?p=16751#article","isPartOf":{"@id":"https:\/\/inclusivenews.com.br\/?p=16751"},"author":{"name":"inclusivenews2024","@id":"https:\/\/inclusivenews.com.br\/#\/schema\/person\/ae4ec7087559b8692fb33b6fffd2273b"},"headline":"Casos de sucesso na inclus\u00e3o atraem mais de 250 visitantes","datePublished":"2010-07-30T21:55:50+00:00","mainEntityOfPage":{"@id":"https:\/\/inclusivenews.com.br\/?p=16751"},"wordCount":451,"commentCount":0,"publisher":{"@id":"https:\/\/inclusivenews.com.br\/#organization"},"image":{"@id":"https:\/\/inclusivenews.com.br\/?p=16751#primaryimage"},"thumbnailUrl":"http:\/\/inclusivenews.com.br\/wp-content\/uploads\/2010\/07\/sindrome-de-down-klinefelter-e-150x150.jpg","articleSection":["Defici\u00eancia","INCLUS\u00c3O SOCIAL","Mercado de Trabalho","NOT\u00cdCIAS"],"inLanguage":"pt-PT","potentialAction":[{"@type":"CommentAction","name":"Comment","target":["https:\/\/inclusivenews.com.br\/?p=16751#respond"]}]},{"@type":"WebPage","@id":"https:\/\/inclusivenews.com.br\/?p=16751","url":"https:\/\/inclusivenews.com.br\/?p=16751","name":"Casos de sucesso na inclus\u00e3o atraem mais de 250 visitantes -","isPartOf":{"@id":"https:\/\/inclusivenews.com.br\/#website"},"primaryImageOfPage":{"@id":"https:\/\/inclusivenews.com.br\/?p=16751#primaryimage"},"image":{"@id":"https:\/\/inclusivenews.com.br\/?p=16751#primaryimage"},"thumbnailUrl":"http:\/\/inclusivenews.com.br\/wp-content\/uploads\/2010\/07\/sindrome-de-down-klinefelter-e-150x150.jpg","datePublished":"2010-07-30T21:55:50+00:00","breadcrumb":{"@id":"https:\/\/inclusivenews.com.br\/?p=16751#breadcrumb"},"inLanguage":"pt-PT","potentialAction":[{"@type":"ReadAction","target":["https:\/\/inclusivenews.com.br\/?p=16751"]}]},{"@type":"ImageObject","inLanguage":"pt-PT","@id":"https:\/\/inclusivenews.com.br\/?p=16751#primaryimage","url":"","contentUrl":""},{"@type":"BreadcrumbList","@id":"https:\/\/inclusivenews.com.br\/?p=16751#breadcrumb","itemListElement":[{"@type":"ListItem","position":1,"name":"In\u00edcio","item":"https:\/\/inclusivenews.com.br\/"},{"@type":"ListItem","position":2,"name":"Casos de sucesso na inclus\u00e3o atraem mais de 250 visitantes"}]},{"@type":"WebSite","@id":"https:\/\/inclusivenews.com.br\/#website","url":"https:\/\/inclusivenews.com.br\/","name":"Inclusive News","description":"Inclusive News","publisher":{"@id":"https:\/\/inclusivenews.com.br\/#organization"},"potentialAction":[{"@type":"SearchAction","target":{"@type":"EntryPoint","urlTemplate":"https:\/\/inclusivenews.com.br\/?s={search_term_string}"},"query-input":{"@type":"PropertyValueSpecification","valueRequired":true,"valueName":"search_term_string"}}],"inLanguage":"pt-PT"},{"@type":"Organization","@id":"https:\/\/inclusivenews.com.br\/#organization","name":"Inclusive - inclus\u00e3o e cidadania","url":"https:\/\/inclusivenews.com.br\/","logo":{"@type":"ImageObject","inLanguage":"pt-PT","@id":"https:\/\/inclusivenews.com.br\/#\/schema\/logo\/image\/","url":"https:\/\/inclusivenews.com.br\/wp-content\/uploads\/2024\/03\/@grandesite.png","contentUrl":"https:\/\/inclusivenews.com.br\/wp-content\/uploads\/2024\/03\/@grandesite.png","width":1080,"height":1080,"caption":"Inclusive - inclus\u00e3o e cidadania"},"image":{"@id":"https:\/\/inclusivenews.com.br\/#\/schema\/logo\/image\/"},"sameAs":["https:\/\/www.facebook.com\/agenciainclusive\/","https:\/\/www.instagram.com\/newsinclusive\/"]},{"@type":"Person","@id":"https:\/\/inclusivenews.com.br\/#\/schema\/person\/ae4ec7087559b8692fb33b6fffd2273b","name":"inclusivenews2024","image":{"@type":"ImageObject","inLanguage":"pt-PT","@id":"https:\/\/secure.gravatar.com\/avatar\/c5a7ef84c66fa914f55bc4f7ce26cfa275a3b9a1c5568b907bd184fb4dde7b40?s=96&d=mm&r=g","url":"https:\/\/secure.gravatar.com\/avatar\/c5a7ef84c66fa914f55bc4f7ce26cfa275a3b9a1c5568b907bd184fb4dde7b40?s=96&d=mm&r=g","contentUrl":"https:\/\/secure.gravatar.com\/avatar\/c5a7ef84c66fa914f55bc4f7ce26cfa275a3b9a1c5568b907bd184fb4dde7b40?s=96&d=mm&r=g","caption":"inclusivenews2024"},"sameAs":["https:\/\/inclusivenews.com.br"],"url":"https:\/\/inclusivenews.com.br\/?author=1"}]}},"_links":{"self":[{"href":"https:\/\/inclusivenews.com.br\/index.php?rest_route=\/wp\/v2\/posts\/16751","targetHints":{"allow":["GET"]}}],"collection":[{"href":"https:\/\/inclusivenews.com.br\/index.php?rest_route=\/wp\/v2\/posts"}],"about":[{"href":"https:\/\/inclusivenews.com.br\/index.php?rest_route=\/wp\/v2\/types\/post"}],"author":[{"embeddable":true,"href":"https:\/\/inclusivenews.com.br\/index.php?rest_route=\/wp\/v2\/users\/1"}],"replies":[{"embeddable":true,"href":"https:\/\/inclusivenews.com.br\/index.php?rest_route=%2Fwp%2Fv2%2Fcomments&post=16751"}],"version-history":[{"count":0,"href":"https:\/\/inclusivenews.com.br\/index.php?rest_route=\/wp\/v2\/posts\/16751\/revisions"}],"wp:attachment":[{"href":"https:\/\/inclusivenews.com.br\/index.php?rest_route=%2Fwp%2Fv2%2Fmedia&parent=16751"}],"wp:term":[{"taxonomy":"category","embeddable":true,"href":"https:\/\/inclusivenews.com.br\/index.php?rest_route=%2Fwp%2Fv2%2Fcategories&post=16751"},{"taxonomy":"post_tag","embeddable":true,"href":"https:\/\/inclusivenews.com.br\/index.php?rest_route=%2Fwp%2Fv2%2Ftags&post=16751"}],"curies":[{"name":"wp","href":"https:\/\/api.w.org\/{rel}","templated":true}]}}