{"id":16762,"date":"2010-07-31T11:26:54","date_gmt":"2010-07-31T14:26:54","guid":{"rendered":"http:\/\/www.inclusive.org.br\/?p=16762"},"modified":"2010-07-31T11:26:54","modified_gmt":"2010-07-31T14:26:54","slug":"ame-seleciona-candidatos-com-deficiencia-para-vagas-em-sao-paulo","status":"publish","type":"post","link":"https:\/\/inclusivenews.com.br\/?p=16762","title":{"rendered":"AME seleciona candidatos com defici\u00eancia para vagas em S\u00e3o Paulo"},"content":{"rendered":"<figure id=\"attachment_16765\" aria-describedby=\"caption-attachment-16765\" style=\"width: 144px\" class=\"wp-caption alignleft\"><a href=\"http:\/\/www.inclusivenews.com.br\/wp-content\/uploads\/2010\/07\/ame2.jpeg\"><img loading=\"lazy\" decoding=\"async\" class=\"size-full wp-image-16765\" title=\"ame2\" src=\"http:\/\/inclusivenews.com.br\/wp-content\/uploads\/2010\/07\/ame2.jpeg\" alt=\"Logotipo da Ame, com borbolea azul e lil\u00e1s no lugar da letra M\" width=\"144\" height=\"96\" \/><\/a><figcaption id=\"caption-attachment-16765\" class=\"wp-caption-text\">Logotipo da Ame, com borbolea azul e lil\u00e1s no lugar da letra M<\/figcaption><\/figure>\n<p>S\u00e3o Paulo, julho de 2010 \u2013 Por valorizar a diversidade em suas equipes, o Banco Santander realiza o \u201cPrograma de Capacita\u00e7\u00e3o de Pessoas com Defici\u00eancia Santander\u201d, que tem objetivo de oferecer \u00e0s pessoas com defici\u00eancia uma oportunidade de forma\u00e7\u00e3o banc\u00e1ria. A AME \u2013 Associa\u00e7\u00e3o Amigos Metrovi\u00e1rios dos Excepcionais (www.ame-sp.org. br) iniciou o cadastramento dos interessados \u00e0s vagas, que somam 400 no total.<\/p>\n<p>Os selecionados participar\u00e3o de um curso de treinamento com dura\u00e7\u00e3o de tr\u00eas meses, em turmas no per\u00edodo da manh\u00e3 e tarde e quatro horas di\u00e1rias. O local de treinamento ser\u00e1 no Centro de S\u00e3o Paulo (pr\u00f3ximo ao metr\u00f4 e acess\u00edvel). Durante esse per\u00edodo de treinamento j\u00e1 recebem bolsa aux\u00edlio e todos os benef\u00edcios banc\u00e1rios, entre vales transporte, refei\u00e7\u00e3o e alimenta\u00e7\u00e3o, aux\u00edlios m\u00e9dico e odontol\u00f3gico, seguro de vida, aux\u00edlio creche, reembolso de academia, PAPE (Programa de Apoio Pessoal Especializado) , PPR (Programa de Participa\u00e7\u00e3o nos Resultados) entre outros.<\/p>\n<p>Ap\u00f3s a capacita\u00e7\u00e3o os participantes ser\u00e3o direcionados para as \u00e1reas do Santander, como call center, rede comercial e administrativas,  com ajuste salarial de acordo com os cargos e carga hor\u00e1ria.<\/p>\n<p>Os interessados devem possuir o ensino m\u00e9dio completo e se cadastrar pelos telefones (11) 2942-7354 ramal: 259 e 246 &#8211; falar com Julia ou Francine ou email: trabalho1@ame- sp.org.br<\/p>\n<p>Fonte: <a href=\"http:\/\/www.ame-sp.org.br\/ \">http:\/\/www.ame-sp.org.br\/ <\/a><\/p>\n","protected":false},"excerpt":{"rendered":"<p>Os selecionados participar\u00e3o de um curso de treinamento com dura\u00e7\u00e3o de tr\u00eas meses, em turmas no per\u00edodo da manh\u00e3 e tarde e quatro horas di\u00e1rias. O local de treinamento ser\u00e1 no Centro de S\u00e3o Paulo (pr\u00f3ximo ao metr\u00f4 e acess\u00edvel). Durante esse per\u00edodo de treinamento j\u00e1 recebem bolsa aux\u00edlio e todos os benef\u00edcios banc\u00e1rios, entre vales transporte, refei\u00e7\u00e3o e alimenta\u00e7\u00e3o, aux\u00edlios m\u00e9dico e odontol\u00f3gico, seguro de vida, aux\u00edlio creche, reembolso de academia, PAPE (Programa de Apoio Pessoal Especializado) , PPR (Programa de Participa\u00e7\u00e3o nos Resultados) entre outros.<\/p>\n","protected":false},"author":1,"featured_media":0,"comment_status":"open","ping_status":"open","sticky":false,"template":"","format":"standard","meta":{"site-container-style":"default","site-container-layout":"default","site-sidebar-layout":"default","disable-article-header":"default","disable-site-header":"default","disable-site-footer":"default","disable-content-area-spacing":"default","footnotes":""},"categories":[38,48,46,4],"tags":[],"class_list":["post-16762","post","type-post","status-publish","format-standard","hentry","category-deficiencia","category-inclusao","category-mercado-de-trabalho","category-noticias"],"yoast_head":"<!-- This site is optimized with the Yoast SEO plugin v27.4 - https:\/\/yoast.com\/product\/yoast-seo-wordpress\/ -->\n<title>AME seleciona candidatos com defici\u00eancia para vagas em S\u00e3o Paulo -<\/title>\n<meta name=\"robots\" content=\"index, follow, max-snippet:-1, max-image-preview:large, max-video-preview:-1\" \/>\n<link rel=\"canonical\" href=\"https:\/\/inclusivenews.com.br\/?p=16762\" \/>\n<meta property=\"og:locale\" content=\"pt_PT\" \/>\n<meta property=\"og:type\" content=\"article\" \/>\n<meta property=\"og:title\" content=\"AME seleciona candidatos com defici\u00eancia para vagas em S\u00e3o Paulo -\" \/>\n<meta property=\"og:description\" content=\"Os selecionados participar\u00e3o de um curso de treinamento com dura\u00e7\u00e3o de tr\u00eas meses, em turmas no per\u00edodo da manh\u00e3 e tarde e quatro horas di\u00e1rias. O local de treinamento ser\u00e1 no Centro de S\u00e3o Paulo (pr\u00f3ximo ao metr\u00f4 e acess\u00edvel). Durante esse per\u00edodo de treinamento j\u00e1 recebem bolsa aux\u00edlio e todos os benef\u00edcios banc\u00e1rios, entre vales transporte, refei\u00e7\u00e3o e alimenta\u00e7\u00e3o, aux\u00edlios m\u00e9dico e odontol\u00f3gico, seguro de vida, aux\u00edlio creche, reembolso de academia, PAPE (Programa de Apoio Pessoal Especializado) , PPR (Programa de Participa\u00e7\u00e3o nos Resultados) entre outros.\" \/>\n<meta property=\"og:url\" content=\"https:\/\/inclusivenews.com.br\/?p=16762\" \/>\n<meta property=\"article:publisher\" content=\"https:\/\/www.facebook.com\/agenciainclusive\/\" \/>\n<meta property=\"article:published_time\" content=\"2010-07-31T14:26:54+00:00\" \/>\n<meta property=\"og:image\" content=\"http:\/\/inclusivenews.com.br\/wp-content\/uploads\/2010\/07\/ame2.jpeg\" \/>\n<meta name=\"author\" content=\"inclusivenews2024\" \/>\n<meta name=\"twitter:card\" content=\"summary_large_image\" \/>\n<meta name=\"twitter:label1\" content=\"Escrito por\" \/>\n\t<meta name=\"twitter:data1\" content=\"inclusivenews2024\" \/>\n\t<meta name=\"twitter:label2\" content=\"Tempo estimado de leitura\" \/>\n\t<meta name=\"twitter:data2\" content=\"1 minuto\" \/>\n<script type=\"application\/ld+json\" class=\"yoast-schema-graph\">{\"@context\":\"https:\\\/\\\/schema.org\",\"@graph\":[{\"@type\":\"Article\",\"@id\":\"https:\\\/\\\/inclusivenews.com.br\\\/?p=16762#article\",\"isPartOf\":{\"@id\":\"https:\\\/\\\/inclusivenews.com.br\\\/?p=16762\"},\"author\":{\"name\":\"inclusivenews2024\",\"@id\":\"https:\\\/\\\/inclusivenews.com.br\\\/#\\\/schema\\\/person\\\/ae4ec7087559b8692fb33b6fffd2273b\"},\"headline\":\"AME seleciona candidatos com defici\u00eancia para vagas em S\u00e3o Paulo\",\"datePublished\":\"2010-07-31T14:26:54+00:00\",\"mainEntityOfPage\":{\"@id\":\"https:\\\/\\\/inclusivenews.com.br\\\/?p=16762\"},\"wordCount\":277,\"commentCount\":36,\"publisher\":{\"@id\":\"https:\\\/\\\/inclusivenews.com.br\\\/#organization\"},\"image\":{\"@id\":\"https:\\\/\\\/inclusivenews.com.br\\\/?p=16762#primaryimage\"},\"thumbnailUrl\":\"http:\\\/\\\/inclusivenews.com.br\\\/wp-content\\\/uploads\\\/2010\\\/07\\\/ame2.jpeg\",\"articleSection\":[\"Defici\u00eancia\",\"INCLUS\u00c3O SOCIAL\",\"Mercado de Trabalho\",\"NOT\u00cdCIAS\"],\"inLanguage\":\"pt-PT\",\"potentialAction\":[{\"@type\":\"CommentAction\",\"name\":\"Comment\",\"target\":[\"https:\\\/\\\/inclusivenews.com.br\\\/?p=16762#respond\"]}]},{\"@type\":\"WebPage\",\"@id\":\"https:\\\/\\\/inclusivenews.com.br\\\/?p=16762\",\"url\":\"https:\\\/\\\/inclusivenews.com.br\\\/?p=16762\",\"name\":\"AME seleciona candidatos com defici\u00eancia para vagas em S\u00e3o Paulo -\",\"isPartOf\":{\"@id\":\"https:\\\/\\\/inclusivenews.com.br\\\/#website\"},\"primaryImageOfPage\":{\"@id\":\"https:\\\/\\\/inclusivenews.com.br\\\/?p=16762#primaryimage\"},\"image\":{\"@id\":\"https:\\\/\\\/inclusivenews.com.br\\\/?p=16762#primaryimage\"},\"thumbnailUrl\":\"http:\\\/\\\/inclusivenews.com.br\\\/wp-content\\\/uploads\\\/2010\\\/07\\\/ame2.jpeg\",\"datePublished\":\"2010-07-31T14:26:54+00:00\",\"breadcrumb\":{\"@id\":\"https:\\\/\\\/inclusivenews.com.br\\\/?p=16762#breadcrumb\"},\"inLanguage\":\"pt-PT\",\"potentialAction\":[{\"@type\":\"ReadAction\",\"target\":[\"https:\\\/\\\/inclusivenews.com.br\\\/?p=16762\"]}]},{\"@type\":\"ImageObject\",\"inLanguage\":\"pt-PT\",\"@id\":\"https:\\\/\\\/inclusivenews.com.br\\\/?p=16762#primaryimage\",\"url\":\"\",\"contentUrl\":\"\"},{\"@type\":\"BreadcrumbList\",\"@id\":\"https:\\\/\\\/inclusivenews.com.br\\\/?p=16762#breadcrumb\",\"itemListElement\":[{\"@type\":\"ListItem\",\"position\":1,\"name\":\"In\u00edcio\",\"item\":\"https:\\\/\\\/inclusivenews.com.br\\\/\"},{\"@type\":\"ListItem\",\"position\":2,\"name\":\"AME seleciona candidatos com defici\u00eancia para vagas em S\u00e3o Paulo\"}]},{\"@type\":\"WebSite\",\"@id\":\"https:\\\/\\\/inclusivenews.com.br\\\/#website\",\"url\":\"https:\\\/\\\/inclusivenews.com.br\\\/\",\"name\":\"Inclusive News\",\"description\":\"Inclusive News\",\"publisher\":{\"@id\":\"https:\\\/\\\/inclusivenews.com.br\\\/#organization\"},\"potentialAction\":[{\"@type\":\"SearchAction\",\"target\":{\"@type\":\"EntryPoint\",\"urlTemplate\":\"https:\\\/\\\/inclusivenews.com.br\\\/?s={search_term_string}\"},\"query-input\":{\"@type\":\"PropertyValueSpecification\",\"valueRequired\":true,\"valueName\":\"search_term_string\"}}],\"inLanguage\":\"pt-PT\"},{\"@type\":\"Organization\",\"@id\":\"https:\\\/\\\/inclusivenews.com.br\\\/#organization\",\"name\":\"Inclusive - inclus\u00e3o e cidadania\",\"url\":\"https:\\\/\\\/inclusivenews.com.br\\\/\",\"logo\":{\"@type\":\"ImageObject\",\"inLanguage\":\"pt-PT\",\"@id\":\"https:\\\/\\\/inclusivenews.com.br\\\/#\\\/schema\\\/logo\\\/image\\\/\",\"url\":\"https:\\\/\\\/inclusivenews.com.br\\\/wp-content\\\/uploads\\\/2024\\\/03\\\/@grandesite.png\",\"contentUrl\":\"https:\\\/\\\/inclusivenews.com.br\\\/wp-content\\\/uploads\\\/2024\\\/03\\\/@grandesite.png\",\"width\":1080,\"height\":1080,\"caption\":\"Inclusive - inclus\u00e3o e cidadania\"},\"image\":{\"@id\":\"https:\\\/\\\/inclusivenews.com.br\\\/#\\\/schema\\\/logo\\\/image\\\/\"},\"sameAs\":[\"https:\\\/\\\/www.facebook.com\\\/agenciainclusive\\\/\",\"https:\\\/\\\/www.instagram.com\\\/newsinclusive\\\/\"]},{\"@type\":\"Person\",\"@id\":\"https:\\\/\\\/inclusivenews.com.br\\\/#\\\/schema\\\/person\\\/ae4ec7087559b8692fb33b6fffd2273b\",\"name\":\"inclusivenews2024\",\"image\":{\"@type\":\"ImageObject\",\"inLanguage\":\"pt-PT\",\"@id\":\"https:\\\/\\\/secure.gravatar.com\\\/avatar\\\/c5a7ef84c66fa914f55bc4f7ce26cfa275a3b9a1c5568b907bd184fb4dde7b40?s=96&d=mm&r=g\",\"url\":\"https:\\\/\\\/secure.gravatar.com\\\/avatar\\\/c5a7ef84c66fa914f55bc4f7ce26cfa275a3b9a1c5568b907bd184fb4dde7b40?s=96&d=mm&r=g\",\"contentUrl\":\"https:\\\/\\\/secure.gravatar.com\\\/avatar\\\/c5a7ef84c66fa914f55bc4f7ce26cfa275a3b9a1c5568b907bd184fb4dde7b40?s=96&d=mm&r=g\",\"caption\":\"inclusivenews2024\"},\"sameAs\":[\"https:\\\/\\\/inclusivenews.com.br\"],\"url\":\"https:\\\/\\\/inclusivenews.com.br\\\/?author=1\"}]}<\/script>\n<!-- \/ Yoast SEO plugin. -->","yoast_head_json":{"title":"AME seleciona candidatos com defici\u00eancia para vagas em S\u00e3o Paulo -","robots":{"index":"index","follow":"follow","max-snippet":"max-snippet:-1","max-image-preview":"max-image-preview:large","max-video-preview":"max-video-preview:-1"},"canonical":"https:\/\/inclusivenews.com.br\/?p=16762","og_locale":"pt_PT","og_type":"article","og_title":"AME seleciona candidatos com defici\u00eancia para vagas em S\u00e3o Paulo -","og_description":"Os selecionados participar\u00e3o de um curso de treinamento com dura\u00e7\u00e3o de tr\u00eas meses, em turmas no per\u00edodo da manh\u00e3 e tarde e quatro horas di\u00e1rias. O local de treinamento ser\u00e1 no Centro de S\u00e3o Paulo (pr\u00f3ximo ao metr\u00f4 e acess\u00edvel). Durante esse per\u00edodo de treinamento j\u00e1 recebem bolsa aux\u00edlio e todos os benef\u00edcios banc\u00e1rios, entre vales transporte, refei\u00e7\u00e3o e alimenta\u00e7\u00e3o, aux\u00edlios m\u00e9dico e odontol\u00f3gico, seguro de vida, aux\u00edlio creche, reembolso de academia, PAPE (Programa de Apoio Pessoal Especializado) , PPR (Programa de Participa\u00e7\u00e3o nos Resultados) entre outros.","og_url":"https:\/\/inclusivenews.com.br\/?p=16762","article_publisher":"https:\/\/www.facebook.com\/agenciainclusive\/","article_published_time":"2010-07-31T14:26:54+00:00","og_image":[{"url":"http:\/\/inclusivenews.com.br\/wp-content\/uploads\/2010\/07\/ame2.jpeg","type":"","width":"","height":""}],"author":"inclusivenews2024","twitter_card":"summary_large_image","twitter_misc":{"Escrito por":"inclusivenews2024","Tempo estimado de leitura":"1 minuto"},"schema":{"@context":"https:\/\/schema.org","@graph":[{"@type":"Article","@id":"https:\/\/inclusivenews.com.br\/?p=16762#article","isPartOf":{"@id":"https:\/\/inclusivenews.com.br\/?p=16762"},"author":{"name":"inclusivenews2024","@id":"https:\/\/inclusivenews.com.br\/#\/schema\/person\/ae4ec7087559b8692fb33b6fffd2273b"},"headline":"AME seleciona candidatos com defici\u00eancia para vagas em S\u00e3o Paulo","datePublished":"2010-07-31T14:26:54+00:00","mainEntityOfPage":{"@id":"https:\/\/inclusivenews.com.br\/?p=16762"},"wordCount":277,"commentCount":36,"publisher":{"@id":"https:\/\/inclusivenews.com.br\/#organization"},"image":{"@id":"https:\/\/inclusivenews.com.br\/?p=16762#primaryimage"},"thumbnailUrl":"http:\/\/inclusivenews.com.br\/wp-content\/uploads\/2010\/07\/ame2.jpeg","articleSection":["Defici\u00eancia","INCLUS\u00c3O SOCIAL","Mercado de Trabalho","NOT\u00cdCIAS"],"inLanguage":"pt-PT","potentialAction":[{"@type":"CommentAction","name":"Comment","target":["https:\/\/inclusivenews.com.br\/?p=16762#respond"]}]},{"@type":"WebPage","@id":"https:\/\/inclusivenews.com.br\/?p=16762","url":"https:\/\/inclusivenews.com.br\/?p=16762","name":"AME seleciona candidatos com defici\u00eancia para vagas em S\u00e3o Paulo -","isPartOf":{"@id":"https:\/\/inclusivenews.com.br\/#website"},"primaryImageOfPage":{"@id":"https:\/\/inclusivenews.com.br\/?p=16762#primaryimage"},"image":{"@id":"https:\/\/inclusivenews.com.br\/?p=16762#primaryimage"},"thumbnailUrl":"http:\/\/inclusivenews.com.br\/wp-content\/uploads\/2010\/07\/ame2.jpeg","datePublished":"2010-07-31T14:26:54+00:00","breadcrumb":{"@id":"https:\/\/inclusivenews.com.br\/?p=16762#breadcrumb"},"inLanguage":"pt-PT","potentialAction":[{"@type":"ReadAction","target":["https:\/\/inclusivenews.com.br\/?p=16762"]}]},{"@type":"ImageObject","inLanguage":"pt-PT","@id":"https:\/\/inclusivenews.com.br\/?p=16762#primaryimage","url":"","contentUrl":""},{"@type":"BreadcrumbList","@id":"https:\/\/inclusivenews.com.br\/?p=16762#breadcrumb","itemListElement":[{"@type":"ListItem","position":1,"name":"In\u00edcio","item":"https:\/\/inclusivenews.com.br\/"},{"@type":"ListItem","position":2,"name":"AME seleciona candidatos com defici\u00eancia para vagas em S\u00e3o Paulo"}]},{"@type":"WebSite","@id":"https:\/\/inclusivenews.com.br\/#website","url":"https:\/\/inclusivenews.com.br\/","name":"Inclusive News","description":"Inclusive News","publisher":{"@id":"https:\/\/inclusivenews.com.br\/#organization"},"potentialAction":[{"@type":"SearchAction","target":{"@type":"EntryPoint","urlTemplate":"https:\/\/inclusivenews.com.br\/?s={search_term_string}"},"query-input":{"@type":"PropertyValueSpecification","valueRequired":true,"valueName":"search_term_string"}}],"inLanguage":"pt-PT"},{"@type":"Organization","@id":"https:\/\/inclusivenews.com.br\/#organization","name":"Inclusive - inclus\u00e3o e cidadania","url":"https:\/\/inclusivenews.com.br\/","logo":{"@type":"ImageObject","inLanguage":"pt-PT","@id":"https:\/\/inclusivenews.com.br\/#\/schema\/logo\/image\/","url":"https:\/\/inclusivenews.com.br\/wp-content\/uploads\/2024\/03\/@grandesite.png","contentUrl":"https:\/\/inclusivenews.com.br\/wp-content\/uploads\/2024\/03\/@grandesite.png","width":1080,"height":1080,"caption":"Inclusive - inclus\u00e3o e cidadania"},"image":{"@id":"https:\/\/inclusivenews.com.br\/#\/schema\/logo\/image\/"},"sameAs":["https:\/\/www.facebook.com\/agenciainclusive\/","https:\/\/www.instagram.com\/newsinclusive\/"]},{"@type":"Person","@id":"https:\/\/inclusivenews.com.br\/#\/schema\/person\/ae4ec7087559b8692fb33b6fffd2273b","name":"inclusivenews2024","image":{"@type":"ImageObject","inLanguage":"pt-PT","@id":"https:\/\/secure.gravatar.com\/avatar\/c5a7ef84c66fa914f55bc4f7ce26cfa275a3b9a1c5568b907bd184fb4dde7b40?s=96&d=mm&r=g","url":"https:\/\/secure.gravatar.com\/avatar\/c5a7ef84c66fa914f55bc4f7ce26cfa275a3b9a1c5568b907bd184fb4dde7b40?s=96&d=mm&r=g","contentUrl":"https:\/\/secure.gravatar.com\/avatar\/c5a7ef84c66fa914f55bc4f7ce26cfa275a3b9a1c5568b907bd184fb4dde7b40?s=96&d=mm&r=g","caption":"inclusivenews2024"},"sameAs":["https:\/\/inclusivenews.com.br"],"url":"https:\/\/inclusivenews.com.br\/?author=1"}]}},"_links":{"self":[{"href":"https:\/\/inclusivenews.com.br\/index.php?rest_route=\/wp\/v2\/posts\/16762","targetHints":{"allow":["GET"]}}],"collection":[{"href":"https:\/\/inclusivenews.com.br\/index.php?rest_route=\/wp\/v2\/posts"}],"about":[{"href":"https:\/\/inclusivenews.com.br\/index.php?rest_route=\/wp\/v2\/types\/post"}],"author":[{"embeddable":true,"href":"https:\/\/inclusivenews.com.br\/index.php?rest_route=\/wp\/v2\/users\/1"}],"replies":[{"embeddable":true,"href":"https:\/\/inclusivenews.com.br\/index.php?rest_route=%2Fwp%2Fv2%2Fcomments&post=16762"}],"version-history":[{"count":0,"href":"https:\/\/inclusivenews.com.br\/index.php?rest_route=\/wp\/v2\/posts\/16762\/revisions"}],"wp:attachment":[{"href":"https:\/\/inclusivenews.com.br\/index.php?rest_route=%2Fwp%2Fv2%2Fmedia&parent=16762"}],"wp:term":[{"taxonomy":"category","embeddable":true,"href":"https:\/\/inclusivenews.com.br\/index.php?rest_route=%2Fwp%2Fv2%2Fcategories&post=16762"},{"taxonomy":"post_tag","embeddable":true,"href":"https:\/\/inclusivenews.com.br\/index.php?rest_route=%2Fwp%2Fv2%2Ftags&post=16762"}],"curies":[{"name":"wp","href":"https:\/\/api.w.org\/{rel}","templated":true}]}}