{"id":16790,"date":"2010-08-06T17:46:20","date_gmt":"2010-08-06T20:46:20","guid":{"rendered":"http:\/\/www.inclusive.org.br\/?p=16790"},"modified":"2010-08-06T17:46:20","modified_gmt":"2010-08-06T20:46:20","slug":"propaganda-de-alimentos","status":"publish","type":"post","link":"https:\/\/inclusivenews.com.br\/?p=16790","title":{"rendered":"Propaganda de alimentos"},"content":{"rendered":"<figure style=\"width: 240px\" class=\"wp-caption alignleft\"><img loading=\"lazy\" decoding=\"async\" title=\"Imagem de mulher fazendo compras em supermercado.\" src=\"http:\/\/2.bp.blogspot.com\/_TFaflqw9q-0\/SOI2WujvytI\/AAAAAAAAH-o\/zWcCg7lM3p8\/s400\/capa.jpg\" alt=\"\" width=\"240\" height=\"152\" \/><figcaption class=\"wp-caption-text\"> <\/figcaption><\/figure>\n<p><em>Mobiliza\u00e7\u00e3o da sociedade civil \u00e9 fundamental para regulamenta\u00e7\u00e3o<\/em><\/p>\n<p>Na ter\u00e7a-feira (29), a Ag\u00eancia Nacional de Vigil\u00e2ncia Sanit\u00e1ria (Anvisa) publicou um conjunto de normas que visa regulamentar a propaganda de alimentos com elevadas quantidades de a\u00e7\u00facar, gorduras saturada ou trans e s\u00f3dio. O objetivo \u00e9 proteger consumidores(as) da omiss\u00e3o de informa\u00e7\u00f5es sobre produtos e da indu\u00e7\u00e3o ao consumo excessivo de determinados alimentos.<\/p>\n<p>Embora diversas entidades da sociedade civil tenham contribu\u00eddo para a constru\u00e7\u00e3o do texto final da Resolu\u00e7\u00e3o de Diretoria Colegiada (RDC) n.\u00ba 24\/2010, tais sugest\u00f5es n\u00e3o foram plenamente incorporadas. Com isso, perdeu-se a oportunidade de regulamentar especificamente a publicidade de alimentos dirigidas \u00e0s crian\u00e7as.<\/p>\n<p>Imediatamente ap\u00f3s a publica\u00e7\u00e3o da resolu\u00e7\u00e3o, a ind\u00fastria de alimentos iniciou uma grande campanha para revog\u00e1-la, alegando inconstitucionalidade. Agora, a Advocacia Geral da Uni\u00e3o, que havia anteriormente apoiado publicamente a Anvisa, divulgou em seu site na internet uma nota recomendando que a Ag\u00eancia suspendesse a RDC n.\u00ba 24\/2010.<\/p>\n<p>Nesse contexto, a mobiliza\u00e7\u00e3o da sociedade civil \u00e9 fundamental para que n\u00e3o se tenha um retrocesso. \u00c9 preciso garantir a manuten\u00e7\u00e3o do texto publicado pela Anvisa e buscar a regulamenta\u00e7\u00e3o da publicidade deste grupo de alimentos e bebidas tamb\u00e9m para crian\u00e7as. Voc\u00ea poder\u00e1 participar enviando a carta de apoio.<\/p>\n<p>Participam dessa campanha: F\u00f3rum Brasileiro de Soberania e Seguran\u00e7a Alimentar e Nutricional; Associa\u00e7\u00e3o Brasileira de Nutri\u00e7\u00e3o; Instituto Brasileiro de Defesa do Consumidor; Instituto Alana; Conselho Federal e Regional de Nutricionistas; Conselho Federal de Psicologia; Observat\u00f3rio de Pol\u00edticas de Seguran\u00e7a Alimentar e Nutri\u00e7\u00e3o \u2013 Universidade de Bras\u00edlia; Sindicato dos Nutricionistas do Estado de S\u00e3o Paulo.<\/p>\n<p><a href=\"http:\/\/www.ibase.br\/userimages\/Carta%20-%20Regulamenta%C3%A7%C3%A3o%20da%20Publicidade%20de%20Alimentos%281%29.doc\">* Fa\u00e7a o download da carta de apoio \u00e0 regulamenta\u00e7\u00e3o que pro\u00edbe a publicidade de alimentos e bebidas n\u00e3o saud\u00e1veis direcionada \u00e0 crian\u00e7as.<\/a><br \/>\n____________<br \/>\n<strong><br \/>\nFonte:<\/strong> <a href=\"http:\/\/www.ibase.br\/modules.php?name=Conteudo&amp;pid=2899\">IBASE<\/a><\/p>\n","protected":false},"excerpt":{"rendered":"<p>Mobiliza\u00e7\u00e3o da sociedade civil \u00e9 fundamental para regulamenta\u00e7\u00e3o da propaganda de alimentos. Informa\u00e7\u00e3o \u00e9 do IBASE.<\/p>\n","protected":false},"author":1,"featured_media":0,"comment_status":"open","ping_status":"open","sticky":false,"template":"","format":"standard","meta":{"site-container-style":"default","site-container-layout":"default","site-sidebar-layout":"default","disable-article-header":"default","disable-site-header":"default","disable-site-footer":"default","disable-content-area-spacing":"default","footnotes":""},"categories":[4],"tags":[],"class_list":["post-16790","post","type-post","status-publish","format-standard","hentry","category-noticias"],"yoast_head":"<!-- This site is optimized with the Yoast SEO plugin v27.4 - https:\/\/yoast.com\/product\/yoast-seo-wordpress\/ -->\n<title>Propaganda de alimentos -<\/title>\n<meta name=\"robots\" content=\"index, follow, max-snippet:-1, max-image-preview:large, max-video-preview:-1\" \/>\n<link rel=\"canonical\" href=\"https:\/\/inclusivenews.com.br\/?p=16790\" \/>\n<meta property=\"og:locale\" content=\"pt_PT\" \/>\n<meta property=\"og:type\" content=\"article\" \/>\n<meta property=\"og:title\" content=\"Propaganda de alimentos -\" \/>\n<meta property=\"og:description\" content=\"Mobiliza\u00e7\u00e3o da sociedade civil \u00e9 fundamental para regulamenta\u00e7\u00e3o da propaganda de alimentos. Informa\u00e7\u00e3o \u00e9 do IBASE.\" \/>\n<meta property=\"og:url\" content=\"https:\/\/inclusivenews.com.br\/?p=16790\" \/>\n<meta property=\"article:publisher\" content=\"https:\/\/www.facebook.com\/agenciainclusive\/\" \/>\n<meta property=\"article:published_time\" content=\"2010-08-06T20:46:20+00:00\" \/>\n<meta property=\"og:image\" content=\"http:\/\/2.bp.blogspot.com\/_TFaflqw9q-0\/SOI2WujvytI\/AAAAAAAAH-o\/zWcCg7lM3p8\/s400\/capa.jpg\" \/>\n<meta name=\"author\" content=\"inclusivenews2024\" \/>\n<meta name=\"twitter:card\" content=\"summary_large_image\" \/>\n<meta name=\"twitter:label1\" content=\"Escrito por\" \/>\n\t<meta name=\"twitter:data1\" content=\"inclusivenews2024\" \/>\n\t<meta name=\"twitter:label2\" content=\"Tempo estimado de leitura\" \/>\n\t<meta name=\"twitter:data2\" content=\"2 minutos\" \/>\n<script type=\"application\/ld+json\" class=\"yoast-schema-graph\">{\"@context\":\"https:\\\/\\\/schema.org\",\"@graph\":[{\"@type\":\"Article\",\"@id\":\"https:\\\/\\\/inclusivenews.com.br\\\/?p=16790#article\",\"isPartOf\":{\"@id\":\"https:\\\/\\\/inclusivenews.com.br\\\/?p=16790\"},\"author\":{\"name\":\"inclusivenews2024\",\"@id\":\"https:\\\/\\\/inclusivenews.com.br\\\/#\\\/schema\\\/person\\\/ae4ec7087559b8692fb33b6fffd2273b\"},\"headline\":\"Propaganda de alimentos\",\"datePublished\":\"2010-08-06T20:46:20+00:00\",\"mainEntityOfPage\":{\"@id\":\"https:\\\/\\\/inclusivenews.com.br\\\/?p=16790\"},\"wordCount\":326,\"commentCount\":0,\"publisher\":{\"@id\":\"https:\\\/\\\/inclusivenews.com.br\\\/#organization\"},\"image\":{\"@id\":\"https:\\\/\\\/inclusivenews.com.br\\\/?p=16790#primaryimage\"},\"thumbnailUrl\":\"http:\\\/\\\/2.bp.blogspot.com\\\/_TFaflqw9q-0\\\/SOI2WujvytI\\\/AAAAAAAAH-o\\\/zWcCg7lM3p8\\\/s400\\\/capa.jpg\",\"articleSection\":[\"NOT\u00cdCIAS\"],\"inLanguage\":\"pt-PT\",\"potentialAction\":[{\"@type\":\"CommentAction\",\"name\":\"Comment\",\"target\":[\"https:\\\/\\\/inclusivenews.com.br\\\/?p=16790#respond\"]}]},{\"@type\":\"WebPage\",\"@id\":\"https:\\\/\\\/inclusivenews.com.br\\\/?p=16790\",\"url\":\"https:\\\/\\\/inclusivenews.com.br\\\/?p=16790\",\"name\":\"Propaganda de alimentos -\",\"isPartOf\":{\"@id\":\"https:\\\/\\\/inclusivenews.com.br\\\/#website\"},\"primaryImageOfPage\":{\"@id\":\"https:\\\/\\\/inclusivenews.com.br\\\/?p=16790#primaryimage\"},\"image\":{\"@id\":\"https:\\\/\\\/inclusivenews.com.br\\\/?p=16790#primaryimage\"},\"thumbnailUrl\":\"http:\\\/\\\/2.bp.blogspot.com\\\/_TFaflqw9q-0\\\/SOI2WujvytI\\\/AAAAAAAAH-o\\\/zWcCg7lM3p8\\\/s400\\\/capa.jpg\",\"datePublished\":\"2010-08-06T20:46:20+00:00\",\"breadcrumb\":{\"@id\":\"https:\\\/\\\/inclusivenews.com.br\\\/?p=16790#breadcrumb\"},\"inLanguage\":\"pt-PT\",\"potentialAction\":[{\"@type\":\"ReadAction\",\"target\":[\"https:\\\/\\\/inclusivenews.com.br\\\/?p=16790\"]}]},{\"@type\":\"ImageObject\",\"inLanguage\":\"pt-PT\",\"@id\":\"https:\\\/\\\/inclusivenews.com.br\\\/?p=16790#primaryimage\",\"url\":\"http:\\\/\\\/2.bp.blogspot.com\\\/_TFaflqw9q-0\\\/SOI2WujvytI\\\/AAAAAAAAH-o\\\/zWcCg7lM3p8\\\/s400\\\/capa.jpg\",\"contentUrl\":\"http:\\\/\\\/2.bp.blogspot.com\\\/_TFaflqw9q-0\\\/SOI2WujvytI\\\/AAAAAAAAH-o\\\/zWcCg7lM3p8\\\/s400\\\/capa.jpg\"},{\"@type\":\"BreadcrumbList\",\"@id\":\"https:\\\/\\\/inclusivenews.com.br\\\/?p=16790#breadcrumb\",\"itemListElement\":[{\"@type\":\"ListItem\",\"position\":1,\"name\":\"In\u00edcio\",\"item\":\"https:\\\/\\\/inclusivenews.com.br\\\/\"},{\"@type\":\"ListItem\",\"position\":2,\"name\":\"Propaganda de alimentos\"}]},{\"@type\":\"WebSite\",\"@id\":\"https:\\\/\\\/inclusivenews.com.br\\\/#website\",\"url\":\"https:\\\/\\\/inclusivenews.com.br\\\/\",\"name\":\"Inclusive News\",\"description\":\"Inclusive News\",\"publisher\":{\"@id\":\"https:\\\/\\\/inclusivenews.com.br\\\/#organization\"},\"potentialAction\":[{\"@type\":\"SearchAction\",\"target\":{\"@type\":\"EntryPoint\",\"urlTemplate\":\"https:\\\/\\\/inclusivenews.com.br\\\/?s={search_term_string}\"},\"query-input\":{\"@type\":\"PropertyValueSpecification\",\"valueRequired\":true,\"valueName\":\"search_term_string\"}}],\"inLanguage\":\"pt-PT\"},{\"@type\":\"Organization\",\"@id\":\"https:\\\/\\\/inclusivenews.com.br\\\/#organization\",\"name\":\"Inclusive - inclus\u00e3o e cidadania\",\"url\":\"https:\\\/\\\/inclusivenews.com.br\\\/\",\"logo\":{\"@type\":\"ImageObject\",\"inLanguage\":\"pt-PT\",\"@id\":\"https:\\\/\\\/inclusivenews.com.br\\\/#\\\/schema\\\/logo\\\/image\\\/\",\"url\":\"https:\\\/\\\/inclusivenews.com.br\\\/wp-content\\\/uploads\\\/2024\\\/03\\\/@grandesite.png\",\"contentUrl\":\"https:\\\/\\\/inclusivenews.com.br\\\/wp-content\\\/uploads\\\/2024\\\/03\\\/@grandesite.png\",\"width\":1080,\"height\":1080,\"caption\":\"Inclusive - inclus\u00e3o e cidadania\"},\"image\":{\"@id\":\"https:\\\/\\\/inclusivenews.com.br\\\/#\\\/schema\\\/logo\\\/image\\\/\"},\"sameAs\":[\"https:\\\/\\\/www.facebook.com\\\/agenciainclusive\\\/\",\"https:\\\/\\\/www.instagram.com\\\/newsinclusive\\\/\"]},{\"@type\":\"Person\",\"@id\":\"https:\\\/\\\/inclusivenews.com.br\\\/#\\\/schema\\\/person\\\/ae4ec7087559b8692fb33b6fffd2273b\",\"name\":\"inclusivenews2024\",\"image\":{\"@type\":\"ImageObject\",\"inLanguage\":\"pt-PT\",\"@id\":\"https:\\\/\\\/secure.gravatar.com\\\/avatar\\\/c5a7ef84c66fa914f55bc4f7ce26cfa275a3b9a1c5568b907bd184fb4dde7b40?s=96&d=mm&r=g\",\"url\":\"https:\\\/\\\/secure.gravatar.com\\\/avatar\\\/c5a7ef84c66fa914f55bc4f7ce26cfa275a3b9a1c5568b907bd184fb4dde7b40?s=96&d=mm&r=g\",\"contentUrl\":\"https:\\\/\\\/secure.gravatar.com\\\/avatar\\\/c5a7ef84c66fa914f55bc4f7ce26cfa275a3b9a1c5568b907bd184fb4dde7b40?s=96&d=mm&r=g\",\"caption\":\"inclusivenews2024\"},\"sameAs\":[\"https:\\\/\\\/inclusivenews.com.br\"],\"url\":\"https:\\\/\\\/inclusivenews.com.br\\\/?author=1\"}]}<\/script>\n<!-- \/ Yoast SEO plugin. -->","yoast_head_json":{"title":"Propaganda de alimentos -","robots":{"index":"index","follow":"follow","max-snippet":"max-snippet:-1","max-image-preview":"max-image-preview:large","max-video-preview":"max-video-preview:-1"},"canonical":"https:\/\/inclusivenews.com.br\/?p=16790","og_locale":"pt_PT","og_type":"article","og_title":"Propaganda de alimentos -","og_description":"Mobiliza\u00e7\u00e3o da sociedade civil \u00e9 fundamental para regulamenta\u00e7\u00e3o da propaganda de alimentos. Informa\u00e7\u00e3o \u00e9 do IBASE.","og_url":"https:\/\/inclusivenews.com.br\/?p=16790","article_publisher":"https:\/\/www.facebook.com\/agenciainclusive\/","article_published_time":"2010-08-06T20:46:20+00:00","og_image":[{"url":"http:\/\/2.bp.blogspot.com\/_TFaflqw9q-0\/SOI2WujvytI\/AAAAAAAAH-o\/zWcCg7lM3p8\/s400\/capa.jpg","type":"","width":"","height":""}],"author":"inclusivenews2024","twitter_card":"summary_large_image","twitter_misc":{"Escrito por":"inclusivenews2024","Tempo estimado de leitura":"2 minutos"},"schema":{"@context":"https:\/\/schema.org","@graph":[{"@type":"Article","@id":"https:\/\/inclusivenews.com.br\/?p=16790#article","isPartOf":{"@id":"https:\/\/inclusivenews.com.br\/?p=16790"},"author":{"name":"inclusivenews2024","@id":"https:\/\/inclusivenews.com.br\/#\/schema\/person\/ae4ec7087559b8692fb33b6fffd2273b"},"headline":"Propaganda de alimentos","datePublished":"2010-08-06T20:46:20+00:00","mainEntityOfPage":{"@id":"https:\/\/inclusivenews.com.br\/?p=16790"},"wordCount":326,"commentCount":0,"publisher":{"@id":"https:\/\/inclusivenews.com.br\/#organization"},"image":{"@id":"https:\/\/inclusivenews.com.br\/?p=16790#primaryimage"},"thumbnailUrl":"http:\/\/2.bp.blogspot.com\/_TFaflqw9q-0\/SOI2WujvytI\/AAAAAAAAH-o\/zWcCg7lM3p8\/s400\/capa.jpg","articleSection":["NOT\u00cdCIAS"],"inLanguage":"pt-PT","potentialAction":[{"@type":"CommentAction","name":"Comment","target":["https:\/\/inclusivenews.com.br\/?p=16790#respond"]}]},{"@type":"WebPage","@id":"https:\/\/inclusivenews.com.br\/?p=16790","url":"https:\/\/inclusivenews.com.br\/?p=16790","name":"Propaganda de alimentos -","isPartOf":{"@id":"https:\/\/inclusivenews.com.br\/#website"},"primaryImageOfPage":{"@id":"https:\/\/inclusivenews.com.br\/?p=16790#primaryimage"},"image":{"@id":"https:\/\/inclusivenews.com.br\/?p=16790#primaryimage"},"thumbnailUrl":"http:\/\/2.bp.blogspot.com\/_TFaflqw9q-0\/SOI2WujvytI\/AAAAAAAAH-o\/zWcCg7lM3p8\/s400\/capa.jpg","datePublished":"2010-08-06T20:46:20+00:00","breadcrumb":{"@id":"https:\/\/inclusivenews.com.br\/?p=16790#breadcrumb"},"inLanguage":"pt-PT","potentialAction":[{"@type":"ReadAction","target":["https:\/\/inclusivenews.com.br\/?p=16790"]}]},{"@type":"ImageObject","inLanguage":"pt-PT","@id":"https:\/\/inclusivenews.com.br\/?p=16790#primaryimage","url":"http:\/\/2.bp.blogspot.com\/_TFaflqw9q-0\/SOI2WujvytI\/AAAAAAAAH-o\/zWcCg7lM3p8\/s400\/capa.jpg","contentUrl":"http:\/\/2.bp.blogspot.com\/_TFaflqw9q-0\/SOI2WujvytI\/AAAAAAAAH-o\/zWcCg7lM3p8\/s400\/capa.jpg"},{"@type":"BreadcrumbList","@id":"https:\/\/inclusivenews.com.br\/?p=16790#breadcrumb","itemListElement":[{"@type":"ListItem","position":1,"name":"In\u00edcio","item":"https:\/\/inclusivenews.com.br\/"},{"@type":"ListItem","position":2,"name":"Propaganda de alimentos"}]},{"@type":"WebSite","@id":"https:\/\/inclusivenews.com.br\/#website","url":"https:\/\/inclusivenews.com.br\/","name":"Inclusive News","description":"Inclusive News","publisher":{"@id":"https:\/\/inclusivenews.com.br\/#organization"},"potentialAction":[{"@type":"SearchAction","target":{"@type":"EntryPoint","urlTemplate":"https:\/\/inclusivenews.com.br\/?s={search_term_string}"},"query-input":{"@type":"PropertyValueSpecification","valueRequired":true,"valueName":"search_term_string"}}],"inLanguage":"pt-PT"},{"@type":"Organization","@id":"https:\/\/inclusivenews.com.br\/#organization","name":"Inclusive - inclus\u00e3o e cidadania","url":"https:\/\/inclusivenews.com.br\/","logo":{"@type":"ImageObject","inLanguage":"pt-PT","@id":"https:\/\/inclusivenews.com.br\/#\/schema\/logo\/image\/","url":"https:\/\/inclusivenews.com.br\/wp-content\/uploads\/2024\/03\/@grandesite.png","contentUrl":"https:\/\/inclusivenews.com.br\/wp-content\/uploads\/2024\/03\/@grandesite.png","width":1080,"height":1080,"caption":"Inclusive - inclus\u00e3o e cidadania"},"image":{"@id":"https:\/\/inclusivenews.com.br\/#\/schema\/logo\/image\/"},"sameAs":["https:\/\/www.facebook.com\/agenciainclusive\/","https:\/\/www.instagram.com\/newsinclusive\/"]},{"@type":"Person","@id":"https:\/\/inclusivenews.com.br\/#\/schema\/person\/ae4ec7087559b8692fb33b6fffd2273b","name":"inclusivenews2024","image":{"@type":"ImageObject","inLanguage":"pt-PT","@id":"https:\/\/secure.gravatar.com\/avatar\/c5a7ef84c66fa914f55bc4f7ce26cfa275a3b9a1c5568b907bd184fb4dde7b40?s=96&d=mm&r=g","url":"https:\/\/secure.gravatar.com\/avatar\/c5a7ef84c66fa914f55bc4f7ce26cfa275a3b9a1c5568b907bd184fb4dde7b40?s=96&d=mm&r=g","contentUrl":"https:\/\/secure.gravatar.com\/avatar\/c5a7ef84c66fa914f55bc4f7ce26cfa275a3b9a1c5568b907bd184fb4dde7b40?s=96&d=mm&r=g","caption":"inclusivenews2024"},"sameAs":["https:\/\/inclusivenews.com.br"],"url":"https:\/\/inclusivenews.com.br\/?author=1"}]}},"_links":{"self":[{"href":"https:\/\/inclusivenews.com.br\/index.php?rest_route=\/wp\/v2\/posts\/16790","targetHints":{"allow":["GET"]}}],"collection":[{"href":"https:\/\/inclusivenews.com.br\/index.php?rest_route=\/wp\/v2\/posts"}],"about":[{"href":"https:\/\/inclusivenews.com.br\/index.php?rest_route=\/wp\/v2\/types\/post"}],"author":[{"embeddable":true,"href":"https:\/\/inclusivenews.com.br\/index.php?rest_route=\/wp\/v2\/users\/1"}],"replies":[{"embeddable":true,"href":"https:\/\/inclusivenews.com.br\/index.php?rest_route=%2Fwp%2Fv2%2Fcomments&post=16790"}],"version-history":[{"count":0,"href":"https:\/\/inclusivenews.com.br\/index.php?rest_route=\/wp\/v2\/posts\/16790\/revisions"}],"wp:attachment":[{"href":"https:\/\/inclusivenews.com.br\/index.php?rest_route=%2Fwp%2Fv2%2Fmedia&parent=16790"}],"wp:term":[{"taxonomy":"category","embeddable":true,"href":"https:\/\/inclusivenews.com.br\/index.php?rest_route=%2Fwp%2Fv2%2Fcategories&post=16790"},{"taxonomy":"post_tag","embeddable":true,"href":"https:\/\/inclusivenews.com.br\/index.php?rest_route=%2Fwp%2Fv2%2Ftags&post=16790"}],"curies":[{"name":"wp","href":"https:\/\/api.w.org\/{rel}","templated":true}]}}