{"id":16796,"date":"2010-08-06T17:47:36","date_gmt":"2010-08-06T20:47:36","guid":{"rendered":"http:\/\/www.inclusive.org.br\/?p=16796"},"modified":"2010-08-06T17:47:36","modified_gmt":"2010-08-06T20:47:36","slug":"temple-grandin","status":"publish","type":"post","link":"https:\/\/inclusivenews.com.br\/?p=16796","title":{"rendered":"Temple Grandin"},"content":{"rendered":"<figure style=\"width: 181px\" class=\"wp-caption alignleft\"><a class=\"moz-txt-link-freetext\" href=\"http:\/\/www.templegrandin.com\/_images\/TempleGrandinDVD1.png\"><img loading=\"lazy\" decoding=\"async\" class=\" \" title=\"Cartaz do filme, onde aparece Claire Danes, que interpreta Temple Grandin\" src=\"http:\/\/static.img4tw.com\/i\/c3cbacb0.jpeg\" alt=\"\" width=\"181\" height=\"264\" \/><\/a><figcaption class=\"wp-caption-text\"> <\/figcaption><\/figure>\n<p>Tamb\u00e9m dispon\u00edvel em DVD\/BR, o filme mostra um pouco da vida de Temple Grandin.<\/p>\n<p>O canal\u00a0HBO estr\u00e9ia no Brasil o filme sobre a inf\u00e2ncia e adolesc\u00eancia de Temple Grandin, engenheira, escritora, cientista em comportamento animal, professora da Universidade do Colorado e autista. Diagnosticada como autista aos dois anos de idade, Temple Grandin passou por momentos dif\u00edceis enquanto estava na escola, onde era chamada pelas outras crian\u00e7as de gravador por repetir o que era dito sem parar. Depois de sair do col\u00e9gio, ela possu\u00eda notas para freq\u00fcentar diversas universidades e escreveu uma s\u00e9rie de artigos sobre o comportamento animal.<\/p>\n<p>Temple \u00e9 PhD em ci\u00eancia animal. Claire Danes atua no papel da engenheira que hoje, aos 62 anos, \u00e9 uma das grandes porta-vozes da causa &#8220;autistas&#8221;. Julia Ormond atua no papel da m\u00e3e de Temple, Catherine OHara \u00e9 sua tia e David Strathaim faz o professor que a estimulou a estudar para criar sua m\u00e1quina do abra\u00e7o, que a ajuda a aliviar a ansiedade e o estresse. A perspectiva de mundo que Temple Grandin conseguiu atrav\u00e9s do autismo lhe deu condi\u00e7\u00e3o de se tornar uma das grandes especialistas no manejo de animais para abate.<\/p>\n<p>O filme ser\u00e1 exibido no canal\u00a0<strong>HBO<\/strong> no dia <strong>07<\/strong>, <strong>\u00e0s 14:35h<\/strong>.<\/p>\n<pre id=\"line177\"><span class=\"attribute-value\"><a class=\"moz-txt-link-freetext\" href=\"http:\/\/www.youtube.com\/v\/bnI_Y8PyTHM\"><\/a><a href=\"http:\/\/www.youtube.com\/v\/bnI_Y8PyTHM\">bnI_Y8PyTHM<\/a>\n<\/span><\/pre>\n<p>___________________<\/p>\n<p><strong>Fonte:<\/strong> <a href=\"http:\/\/www.mundoasperger.com.br\/index.php?option=com_content&amp;view=article&amp;id=84:filme-temple-grandin-no-canal-hbo&amp;catid=40:filmes&amp;Itemid=38\">Mundo Asperger<\/a><br \/>\n<strong> <\/strong><\/p>\n","protected":false},"excerpt":{"rendered":"<p>Tamb\u00e9m dispon\u00edvel em DVD\/BR, o filme mostra um pouco da vida de Temple Grandin. \u00c9 a dica cultural da semana da Inclusive, com informa\u00e7\u00f5es do Mundo Asperger.<\/p>\n","protected":false},"author":1,"featured_media":0,"comment_status":"open","ping_status":"open","sticky":false,"template":"","format":"standard","meta":{"site-container-style":"default","site-container-layout":"default","site-sidebar-layout":"default","disable-article-header":"default","disable-site-header":"default","disable-site-footer":"default","disable-content-area-spacing":"default","footnotes":""},"categories":[29,57,50],"tags":[34],"class_list":["post-16796","post","type-post","status-publish","format-standard","hentry","category-cultura","category-filmes-e-midias","category-lancamentos","tag-autismo"],"yoast_head":"<!-- This site is optimized with the Yoast SEO plugin v27.4 - https:\/\/yoast.com\/product\/yoast-seo-wordpress\/ -->\n<title>Temple Grandin -<\/title>\n<meta name=\"robots\" content=\"index, follow, max-snippet:-1, max-image-preview:large, max-video-preview:-1\" \/>\n<link rel=\"canonical\" href=\"https:\/\/inclusivenews.com.br\/?p=16796\" \/>\n<meta property=\"og:locale\" content=\"pt_PT\" \/>\n<meta property=\"og:type\" content=\"article\" \/>\n<meta property=\"og:title\" content=\"Temple Grandin -\" \/>\n<meta property=\"og:description\" content=\"Tamb\u00e9m dispon\u00edvel em DVD\/BR, o filme mostra um pouco da vida de Temple Grandin. \u00c9 a dica cultural da semana da Inclusive, com informa\u00e7\u00f5es do Mundo Asperger.\" \/>\n<meta property=\"og:url\" content=\"https:\/\/inclusivenews.com.br\/?p=16796\" \/>\n<meta property=\"article:publisher\" content=\"https:\/\/www.facebook.com\/agenciainclusive\/\" \/>\n<meta property=\"article:published_time\" content=\"2010-08-06T20:47:36+00:00\" \/>\n<meta property=\"og:image\" content=\"http:\/\/static.img4tw.com\/i\/c3cbacb0.jpeg\" \/>\n<meta name=\"author\" content=\"inclusivenews2024\" \/>\n<meta name=\"twitter:card\" content=\"summary_large_image\" \/>\n<meta name=\"twitter:label1\" content=\"Escrito por\" \/>\n\t<meta name=\"twitter:data1\" content=\"inclusivenews2024\" \/>\n\t<meta name=\"twitter:label2\" content=\"Tempo estimado de leitura\" \/>\n\t<meta name=\"twitter:data2\" content=\"1 minuto\" \/>\n<script type=\"application\/ld+json\" class=\"yoast-schema-graph\">{\"@context\":\"https:\\\/\\\/schema.org\",\"@graph\":[{\"@type\":\"Article\",\"@id\":\"https:\\\/\\\/inclusivenews.com.br\\\/?p=16796#article\",\"isPartOf\":{\"@id\":\"https:\\\/\\\/inclusivenews.com.br\\\/?p=16796\"},\"author\":{\"name\":\"inclusivenews2024\",\"@id\":\"https:\\\/\\\/inclusivenews.com.br\\\/#\\\/schema\\\/person\\\/ae4ec7087559b8692fb33b6fffd2273b\"},\"headline\":\"Temple Grandin\",\"datePublished\":\"2010-08-06T20:47:36+00:00\",\"mainEntityOfPage\":{\"@id\":\"https:\\\/\\\/inclusivenews.com.br\\\/?p=16796\"},\"wordCount\":230,\"commentCount\":3,\"publisher\":{\"@id\":\"https:\\\/\\\/inclusivenews.com.br\\\/#organization\"},\"image\":{\"@id\":\"https:\\\/\\\/inclusivenews.com.br\\\/?p=16796#primaryimage\"},\"thumbnailUrl\":\"http:\\\/\\\/static.img4tw.com\\\/i\\\/c3cbacb0.jpeg\",\"keywords\":[\"Autismo\"],\"articleSection\":[\"Cultura\",\"Filmes e m\u00eddias\",\"Lan\u00e7amentos\"],\"inLanguage\":\"pt-PT\",\"potentialAction\":[{\"@type\":\"CommentAction\",\"name\":\"Comment\",\"target\":[\"https:\\\/\\\/inclusivenews.com.br\\\/?p=16796#respond\"]}]},{\"@type\":\"WebPage\",\"@id\":\"https:\\\/\\\/inclusivenews.com.br\\\/?p=16796\",\"url\":\"https:\\\/\\\/inclusivenews.com.br\\\/?p=16796\",\"name\":\"Temple Grandin -\",\"isPartOf\":{\"@id\":\"https:\\\/\\\/inclusivenews.com.br\\\/#website\"},\"primaryImageOfPage\":{\"@id\":\"https:\\\/\\\/inclusivenews.com.br\\\/?p=16796#primaryimage\"},\"image\":{\"@id\":\"https:\\\/\\\/inclusivenews.com.br\\\/?p=16796#primaryimage\"},\"thumbnailUrl\":\"http:\\\/\\\/static.img4tw.com\\\/i\\\/c3cbacb0.jpeg\",\"datePublished\":\"2010-08-06T20:47:36+00:00\",\"breadcrumb\":{\"@id\":\"https:\\\/\\\/inclusivenews.com.br\\\/?p=16796#breadcrumb\"},\"inLanguage\":\"pt-PT\",\"potentialAction\":[{\"@type\":\"ReadAction\",\"target\":[\"https:\\\/\\\/inclusivenews.com.br\\\/?p=16796\"]}]},{\"@type\":\"ImageObject\",\"inLanguage\":\"pt-PT\",\"@id\":\"https:\\\/\\\/inclusivenews.com.br\\\/?p=16796#primaryimage\",\"url\":\"http:\\\/\\\/static.img4tw.com\\\/i\\\/c3cbacb0.jpeg\",\"contentUrl\":\"http:\\\/\\\/static.img4tw.com\\\/i\\\/c3cbacb0.jpeg\"},{\"@type\":\"BreadcrumbList\",\"@id\":\"https:\\\/\\\/inclusivenews.com.br\\\/?p=16796#breadcrumb\",\"itemListElement\":[{\"@type\":\"ListItem\",\"position\":1,\"name\":\"In\u00edcio\",\"item\":\"https:\\\/\\\/inclusivenews.com.br\\\/\"},{\"@type\":\"ListItem\",\"position\":2,\"name\":\"Temple Grandin\"}]},{\"@type\":\"WebSite\",\"@id\":\"https:\\\/\\\/inclusivenews.com.br\\\/#website\",\"url\":\"https:\\\/\\\/inclusivenews.com.br\\\/\",\"name\":\"Inclusive News\",\"description\":\"Inclusive News\",\"publisher\":{\"@id\":\"https:\\\/\\\/inclusivenews.com.br\\\/#organization\"},\"potentialAction\":[{\"@type\":\"SearchAction\",\"target\":{\"@type\":\"EntryPoint\",\"urlTemplate\":\"https:\\\/\\\/inclusivenews.com.br\\\/?s={search_term_string}\"},\"query-input\":{\"@type\":\"PropertyValueSpecification\",\"valueRequired\":true,\"valueName\":\"search_term_string\"}}],\"inLanguage\":\"pt-PT\"},{\"@type\":\"Organization\",\"@id\":\"https:\\\/\\\/inclusivenews.com.br\\\/#organization\",\"name\":\"Inclusive - inclus\u00e3o e cidadania\",\"url\":\"https:\\\/\\\/inclusivenews.com.br\\\/\",\"logo\":{\"@type\":\"ImageObject\",\"inLanguage\":\"pt-PT\",\"@id\":\"https:\\\/\\\/inclusivenews.com.br\\\/#\\\/schema\\\/logo\\\/image\\\/\",\"url\":\"https:\\\/\\\/inclusivenews.com.br\\\/wp-content\\\/uploads\\\/2024\\\/03\\\/@grandesite.png\",\"contentUrl\":\"https:\\\/\\\/inclusivenews.com.br\\\/wp-content\\\/uploads\\\/2024\\\/03\\\/@grandesite.png\",\"width\":1080,\"height\":1080,\"caption\":\"Inclusive - inclus\u00e3o e cidadania\"},\"image\":{\"@id\":\"https:\\\/\\\/inclusivenews.com.br\\\/#\\\/schema\\\/logo\\\/image\\\/\"},\"sameAs\":[\"https:\\\/\\\/www.facebook.com\\\/agenciainclusive\\\/\",\"https:\\\/\\\/www.instagram.com\\\/newsinclusive\\\/\"]},{\"@type\":\"Person\",\"@id\":\"https:\\\/\\\/inclusivenews.com.br\\\/#\\\/schema\\\/person\\\/ae4ec7087559b8692fb33b6fffd2273b\",\"name\":\"inclusivenews2024\",\"image\":{\"@type\":\"ImageObject\",\"inLanguage\":\"pt-PT\",\"@id\":\"https:\\\/\\\/secure.gravatar.com\\\/avatar\\\/c5a7ef84c66fa914f55bc4f7ce26cfa275a3b9a1c5568b907bd184fb4dde7b40?s=96&d=mm&r=g\",\"url\":\"https:\\\/\\\/secure.gravatar.com\\\/avatar\\\/c5a7ef84c66fa914f55bc4f7ce26cfa275a3b9a1c5568b907bd184fb4dde7b40?s=96&d=mm&r=g\",\"contentUrl\":\"https:\\\/\\\/secure.gravatar.com\\\/avatar\\\/c5a7ef84c66fa914f55bc4f7ce26cfa275a3b9a1c5568b907bd184fb4dde7b40?s=96&d=mm&r=g\",\"caption\":\"inclusivenews2024\"},\"sameAs\":[\"https:\\\/\\\/inclusivenews.com.br\"],\"url\":\"https:\\\/\\\/inclusivenews.com.br\\\/?author=1\"}]}<\/script>\n<!-- \/ Yoast SEO plugin. -->","yoast_head_json":{"title":"Temple Grandin -","robots":{"index":"index","follow":"follow","max-snippet":"max-snippet:-1","max-image-preview":"max-image-preview:large","max-video-preview":"max-video-preview:-1"},"canonical":"https:\/\/inclusivenews.com.br\/?p=16796","og_locale":"pt_PT","og_type":"article","og_title":"Temple Grandin -","og_description":"Tamb\u00e9m dispon\u00edvel em DVD\/BR, o filme mostra um pouco da vida de Temple Grandin. \u00c9 a dica cultural da semana da Inclusive, com informa\u00e7\u00f5es do Mundo Asperger.","og_url":"https:\/\/inclusivenews.com.br\/?p=16796","article_publisher":"https:\/\/www.facebook.com\/agenciainclusive\/","article_published_time":"2010-08-06T20:47:36+00:00","og_image":[{"url":"http:\/\/static.img4tw.com\/i\/c3cbacb0.jpeg","type":"","width":"","height":""}],"author":"inclusivenews2024","twitter_card":"summary_large_image","twitter_misc":{"Escrito por":"inclusivenews2024","Tempo estimado de leitura":"1 minuto"},"schema":{"@context":"https:\/\/schema.org","@graph":[{"@type":"Article","@id":"https:\/\/inclusivenews.com.br\/?p=16796#article","isPartOf":{"@id":"https:\/\/inclusivenews.com.br\/?p=16796"},"author":{"name":"inclusivenews2024","@id":"https:\/\/inclusivenews.com.br\/#\/schema\/person\/ae4ec7087559b8692fb33b6fffd2273b"},"headline":"Temple Grandin","datePublished":"2010-08-06T20:47:36+00:00","mainEntityOfPage":{"@id":"https:\/\/inclusivenews.com.br\/?p=16796"},"wordCount":230,"commentCount":3,"publisher":{"@id":"https:\/\/inclusivenews.com.br\/#organization"},"image":{"@id":"https:\/\/inclusivenews.com.br\/?p=16796#primaryimage"},"thumbnailUrl":"http:\/\/static.img4tw.com\/i\/c3cbacb0.jpeg","keywords":["Autismo"],"articleSection":["Cultura","Filmes e m\u00eddias","Lan\u00e7amentos"],"inLanguage":"pt-PT","potentialAction":[{"@type":"CommentAction","name":"Comment","target":["https:\/\/inclusivenews.com.br\/?p=16796#respond"]}]},{"@type":"WebPage","@id":"https:\/\/inclusivenews.com.br\/?p=16796","url":"https:\/\/inclusivenews.com.br\/?p=16796","name":"Temple Grandin -","isPartOf":{"@id":"https:\/\/inclusivenews.com.br\/#website"},"primaryImageOfPage":{"@id":"https:\/\/inclusivenews.com.br\/?p=16796#primaryimage"},"image":{"@id":"https:\/\/inclusivenews.com.br\/?p=16796#primaryimage"},"thumbnailUrl":"http:\/\/static.img4tw.com\/i\/c3cbacb0.jpeg","datePublished":"2010-08-06T20:47:36+00:00","breadcrumb":{"@id":"https:\/\/inclusivenews.com.br\/?p=16796#breadcrumb"},"inLanguage":"pt-PT","potentialAction":[{"@type":"ReadAction","target":["https:\/\/inclusivenews.com.br\/?p=16796"]}]},{"@type":"ImageObject","inLanguage":"pt-PT","@id":"https:\/\/inclusivenews.com.br\/?p=16796#primaryimage","url":"http:\/\/static.img4tw.com\/i\/c3cbacb0.jpeg","contentUrl":"http:\/\/static.img4tw.com\/i\/c3cbacb0.jpeg"},{"@type":"BreadcrumbList","@id":"https:\/\/inclusivenews.com.br\/?p=16796#breadcrumb","itemListElement":[{"@type":"ListItem","position":1,"name":"In\u00edcio","item":"https:\/\/inclusivenews.com.br\/"},{"@type":"ListItem","position":2,"name":"Temple Grandin"}]},{"@type":"WebSite","@id":"https:\/\/inclusivenews.com.br\/#website","url":"https:\/\/inclusivenews.com.br\/","name":"Inclusive News","description":"Inclusive News","publisher":{"@id":"https:\/\/inclusivenews.com.br\/#organization"},"potentialAction":[{"@type":"SearchAction","target":{"@type":"EntryPoint","urlTemplate":"https:\/\/inclusivenews.com.br\/?s={search_term_string}"},"query-input":{"@type":"PropertyValueSpecification","valueRequired":true,"valueName":"search_term_string"}}],"inLanguage":"pt-PT"},{"@type":"Organization","@id":"https:\/\/inclusivenews.com.br\/#organization","name":"Inclusive - inclus\u00e3o e cidadania","url":"https:\/\/inclusivenews.com.br\/","logo":{"@type":"ImageObject","inLanguage":"pt-PT","@id":"https:\/\/inclusivenews.com.br\/#\/schema\/logo\/image\/","url":"https:\/\/inclusivenews.com.br\/wp-content\/uploads\/2024\/03\/@grandesite.png","contentUrl":"https:\/\/inclusivenews.com.br\/wp-content\/uploads\/2024\/03\/@grandesite.png","width":1080,"height":1080,"caption":"Inclusive - inclus\u00e3o e cidadania"},"image":{"@id":"https:\/\/inclusivenews.com.br\/#\/schema\/logo\/image\/"},"sameAs":["https:\/\/www.facebook.com\/agenciainclusive\/","https:\/\/www.instagram.com\/newsinclusive\/"]},{"@type":"Person","@id":"https:\/\/inclusivenews.com.br\/#\/schema\/person\/ae4ec7087559b8692fb33b6fffd2273b","name":"inclusivenews2024","image":{"@type":"ImageObject","inLanguage":"pt-PT","@id":"https:\/\/secure.gravatar.com\/avatar\/c5a7ef84c66fa914f55bc4f7ce26cfa275a3b9a1c5568b907bd184fb4dde7b40?s=96&d=mm&r=g","url":"https:\/\/secure.gravatar.com\/avatar\/c5a7ef84c66fa914f55bc4f7ce26cfa275a3b9a1c5568b907bd184fb4dde7b40?s=96&d=mm&r=g","contentUrl":"https:\/\/secure.gravatar.com\/avatar\/c5a7ef84c66fa914f55bc4f7ce26cfa275a3b9a1c5568b907bd184fb4dde7b40?s=96&d=mm&r=g","caption":"inclusivenews2024"},"sameAs":["https:\/\/inclusivenews.com.br"],"url":"https:\/\/inclusivenews.com.br\/?author=1"}]}},"_links":{"self":[{"href":"https:\/\/inclusivenews.com.br\/index.php?rest_route=\/wp\/v2\/posts\/16796","targetHints":{"allow":["GET"]}}],"collection":[{"href":"https:\/\/inclusivenews.com.br\/index.php?rest_route=\/wp\/v2\/posts"}],"about":[{"href":"https:\/\/inclusivenews.com.br\/index.php?rest_route=\/wp\/v2\/types\/post"}],"author":[{"embeddable":true,"href":"https:\/\/inclusivenews.com.br\/index.php?rest_route=\/wp\/v2\/users\/1"}],"replies":[{"embeddable":true,"href":"https:\/\/inclusivenews.com.br\/index.php?rest_route=%2Fwp%2Fv2%2Fcomments&post=16796"}],"version-history":[{"count":0,"href":"https:\/\/inclusivenews.com.br\/index.php?rest_route=\/wp\/v2\/posts\/16796\/revisions"}],"wp:attachment":[{"href":"https:\/\/inclusivenews.com.br\/index.php?rest_route=%2Fwp%2Fv2%2Fmedia&parent=16796"}],"wp:term":[{"taxonomy":"category","embeddable":true,"href":"https:\/\/inclusivenews.com.br\/index.php?rest_route=%2Fwp%2Fv2%2Fcategories&post=16796"},{"taxonomy":"post_tag","embeddable":true,"href":"https:\/\/inclusivenews.com.br\/index.php?rest_route=%2Fwp%2Fv2%2Ftags&post=16796"}],"curies":[{"name":"wp","href":"https:\/\/api.w.org\/{rel}","templated":true}]}}