{"id":16800,"date":"2010-08-06T17:45:25","date_gmt":"2010-08-06T20:45:25","guid":{"rendered":"http:\/\/www.inclusive.org.br\/?p=16800"},"modified":"2010-08-06T17:45:25","modified_gmt":"2010-08-06T20:45:25","slug":"compromisso-com-direitos-humanos-e-criterios-para-o-stf","status":"publish","type":"post","link":"https:\/\/inclusivenews.com.br\/?p=16800","title":{"rendered":"Compromisso com direitos humanos e crit\u00e9rios para o STF"},"content":{"rendered":"<figure id=\"attachment_13220\" aria-describedby=\"caption-attachment-13220\" style=\"width: 200px\" class=\"wp-caption alignleft\"><a href=\"http:\/\/www.inclusivenews.com.br\/wp-content\/uploads\/2009\/12\/justica1.jpg\"><img loading=\"lazy\" decoding=\"async\" class=\"size-full wp-image-13220\" title=\"Imagem de escultura que representa a justi\u00e7a\" src=\"http:\/\/inclusivenews.com.br\/wp-content\/uploads\/2009\/12\/justica1.jpg\" alt=\"Imagem de escultura que representa a justi\u00e7a\" width=\"200\" height=\"245\" \/><\/a><figcaption id=\"caption-attachment-13220\" class=\"wp-caption-text\"> <\/figcaption><\/figure>\n<p><em>Na ter\u00e7a feira (27\/07) organiza\u00e7\u00f5es de direitos humanos de todo o pa\u00eds enviaram carta ao Presidente Lula e ao Ministro da Justi\u00e7a, Luis Paulo Teles, reivindicando que o compromisso com os direitos humanos seja um crit\u00e9rio para escolha do pr\u00f3ximo Ministro do STF, que ocupar\u00e1 a cadeira deixada por Eros Grau, com aposentadoria marcada para o pr\u00f3ximo m\u00eas.<\/em><strong> <\/strong><\/p>\n<p>De acordo com as organiza\u00e7\u00f5es, o n\u00famero de quest\u00f5es sociais levadas ao Judici\u00e1rio tem aumentado e, com isso, ampliado a dimens\u00e3o da atua\u00e7\u00e3o deste Poder no contexto de efetiva\u00e7\u00e3o ou nega\u00e7\u00e3o dos direitos humanos no pa\u00eds. Por esse motivo, as organiza\u00e7\u00f5es sugerem que o principal crit\u00e9rio para escolha do novo Ministro deve ser o compromisso com a efetiva\u00e7\u00e3o dos direitos humanos, j\u00e1 que o STF tem a fun\u00e7\u00e3o de zelar pela guarda da Constitui\u00e7\u00e3o Federal da Rep\u00fablica.<\/p>\n<p>Outro ponto apresentado na carta refere-se \u00e0 maior participa\u00e7\u00e3o da sociedade civil neste processo de indica\u00e7\u00e3o de ministros, j\u00e1 que este \u00e9 um momento pol\u00edtico muito importante para a sociedade como um todo. &#8220;Para o fortalecimento da democracia e a constru\u00e7\u00e3o de uma efetiva cultura de direitos humanos no Brasil \u00e9 indispens\u00e1vel, portanto, a cria\u00e7\u00e3o de mecanismos efetivamente democr\u00e1ticos de participa\u00e7\u00e3o social nas quest\u00f5es que envolvem o Poder Judici\u00e1rio&#8221;, afirma o documento.<\/p>\n<p>O processo de nomea\u00e7\u00e3o dos Ministros do Supremo possui duas etapas na esfera dos Poderes da Rep\u00fablica. A primeira \u00e9 a indica\u00e7\u00e3o pelo Presidente da Rep\u00fablica, seguida por uma sabatina do indicado na Comiss\u00e3o de Constitui\u00e7\u00e3o e Justi\u00e7a &#8211; CCJ do Senado. O nome ainda passa por uma vota\u00e7\u00e3o no Plen\u00e1rio da Casa, com a necessidade de aprova\u00e7\u00e3o de, no m\u00ednimo, 41 senadores.<\/p>\n<p>Ainda n\u00e3o existe uma data espec\u00edfica para a indica\u00e7\u00e3o do novo Ministro, mas se sabe que a qualquer momento o processo pode ser concretizado. As organiza\u00e7\u00f5es estar\u00e3o acompanhando o processo de nomea\u00e7\u00e3o para Ministro do STF, organizando tamb\u00e9m uma interven\u00e7\u00e3o junto \u00e0 CCJ do Senado, por ocasi\u00e3o da sabatina.<\/p>\n<p><span style=\"font-family: georgia,palatino;\"><strong><span style=\"color: #800000;\">Assinam a Carta:<\/span><\/strong><\/span><\/p>\n<p>Alian\u00e7a de Controle do Tabagismo &#8211; ACT<br \/>\nAssocia\u00e7\u00e3o Brasileira Interdisciplinar de Aids &#8211; ABIA<br \/>\nAssocia\u00e7\u00e3o de Advogados de Trabalhadores Rurais no Estado da Bahia &#8211; AATR<br \/>\nComiss\u00e3o de Direitos Humanos da Universidade Federal da Para\u00edba<br \/>\nCentro Justi\u00e7a Global<br \/>\nDignitatis &#8211; Assessoria T\u00e9cnica Popular<br \/>\nGeled\u00e9s Instituto da Mulher Negra<br \/>\nInstituto de Estudos S\u00f3cioecon\u00f4micos &#8211; INESC<br \/>\nInstituto dos Defensores dos Direitos Humanos &#8211; IDDH<br \/>\nMariana Criola &#8211; Centro de Assessoria Popular<br \/>\nPlataforma Dhesca Brasil<br \/>\nSociedade Paraense de Defesa dos Direitos Humanos &#8211; SDDH<br \/>\nTerra de Direitos<br \/>\n____________<\/p>\n<p><strong>Fonte: <\/strong><a href=\"http:\/\/www.geledes.org.br\/noticias-direitos-humanos\/organizacoes-pedem-ao-presidente-lula-e-ao-ministro-da-justica-que-compromisso-com-os-direitos-humanos-seja-criterio-para-indicacao-do-novo-ministro-do-stf.html\">Geledes<\/a><\/p>\n","protected":false},"excerpt":{"rendered":"<p>Na ter\u00e7a feira (27\/07) organiza\u00e7\u00f5es de direitos humanos de todo o pa\u00eds enviaram carta ao Presidente Lula e ao Ministro da Justi\u00e7a, Luis Paulo Teles, reivindicando que o compromisso com os direitos humanos seja um crit\u00e9rio para escolha do pr\u00f3ximo Ministro do STF, que ocupar\u00e1 a cadeira deixada por Eros Grau, com aposentadoria marcada para o pr\u00f3ximo m\u00eas.<\/p>\n","protected":false},"author":1,"featured_media":0,"comment_status":"open","ping_status":"open","sticky":false,"template":"","format":"standard","meta":{"site-container-style":"default","site-container-layout":"default","site-sidebar-layout":"default","disable-article-header":"default","disable-site-header":"default","disable-site-footer":"default","disable-content-area-spacing":"default","footnotes":""},"categories":[11,4],"tags":[],"class_list":["post-16800","post","type-post","status-publish","format-standard","hentry","category-direitos-humanos","category-noticias"],"yoast_head":"<!-- This site is optimized with the Yoast SEO plugin v27.4 - https:\/\/yoast.com\/product\/yoast-seo-wordpress\/ -->\n<title>Compromisso com direitos humanos e crit\u00e9rios para o STF -<\/title>\n<meta name=\"robots\" content=\"index, follow, max-snippet:-1, max-image-preview:large, max-video-preview:-1\" \/>\n<link rel=\"canonical\" href=\"https:\/\/inclusivenews.com.br\/?p=16800\" \/>\n<meta property=\"og:locale\" content=\"pt_PT\" \/>\n<meta property=\"og:type\" content=\"article\" \/>\n<meta property=\"og:title\" content=\"Compromisso com direitos humanos e crit\u00e9rios para o STF -\" \/>\n<meta property=\"og:description\" content=\"Na ter\u00e7a feira (27\/07) organiza\u00e7\u00f5es de direitos humanos de todo o pa\u00eds enviaram carta ao Presidente Lula e ao Ministro da Justi\u00e7a, Luis Paulo Teles, reivindicando que o compromisso com os direitos humanos seja um crit\u00e9rio para escolha do pr\u00f3ximo Ministro do STF, que ocupar\u00e1 a cadeira deixada por Eros Grau, com aposentadoria marcada para o pr\u00f3ximo m\u00eas.\" \/>\n<meta property=\"og:url\" content=\"https:\/\/inclusivenews.com.br\/?p=16800\" \/>\n<meta property=\"article:publisher\" content=\"https:\/\/www.facebook.com\/agenciainclusive\/\" \/>\n<meta property=\"article:published_time\" content=\"2010-08-06T20:45:25+00:00\" \/>\n<meta property=\"og:image\" content=\"http:\/\/inclusivenews.com.br\/wp-content\/uploads\/2009\/12\/justica1.jpg\" \/>\n<meta name=\"author\" content=\"inclusivenews2024\" \/>\n<meta name=\"twitter:card\" content=\"summary_large_image\" \/>\n<meta name=\"twitter:label1\" content=\"Escrito por\" \/>\n\t<meta name=\"twitter:data1\" content=\"inclusivenews2024\" \/>\n\t<meta name=\"twitter:label2\" content=\"Tempo estimado de leitura\" \/>\n\t<meta name=\"twitter:data2\" content=\"2 minutos\" \/>\n<script type=\"application\/ld+json\" class=\"yoast-schema-graph\">{\"@context\":\"https:\\\/\\\/schema.org\",\"@graph\":[{\"@type\":\"Article\",\"@id\":\"https:\\\/\\\/inclusivenews.com.br\\\/?p=16800#article\",\"isPartOf\":{\"@id\":\"https:\\\/\\\/inclusivenews.com.br\\\/?p=16800\"},\"author\":{\"name\":\"inclusivenews2024\",\"@id\":\"https:\\\/\\\/inclusivenews.com.br\\\/#\\\/schema\\\/person\\\/ae4ec7087559b8692fb33b6fffd2273b\"},\"headline\":\"Compromisso com direitos humanos e crit\u00e9rios para o STF\",\"datePublished\":\"2010-08-06T20:45:25+00:00\",\"mainEntityOfPage\":{\"@id\":\"https:\\\/\\\/inclusivenews.com.br\\\/?p=16800\"},\"wordCount\":482,\"commentCount\":0,\"publisher\":{\"@id\":\"https:\\\/\\\/inclusivenews.com.br\\\/#organization\"},\"image\":{\"@id\":\"https:\\\/\\\/inclusivenews.com.br\\\/?p=16800#primaryimage\"},\"thumbnailUrl\":\"http:\\\/\\\/inclusivenews.com.br\\\/wp-content\\\/uploads\\\/2009\\\/12\\\/justica1.jpg\",\"articleSection\":[\"DIREITOS HUMANOS\",\"NOT\u00cdCIAS\"],\"inLanguage\":\"pt-PT\",\"potentialAction\":[{\"@type\":\"CommentAction\",\"name\":\"Comment\",\"target\":[\"https:\\\/\\\/inclusivenews.com.br\\\/?p=16800#respond\"]}]},{\"@type\":\"WebPage\",\"@id\":\"https:\\\/\\\/inclusivenews.com.br\\\/?p=16800\",\"url\":\"https:\\\/\\\/inclusivenews.com.br\\\/?p=16800\",\"name\":\"Compromisso com direitos humanos e crit\u00e9rios para o STF -\",\"isPartOf\":{\"@id\":\"https:\\\/\\\/inclusivenews.com.br\\\/#website\"},\"primaryImageOfPage\":{\"@id\":\"https:\\\/\\\/inclusivenews.com.br\\\/?p=16800#primaryimage\"},\"image\":{\"@id\":\"https:\\\/\\\/inclusivenews.com.br\\\/?p=16800#primaryimage\"},\"thumbnailUrl\":\"http:\\\/\\\/inclusivenews.com.br\\\/wp-content\\\/uploads\\\/2009\\\/12\\\/justica1.jpg\",\"datePublished\":\"2010-08-06T20:45:25+00:00\",\"breadcrumb\":{\"@id\":\"https:\\\/\\\/inclusivenews.com.br\\\/?p=16800#breadcrumb\"},\"inLanguage\":\"pt-PT\",\"potentialAction\":[{\"@type\":\"ReadAction\",\"target\":[\"https:\\\/\\\/inclusivenews.com.br\\\/?p=16800\"]}]},{\"@type\":\"ImageObject\",\"inLanguage\":\"pt-PT\",\"@id\":\"https:\\\/\\\/inclusivenews.com.br\\\/?p=16800#primaryimage\",\"url\":\"\",\"contentUrl\":\"\"},{\"@type\":\"BreadcrumbList\",\"@id\":\"https:\\\/\\\/inclusivenews.com.br\\\/?p=16800#breadcrumb\",\"itemListElement\":[{\"@type\":\"ListItem\",\"position\":1,\"name\":\"In\u00edcio\",\"item\":\"https:\\\/\\\/inclusivenews.com.br\\\/\"},{\"@type\":\"ListItem\",\"position\":2,\"name\":\"Compromisso com direitos humanos e crit\u00e9rios para o STF\"}]},{\"@type\":\"WebSite\",\"@id\":\"https:\\\/\\\/inclusivenews.com.br\\\/#website\",\"url\":\"https:\\\/\\\/inclusivenews.com.br\\\/\",\"name\":\"Inclusive News\",\"description\":\"Inclusive News\",\"publisher\":{\"@id\":\"https:\\\/\\\/inclusivenews.com.br\\\/#organization\"},\"potentialAction\":[{\"@type\":\"SearchAction\",\"target\":{\"@type\":\"EntryPoint\",\"urlTemplate\":\"https:\\\/\\\/inclusivenews.com.br\\\/?s={search_term_string}\"},\"query-input\":{\"@type\":\"PropertyValueSpecification\",\"valueRequired\":true,\"valueName\":\"search_term_string\"}}],\"inLanguage\":\"pt-PT\"},{\"@type\":\"Organization\",\"@id\":\"https:\\\/\\\/inclusivenews.com.br\\\/#organization\",\"name\":\"Inclusive - inclus\u00e3o e cidadania\",\"url\":\"https:\\\/\\\/inclusivenews.com.br\\\/\",\"logo\":{\"@type\":\"ImageObject\",\"inLanguage\":\"pt-PT\",\"@id\":\"https:\\\/\\\/inclusivenews.com.br\\\/#\\\/schema\\\/logo\\\/image\\\/\",\"url\":\"https:\\\/\\\/inclusivenews.com.br\\\/wp-content\\\/uploads\\\/2024\\\/03\\\/@grandesite.png\",\"contentUrl\":\"https:\\\/\\\/inclusivenews.com.br\\\/wp-content\\\/uploads\\\/2024\\\/03\\\/@grandesite.png\",\"width\":1080,\"height\":1080,\"caption\":\"Inclusive - inclus\u00e3o e cidadania\"},\"image\":{\"@id\":\"https:\\\/\\\/inclusivenews.com.br\\\/#\\\/schema\\\/logo\\\/image\\\/\"},\"sameAs\":[\"https:\\\/\\\/www.facebook.com\\\/agenciainclusive\\\/\",\"https:\\\/\\\/www.instagram.com\\\/newsinclusive\\\/\"]},{\"@type\":\"Person\",\"@id\":\"https:\\\/\\\/inclusivenews.com.br\\\/#\\\/schema\\\/person\\\/ae4ec7087559b8692fb33b6fffd2273b\",\"name\":\"inclusivenews2024\",\"image\":{\"@type\":\"ImageObject\",\"inLanguage\":\"pt-PT\",\"@id\":\"https:\\\/\\\/secure.gravatar.com\\\/avatar\\\/c5a7ef84c66fa914f55bc4f7ce26cfa275a3b9a1c5568b907bd184fb4dde7b40?s=96&d=mm&r=g\",\"url\":\"https:\\\/\\\/secure.gravatar.com\\\/avatar\\\/c5a7ef84c66fa914f55bc4f7ce26cfa275a3b9a1c5568b907bd184fb4dde7b40?s=96&d=mm&r=g\",\"contentUrl\":\"https:\\\/\\\/secure.gravatar.com\\\/avatar\\\/c5a7ef84c66fa914f55bc4f7ce26cfa275a3b9a1c5568b907bd184fb4dde7b40?s=96&d=mm&r=g\",\"caption\":\"inclusivenews2024\"},\"sameAs\":[\"https:\\\/\\\/inclusivenews.com.br\"],\"url\":\"https:\\\/\\\/inclusivenews.com.br\\\/?author=1\"}]}<\/script>\n<!-- \/ Yoast SEO plugin. -->","yoast_head_json":{"title":"Compromisso com direitos humanos e crit\u00e9rios para o STF -","robots":{"index":"index","follow":"follow","max-snippet":"max-snippet:-1","max-image-preview":"max-image-preview:large","max-video-preview":"max-video-preview:-1"},"canonical":"https:\/\/inclusivenews.com.br\/?p=16800","og_locale":"pt_PT","og_type":"article","og_title":"Compromisso com direitos humanos e crit\u00e9rios para o STF -","og_description":"Na ter\u00e7a feira (27\/07) organiza\u00e7\u00f5es de direitos humanos de todo o pa\u00eds enviaram carta ao Presidente Lula e ao Ministro da Justi\u00e7a, Luis Paulo Teles, reivindicando que o compromisso com os direitos humanos seja um crit\u00e9rio para escolha do pr\u00f3ximo Ministro do STF, que ocupar\u00e1 a cadeira deixada por Eros Grau, com aposentadoria marcada para o pr\u00f3ximo m\u00eas.","og_url":"https:\/\/inclusivenews.com.br\/?p=16800","article_publisher":"https:\/\/www.facebook.com\/agenciainclusive\/","article_published_time":"2010-08-06T20:45:25+00:00","og_image":[{"url":"http:\/\/inclusivenews.com.br\/wp-content\/uploads\/2009\/12\/justica1.jpg","type":"","width":"","height":""}],"author":"inclusivenews2024","twitter_card":"summary_large_image","twitter_misc":{"Escrito por":"inclusivenews2024","Tempo estimado de leitura":"2 minutos"},"schema":{"@context":"https:\/\/schema.org","@graph":[{"@type":"Article","@id":"https:\/\/inclusivenews.com.br\/?p=16800#article","isPartOf":{"@id":"https:\/\/inclusivenews.com.br\/?p=16800"},"author":{"name":"inclusivenews2024","@id":"https:\/\/inclusivenews.com.br\/#\/schema\/person\/ae4ec7087559b8692fb33b6fffd2273b"},"headline":"Compromisso com direitos humanos e crit\u00e9rios para o STF","datePublished":"2010-08-06T20:45:25+00:00","mainEntityOfPage":{"@id":"https:\/\/inclusivenews.com.br\/?p=16800"},"wordCount":482,"commentCount":0,"publisher":{"@id":"https:\/\/inclusivenews.com.br\/#organization"},"image":{"@id":"https:\/\/inclusivenews.com.br\/?p=16800#primaryimage"},"thumbnailUrl":"http:\/\/inclusivenews.com.br\/wp-content\/uploads\/2009\/12\/justica1.jpg","articleSection":["DIREITOS HUMANOS","NOT\u00cdCIAS"],"inLanguage":"pt-PT","potentialAction":[{"@type":"CommentAction","name":"Comment","target":["https:\/\/inclusivenews.com.br\/?p=16800#respond"]}]},{"@type":"WebPage","@id":"https:\/\/inclusivenews.com.br\/?p=16800","url":"https:\/\/inclusivenews.com.br\/?p=16800","name":"Compromisso com direitos humanos e crit\u00e9rios para o STF -","isPartOf":{"@id":"https:\/\/inclusivenews.com.br\/#website"},"primaryImageOfPage":{"@id":"https:\/\/inclusivenews.com.br\/?p=16800#primaryimage"},"image":{"@id":"https:\/\/inclusivenews.com.br\/?p=16800#primaryimage"},"thumbnailUrl":"http:\/\/inclusivenews.com.br\/wp-content\/uploads\/2009\/12\/justica1.jpg","datePublished":"2010-08-06T20:45:25+00:00","breadcrumb":{"@id":"https:\/\/inclusivenews.com.br\/?p=16800#breadcrumb"},"inLanguage":"pt-PT","potentialAction":[{"@type":"ReadAction","target":["https:\/\/inclusivenews.com.br\/?p=16800"]}]},{"@type":"ImageObject","inLanguage":"pt-PT","@id":"https:\/\/inclusivenews.com.br\/?p=16800#primaryimage","url":"","contentUrl":""},{"@type":"BreadcrumbList","@id":"https:\/\/inclusivenews.com.br\/?p=16800#breadcrumb","itemListElement":[{"@type":"ListItem","position":1,"name":"In\u00edcio","item":"https:\/\/inclusivenews.com.br\/"},{"@type":"ListItem","position":2,"name":"Compromisso com direitos humanos e crit\u00e9rios para o STF"}]},{"@type":"WebSite","@id":"https:\/\/inclusivenews.com.br\/#website","url":"https:\/\/inclusivenews.com.br\/","name":"Inclusive News","description":"Inclusive News","publisher":{"@id":"https:\/\/inclusivenews.com.br\/#organization"},"potentialAction":[{"@type":"SearchAction","target":{"@type":"EntryPoint","urlTemplate":"https:\/\/inclusivenews.com.br\/?s={search_term_string}"},"query-input":{"@type":"PropertyValueSpecification","valueRequired":true,"valueName":"search_term_string"}}],"inLanguage":"pt-PT"},{"@type":"Organization","@id":"https:\/\/inclusivenews.com.br\/#organization","name":"Inclusive - inclus\u00e3o e cidadania","url":"https:\/\/inclusivenews.com.br\/","logo":{"@type":"ImageObject","inLanguage":"pt-PT","@id":"https:\/\/inclusivenews.com.br\/#\/schema\/logo\/image\/","url":"https:\/\/inclusivenews.com.br\/wp-content\/uploads\/2024\/03\/@grandesite.png","contentUrl":"https:\/\/inclusivenews.com.br\/wp-content\/uploads\/2024\/03\/@grandesite.png","width":1080,"height":1080,"caption":"Inclusive - inclus\u00e3o e cidadania"},"image":{"@id":"https:\/\/inclusivenews.com.br\/#\/schema\/logo\/image\/"},"sameAs":["https:\/\/www.facebook.com\/agenciainclusive\/","https:\/\/www.instagram.com\/newsinclusive\/"]},{"@type":"Person","@id":"https:\/\/inclusivenews.com.br\/#\/schema\/person\/ae4ec7087559b8692fb33b6fffd2273b","name":"inclusivenews2024","image":{"@type":"ImageObject","inLanguage":"pt-PT","@id":"https:\/\/secure.gravatar.com\/avatar\/c5a7ef84c66fa914f55bc4f7ce26cfa275a3b9a1c5568b907bd184fb4dde7b40?s=96&d=mm&r=g","url":"https:\/\/secure.gravatar.com\/avatar\/c5a7ef84c66fa914f55bc4f7ce26cfa275a3b9a1c5568b907bd184fb4dde7b40?s=96&d=mm&r=g","contentUrl":"https:\/\/secure.gravatar.com\/avatar\/c5a7ef84c66fa914f55bc4f7ce26cfa275a3b9a1c5568b907bd184fb4dde7b40?s=96&d=mm&r=g","caption":"inclusivenews2024"},"sameAs":["https:\/\/inclusivenews.com.br"],"url":"https:\/\/inclusivenews.com.br\/?author=1"}]}},"_links":{"self":[{"href":"https:\/\/inclusivenews.com.br\/index.php?rest_route=\/wp\/v2\/posts\/16800","targetHints":{"allow":["GET"]}}],"collection":[{"href":"https:\/\/inclusivenews.com.br\/index.php?rest_route=\/wp\/v2\/posts"}],"about":[{"href":"https:\/\/inclusivenews.com.br\/index.php?rest_route=\/wp\/v2\/types\/post"}],"author":[{"embeddable":true,"href":"https:\/\/inclusivenews.com.br\/index.php?rest_route=\/wp\/v2\/users\/1"}],"replies":[{"embeddable":true,"href":"https:\/\/inclusivenews.com.br\/index.php?rest_route=%2Fwp%2Fv2%2Fcomments&post=16800"}],"version-history":[{"count":0,"href":"https:\/\/inclusivenews.com.br\/index.php?rest_route=\/wp\/v2\/posts\/16800\/revisions"}],"wp:attachment":[{"href":"https:\/\/inclusivenews.com.br\/index.php?rest_route=%2Fwp%2Fv2%2Fmedia&parent=16800"}],"wp:term":[{"taxonomy":"category","embeddable":true,"href":"https:\/\/inclusivenews.com.br\/index.php?rest_route=%2Fwp%2Fv2%2Fcategories&post=16800"},{"taxonomy":"post_tag","embeddable":true,"href":"https:\/\/inclusivenews.com.br\/index.php?rest_route=%2Fwp%2Fv2%2Ftags&post=16800"}],"curies":[{"name":"wp","href":"https:\/\/api.w.org\/{rel}","templated":true}]}}