{"id":16808,"date":"2010-08-06T18:25:16","date_gmt":"2010-08-06T21:25:16","guid":{"rendered":"http:\/\/www.inclusive.org.br\/?p=16808"},"modified":"2010-08-06T18:25:16","modified_gmt":"2010-08-06T21:25:16","slug":"de-volta-mas-sempre-alem","status":"publish","type":"post","link":"https:\/\/inclusivenews.com.br\/?p=16808","title":{"rendered":"De volta, mas sempre al\u00e9m"},"content":{"rendered":"<p><a href=\"http:\/\/www.inclusivenews.com.br\/wp-content\/uploads\/2009\/09\/LOGO-INCLUSIE1.png\"><img loading=\"lazy\" decoding=\"async\" class=\"size-full wp-image-11858 alignnone\" title=\"Logotipo da Inclusive: a palavra inclusive escrita em letra cursiva, entre par\u00eanteses.\" src=\"http:\/\/inclusivenews.com.br\/wp-content\/uploads\/2009\/09\/LOGO-INCLUSIE1.png\" alt=\"\" width=\"250\" height=\"68\" \/><\/a><\/p>\n<p>Depois de um breve per\u00edodo em que estivemos realizando algumas modifica\u00e7\u00f5es em nosso layout e realizando a manuten\u00e7\u00e3o de nosso banco de dados, estamos novamente on-line.<\/p>\n<p>Dentre as novidades que apresentamos, destacamos o retorno do Minuto da Inclus\u00e3o \u00e0 nossa home-page. Produ\u00e7\u00e3o do Instituto MID, trata-se de um spot de \u00e1udio com um minuto de dura\u00e7\u00e3o atualizado diariamente com dicas, not\u00edcias, informa\u00e7\u00f5es e utilidade p\u00fablica sobre e para as pessoas com defici\u00eancia.<\/p>\n<p>Outro destaque \u00e9 a presen\u00e7a permanente do informativo Telelibras, produzido pela ONG Vez da Voz. Atualizado semanalmente, o informativo \u00e9 um telejornal inclusivo que transmite informa\u00e7\u00f5es sobre o que acontece no Brasil e no mundo. Apresentadores e um int\u00e9rprete dividem o mesmo espa\u00e7o na tela do v\u00eddeo, mostrando que todos somos iguais, apesar das (nossas) diferen\u00e7as.<\/p>\n<p>Outra novidade que muito nos alegra \u00e9 a presen\u00e7a semanal do Logan. Trata-se da tirinha semanal &#8220;A Vida Com Logan&#8221;. Cria\u00e7\u00e3o de Flavio Soares, a tirinha \u00e9 a narrativa do cotidiano atribulado do menino Logan e dos que o cercam. Logan \u00e9 um menino que nasceu com a s\u00edndrome de Down sempre envolto em in\u00fameras aventuras, desventuras e travessuras.<\/p>\n<p>Por fim, gostar\u00edamos de registrar uma altera\u00e7\u00e3o em nossa periodicidade. Desde sempre atualizada diariamente, a Inclusive passar\u00e1 a ser atualizada semanalmente, mantendo-se inser\u00e7\u00f5es di\u00e1rias excepcionais, reservadas para temas de maior relev\u00e2ncia. Planejamos atualizar a Inclusive \u00e0s quintas-feiras. Excepcionalmente esse primeira nova edi\u00e7\u00e3o ser\u00e1 publicada hoje. Lembramos que isso n\u00e3o altera a receptividade que sempre tivemos em rela\u00e7\u00e3o a sugest\u00f5es e que permanecemos na escuta de todos os nossos leitores.<\/p>\n<p>Esperamos que apreciem nossas mudan\u00e7as e continuem a nos ajudar a fazer da Inclusive um espa\u00e7o franqueado aos interesses da cidadania e da promo\u00e7\u00e3o da inclus\u00e3o social de todos.<\/p>\n<p>Equipe Inclusive.<\/p>\n","protected":false},"excerpt":{"rendered":"<p>Depois de um breve per\u00edodo em que estivemos realizando algumas modifica\u00e7\u00f5es em nosso layout e realizando a manuten\u00e7\u00e3o de nosso banco de dados, estamos novamente on-line. Dentre as novidades que apresentamos, destacamos o retorno do Minuto da Inclus\u00e3o \u00e0 nossa home-page. Produ\u00e7\u00e3o do Instituto MID, trata-se de um spot de \u00e1udio com um minuto de [&hellip;]<\/p>\n","protected":false},"author":1,"featured_media":0,"comment_status":"open","ping_status":"open","sticky":false,"template":"","format":"standard","meta":{"site-container-style":"default","site-container-layout":"default","site-sidebar-layout":"default","disable-article-header":"default","disable-site-header":"default","disable-site-footer":"default","disable-content-area-spacing":"default","footnotes":""},"categories":[35,36],"tags":[],"class_list":["post-16808","post","type-post","status-publish","format-standard","hentry","category-de-nossa-parte","category-colunas-especiais"],"yoast_head":"<!-- This site is optimized with the Yoast SEO plugin v27.4 - https:\/\/yoast.com\/product\/yoast-seo-wordpress\/ -->\n<title>De volta, mas sempre al\u00e9m -<\/title>\n<meta name=\"robots\" content=\"index, follow, max-snippet:-1, max-image-preview:large, max-video-preview:-1\" \/>\n<link rel=\"canonical\" href=\"https:\/\/inclusivenews.com.br\/?p=16808\" \/>\n<meta property=\"og:locale\" content=\"pt_PT\" \/>\n<meta property=\"og:type\" content=\"article\" \/>\n<meta property=\"og:title\" content=\"De volta, mas sempre al\u00e9m -\" \/>\n<meta property=\"og:description\" content=\"Depois de um breve per\u00edodo em que estivemos realizando algumas modifica\u00e7\u00f5es em nosso layout e realizando a manuten\u00e7\u00e3o de nosso banco de dados, estamos novamente on-line. Dentre as novidades que apresentamos, destacamos o retorno do Minuto da Inclus\u00e3o \u00e0 nossa home-page. Produ\u00e7\u00e3o do Instituto MID, trata-se de um spot de \u00e1udio com um minuto de [&hellip;]\" \/>\n<meta property=\"og:url\" content=\"https:\/\/inclusivenews.com.br\/?p=16808\" \/>\n<meta property=\"article:publisher\" content=\"https:\/\/www.facebook.com\/agenciainclusive\/\" \/>\n<meta property=\"article:published_time\" content=\"2010-08-06T21:25:16+00:00\" \/>\n<meta property=\"og:image\" content=\"http:\/\/inclusivenews.com.br\/wp-content\/uploads\/2009\/09\/LOGO-INCLUSIE1.png\" \/>\n<meta name=\"author\" content=\"inclusivenews2024\" \/>\n<meta name=\"twitter:card\" content=\"summary_large_image\" \/>\n<meta name=\"twitter:label1\" content=\"Escrito por\" \/>\n\t<meta name=\"twitter:data1\" content=\"inclusivenews2024\" \/>\n\t<meta name=\"twitter:label2\" content=\"Tempo estimado de leitura\" \/>\n\t<meta name=\"twitter:data2\" content=\"2 minutos\" \/>\n<script type=\"application\/ld+json\" class=\"yoast-schema-graph\">{\"@context\":\"https:\\\/\\\/schema.org\",\"@graph\":[{\"@type\":\"Article\",\"@id\":\"https:\\\/\\\/inclusivenews.com.br\\\/?p=16808#article\",\"isPartOf\":{\"@id\":\"https:\\\/\\\/inclusivenews.com.br\\\/?p=16808\"},\"author\":{\"name\":\"inclusivenews2024\",\"@id\":\"https:\\\/\\\/inclusivenews.com.br\\\/#\\\/schema\\\/person\\\/ae4ec7087559b8692fb33b6fffd2273b\"},\"headline\":\"De volta, mas sempre al\u00e9m\",\"datePublished\":\"2010-08-06T21:25:16+00:00\",\"mainEntityOfPage\":{\"@id\":\"https:\\\/\\\/inclusivenews.com.br\\\/?p=16808\"},\"wordCount\":320,\"commentCount\":0,\"publisher\":{\"@id\":\"https:\\\/\\\/inclusivenews.com.br\\\/#organization\"},\"image\":{\"@id\":\"https:\\\/\\\/inclusivenews.com.br\\\/?p=16808#primaryimage\"},\"thumbnailUrl\":\"http:\\\/\\\/inclusivenews.com.br\\\/wp-content\\\/uploads\\\/2009\\\/09\\\/LOGO-INCLUSIE1.png\",\"articleSection\":[\"+ De nossa parte\",\"Colunas especiais\"],\"inLanguage\":\"pt-PT\",\"potentialAction\":[{\"@type\":\"CommentAction\",\"name\":\"Comment\",\"target\":[\"https:\\\/\\\/inclusivenews.com.br\\\/?p=16808#respond\"]}]},{\"@type\":\"WebPage\",\"@id\":\"https:\\\/\\\/inclusivenews.com.br\\\/?p=16808\",\"url\":\"https:\\\/\\\/inclusivenews.com.br\\\/?p=16808\",\"name\":\"De volta, mas sempre al\u00e9m -\",\"isPartOf\":{\"@id\":\"https:\\\/\\\/inclusivenews.com.br\\\/#website\"},\"primaryImageOfPage\":{\"@id\":\"https:\\\/\\\/inclusivenews.com.br\\\/?p=16808#primaryimage\"},\"image\":{\"@id\":\"https:\\\/\\\/inclusivenews.com.br\\\/?p=16808#primaryimage\"},\"thumbnailUrl\":\"http:\\\/\\\/inclusivenews.com.br\\\/wp-content\\\/uploads\\\/2009\\\/09\\\/LOGO-INCLUSIE1.png\",\"datePublished\":\"2010-08-06T21:25:16+00:00\",\"breadcrumb\":{\"@id\":\"https:\\\/\\\/inclusivenews.com.br\\\/?p=16808#breadcrumb\"},\"inLanguage\":\"pt-PT\",\"potentialAction\":[{\"@type\":\"ReadAction\",\"target\":[\"https:\\\/\\\/inclusivenews.com.br\\\/?p=16808\"]}]},{\"@type\":\"ImageObject\",\"inLanguage\":\"pt-PT\",\"@id\":\"https:\\\/\\\/inclusivenews.com.br\\\/?p=16808#primaryimage\",\"url\":\"https:\\\/\\\/inclusivenews.com.br\\\/wp-content\\\/uploads\\\/2009\\\/09\\\/LOGO-INCLUSIE1.png\",\"contentUrl\":\"https:\\\/\\\/inclusivenews.com.br\\\/wp-content\\\/uploads\\\/2009\\\/09\\\/LOGO-INCLUSIE1.png\",\"width\":250,\"height\":68},{\"@type\":\"BreadcrumbList\",\"@id\":\"https:\\\/\\\/inclusivenews.com.br\\\/?p=16808#breadcrumb\",\"itemListElement\":[{\"@type\":\"ListItem\",\"position\":1,\"name\":\"In\u00edcio\",\"item\":\"https:\\\/\\\/inclusivenews.com.br\\\/\"},{\"@type\":\"ListItem\",\"position\":2,\"name\":\"De volta, mas sempre al\u00e9m\"}]},{\"@type\":\"WebSite\",\"@id\":\"https:\\\/\\\/inclusivenews.com.br\\\/#website\",\"url\":\"https:\\\/\\\/inclusivenews.com.br\\\/\",\"name\":\"Inclusive News\",\"description\":\"Inclusive News\",\"publisher\":{\"@id\":\"https:\\\/\\\/inclusivenews.com.br\\\/#organization\"},\"potentialAction\":[{\"@type\":\"SearchAction\",\"target\":{\"@type\":\"EntryPoint\",\"urlTemplate\":\"https:\\\/\\\/inclusivenews.com.br\\\/?s={search_term_string}\"},\"query-input\":{\"@type\":\"PropertyValueSpecification\",\"valueRequired\":true,\"valueName\":\"search_term_string\"}}],\"inLanguage\":\"pt-PT\"},{\"@type\":\"Organization\",\"@id\":\"https:\\\/\\\/inclusivenews.com.br\\\/#organization\",\"name\":\"Inclusive - inclus\u00e3o e cidadania\",\"url\":\"https:\\\/\\\/inclusivenews.com.br\\\/\",\"logo\":{\"@type\":\"ImageObject\",\"inLanguage\":\"pt-PT\",\"@id\":\"https:\\\/\\\/inclusivenews.com.br\\\/#\\\/schema\\\/logo\\\/image\\\/\",\"url\":\"https:\\\/\\\/inclusivenews.com.br\\\/wp-content\\\/uploads\\\/2024\\\/03\\\/@grandesite.png\",\"contentUrl\":\"https:\\\/\\\/inclusivenews.com.br\\\/wp-content\\\/uploads\\\/2024\\\/03\\\/@grandesite.png\",\"width\":1080,\"height\":1080,\"caption\":\"Inclusive - inclus\u00e3o e cidadania\"},\"image\":{\"@id\":\"https:\\\/\\\/inclusivenews.com.br\\\/#\\\/schema\\\/logo\\\/image\\\/\"},\"sameAs\":[\"https:\\\/\\\/www.facebook.com\\\/agenciainclusive\\\/\",\"https:\\\/\\\/www.instagram.com\\\/newsinclusive\\\/\"]},{\"@type\":\"Person\",\"@id\":\"https:\\\/\\\/inclusivenews.com.br\\\/#\\\/schema\\\/person\\\/ae4ec7087559b8692fb33b6fffd2273b\",\"name\":\"inclusivenews2024\",\"image\":{\"@type\":\"ImageObject\",\"inLanguage\":\"pt-PT\",\"@id\":\"https:\\\/\\\/secure.gravatar.com\\\/avatar\\\/c5a7ef84c66fa914f55bc4f7ce26cfa275a3b9a1c5568b907bd184fb4dde7b40?s=96&d=mm&r=g\",\"url\":\"https:\\\/\\\/secure.gravatar.com\\\/avatar\\\/c5a7ef84c66fa914f55bc4f7ce26cfa275a3b9a1c5568b907bd184fb4dde7b40?s=96&d=mm&r=g\",\"contentUrl\":\"https:\\\/\\\/secure.gravatar.com\\\/avatar\\\/c5a7ef84c66fa914f55bc4f7ce26cfa275a3b9a1c5568b907bd184fb4dde7b40?s=96&d=mm&r=g\",\"caption\":\"inclusivenews2024\"},\"sameAs\":[\"https:\\\/\\\/inclusivenews.com.br\"],\"url\":\"https:\\\/\\\/inclusivenews.com.br\\\/?author=1\"}]}<\/script>\n<!-- \/ Yoast SEO plugin. -->","yoast_head_json":{"title":"De volta, mas sempre al\u00e9m -","robots":{"index":"index","follow":"follow","max-snippet":"max-snippet:-1","max-image-preview":"max-image-preview:large","max-video-preview":"max-video-preview:-1"},"canonical":"https:\/\/inclusivenews.com.br\/?p=16808","og_locale":"pt_PT","og_type":"article","og_title":"De volta, mas sempre al\u00e9m -","og_description":"Depois de um breve per\u00edodo em que estivemos realizando algumas modifica\u00e7\u00f5es em nosso layout e realizando a manuten\u00e7\u00e3o de nosso banco de dados, estamos novamente on-line. Dentre as novidades que apresentamos, destacamos o retorno do Minuto da Inclus\u00e3o \u00e0 nossa home-page. Produ\u00e7\u00e3o do Instituto MID, trata-se de um spot de \u00e1udio com um minuto de [&hellip;]","og_url":"https:\/\/inclusivenews.com.br\/?p=16808","article_publisher":"https:\/\/www.facebook.com\/agenciainclusive\/","article_published_time":"2010-08-06T21:25:16+00:00","og_image":[{"url":"http:\/\/inclusivenews.com.br\/wp-content\/uploads\/2009\/09\/LOGO-INCLUSIE1.png","type":"","width":"","height":""}],"author":"inclusivenews2024","twitter_card":"summary_large_image","twitter_misc":{"Escrito por":"inclusivenews2024","Tempo estimado de leitura":"2 minutos"},"schema":{"@context":"https:\/\/schema.org","@graph":[{"@type":"Article","@id":"https:\/\/inclusivenews.com.br\/?p=16808#article","isPartOf":{"@id":"https:\/\/inclusivenews.com.br\/?p=16808"},"author":{"name":"inclusivenews2024","@id":"https:\/\/inclusivenews.com.br\/#\/schema\/person\/ae4ec7087559b8692fb33b6fffd2273b"},"headline":"De volta, mas sempre al\u00e9m","datePublished":"2010-08-06T21:25:16+00:00","mainEntityOfPage":{"@id":"https:\/\/inclusivenews.com.br\/?p=16808"},"wordCount":320,"commentCount":0,"publisher":{"@id":"https:\/\/inclusivenews.com.br\/#organization"},"image":{"@id":"https:\/\/inclusivenews.com.br\/?p=16808#primaryimage"},"thumbnailUrl":"http:\/\/inclusivenews.com.br\/wp-content\/uploads\/2009\/09\/LOGO-INCLUSIE1.png","articleSection":["+ De nossa parte","Colunas especiais"],"inLanguage":"pt-PT","potentialAction":[{"@type":"CommentAction","name":"Comment","target":["https:\/\/inclusivenews.com.br\/?p=16808#respond"]}]},{"@type":"WebPage","@id":"https:\/\/inclusivenews.com.br\/?p=16808","url":"https:\/\/inclusivenews.com.br\/?p=16808","name":"De volta, mas sempre al\u00e9m -","isPartOf":{"@id":"https:\/\/inclusivenews.com.br\/#website"},"primaryImageOfPage":{"@id":"https:\/\/inclusivenews.com.br\/?p=16808#primaryimage"},"image":{"@id":"https:\/\/inclusivenews.com.br\/?p=16808#primaryimage"},"thumbnailUrl":"http:\/\/inclusivenews.com.br\/wp-content\/uploads\/2009\/09\/LOGO-INCLUSIE1.png","datePublished":"2010-08-06T21:25:16+00:00","breadcrumb":{"@id":"https:\/\/inclusivenews.com.br\/?p=16808#breadcrumb"},"inLanguage":"pt-PT","potentialAction":[{"@type":"ReadAction","target":["https:\/\/inclusivenews.com.br\/?p=16808"]}]},{"@type":"ImageObject","inLanguage":"pt-PT","@id":"https:\/\/inclusivenews.com.br\/?p=16808#primaryimage","url":"https:\/\/inclusivenews.com.br\/wp-content\/uploads\/2009\/09\/LOGO-INCLUSIE1.png","contentUrl":"https:\/\/inclusivenews.com.br\/wp-content\/uploads\/2009\/09\/LOGO-INCLUSIE1.png","width":250,"height":68},{"@type":"BreadcrumbList","@id":"https:\/\/inclusivenews.com.br\/?p=16808#breadcrumb","itemListElement":[{"@type":"ListItem","position":1,"name":"In\u00edcio","item":"https:\/\/inclusivenews.com.br\/"},{"@type":"ListItem","position":2,"name":"De volta, mas sempre al\u00e9m"}]},{"@type":"WebSite","@id":"https:\/\/inclusivenews.com.br\/#website","url":"https:\/\/inclusivenews.com.br\/","name":"Inclusive News","description":"Inclusive News","publisher":{"@id":"https:\/\/inclusivenews.com.br\/#organization"},"potentialAction":[{"@type":"SearchAction","target":{"@type":"EntryPoint","urlTemplate":"https:\/\/inclusivenews.com.br\/?s={search_term_string}"},"query-input":{"@type":"PropertyValueSpecification","valueRequired":true,"valueName":"search_term_string"}}],"inLanguage":"pt-PT"},{"@type":"Organization","@id":"https:\/\/inclusivenews.com.br\/#organization","name":"Inclusive - inclus\u00e3o e cidadania","url":"https:\/\/inclusivenews.com.br\/","logo":{"@type":"ImageObject","inLanguage":"pt-PT","@id":"https:\/\/inclusivenews.com.br\/#\/schema\/logo\/image\/","url":"https:\/\/inclusivenews.com.br\/wp-content\/uploads\/2024\/03\/@grandesite.png","contentUrl":"https:\/\/inclusivenews.com.br\/wp-content\/uploads\/2024\/03\/@grandesite.png","width":1080,"height":1080,"caption":"Inclusive - inclus\u00e3o e cidadania"},"image":{"@id":"https:\/\/inclusivenews.com.br\/#\/schema\/logo\/image\/"},"sameAs":["https:\/\/www.facebook.com\/agenciainclusive\/","https:\/\/www.instagram.com\/newsinclusive\/"]},{"@type":"Person","@id":"https:\/\/inclusivenews.com.br\/#\/schema\/person\/ae4ec7087559b8692fb33b6fffd2273b","name":"inclusivenews2024","image":{"@type":"ImageObject","inLanguage":"pt-PT","@id":"https:\/\/secure.gravatar.com\/avatar\/c5a7ef84c66fa914f55bc4f7ce26cfa275a3b9a1c5568b907bd184fb4dde7b40?s=96&d=mm&r=g","url":"https:\/\/secure.gravatar.com\/avatar\/c5a7ef84c66fa914f55bc4f7ce26cfa275a3b9a1c5568b907bd184fb4dde7b40?s=96&d=mm&r=g","contentUrl":"https:\/\/secure.gravatar.com\/avatar\/c5a7ef84c66fa914f55bc4f7ce26cfa275a3b9a1c5568b907bd184fb4dde7b40?s=96&d=mm&r=g","caption":"inclusivenews2024"},"sameAs":["https:\/\/inclusivenews.com.br"],"url":"https:\/\/inclusivenews.com.br\/?author=1"}]}},"_links":{"self":[{"href":"https:\/\/inclusivenews.com.br\/index.php?rest_route=\/wp\/v2\/posts\/16808","targetHints":{"allow":["GET"]}}],"collection":[{"href":"https:\/\/inclusivenews.com.br\/index.php?rest_route=\/wp\/v2\/posts"}],"about":[{"href":"https:\/\/inclusivenews.com.br\/index.php?rest_route=\/wp\/v2\/types\/post"}],"author":[{"embeddable":true,"href":"https:\/\/inclusivenews.com.br\/index.php?rest_route=\/wp\/v2\/users\/1"}],"replies":[{"embeddable":true,"href":"https:\/\/inclusivenews.com.br\/index.php?rest_route=%2Fwp%2Fv2%2Fcomments&post=16808"}],"version-history":[{"count":0,"href":"https:\/\/inclusivenews.com.br\/index.php?rest_route=\/wp\/v2\/posts\/16808\/revisions"}],"wp:attachment":[{"href":"https:\/\/inclusivenews.com.br\/index.php?rest_route=%2Fwp%2Fv2%2Fmedia&parent=16808"}],"wp:term":[{"taxonomy":"category","embeddable":true,"href":"https:\/\/inclusivenews.com.br\/index.php?rest_route=%2Fwp%2Fv2%2Fcategories&post=16808"},{"taxonomy":"post_tag","embeddable":true,"href":"https:\/\/inclusivenews.com.br\/index.php?rest_route=%2Fwp%2Fv2%2Ftags&post=16808"}],"curies":[{"name":"wp","href":"https:\/\/api.w.org\/{rel}","templated":true}]}}