{"id":16810,"date":"2010-08-06T17:45:56","date_gmt":"2010-08-06T20:45:56","guid":{"rendered":"http:\/\/www.inclusive.org.br\/?p=16810"},"modified":"2010-08-06T17:45:56","modified_gmt":"2010-08-06T20:45:56","slug":"o-desprezivel-lancamento-0908","status":"publish","type":"post","link":"https:\/\/inclusivenews.com.br\/?p=16810","title":{"rendered":"O Desprez\u00edvel &#8211; lan\u00e7amento 09\/08"},"content":{"rendered":"<figure style=\"width: 238px\" class=\"wp-caption alignleft\"><img loading=\"lazy\" decoding=\"async\" class=\" \" title=\"Teclado de m\u00e1quina de datilografia\" src=\"http:\/\/livroseafins.com\/wp-content\/uploads\/2007\/05\/teclado_m__quina_de_escrever_1.jpg\" alt=\"\" width=\"238\" height=\"179\" \/><figcaption class=\"wp-caption-text\"> <\/figcaption><\/figure>\n<p>&#8220;O Desprez\u00edvel&#8221;, obra de fic\u00e7\u00e3o que tem como cen\u00e1rio a \u00e9poca do Movimento Diretas J\u00e1, \u00e9 o mais recente trabalho de Eduardo Montans de S\u00e1 (Dado), escritor com paralisia cerebral e jornalista formado com louvor pela Universidade de S\u00e3o Paulo. O livro ser\u00e1 lan\u00e7ado na pr\u00f3xima segunda-feira, (09\/08) na Galeria Cidade\u00a0 Jardim, \u00e0 avenida Tajur\u00e1s, 236.<\/p>\n<p>A hist\u00f3ria gira em torno do filho de um grande empres\u00e1rio do ramo de pl\u00e1sticos que \u00e9 capaz de tudo para desviar os bens da fam\u00edlia, at\u00e9 mesmo colocar a vida do pai em jogo.<\/p>\n<p>Eduardo Montans de S\u00e1 teve grande parte de seus movimentos comprometidos devido \u00e0 paralisia cerebral mas, aos 40 anos, mant\u00e9m uma mente criativa n\u00e3o afetada pela defici\u00eancia. Ele agora convida a todos para o lan\u00e7amento do seu primeiro livro de fic\u00e7\u00e3o. Antes de &#8220;Os Desprez\u00edveis&#8221;, j\u00e1 foram publicados, de sua autoria, &#8220;Magia Po\u00e9tica (1994) e &#8220;Abrindo o Ba\u00fa&#8221; (biografia &#8211; 1999).<\/p>\n<p><strong>Servi\u00e7o:<\/strong><br \/>\nLan\u00e7amento do livro O Desprez\u00edvel<br \/>\nAutor: Eduardo Montans de S\u00e1<br \/>\nEditora: Com Art<\/p>\n<p>Data: 9 de agosto<br \/>\nHor\u00e1rio: a partir das 18 horas<\/p>\n<p>Local: Galeria Cidade Jardim<br \/>\nAvenida Tajuras, 236, Cidade Jardim<\/p>\n","protected":false},"excerpt":{"rendered":"<p>&#8220;O Desprez\u00edvel&#8221;, obra de fic\u00e7\u00e3o que tem como cen\u00e1rio a \u00e9poca do Movimento Diretas J\u00e1, \u00e9 o mais recente trabalho de Eduardo Montans de S\u00e1 (Dado), escritor com paralisia cerebral e jornalista formado com louvor pela Universidade de S\u00e3o Paulo. O livro ser\u00e1 lan\u00e7ado na pr\u00f3xima segunda-feira, (09\/08) na Galeria Cidade\u00a0 Jardim, \u00e0 avenida Tajur\u00e1s, [&hellip;]<\/p>\n","protected":false},"author":1,"featured_media":0,"comment_status":"open","ping_status":"open","sticky":false,"template":"","format":"standard","meta":{"site-container-style":"default","site-container-layout":"default","site-sidebar-layout":"default","disable-article-header":"default","disable-site-header":"default","disable-site-footer":"default","disable-content-area-spacing":"default","footnotes":""},"categories":[12,50,51,4,10],"tags":[],"class_list":["post-16810","post","type-post","status-publish","format-standard","hentry","category-cursos-e-eventos","category-lancamentos","category-livros","category-noticias","category-publicacoes"],"yoast_head":"<!-- This site is optimized with the Yoast SEO plugin v27.4 - https:\/\/yoast.com\/product\/yoast-seo-wordpress\/ -->\n<title>O Desprez\u00edvel - lan\u00e7amento 09\/08 -<\/title>\n<meta name=\"robots\" content=\"index, follow, max-snippet:-1, max-image-preview:large, max-video-preview:-1\" \/>\n<link rel=\"canonical\" href=\"https:\/\/inclusivenews.com.br\/?p=16810\" \/>\n<meta property=\"og:locale\" content=\"pt_PT\" \/>\n<meta property=\"og:type\" content=\"article\" \/>\n<meta property=\"og:title\" content=\"O Desprez\u00edvel - lan\u00e7amento 09\/08 -\" \/>\n<meta property=\"og:description\" content=\"&#8220;O Desprez\u00edvel&#8221;, obra de fic\u00e7\u00e3o que tem como cen\u00e1rio a \u00e9poca do Movimento Diretas J\u00e1, \u00e9 o mais recente trabalho de Eduardo Montans de S\u00e1 (Dado), escritor com paralisia cerebral e jornalista formado com louvor pela Universidade de S\u00e3o Paulo. O livro ser\u00e1 lan\u00e7ado na pr\u00f3xima segunda-feira, (09\/08) na Galeria Cidade\u00a0 Jardim, \u00e0 avenida Tajur\u00e1s, [&hellip;]\" \/>\n<meta property=\"og:url\" content=\"https:\/\/inclusivenews.com.br\/?p=16810\" \/>\n<meta property=\"article:publisher\" content=\"https:\/\/www.facebook.com\/agenciainclusive\/\" \/>\n<meta property=\"article:published_time\" content=\"2010-08-06T20:45:56+00:00\" \/>\n<meta property=\"og:image\" content=\"http:\/\/livroseafins.com\/wp-content\/uploads\/2007\/05\/teclado_m__quina_de_escrever_1.jpg\" \/>\n<meta name=\"author\" content=\"inclusivenews2024\" \/>\n<meta name=\"twitter:card\" content=\"summary_large_image\" \/>\n<meta name=\"twitter:label1\" content=\"Escrito por\" \/>\n\t<meta name=\"twitter:data1\" content=\"inclusivenews2024\" \/>\n\t<meta name=\"twitter:label2\" content=\"Tempo estimado de leitura\" \/>\n\t<meta name=\"twitter:data2\" content=\"1 minuto\" \/>\n<script type=\"application\/ld+json\" class=\"yoast-schema-graph\">{\"@context\":\"https:\\\/\\\/schema.org\",\"@graph\":[{\"@type\":\"Article\",\"@id\":\"https:\\\/\\\/inclusivenews.com.br\\\/?p=16810#article\",\"isPartOf\":{\"@id\":\"https:\\\/\\\/inclusivenews.com.br\\\/?p=16810\"},\"author\":{\"name\":\"inclusivenews2024\",\"@id\":\"https:\\\/\\\/inclusivenews.com.br\\\/#\\\/schema\\\/person\\\/ae4ec7087559b8692fb33b6fffd2273b\"},\"headline\":\"O Desprez\u00edvel &#8211; lan\u00e7amento 09\\\/08\",\"datePublished\":\"2010-08-06T20:45:56+00:00\",\"mainEntityOfPage\":{\"@id\":\"https:\\\/\\\/inclusivenews.com.br\\\/?p=16810\"},\"wordCount\":208,\"commentCount\":0,\"publisher\":{\"@id\":\"https:\\\/\\\/inclusivenews.com.br\\\/#organization\"},\"image\":{\"@id\":\"https:\\\/\\\/inclusivenews.com.br\\\/?p=16810#primaryimage\"},\"thumbnailUrl\":\"http:\\\/\\\/livroseafins.com\\\/wp-content\\\/uploads\\\/2007\\\/05\\\/teclado_m__quina_de_escrever_1.jpg\",\"articleSection\":[\"Cursos e eventos\",\"Lan\u00e7amentos\",\"Livros\",\"NOT\u00cdCIAS\",\"PUBLICA\u00c7\u00d5ES\"],\"inLanguage\":\"pt-PT\",\"potentialAction\":[{\"@type\":\"CommentAction\",\"name\":\"Comment\",\"target\":[\"https:\\\/\\\/inclusivenews.com.br\\\/?p=16810#respond\"]}]},{\"@type\":\"WebPage\",\"@id\":\"https:\\\/\\\/inclusivenews.com.br\\\/?p=16810\",\"url\":\"https:\\\/\\\/inclusivenews.com.br\\\/?p=16810\",\"name\":\"O Desprez\u00edvel - lan\u00e7amento 09\\\/08 -\",\"isPartOf\":{\"@id\":\"https:\\\/\\\/inclusivenews.com.br\\\/#website\"},\"primaryImageOfPage\":{\"@id\":\"https:\\\/\\\/inclusivenews.com.br\\\/?p=16810#primaryimage\"},\"image\":{\"@id\":\"https:\\\/\\\/inclusivenews.com.br\\\/?p=16810#primaryimage\"},\"thumbnailUrl\":\"http:\\\/\\\/livroseafins.com\\\/wp-content\\\/uploads\\\/2007\\\/05\\\/teclado_m__quina_de_escrever_1.jpg\",\"datePublished\":\"2010-08-06T20:45:56+00:00\",\"breadcrumb\":{\"@id\":\"https:\\\/\\\/inclusivenews.com.br\\\/?p=16810#breadcrumb\"},\"inLanguage\":\"pt-PT\",\"potentialAction\":[{\"@type\":\"ReadAction\",\"target\":[\"https:\\\/\\\/inclusivenews.com.br\\\/?p=16810\"]}]},{\"@type\":\"ImageObject\",\"inLanguage\":\"pt-PT\",\"@id\":\"https:\\\/\\\/inclusivenews.com.br\\\/?p=16810#primaryimage\",\"url\":\"http:\\\/\\\/livroseafins.com\\\/wp-content\\\/uploads\\\/2007\\\/05\\\/teclado_m__quina_de_escrever_1.jpg\",\"contentUrl\":\"http:\\\/\\\/livroseafins.com\\\/wp-content\\\/uploads\\\/2007\\\/05\\\/teclado_m__quina_de_escrever_1.jpg\"},{\"@type\":\"BreadcrumbList\",\"@id\":\"https:\\\/\\\/inclusivenews.com.br\\\/?p=16810#breadcrumb\",\"itemListElement\":[{\"@type\":\"ListItem\",\"position\":1,\"name\":\"In\u00edcio\",\"item\":\"https:\\\/\\\/inclusivenews.com.br\\\/\"},{\"@type\":\"ListItem\",\"position\":2,\"name\":\"O Desprez\u00edvel &#8211; lan\u00e7amento 09\\\/08\"}]},{\"@type\":\"WebSite\",\"@id\":\"https:\\\/\\\/inclusivenews.com.br\\\/#website\",\"url\":\"https:\\\/\\\/inclusivenews.com.br\\\/\",\"name\":\"Inclusive News\",\"description\":\"Inclusive News\",\"publisher\":{\"@id\":\"https:\\\/\\\/inclusivenews.com.br\\\/#organization\"},\"potentialAction\":[{\"@type\":\"SearchAction\",\"target\":{\"@type\":\"EntryPoint\",\"urlTemplate\":\"https:\\\/\\\/inclusivenews.com.br\\\/?s={search_term_string}\"},\"query-input\":{\"@type\":\"PropertyValueSpecification\",\"valueRequired\":true,\"valueName\":\"search_term_string\"}}],\"inLanguage\":\"pt-PT\"},{\"@type\":\"Organization\",\"@id\":\"https:\\\/\\\/inclusivenews.com.br\\\/#organization\",\"name\":\"Inclusive - inclus\u00e3o e cidadania\",\"url\":\"https:\\\/\\\/inclusivenews.com.br\\\/\",\"logo\":{\"@type\":\"ImageObject\",\"inLanguage\":\"pt-PT\",\"@id\":\"https:\\\/\\\/inclusivenews.com.br\\\/#\\\/schema\\\/logo\\\/image\\\/\",\"url\":\"https:\\\/\\\/inclusivenews.com.br\\\/wp-content\\\/uploads\\\/2024\\\/03\\\/@grandesite.png\",\"contentUrl\":\"https:\\\/\\\/inclusivenews.com.br\\\/wp-content\\\/uploads\\\/2024\\\/03\\\/@grandesite.png\",\"width\":1080,\"height\":1080,\"caption\":\"Inclusive - inclus\u00e3o e cidadania\"},\"image\":{\"@id\":\"https:\\\/\\\/inclusivenews.com.br\\\/#\\\/schema\\\/logo\\\/image\\\/\"},\"sameAs\":[\"https:\\\/\\\/www.facebook.com\\\/agenciainclusive\\\/\",\"https:\\\/\\\/www.instagram.com\\\/newsinclusive\\\/\"]},{\"@type\":\"Person\",\"@id\":\"https:\\\/\\\/inclusivenews.com.br\\\/#\\\/schema\\\/person\\\/ae4ec7087559b8692fb33b6fffd2273b\",\"name\":\"inclusivenews2024\",\"image\":{\"@type\":\"ImageObject\",\"inLanguage\":\"pt-PT\",\"@id\":\"https:\\\/\\\/secure.gravatar.com\\\/avatar\\\/c5a7ef84c66fa914f55bc4f7ce26cfa275a3b9a1c5568b907bd184fb4dde7b40?s=96&d=mm&r=g\",\"url\":\"https:\\\/\\\/secure.gravatar.com\\\/avatar\\\/c5a7ef84c66fa914f55bc4f7ce26cfa275a3b9a1c5568b907bd184fb4dde7b40?s=96&d=mm&r=g\",\"contentUrl\":\"https:\\\/\\\/secure.gravatar.com\\\/avatar\\\/c5a7ef84c66fa914f55bc4f7ce26cfa275a3b9a1c5568b907bd184fb4dde7b40?s=96&d=mm&r=g\",\"caption\":\"inclusivenews2024\"},\"sameAs\":[\"https:\\\/\\\/inclusivenews.com.br\"],\"url\":\"https:\\\/\\\/inclusivenews.com.br\\\/?author=1\"}]}<\/script>\n<!-- \/ Yoast SEO plugin. -->","yoast_head_json":{"title":"O Desprez\u00edvel - lan\u00e7amento 09\/08 -","robots":{"index":"index","follow":"follow","max-snippet":"max-snippet:-1","max-image-preview":"max-image-preview:large","max-video-preview":"max-video-preview:-1"},"canonical":"https:\/\/inclusivenews.com.br\/?p=16810","og_locale":"pt_PT","og_type":"article","og_title":"O Desprez\u00edvel - lan\u00e7amento 09\/08 -","og_description":"&#8220;O Desprez\u00edvel&#8221;, obra de fic\u00e7\u00e3o que tem como cen\u00e1rio a \u00e9poca do Movimento Diretas J\u00e1, \u00e9 o mais recente trabalho de Eduardo Montans de S\u00e1 (Dado), escritor com paralisia cerebral e jornalista formado com louvor pela Universidade de S\u00e3o Paulo. O livro ser\u00e1 lan\u00e7ado na pr\u00f3xima segunda-feira, (09\/08) na Galeria Cidade\u00a0 Jardim, \u00e0 avenida Tajur\u00e1s, [&hellip;]","og_url":"https:\/\/inclusivenews.com.br\/?p=16810","article_publisher":"https:\/\/www.facebook.com\/agenciainclusive\/","article_published_time":"2010-08-06T20:45:56+00:00","og_image":[{"url":"http:\/\/livroseafins.com\/wp-content\/uploads\/2007\/05\/teclado_m__quina_de_escrever_1.jpg","type":"","width":"","height":""}],"author":"inclusivenews2024","twitter_card":"summary_large_image","twitter_misc":{"Escrito por":"inclusivenews2024","Tempo estimado de leitura":"1 minuto"},"schema":{"@context":"https:\/\/schema.org","@graph":[{"@type":"Article","@id":"https:\/\/inclusivenews.com.br\/?p=16810#article","isPartOf":{"@id":"https:\/\/inclusivenews.com.br\/?p=16810"},"author":{"name":"inclusivenews2024","@id":"https:\/\/inclusivenews.com.br\/#\/schema\/person\/ae4ec7087559b8692fb33b6fffd2273b"},"headline":"O Desprez\u00edvel &#8211; lan\u00e7amento 09\/08","datePublished":"2010-08-06T20:45:56+00:00","mainEntityOfPage":{"@id":"https:\/\/inclusivenews.com.br\/?p=16810"},"wordCount":208,"commentCount":0,"publisher":{"@id":"https:\/\/inclusivenews.com.br\/#organization"},"image":{"@id":"https:\/\/inclusivenews.com.br\/?p=16810#primaryimage"},"thumbnailUrl":"http:\/\/livroseafins.com\/wp-content\/uploads\/2007\/05\/teclado_m__quina_de_escrever_1.jpg","articleSection":["Cursos e eventos","Lan\u00e7amentos","Livros","NOT\u00cdCIAS","PUBLICA\u00c7\u00d5ES"],"inLanguage":"pt-PT","potentialAction":[{"@type":"CommentAction","name":"Comment","target":["https:\/\/inclusivenews.com.br\/?p=16810#respond"]}]},{"@type":"WebPage","@id":"https:\/\/inclusivenews.com.br\/?p=16810","url":"https:\/\/inclusivenews.com.br\/?p=16810","name":"O Desprez\u00edvel - lan\u00e7amento 09\/08 -","isPartOf":{"@id":"https:\/\/inclusivenews.com.br\/#website"},"primaryImageOfPage":{"@id":"https:\/\/inclusivenews.com.br\/?p=16810#primaryimage"},"image":{"@id":"https:\/\/inclusivenews.com.br\/?p=16810#primaryimage"},"thumbnailUrl":"http:\/\/livroseafins.com\/wp-content\/uploads\/2007\/05\/teclado_m__quina_de_escrever_1.jpg","datePublished":"2010-08-06T20:45:56+00:00","breadcrumb":{"@id":"https:\/\/inclusivenews.com.br\/?p=16810#breadcrumb"},"inLanguage":"pt-PT","potentialAction":[{"@type":"ReadAction","target":["https:\/\/inclusivenews.com.br\/?p=16810"]}]},{"@type":"ImageObject","inLanguage":"pt-PT","@id":"https:\/\/inclusivenews.com.br\/?p=16810#primaryimage","url":"http:\/\/livroseafins.com\/wp-content\/uploads\/2007\/05\/teclado_m__quina_de_escrever_1.jpg","contentUrl":"http:\/\/livroseafins.com\/wp-content\/uploads\/2007\/05\/teclado_m__quina_de_escrever_1.jpg"},{"@type":"BreadcrumbList","@id":"https:\/\/inclusivenews.com.br\/?p=16810#breadcrumb","itemListElement":[{"@type":"ListItem","position":1,"name":"In\u00edcio","item":"https:\/\/inclusivenews.com.br\/"},{"@type":"ListItem","position":2,"name":"O Desprez\u00edvel &#8211; lan\u00e7amento 09\/08"}]},{"@type":"WebSite","@id":"https:\/\/inclusivenews.com.br\/#website","url":"https:\/\/inclusivenews.com.br\/","name":"Inclusive News","description":"Inclusive News","publisher":{"@id":"https:\/\/inclusivenews.com.br\/#organization"},"potentialAction":[{"@type":"SearchAction","target":{"@type":"EntryPoint","urlTemplate":"https:\/\/inclusivenews.com.br\/?s={search_term_string}"},"query-input":{"@type":"PropertyValueSpecification","valueRequired":true,"valueName":"search_term_string"}}],"inLanguage":"pt-PT"},{"@type":"Organization","@id":"https:\/\/inclusivenews.com.br\/#organization","name":"Inclusive - inclus\u00e3o e cidadania","url":"https:\/\/inclusivenews.com.br\/","logo":{"@type":"ImageObject","inLanguage":"pt-PT","@id":"https:\/\/inclusivenews.com.br\/#\/schema\/logo\/image\/","url":"https:\/\/inclusivenews.com.br\/wp-content\/uploads\/2024\/03\/@grandesite.png","contentUrl":"https:\/\/inclusivenews.com.br\/wp-content\/uploads\/2024\/03\/@grandesite.png","width":1080,"height":1080,"caption":"Inclusive - inclus\u00e3o e cidadania"},"image":{"@id":"https:\/\/inclusivenews.com.br\/#\/schema\/logo\/image\/"},"sameAs":["https:\/\/www.facebook.com\/agenciainclusive\/","https:\/\/www.instagram.com\/newsinclusive\/"]},{"@type":"Person","@id":"https:\/\/inclusivenews.com.br\/#\/schema\/person\/ae4ec7087559b8692fb33b6fffd2273b","name":"inclusivenews2024","image":{"@type":"ImageObject","inLanguage":"pt-PT","@id":"https:\/\/secure.gravatar.com\/avatar\/c5a7ef84c66fa914f55bc4f7ce26cfa275a3b9a1c5568b907bd184fb4dde7b40?s=96&d=mm&r=g","url":"https:\/\/secure.gravatar.com\/avatar\/c5a7ef84c66fa914f55bc4f7ce26cfa275a3b9a1c5568b907bd184fb4dde7b40?s=96&d=mm&r=g","contentUrl":"https:\/\/secure.gravatar.com\/avatar\/c5a7ef84c66fa914f55bc4f7ce26cfa275a3b9a1c5568b907bd184fb4dde7b40?s=96&d=mm&r=g","caption":"inclusivenews2024"},"sameAs":["https:\/\/inclusivenews.com.br"],"url":"https:\/\/inclusivenews.com.br\/?author=1"}]}},"_links":{"self":[{"href":"https:\/\/inclusivenews.com.br\/index.php?rest_route=\/wp\/v2\/posts\/16810","targetHints":{"allow":["GET"]}}],"collection":[{"href":"https:\/\/inclusivenews.com.br\/index.php?rest_route=\/wp\/v2\/posts"}],"about":[{"href":"https:\/\/inclusivenews.com.br\/index.php?rest_route=\/wp\/v2\/types\/post"}],"author":[{"embeddable":true,"href":"https:\/\/inclusivenews.com.br\/index.php?rest_route=\/wp\/v2\/users\/1"}],"replies":[{"embeddable":true,"href":"https:\/\/inclusivenews.com.br\/index.php?rest_route=%2Fwp%2Fv2%2Fcomments&post=16810"}],"version-history":[{"count":0,"href":"https:\/\/inclusivenews.com.br\/index.php?rest_route=\/wp\/v2\/posts\/16810\/revisions"}],"wp:attachment":[{"href":"https:\/\/inclusivenews.com.br\/index.php?rest_route=%2Fwp%2Fv2%2Fmedia&parent=16810"}],"wp:term":[{"taxonomy":"category","embeddable":true,"href":"https:\/\/inclusivenews.com.br\/index.php?rest_route=%2Fwp%2Fv2%2Fcategories&post=16810"},{"taxonomy":"post_tag","embeddable":true,"href":"https:\/\/inclusivenews.com.br\/index.php?rest_route=%2Fwp%2Fv2%2Ftags&post=16810"}],"curies":[{"name":"wp","href":"https:\/\/api.w.org\/{rel}","templated":true}]}}