{"id":16838,"date":"2010-08-08T18:39:37","date_gmt":"2010-08-08T21:39:37","guid":{"rendered":"http:\/\/www.inclusive.org.br\/?p=16838"},"modified":"2010-08-08T18:39:37","modified_gmt":"2010-08-08T21:39:37","slug":"lutamos-por-um-brasil-inclusivo-de-todos-e-para-todos","status":"publish","type":"post","link":"https:\/\/inclusivenews.com.br\/?p=16838","title":{"rendered":"Lutamos por um Brasil inclusivo, de todos e para todos"},"content":{"rendered":"<figure style=\"width: 186px\" class=\"wp-caption alignleft\"><img loading=\"lazy\" decoding=\"async\" src=\"http:\/\/www.inclusive.org.br\/images\/parceiroseapoios\/fbasdZ.jpg\" alt=\"\" width=\"186\" height=\"83\" \/><figcaption class=\"wp-caption-text\"> <\/figcaption><\/figure>\n<p>A<strong> Federa\u00e7\u00e3o Brasileira das Associa\u00e7\u00f5es de S\u00edndrome de Down<\/strong>, entidade apartid\u00e1ria e independente, que tem como objetivo a inclus\u00e3o das pessoas com s\u00edndrome de down na sociedade, entende que a educa\u00e7\u00e3o \u00e9 dever do estado, fam\u00edlia e sociedade.<\/p>\n<p>Considerando a import\u00e2ncia para todas as crian\u00e7as e adolescentes de crescer e aprender na classe comum da escola regular. Considerando a Constitui\u00e7\u00e3o Federal, a Conven\u00e7\u00e3o sobre os Direitos das Pessoas com Defici\u00eancia e ainda as diretrizes do Minist\u00e9rio da Educa\u00e7\u00e3o,o Decreto 6571 de 2008 e a Resolu\u00e7\u00e3o No 4 do CNE\/CEB. Considerando que a educa\u00e7\u00e3o \u00e9 um direito humano indispon\u00edvel e inquestion\u00e1vel.<\/p>\n<p>Considerando que a Secretaria de Educa\u00e7\u00e3o Especial do Minist\u00e9rio da Educa\u00e7\u00e3o vem agindo em conformidade com as legisla\u00e7\u00f5es acima citadas, disponibilizando recursos para a equipara\u00e7\u00e3o de direitos e igualdade de condi\u00e7\u00f5es.<\/p>\n<p>Considerando que trabalhamos diariamente por uma sociedade mais justa e inclusiva, manifestamos a nossa indigna\u00e7ao e repudiamos as declara\u00e7\u00f5es do Sr Jose Serra, no debate realizado no dia 5 de agosto de 2010, por contrariar todos os avan\u00e7os duramente conquistados por entidades, pessoas com defici\u00eancia e familiares, ao questionar e instigar contra o direito \u00e0 educa\u00e7\u00e3o inclusiva garantido por Lei.<\/p>\n<p>A legisla\u00e7\u00e3o vigente \u00e9 resultado de anos de luta pela garantia do direito \u00e0 inclus\u00e3o educacional de alunos com defici\u00eancia em turma regular . No que diz respeito \u00e0s pessoas com defici\u00eancia, as verbas destinadas para a educa\u00e7\u00e3o devem ser utilizadas para inclus\u00e3o, acessibilidade e atendimento educacional especializado, ou seja, recursos para que os alunos p\u00fablico alvo da educa\u00e7\u00e3o especial tenham direito ao acesso e perman\u00eancia, com as suas especifidades atendidas,para que possam aprender em igualdade de condi\u00e7\u00f5es, e de acordo com as suas possibilidades.<\/p>\n<p>\u00c9 preciso por fim ao aparthaid , ao preconceito e \u00e0 discrimina\u00e7\u00e3o, e n\u00e3o h\u00e1 como fazer isso sem que os alunos p\u00fablico alvo da educa\u00e7\u00e3o especial estudem nas mesmas salas de aulas.<\/p>\n<p>\u00c9 preciso garantir e oportunizar o pleno acesso \u00e0 educa\u00e7\u00e3o, reunindo qualidade e quantidade.<\/p>\n<p>Nada temos contra a entidade citada pelo Sr Jose Serra, que recebe recursos do MEC (ver\u00a0<a href=\"http:\/\/portal.mec.gov.br\/index.php?option=com_content&amp;view=article&amp;id=15743\" target=\"_blank\" rel=\"noopener\">http:\/\/portal.mec.gov.br\/index.php?option=com_content&amp;view=article&amp;id=15743<\/a>) para a realiza\u00e7\u00e3o do atendimento educacional especializado , de acordo com a Resolu\u00e7\u00e3o No 4 do CNE\/CEB. \u00c9 merecedora do respeito e apre\u00e7o da sociedade brasileira, pela sua hist\u00f3ria e pelos conte\u00fados e saberes acumulados, que s\u00e3o de extrema relev\u00e2ncia para a efetiva\u00e7\u00e3o da educa\u00e7\u00e3o inclusiva.<\/p>\n<p>A Conven\u00e7\u00e3o sobre os Direitos das Pessoas com Defici\u00eancia foi ratificada com equival\u00eancia de Emenda Constitucional em 2008, e, em respeito \u00e0s pessoas com defici\u00eancia, associa\u00e7\u00f5es e ativistas, e, em particular, as crian\u00e7as e adolescentes com e sem defici\u00eancia, pedimos que n\u00e3o discrimine pessoas com defici\u00eancia, no discurso e na pr\u00e1tica.<\/p>\n<p>Lutamos por um Brasil inclusivo, de todos e para todos.<\/p>\n<p><strong>Federa\u00e7\u00e3o Brasileira das Associa\u00e7\u00f5es de S\u00edndrome de Down &#8211; FBASD<\/strong><\/p>\n","protected":false},"excerpt":{"rendered":"<p>Considerando que trabalhamos diariamente por uma sociedade mais justa e inclusiva, manifestamos a nossa indigna\u00e7ao e repudiamos as declara\u00e7\u00f5es do Sr Jose Serra, no debate realizado no dia 5 de agosto de 2010, por contrariar todos os avan\u00e7os duramente conquistados por entidades, pessoas com defici\u00eancia e familiares, ao questionar e instigar contra o direito \u00e0 educa\u00e7\u00e3o inclusiva garantido por Lei.<\/p>\n","protected":false},"author":1,"featured_media":0,"comment_status":"open","ping_status":"open","sticky":false,"template":"","format":"standard","meta":{"site-container-style":"default","site-container-layout":"default","site-sidebar-layout":"default","disable-article-header":"default","disable-site-header":"default","disable-site-footer":"default","disable-content-area-spacing":"default","footnotes":""},"categories":[4],"tags":[],"class_list":["post-16838","post","type-post","status-publish","format-standard","hentry","category-noticias"],"yoast_head":"<!-- This site is optimized with the Yoast SEO plugin v27.4 - https:\/\/yoast.com\/product\/yoast-seo-wordpress\/ -->\n<title>Lutamos por um Brasil inclusivo, de todos e para todos -<\/title>\n<meta name=\"robots\" content=\"index, follow, max-snippet:-1, max-image-preview:large, max-video-preview:-1\" \/>\n<link rel=\"canonical\" href=\"https:\/\/inclusivenews.com.br\/?p=16838\" \/>\n<meta property=\"og:locale\" content=\"pt_PT\" \/>\n<meta property=\"og:type\" content=\"article\" \/>\n<meta property=\"og:title\" content=\"Lutamos por um Brasil inclusivo, de todos e para todos -\" \/>\n<meta property=\"og:description\" content=\"Considerando que trabalhamos diariamente por uma sociedade mais justa e inclusiva, manifestamos a nossa indigna\u00e7ao e repudiamos as declara\u00e7\u00f5es do Sr Jose Serra, no debate realizado no dia 5 de agosto de 2010, por contrariar todos os avan\u00e7os duramente conquistados por entidades, pessoas com defici\u00eancia e familiares, ao questionar e instigar contra o direito \u00e0 educa\u00e7\u00e3o inclusiva garantido por Lei.\" \/>\n<meta property=\"og:url\" content=\"https:\/\/inclusivenews.com.br\/?p=16838\" \/>\n<meta property=\"article:publisher\" content=\"https:\/\/www.facebook.com\/agenciainclusive\/\" \/>\n<meta property=\"article:published_time\" content=\"2010-08-08T21:39:37+00:00\" \/>\n<meta property=\"og:image\" content=\"http:\/\/www.inclusive.org.br\/images\/parceiroseapoios\/fbasdZ.jpg\" \/>\n<meta name=\"author\" content=\"inclusivenews2024\" \/>\n<meta name=\"twitter:card\" content=\"summary_large_image\" \/>\n<meta name=\"twitter:label1\" content=\"Escrito por\" \/>\n\t<meta name=\"twitter:data1\" content=\"inclusivenews2024\" \/>\n\t<meta name=\"twitter:label2\" content=\"Tempo estimado de leitura\" \/>\n\t<meta name=\"twitter:data2\" content=\"3 minutos\" \/>\n<script type=\"application\/ld+json\" class=\"yoast-schema-graph\">{\"@context\":\"https:\\\/\\\/schema.org\",\"@graph\":[{\"@type\":\"Article\",\"@id\":\"https:\\\/\\\/inclusivenews.com.br\\\/?p=16838#article\",\"isPartOf\":{\"@id\":\"https:\\\/\\\/inclusivenews.com.br\\\/?p=16838\"},\"author\":{\"name\":\"inclusivenews2024\",\"@id\":\"https:\\\/\\\/inclusivenews.com.br\\\/#\\\/schema\\\/person\\\/ae4ec7087559b8692fb33b6fffd2273b\"},\"headline\":\"Lutamos por um Brasil inclusivo, de todos e para todos\",\"datePublished\":\"2010-08-08T21:39:37+00:00\",\"mainEntityOfPage\":{\"@id\":\"https:\\\/\\\/inclusivenews.com.br\\\/?p=16838\"},\"wordCount\":539,\"commentCount\":0,\"publisher\":{\"@id\":\"https:\\\/\\\/inclusivenews.com.br\\\/#organization\"},\"image\":{\"@id\":\"https:\\\/\\\/inclusivenews.com.br\\\/?p=16838#primaryimage\"},\"thumbnailUrl\":\"http:\\\/\\\/www.inclusive.org.br\\\/images\\\/parceiroseapoios\\\/fbasdZ.jpg\",\"articleSection\":[\"NOT\u00cdCIAS\"],\"inLanguage\":\"pt-PT\",\"potentialAction\":[{\"@type\":\"CommentAction\",\"name\":\"Comment\",\"target\":[\"https:\\\/\\\/inclusivenews.com.br\\\/?p=16838#respond\"]}]},{\"@type\":\"WebPage\",\"@id\":\"https:\\\/\\\/inclusivenews.com.br\\\/?p=16838\",\"url\":\"https:\\\/\\\/inclusivenews.com.br\\\/?p=16838\",\"name\":\"Lutamos por um Brasil inclusivo, de todos e para todos -\",\"isPartOf\":{\"@id\":\"https:\\\/\\\/inclusivenews.com.br\\\/#website\"},\"primaryImageOfPage\":{\"@id\":\"https:\\\/\\\/inclusivenews.com.br\\\/?p=16838#primaryimage\"},\"image\":{\"@id\":\"https:\\\/\\\/inclusivenews.com.br\\\/?p=16838#primaryimage\"},\"thumbnailUrl\":\"http:\\\/\\\/www.inclusive.org.br\\\/images\\\/parceiroseapoios\\\/fbasdZ.jpg\",\"datePublished\":\"2010-08-08T21:39:37+00:00\",\"breadcrumb\":{\"@id\":\"https:\\\/\\\/inclusivenews.com.br\\\/?p=16838#breadcrumb\"},\"inLanguage\":\"pt-PT\",\"potentialAction\":[{\"@type\":\"ReadAction\",\"target\":[\"https:\\\/\\\/inclusivenews.com.br\\\/?p=16838\"]}]},{\"@type\":\"ImageObject\",\"inLanguage\":\"pt-PT\",\"@id\":\"https:\\\/\\\/inclusivenews.com.br\\\/?p=16838#primaryimage\",\"url\":\"http:\\\/\\\/www.inclusive.org.br\\\/images\\\/parceiroseapoios\\\/fbasdZ.jpg\",\"contentUrl\":\"http:\\\/\\\/www.inclusive.org.br\\\/images\\\/parceiroseapoios\\\/fbasdZ.jpg\"},{\"@type\":\"BreadcrumbList\",\"@id\":\"https:\\\/\\\/inclusivenews.com.br\\\/?p=16838#breadcrumb\",\"itemListElement\":[{\"@type\":\"ListItem\",\"position\":1,\"name\":\"In\u00edcio\",\"item\":\"https:\\\/\\\/inclusivenews.com.br\\\/\"},{\"@type\":\"ListItem\",\"position\":2,\"name\":\"Lutamos por um Brasil inclusivo, de todos e para todos\"}]},{\"@type\":\"WebSite\",\"@id\":\"https:\\\/\\\/inclusivenews.com.br\\\/#website\",\"url\":\"https:\\\/\\\/inclusivenews.com.br\\\/\",\"name\":\"Inclusive News\",\"description\":\"Inclusive News\",\"publisher\":{\"@id\":\"https:\\\/\\\/inclusivenews.com.br\\\/#organization\"},\"potentialAction\":[{\"@type\":\"SearchAction\",\"target\":{\"@type\":\"EntryPoint\",\"urlTemplate\":\"https:\\\/\\\/inclusivenews.com.br\\\/?s={search_term_string}\"},\"query-input\":{\"@type\":\"PropertyValueSpecification\",\"valueRequired\":true,\"valueName\":\"search_term_string\"}}],\"inLanguage\":\"pt-PT\"},{\"@type\":\"Organization\",\"@id\":\"https:\\\/\\\/inclusivenews.com.br\\\/#organization\",\"name\":\"Inclusive - inclus\u00e3o e cidadania\",\"url\":\"https:\\\/\\\/inclusivenews.com.br\\\/\",\"logo\":{\"@type\":\"ImageObject\",\"inLanguage\":\"pt-PT\",\"@id\":\"https:\\\/\\\/inclusivenews.com.br\\\/#\\\/schema\\\/logo\\\/image\\\/\",\"url\":\"https:\\\/\\\/inclusivenews.com.br\\\/wp-content\\\/uploads\\\/2024\\\/03\\\/@grandesite.png\",\"contentUrl\":\"https:\\\/\\\/inclusivenews.com.br\\\/wp-content\\\/uploads\\\/2024\\\/03\\\/@grandesite.png\",\"width\":1080,\"height\":1080,\"caption\":\"Inclusive - inclus\u00e3o e cidadania\"},\"image\":{\"@id\":\"https:\\\/\\\/inclusivenews.com.br\\\/#\\\/schema\\\/logo\\\/image\\\/\"},\"sameAs\":[\"https:\\\/\\\/www.facebook.com\\\/agenciainclusive\\\/\",\"https:\\\/\\\/www.instagram.com\\\/newsinclusive\\\/\"]},{\"@type\":\"Person\",\"@id\":\"https:\\\/\\\/inclusivenews.com.br\\\/#\\\/schema\\\/person\\\/ae4ec7087559b8692fb33b6fffd2273b\",\"name\":\"inclusivenews2024\",\"image\":{\"@type\":\"ImageObject\",\"inLanguage\":\"pt-PT\",\"@id\":\"https:\\\/\\\/secure.gravatar.com\\\/avatar\\\/c5a7ef84c66fa914f55bc4f7ce26cfa275a3b9a1c5568b907bd184fb4dde7b40?s=96&d=mm&r=g\",\"url\":\"https:\\\/\\\/secure.gravatar.com\\\/avatar\\\/c5a7ef84c66fa914f55bc4f7ce26cfa275a3b9a1c5568b907bd184fb4dde7b40?s=96&d=mm&r=g\",\"contentUrl\":\"https:\\\/\\\/secure.gravatar.com\\\/avatar\\\/c5a7ef84c66fa914f55bc4f7ce26cfa275a3b9a1c5568b907bd184fb4dde7b40?s=96&d=mm&r=g\",\"caption\":\"inclusivenews2024\"},\"sameAs\":[\"https:\\\/\\\/inclusivenews.com.br\"],\"url\":\"https:\\\/\\\/inclusivenews.com.br\\\/?author=1\"}]}<\/script>\n<!-- \/ Yoast SEO plugin. -->","yoast_head_json":{"title":"Lutamos por um Brasil inclusivo, de todos e para todos -","robots":{"index":"index","follow":"follow","max-snippet":"max-snippet:-1","max-image-preview":"max-image-preview:large","max-video-preview":"max-video-preview:-1"},"canonical":"https:\/\/inclusivenews.com.br\/?p=16838","og_locale":"pt_PT","og_type":"article","og_title":"Lutamos por um Brasil inclusivo, de todos e para todos -","og_description":"Considerando que trabalhamos diariamente por uma sociedade mais justa e inclusiva, manifestamos a nossa indigna\u00e7ao e repudiamos as declara\u00e7\u00f5es do Sr Jose Serra, no debate realizado no dia 5 de agosto de 2010, por contrariar todos os avan\u00e7os duramente conquistados por entidades, pessoas com defici\u00eancia e familiares, ao questionar e instigar contra o direito \u00e0 educa\u00e7\u00e3o inclusiva garantido por Lei.","og_url":"https:\/\/inclusivenews.com.br\/?p=16838","article_publisher":"https:\/\/www.facebook.com\/agenciainclusive\/","article_published_time":"2010-08-08T21:39:37+00:00","og_image":[{"url":"http:\/\/www.inclusive.org.br\/images\/parceiroseapoios\/fbasdZ.jpg","type":"","width":"","height":""}],"author":"inclusivenews2024","twitter_card":"summary_large_image","twitter_misc":{"Escrito por":"inclusivenews2024","Tempo estimado de leitura":"3 minutos"},"schema":{"@context":"https:\/\/schema.org","@graph":[{"@type":"Article","@id":"https:\/\/inclusivenews.com.br\/?p=16838#article","isPartOf":{"@id":"https:\/\/inclusivenews.com.br\/?p=16838"},"author":{"name":"inclusivenews2024","@id":"https:\/\/inclusivenews.com.br\/#\/schema\/person\/ae4ec7087559b8692fb33b6fffd2273b"},"headline":"Lutamos por um Brasil inclusivo, de todos e para todos","datePublished":"2010-08-08T21:39:37+00:00","mainEntityOfPage":{"@id":"https:\/\/inclusivenews.com.br\/?p=16838"},"wordCount":539,"commentCount":0,"publisher":{"@id":"https:\/\/inclusivenews.com.br\/#organization"},"image":{"@id":"https:\/\/inclusivenews.com.br\/?p=16838#primaryimage"},"thumbnailUrl":"http:\/\/www.inclusive.org.br\/images\/parceiroseapoios\/fbasdZ.jpg","articleSection":["NOT\u00cdCIAS"],"inLanguage":"pt-PT","potentialAction":[{"@type":"CommentAction","name":"Comment","target":["https:\/\/inclusivenews.com.br\/?p=16838#respond"]}]},{"@type":"WebPage","@id":"https:\/\/inclusivenews.com.br\/?p=16838","url":"https:\/\/inclusivenews.com.br\/?p=16838","name":"Lutamos por um Brasil inclusivo, de todos e para todos -","isPartOf":{"@id":"https:\/\/inclusivenews.com.br\/#website"},"primaryImageOfPage":{"@id":"https:\/\/inclusivenews.com.br\/?p=16838#primaryimage"},"image":{"@id":"https:\/\/inclusivenews.com.br\/?p=16838#primaryimage"},"thumbnailUrl":"http:\/\/www.inclusive.org.br\/images\/parceiroseapoios\/fbasdZ.jpg","datePublished":"2010-08-08T21:39:37+00:00","breadcrumb":{"@id":"https:\/\/inclusivenews.com.br\/?p=16838#breadcrumb"},"inLanguage":"pt-PT","potentialAction":[{"@type":"ReadAction","target":["https:\/\/inclusivenews.com.br\/?p=16838"]}]},{"@type":"ImageObject","inLanguage":"pt-PT","@id":"https:\/\/inclusivenews.com.br\/?p=16838#primaryimage","url":"http:\/\/www.inclusive.org.br\/images\/parceiroseapoios\/fbasdZ.jpg","contentUrl":"http:\/\/www.inclusive.org.br\/images\/parceiroseapoios\/fbasdZ.jpg"},{"@type":"BreadcrumbList","@id":"https:\/\/inclusivenews.com.br\/?p=16838#breadcrumb","itemListElement":[{"@type":"ListItem","position":1,"name":"In\u00edcio","item":"https:\/\/inclusivenews.com.br\/"},{"@type":"ListItem","position":2,"name":"Lutamos por um Brasil inclusivo, de todos e para todos"}]},{"@type":"WebSite","@id":"https:\/\/inclusivenews.com.br\/#website","url":"https:\/\/inclusivenews.com.br\/","name":"Inclusive News","description":"Inclusive News","publisher":{"@id":"https:\/\/inclusivenews.com.br\/#organization"},"potentialAction":[{"@type":"SearchAction","target":{"@type":"EntryPoint","urlTemplate":"https:\/\/inclusivenews.com.br\/?s={search_term_string}"},"query-input":{"@type":"PropertyValueSpecification","valueRequired":true,"valueName":"search_term_string"}}],"inLanguage":"pt-PT"},{"@type":"Organization","@id":"https:\/\/inclusivenews.com.br\/#organization","name":"Inclusive - inclus\u00e3o e cidadania","url":"https:\/\/inclusivenews.com.br\/","logo":{"@type":"ImageObject","inLanguage":"pt-PT","@id":"https:\/\/inclusivenews.com.br\/#\/schema\/logo\/image\/","url":"https:\/\/inclusivenews.com.br\/wp-content\/uploads\/2024\/03\/@grandesite.png","contentUrl":"https:\/\/inclusivenews.com.br\/wp-content\/uploads\/2024\/03\/@grandesite.png","width":1080,"height":1080,"caption":"Inclusive - inclus\u00e3o e cidadania"},"image":{"@id":"https:\/\/inclusivenews.com.br\/#\/schema\/logo\/image\/"},"sameAs":["https:\/\/www.facebook.com\/agenciainclusive\/","https:\/\/www.instagram.com\/newsinclusive\/"]},{"@type":"Person","@id":"https:\/\/inclusivenews.com.br\/#\/schema\/person\/ae4ec7087559b8692fb33b6fffd2273b","name":"inclusivenews2024","image":{"@type":"ImageObject","inLanguage":"pt-PT","@id":"https:\/\/secure.gravatar.com\/avatar\/c5a7ef84c66fa914f55bc4f7ce26cfa275a3b9a1c5568b907bd184fb4dde7b40?s=96&d=mm&r=g","url":"https:\/\/secure.gravatar.com\/avatar\/c5a7ef84c66fa914f55bc4f7ce26cfa275a3b9a1c5568b907bd184fb4dde7b40?s=96&d=mm&r=g","contentUrl":"https:\/\/secure.gravatar.com\/avatar\/c5a7ef84c66fa914f55bc4f7ce26cfa275a3b9a1c5568b907bd184fb4dde7b40?s=96&d=mm&r=g","caption":"inclusivenews2024"},"sameAs":["https:\/\/inclusivenews.com.br"],"url":"https:\/\/inclusivenews.com.br\/?author=1"}]}},"_links":{"self":[{"href":"https:\/\/inclusivenews.com.br\/index.php?rest_route=\/wp\/v2\/posts\/16838","targetHints":{"allow":["GET"]}}],"collection":[{"href":"https:\/\/inclusivenews.com.br\/index.php?rest_route=\/wp\/v2\/posts"}],"about":[{"href":"https:\/\/inclusivenews.com.br\/index.php?rest_route=\/wp\/v2\/types\/post"}],"author":[{"embeddable":true,"href":"https:\/\/inclusivenews.com.br\/index.php?rest_route=\/wp\/v2\/users\/1"}],"replies":[{"embeddable":true,"href":"https:\/\/inclusivenews.com.br\/index.php?rest_route=%2Fwp%2Fv2%2Fcomments&post=16838"}],"version-history":[{"count":0,"href":"https:\/\/inclusivenews.com.br\/index.php?rest_route=\/wp\/v2\/posts\/16838\/revisions"}],"wp:attachment":[{"href":"https:\/\/inclusivenews.com.br\/index.php?rest_route=%2Fwp%2Fv2%2Fmedia&parent=16838"}],"wp:term":[{"taxonomy":"category","embeddable":true,"href":"https:\/\/inclusivenews.com.br\/index.php?rest_route=%2Fwp%2Fv2%2Fcategories&post=16838"},{"taxonomy":"post_tag","embeddable":true,"href":"https:\/\/inclusivenews.com.br\/index.php?rest_route=%2Fwp%2Fv2%2Ftags&post=16838"}],"curies":[{"name":"wp","href":"https:\/\/api.w.org\/{rel}","templated":true}]}}