{"id":16887,"date":"2010-08-19T07:29:20","date_gmt":"2010-08-19T10:29:20","guid":{"rendered":"http:\/\/www.inclusive.org.br\/?p=16887"},"modified":"2010-08-19T07:29:20","modified_gmt":"2010-08-19T10:29:20","slug":"onu-promove-concurso-de-videos-no-youtube","status":"publish","type":"post","link":"https:\/\/inclusivenews.com.br\/?p=16887","title":{"rendered":"ONU promove concurso de v\u00eddeos no YouTube"},"content":{"rendered":"<figure style=\"width: 180px\" class=\"wp-caption alignleft\"><img loading=\"lazy\" decoding=\"async\" title=\"United Natiions Citizen Ambassadors\" src=\"http:\/\/unicrio.org.br\/img\/un_citizen_ambassadors-180x105.png\" alt=\"\" width=\"180\" height=\"105\" \/><figcaption class=\"wp-caption-text\"> <\/figcaption><\/figure>\n<p>O tradicional concurso \u201cEmbaixadores Cidad\u00e3os\u201d da Organiza\u00e7\u00e3o das Na\u00e7\u00f5es Unidas chega \u00e0 sua edi\u00e7\u00e3o 2010. Para participar os interessados devem gravar um v\u00eddeo comentando o que acham que deve ser feito para tornar o mundo melhor e mais seguro, responder \u00e0 pergunta \u201cO que voc\u00ea diria&#8230; se pudesse falar com os l\u00edderes mundiais?\u201d e abordar uma das seguintes quest\u00f5es: Por que os Objetivos de Desenvolvimento do Mil\u00eanio s\u00e3o importantes para voc\u00ea e sua fam\u00edlia? O que a sua comunidade, cidade ou pa\u00eds est\u00e1 fazendo para atingir os Objetivos de Desenvolvimento do Mil\u00eanio? Como a comunidade internacional pode trabalhar melhor para atingir os Objetivos de Desenvolvimento do Mil\u00eanio?<\/p>\n<p>O autor do v\u00eddeo escolhido receber\u00e1 o t\u00edtulo honor\u00e1rio de \u201cEmbaixador Cidad\u00e3o da ONU\u201d por 2 anos, ganhar\u00e1, entre outros pr\u00eamios, uma viagem a Nova York para o Dia da ONU 2010, a oportunidade de participar de um encontro com o Secret\u00e1rio-Geral Ban Ki-moon.<\/p>\n<p>Os v\u00eddeos participantes devem ser enviados at\u00e9 \u00e0s 00h59 (hor\u00e1rio de Bras\u00edlia) do dia 23 de agosto de 2010. Os resultados ser\u00e3o anunciados no final de setembro de 2010 no site oficial dos Embaixadores Cidad\u00e3os da Onu (<a href=\"http:\/\/www.un.org\/content\/site\/citizenambassadors\/\">www.un.org\/content\/site\/citizenambassadors\/<\/a>) e no Canal das Na\u00e7\u00f5es Unidas no YouTube (<a href=\"http:\/\/www.youtube.com\/unitednations\">www.youtube.com\/unitednations<\/a>).<\/p>\n<p>Mais orienta\u00e7\u00f5es e informa\u00e7\u00f5es sobre os termos e condi\u00e7\u00f5es do concurso podem ser encontradas no site do Centro de Informa\u00e7\u00f5es das Na\u00e7\u00f5es Unidas (<a href=\"http:\/\/unicrio.org.br\/embaixadorcidadao2010\">http:\/\/unicrio.org.br\/embaixadorcidadao2010<\/a>) e em seu Twitter (<a href=\"http:\/\/www.twitter.com\/unicrio\">www.twitter.com\/unicrio<\/a>).<br \/>\n____________<\/p>\n<p><strong>Fonte:<\/strong> <a href=\"http:\/\/www.ibase.br\/modules.php?name=Conteudo&amp;pid=2901\">IBASE<\/a><\/p>\n","protected":false},"excerpt":{"rendered":"<p>Os v\u00eddeos participantes devem ser enviados at\u00e9 \u00e0s 00h59 (hor\u00e1rio de Bras\u00edlia) do dia 23 de agosto de 2010.<\/p>\n","protected":false},"author":1,"featured_media":0,"comment_status":"open","ping_status":"open","sticky":false,"template":"","format":"standard","meta":{"site-container-style":"default","site-container-layout":"default","site-sidebar-layout":"default","disable-article-header":"default","disable-site-header":"default","disable-site-footer":"default","disable-content-area-spacing":"default","footnotes":""},"categories":[4],"tags":[],"class_list":["post-16887","post","type-post","status-publish","format-standard","hentry","category-noticias"],"yoast_head":"<!-- This site is optimized with the Yoast SEO plugin v27.5 - https:\/\/yoast.com\/product\/yoast-seo-wordpress\/ -->\n<title>ONU promove concurso de v\u00eddeos no YouTube -<\/title>\n<meta name=\"robots\" content=\"index, follow, max-snippet:-1, max-image-preview:large, max-video-preview:-1\" \/>\n<link rel=\"canonical\" href=\"https:\/\/inclusivenews.com.br\/?p=16887\" \/>\n<meta property=\"og:locale\" content=\"pt_PT\" \/>\n<meta property=\"og:type\" content=\"article\" \/>\n<meta property=\"og:title\" content=\"ONU promove concurso de v\u00eddeos no YouTube -\" \/>\n<meta property=\"og:description\" content=\"Os v\u00eddeos participantes devem ser enviados at\u00e9 \u00e0s 00h59 (hor\u00e1rio de Bras\u00edlia) do dia 23 de agosto de 2010.\" \/>\n<meta property=\"og:url\" content=\"https:\/\/inclusivenews.com.br\/?p=16887\" \/>\n<meta property=\"article:publisher\" content=\"https:\/\/www.facebook.com\/agenciainclusive\/\" \/>\n<meta property=\"article:published_time\" content=\"2010-08-19T10:29:20+00:00\" \/>\n<meta property=\"og:image\" content=\"http:\/\/unicrio.org.br\/img\/un_citizen_ambassadors-180x105.png\" \/>\n<meta name=\"author\" content=\"inclusivenews2024\" \/>\n<meta name=\"twitter:card\" content=\"summary_large_image\" \/>\n<meta name=\"twitter:label1\" content=\"Escrito por\" \/>\n\t<meta name=\"twitter:data1\" content=\"inclusivenews2024\" \/>\n\t<meta name=\"twitter:label2\" content=\"Tempo estimado de leitura\" \/>\n\t<meta name=\"twitter:data2\" content=\"1 minuto\" \/>\n<script type=\"application\/ld+json\" class=\"yoast-schema-graph\">{\"@context\":\"https:\\\/\\\/schema.org\",\"@graph\":[{\"@type\":\"Article\",\"@id\":\"https:\\\/\\\/inclusivenews.com.br\\\/?p=16887#article\",\"isPartOf\":{\"@id\":\"https:\\\/\\\/inclusivenews.com.br\\\/?p=16887\"},\"author\":{\"name\":\"inclusivenews2024\",\"@id\":\"https:\\\/\\\/inclusivenews.com.br\\\/#\\\/schema\\\/person\\\/ae4ec7087559b8692fb33b6fffd2273b\"},\"headline\":\"ONU promove concurso de v\u00eddeos no YouTube\",\"datePublished\":\"2010-08-19T10:29:20+00:00\",\"mainEntityOfPage\":{\"@id\":\"https:\\\/\\\/inclusivenews.com.br\\\/?p=16887\"},\"wordCount\":281,\"commentCount\":0,\"publisher\":{\"@id\":\"https:\\\/\\\/inclusivenews.com.br\\\/#organization\"},\"image\":{\"@id\":\"https:\\\/\\\/inclusivenews.com.br\\\/?p=16887#primaryimage\"},\"thumbnailUrl\":\"http:\\\/\\\/unicrio.org.br\\\/img\\\/un_citizen_ambassadors-180x105.png\",\"articleSection\":[\"NOT\u00cdCIAS\"],\"inLanguage\":\"pt-PT\",\"potentialAction\":[{\"@type\":\"CommentAction\",\"name\":\"Comment\",\"target\":[\"https:\\\/\\\/inclusivenews.com.br\\\/?p=16887#respond\"]}]},{\"@type\":\"WebPage\",\"@id\":\"https:\\\/\\\/inclusivenews.com.br\\\/?p=16887\",\"url\":\"https:\\\/\\\/inclusivenews.com.br\\\/?p=16887\",\"name\":\"ONU promove concurso de v\u00eddeos no YouTube -\",\"isPartOf\":{\"@id\":\"https:\\\/\\\/inclusivenews.com.br\\\/#website\"},\"primaryImageOfPage\":{\"@id\":\"https:\\\/\\\/inclusivenews.com.br\\\/?p=16887#primaryimage\"},\"image\":{\"@id\":\"https:\\\/\\\/inclusivenews.com.br\\\/?p=16887#primaryimage\"},\"thumbnailUrl\":\"http:\\\/\\\/unicrio.org.br\\\/img\\\/un_citizen_ambassadors-180x105.png\",\"datePublished\":\"2010-08-19T10:29:20+00:00\",\"breadcrumb\":{\"@id\":\"https:\\\/\\\/inclusivenews.com.br\\\/?p=16887#breadcrumb\"},\"inLanguage\":\"pt-PT\",\"potentialAction\":[{\"@type\":\"ReadAction\",\"target\":[\"https:\\\/\\\/inclusivenews.com.br\\\/?p=16887\"]}]},{\"@type\":\"ImageObject\",\"inLanguage\":\"pt-PT\",\"@id\":\"https:\\\/\\\/inclusivenews.com.br\\\/?p=16887#primaryimage\",\"url\":\"http:\\\/\\\/unicrio.org.br\\\/img\\\/un_citizen_ambassadors-180x105.png\",\"contentUrl\":\"http:\\\/\\\/unicrio.org.br\\\/img\\\/un_citizen_ambassadors-180x105.png\"},{\"@type\":\"BreadcrumbList\",\"@id\":\"https:\\\/\\\/inclusivenews.com.br\\\/?p=16887#breadcrumb\",\"itemListElement\":[{\"@type\":\"ListItem\",\"position\":1,\"name\":\"In\u00edcio\",\"item\":\"https:\\\/\\\/inclusivenews.com.br\\\/\"},{\"@type\":\"ListItem\",\"position\":2,\"name\":\"ONU promove concurso de v\u00eddeos no YouTube\"}]},{\"@type\":\"WebSite\",\"@id\":\"https:\\\/\\\/inclusivenews.com.br\\\/#website\",\"url\":\"https:\\\/\\\/inclusivenews.com.br\\\/\",\"name\":\"Inclusive News\",\"description\":\"Inclusive News\",\"publisher\":{\"@id\":\"https:\\\/\\\/inclusivenews.com.br\\\/#organization\"},\"potentialAction\":[{\"@type\":\"SearchAction\",\"target\":{\"@type\":\"EntryPoint\",\"urlTemplate\":\"https:\\\/\\\/inclusivenews.com.br\\\/?s={search_term_string}\"},\"query-input\":{\"@type\":\"PropertyValueSpecification\",\"valueRequired\":true,\"valueName\":\"search_term_string\"}}],\"inLanguage\":\"pt-PT\"},{\"@type\":\"Organization\",\"@id\":\"https:\\\/\\\/inclusivenews.com.br\\\/#organization\",\"name\":\"Inclusive - inclus\u00e3o e cidadania\",\"url\":\"https:\\\/\\\/inclusivenews.com.br\\\/\",\"logo\":{\"@type\":\"ImageObject\",\"inLanguage\":\"pt-PT\",\"@id\":\"https:\\\/\\\/inclusivenews.com.br\\\/#\\\/schema\\\/logo\\\/image\\\/\",\"url\":\"https:\\\/\\\/inclusivenews.com.br\\\/wp-content\\\/uploads\\\/2024\\\/03\\\/@grandesite.png\",\"contentUrl\":\"https:\\\/\\\/inclusivenews.com.br\\\/wp-content\\\/uploads\\\/2024\\\/03\\\/@grandesite.png\",\"width\":1080,\"height\":1080,\"caption\":\"Inclusive - inclus\u00e3o e cidadania\"},\"image\":{\"@id\":\"https:\\\/\\\/inclusivenews.com.br\\\/#\\\/schema\\\/logo\\\/image\\\/\"},\"sameAs\":[\"https:\\\/\\\/www.facebook.com\\\/agenciainclusive\\\/\",\"https:\\\/\\\/www.instagram.com\\\/newsinclusive\\\/\"]},{\"@type\":\"Person\",\"@id\":\"https:\\\/\\\/inclusivenews.com.br\\\/#\\\/schema\\\/person\\\/ae4ec7087559b8692fb33b6fffd2273b\",\"name\":\"inclusivenews2024\",\"image\":{\"@type\":\"ImageObject\",\"inLanguage\":\"pt-PT\",\"@id\":\"https:\\\/\\\/secure.gravatar.com\\\/avatar\\\/c5a7ef84c66fa914f55bc4f7ce26cfa275a3b9a1c5568b907bd184fb4dde7b40?s=96&d=mm&r=g\",\"url\":\"https:\\\/\\\/secure.gravatar.com\\\/avatar\\\/c5a7ef84c66fa914f55bc4f7ce26cfa275a3b9a1c5568b907bd184fb4dde7b40?s=96&d=mm&r=g\",\"contentUrl\":\"https:\\\/\\\/secure.gravatar.com\\\/avatar\\\/c5a7ef84c66fa914f55bc4f7ce26cfa275a3b9a1c5568b907bd184fb4dde7b40?s=96&d=mm&r=g\",\"caption\":\"inclusivenews2024\"},\"sameAs\":[\"https:\\\/\\\/inclusivenews.com.br\"],\"url\":\"https:\\\/\\\/inclusivenews.com.br\\\/?author=1\"}]}<\/script>\n<!-- \/ Yoast SEO plugin. -->","yoast_head_json":{"title":"ONU promove concurso de v\u00eddeos no YouTube -","robots":{"index":"index","follow":"follow","max-snippet":"max-snippet:-1","max-image-preview":"max-image-preview:large","max-video-preview":"max-video-preview:-1"},"canonical":"https:\/\/inclusivenews.com.br\/?p=16887","og_locale":"pt_PT","og_type":"article","og_title":"ONU promove concurso de v\u00eddeos no YouTube -","og_description":"Os v\u00eddeos participantes devem ser enviados at\u00e9 \u00e0s 00h59 (hor\u00e1rio de Bras\u00edlia) do dia 23 de agosto de 2010.","og_url":"https:\/\/inclusivenews.com.br\/?p=16887","article_publisher":"https:\/\/www.facebook.com\/agenciainclusive\/","article_published_time":"2010-08-19T10:29:20+00:00","og_image":[{"url":"http:\/\/unicrio.org.br\/img\/un_citizen_ambassadors-180x105.png","type":"","width":"","height":""}],"author":"inclusivenews2024","twitter_card":"summary_large_image","twitter_misc":{"Escrito por":"inclusivenews2024","Tempo estimado de leitura":"1 minuto"},"schema":{"@context":"https:\/\/schema.org","@graph":[{"@type":"Article","@id":"https:\/\/inclusivenews.com.br\/?p=16887#article","isPartOf":{"@id":"https:\/\/inclusivenews.com.br\/?p=16887"},"author":{"name":"inclusivenews2024","@id":"https:\/\/inclusivenews.com.br\/#\/schema\/person\/ae4ec7087559b8692fb33b6fffd2273b"},"headline":"ONU promove concurso de v\u00eddeos no YouTube","datePublished":"2010-08-19T10:29:20+00:00","mainEntityOfPage":{"@id":"https:\/\/inclusivenews.com.br\/?p=16887"},"wordCount":281,"commentCount":0,"publisher":{"@id":"https:\/\/inclusivenews.com.br\/#organization"},"image":{"@id":"https:\/\/inclusivenews.com.br\/?p=16887#primaryimage"},"thumbnailUrl":"http:\/\/unicrio.org.br\/img\/un_citizen_ambassadors-180x105.png","articleSection":["NOT\u00cdCIAS"],"inLanguage":"pt-PT","potentialAction":[{"@type":"CommentAction","name":"Comment","target":["https:\/\/inclusivenews.com.br\/?p=16887#respond"]}]},{"@type":"WebPage","@id":"https:\/\/inclusivenews.com.br\/?p=16887","url":"https:\/\/inclusivenews.com.br\/?p=16887","name":"ONU promove concurso de v\u00eddeos no YouTube -","isPartOf":{"@id":"https:\/\/inclusivenews.com.br\/#website"},"primaryImageOfPage":{"@id":"https:\/\/inclusivenews.com.br\/?p=16887#primaryimage"},"image":{"@id":"https:\/\/inclusivenews.com.br\/?p=16887#primaryimage"},"thumbnailUrl":"http:\/\/unicrio.org.br\/img\/un_citizen_ambassadors-180x105.png","datePublished":"2010-08-19T10:29:20+00:00","breadcrumb":{"@id":"https:\/\/inclusivenews.com.br\/?p=16887#breadcrumb"},"inLanguage":"pt-PT","potentialAction":[{"@type":"ReadAction","target":["https:\/\/inclusivenews.com.br\/?p=16887"]}]},{"@type":"ImageObject","inLanguage":"pt-PT","@id":"https:\/\/inclusivenews.com.br\/?p=16887#primaryimage","url":"http:\/\/unicrio.org.br\/img\/un_citizen_ambassadors-180x105.png","contentUrl":"http:\/\/unicrio.org.br\/img\/un_citizen_ambassadors-180x105.png"},{"@type":"BreadcrumbList","@id":"https:\/\/inclusivenews.com.br\/?p=16887#breadcrumb","itemListElement":[{"@type":"ListItem","position":1,"name":"In\u00edcio","item":"https:\/\/inclusivenews.com.br\/"},{"@type":"ListItem","position":2,"name":"ONU promove concurso de v\u00eddeos no YouTube"}]},{"@type":"WebSite","@id":"https:\/\/inclusivenews.com.br\/#website","url":"https:\/\/inclusivenews.com.br\/","name":"Inclusive News","description":"Inclusive News","publisher":{"@id":"https:\/\/inclusivenews.com.br\/#organization"},"potentialAction":[{"@type":"SearchAction","target":{"@type":"EntryPoint","urlTemplate":"https:\/\/inclusivenews.com.br\/?s={search_term_string}"},"query-input":{"@type":"PropertyValueSpecification","valueRequired":true,"valueName":"search_term_string"}}],"inLanguage":"pt-PT"},{"@type":"Organization","@id":"https:\/\/inclusivenews.com.br\/#organization","name":"Inclusive - inclus\u00e3o e cidadania","url":"https:\/\/inclusivenews.com.br\/","logo":{"@type":"ImageObject","inLanguage":"pt-PT","@id":"https:\/\/inclusivenews.com.br\/#\/schema\/logo\/image\/","url":"https:\/\/inclusivenews.com.br\/wp-content\/uploads\/2024\/03\/@grandesite.png","contentUrl":"https:\/\/inclusivenews.com.br\/wp-content\/uploads\/2024\/03\/@grandesite.png","width":1080,"height":1080,"caption":"Inclusive - inclus\u00e3o e cidadania"},"image":{"@id":"https:\/\/inclusivenews.com.br\/#\/schema\/logo\/image\/"},"sameAs":["https:\/\/www.facebook.com\/agenciainclusive\/","https:\/\/www.instagram.com\/newsinclusive\/"]},{"@type":"Person","@id":"https:\/\/inclusivenews.com.br\/#\/schema\/person\/ae4ec7087559b8692fb33b6fffd2273b","name":"inclusivenews2024","image":{"@type":"ImageObject","inLanguage":"pt-PT","@id":"https:\/\/secure.gravatar.com\/avatar\/c5a7ef84c66fa914f55bc4f7ce26cfa275a3b9a1c5568b907bd184fb4dde7b40?s=96&d=mm&r=g","url":"https:\/\/secure.gravatar.com\/avatar\/c5a7ef84c66fa914f55bc4f7ce26cfa275a3b9a1c5568b907bd184fb4dde7b40?s=96&d=mm&r=g","contentUrl":"https:\/\/secure.gravatar.com\/avatar\/c5a7ef84c66fa914f55bc4f7ce26cfa275a3b9a1c5568b907bd184fb4dde7b40?s=96&d=mm&r=g","caption":"inclusivenews2024"},"sameAs":["https:\/\/inclusivenews.com.br"],"url":"https:\/\/inclusivenews.com.br\/?author=1"}]}},"_links":{"self":[{"href":"https:\/\/inclusivenews.com.br\/index.php?rest_route=\/wp\/v2\/posts\/16887","targetHints":{"allow":["GET"]}}],"collection":[{"href":"https:\/\/inclusivenews.com.br\/index.php?rest_route=\/wp\/v2\/posts"}],"about":[{"href":"https:\/\/inclusivenews.com.br\/index.php?rest_route=\/wp\/v2\/types\/post"}],"author":[{"embeddable":true,"href":"https:\/\/inclusivenews.com.br\/index.php?rest_route=\/wp\/v2\/users\/1"}],"replies":[{"embeddable":true,"href":"https:\/\/inclusivenews.com.br\/index.php?rest_route=%2Fwp%2Fv2%2Fcomments&post=16887"}],"version-history":[{"count":0,"href":"https:\/\/inclusivenews.com.br\/index.php?rest_route=\/wp\/v2\/posts\/16887\/revisions"}],"wp:attachment":[{"href":"https:\/\/inclusivenews.com.br\/index.php?rest_route=%2Fwp%2Fv2%2Fmedia&parent=16887"}],"wp:term":[{"taxonomy":"category","embeddable":true,"href":"https:\/\/inclusivenews.com.br\/index.php?rest_route=%2Fwp%2Fv2%2Fcategories&post=16887"},{"taxonomy":"post_tag","embeddable":true,"href":"https:\/\/inclusivenews.com.br\/index.php?rest_route=%2Fwp%2Fv2%2Ftags&post=16887"}],"curies":[{"name":"wp","href":"https:\/\/api.w.org\/{rel}","templated":true}]}}