{"id":16889,"date":"2010-08-19T07:24:54","date_gmt":"2010-08-19T10:24:54","guid":{"rendered":"http:\/\/www.inclusive.org.br\/?p=16889"},"modified":"2010-08-19T07:24:54","modified_gmt":"2010-08-19T10:24:54","slug":"melhorar-educacao-depende-de-professor-proposta-pedagogica-e-infraestrutura-diz-unicef","status":"publish","type":"post","link":"https:\/\/inclusivenews.com.br\/?p=16889","title":{"rendered":"Melhorar educa\u00e7\u00e3o depende de professor, proposta pedag\u00f3gica e infraestrutura, diz  Unicef"},"content":{"rendered":"<figure id=\"attachment_12707\" aria-describedby=\"caption-attachment-12707\" style=\"width: 191px\" class=\"wp-caption alignleft\"><a href=\"http:\/\/www.inclusivenews.com.br\/wp-content\/uploads\/2009\/11\/saladeaulavazia1.jpg\"><img loading=\"lazy\" decoding=\"async\" class=\"size-full wp-image-12707\" title=\"Inclusive - sala de aula vazia.\" src=\"http:\/\/inclusivenews.com.br\/wp-content\/uploads\/2009\/11\/saladeaulavazia1.jpg\" alt=\"\" width=\"191\" height=\"137\" \/><\/a><figcaption id=\"caption-attachment-12707\" class=\"wp-caption-text\"> <\/figcaption><\/figure>\n<p><strong>Rafael Carneiro da Cunha<\/strong><\/p>\n<p>Garantir qualidade para a educa\u00e7\u00e3o requer atividades espec\u00edficas para ensino de portugu\u00eas e matem\u00e1tica, forma\u00e7\u00e3o de professores e infraestrutura para aulas e atividades. As sugest\u00f5es s\u00e3o do Fundo das Na\u00e7\u00f5es Unidas para a Inf\u00e2ncia (Unicef), que produziu\u00a0 o relat\u00f3rio <a class=\"notexto\" href=\"http:\/\/www.unicef.org\/brazil\/pt\/br_caminhos_livro.pdf\" target=\"_blank\" rel=\"noopener\">Caminhos do Direito de Aprender<\/a>, divulgado em julho.<\/p>\n<p>\u201cA educa\u00e7\u00e3o no Brasil \u00e9 uma equa\u00e7\u00e3o que tem muitas vari\u00e1veis e que devem ser cuidadas todas ao mesmo tempo\u201d, afirma a coordenadora de projetos de educa\u00e7\u00e3o do Unicef no Brasil, Maria de Salete Silva, uma das respons\u00e1veis pelo relat\u00f3rio. O relat\u00f3rio analisou experi\u00eancias de escolas de 26 munic\u00edpios que conseguiram aumentar o \u00cdndice de Desenvolvimento da Educa\u00e7\u00e3o B\u00e1sica (Ideb) entre 2005 e 2007.<\/p>\n<p>Todas as escolas apresentadas d\u00e3o prioridade \u00e0 leitura e \u00e0 escrita e procuram atender \u00e0s necessidades espec\u00edficas de cada aluno, explica Maria de Salete. Al\u00e9m disso, elas ofereceram programas de forma\u00e7\u00e3o de professor e se preocuparam em criar um ambiente ideal para a aprendizagem, onde os alunos tenham prazer ao frequentar o col\u00e9gio.<\/p>\n<p>\u201cAinda tem muito professor que s\u00f3 tem o magist\u00e9rio, que n\u00e3o \u00e9 o suficiente, por exemplo, para dar aulas nos ensinos infantil e fundamental. Em contrapartida, h\u00e1 tamb\u00e9m uma falha nos cursos de forma\u00e7\u00e3o superior, pois eles n\u00e3o s\u00e3o t\u00e3o pr\u00f3ximos \u00e0 realidade das escolas\u201d, ressalta.<\/p>\n<p>Maria de Salete considera que as escolas ainda precisam compreender melhor suas pr\u00e1ticas pedag\u00f3gicas, trabalhar as caracter\u00edsticas culturais em que est\u00e3o inseridas, aumentar a perman\u00eancia do aluno no ambiente escolar e trabalhar em conjunto com munic\u00edpio, estado e federa\u00e7\u00e3o. \u201cEu acredito que a preocupa\u00e7\u00e3o das escolas com \u00edndice abaixo da m\u00e9dia nacional n\u00e3o deve ser em atingir essa m\u00e9dia, mas ultrapassar o \u00faltimo \u00edndice obtido\u201d, diz.<\/p>\n<p>Um dos munic\u00edpios citados no relat\u00f3rio \u00e9 o de Barra de Santo Ant\u00f4nio (AL), que teve um Ideb de 2,6 em 2005 e passou para 2,7 em 2007. Apesar de ter alcan\u00e7ado a meta de 2007, o Unicef\u00a0 reconhece que ainda falta muito para que o resultado da escola seja comemorado, pois ainda n\u00e3o h\u00e1 uma clareza da import\u00e2ncia do Ideb.<\/p>\n<p>Outro exemplo \u00e9 o munic\u00edpio de S\u00e3o Crist\u00f3v\u00e3o (SE), cujo Ideb para os anos iniciais do ensino fundamental saltou de 2,5 em 2005 para 3,0 em 2007. Para a prefeitura \u00e9 preciso envolver mais os pais e a comunidade no processo de aprendizagem, de acordo com o relat\u00f3rio.<\/p>\n<p><strong>Ideb<\/strong><\/p>\n<p>O Ideb foi criado pelo Instituto Nacional de Estudos e Pesquisas Educacionais An\u00edsio Teixeira (Inep) e re\u00fane em um s\u00f3 indicador o fluxo escolar e a m\u00e9dia de desempenho dos alunos nas avalia\u00e7\u00f5es. O indicador \u00e9 calculado a partir dos dados sobre aprova\u00e7\u00e3o escolar, obtidos no Censo Escolar e nas m\u00e9dias de desempenho no Sistema de Avalia\u00e7\u00e3o da Educa\u00e7\u00e3o B\u00e1sica (Saeb) \u2013 para os estados e a uni\u00e3o \u2013 e na Prova Brasil para os munic\u00edpios.<\/p>\n<p><strong>Especial Elei\u00e7\u00e3o 2010<\/strong><\/p>\n<p>De 23 a 27 de agosto o Portal Aprendiz trar\u00e1 um especial sobre as elei\u00e7\u00f5es deste ano. Ser\u00e3o abordadas as propostas relacionadas \u00e0 educa\u00e7\u00e3o dos quatro principais candidatos \u00e0 Presid\u00eancia da Rep\u00fablica.<\/p>\n<p>Assuntos como a cria\u00e7\u00e3o do Sistema Nacional Articulado, ensino m\u00e9dio aliado ao ensino t\u00e9cnico, or\u00e7amento para educa\u00e7\u00e3o, piso salarial e plano de carreira para os profissionais da educa\u00e7\u00e3o ser\u00e3o abordados com candidatos ou seus representantes da \u00e1rea da educa\u00e7\u00e3o. A semana especial terminar\u00e1 com uma reportagem que buscar\u00e1 analisar os programas dos presidenci\u00e1veis a partir de entrevistas com representantes de organiza\u00e7\u00f5es e especialistas que trabalham com educa\u00e7\u00e3o.<br \/>\n______________<\/p>\n<p><strong>Fonte:<\/strong> <a href=\"http:\/\/aprendiz.uol.com.br\/content\/tretruphoc.mmp\">Aprendiz<\/a><\/p>\n","protected":false},"excerpt":{"rendered":"<p>Garantir qualidade para a educa\u00e7\u00e3o requer atividades espec\u00edficas para ensino de portugu\u00eas e matem\u00e1tica, forma\u00e7\u00e3o de professores e infraestrutura para aulas e atividades. As sugest\u00f5es s\u00e3o do Fundo das Na\u00e7\u00f5es Unidas para a Inf\u00e2ncia (Unicef), que produziu  o relat\u00f3rio Caminhos do Direito de Aprender, divulgado em julho. Informa\u00e7\u00e3o vem do Portal Aprendiz.<\/p>\n","protected":false},"author":1,"featured_media":0,"comment_status":"open","ping_status":"open","sticky":false,"template":"","format":"standard","meta":{"site-container-style":"default","site-container-layout":"default","site-sidebar-layout":"default","disable-article-header":"default","disable-site-header":"default","disable-site-footer":"default","disable-content-area-spacing":"default","footnotes":""},"categories":[6,4,33],"tags":[],"class_list":["post-16889","post","type-post","status-publish","format-standard","hentry","category-educacao","category-noticias","category-reportagem"],"yoast_head":"<!-- This site is optimized with the Yoast SEO plugin v27.4 - https:\/\/yoast.com\/product\/yoast-seo-wordpress\/ -->\n<title>Melhorar educa\u00e7\u00e3o depende de professor, proposta pedag\u00f3gica e infraestrutura, diz Unicef -<\/title>\n<meta name=\"robots\" content=\"index, follow, max-snippet:-1, max-image-preview:large, max-video-preview:-1\" \/>\n<link rel=\"canonical\" href=\"https:\/\/inclusivenews.com.br\/?p=16889\" \/>\n<meta property=\"og:locale\" content=\"pt_PT\" \/>\n<meta property=\"og:type\" content=\"article\" \/>\n<meta property=\"og:title\" content=\"Melhorar educa\u00e7\u00e3o depende de professor, proposta pedag\u00f3gica e infraestrutura, diz Unicef -\" \/>\n<meta property=\"og:description\" content=\"Garantir qualidade para a educa\u00e7\u00e3o requer atividades espec\u00edficas para ensino de portugu\u00eas e matem\u00e1tica, forma\u00e7\u00e3o de professores e infraestrutura para aulas e atividades. As sugest\u00f5es s\u00e3o do Fundo das Na\u00e7\u00f5es Unidas para a Inf\u00e2ncia (Unicef), que produziu o relat\u00f3rio Caminhos do Direito de Aprender, divulgado em julho. Informa\u00e7\u00e3o vem do Portal Aprendiz.\" \/>\n<meta property=\"og:url\" content=\"https:\/\/inclusivenews.com.br\/?p=16889\" \/>\n<meta property=\"article:publisher\" content=\"https:\/\/www.facebook.com\/agenciainclusive\/\" \/>\n<meta property=\"article:published_time\" content=\"2010-08-19T10:24:54+00:00\" \/>\n<meta property=\"og:image\" content=\"http:\/\/inclusivenews.com.br\/wp-content\/uploads\/2009\/11\/saladeaulavazia1.jpg\" \/>\n<meta name=\"author\" content=\"inclusivenews2024\" \/>\n<meta name=\"twitter:card\" content=\"summary_large_image\" \/>\n<meta name=\"twitter:label1\" content=\"Escrito por\" \/>\n\t<meta name=\"twitter:data1\" content=\"inclusivenews2024\" \/>\n\t<meta name=\"twitter:label2\" content=\"Tempo estimado de leitura\" \/>\n\t<meta name=\"twitter:data2\" content=\"3 minutos\" \/>\n<script type=\"application\/ld+json\" class=\"yoast-schema-graph\">{\"@context\":\"https:\\\/\\\/schema.org\",\"@graph\":[{\"@type\":\"Article\",\"@id\":\"https:\\\/\\\/inclusivenews.com.br\\\/?p=16889#article\",\"isPartOf\":{\"@id\":\"https:\\\/\\\/inclusivenews.com.br\\\/?p=16889\"},\"author\":{\"name\":\"inclusivenews2024\",\"@id\":\"https:\\\/\\\/inclusivenews.com.br\\\/#\\\/schema\\\/person\\\/ae4ec7087559b8692fb33b6fffd2273b\"},\"headline\":\"Melhorar educa\u00e7\u00e3o depende de professor, proposta pedag\u00f3gica e infraestrutura, diz Unicef\",\"datePublished\":\"2010-08-19T10:24:54+00:00\",\"mainEntityOfPage\":{\"@id\":\"https:\\\/\\\/inclusivenews.com.br\\\/?p=16889\"},\"wordCount\":647,\"commentCount\":0,\"publisher\":{\"@id\":\"https:\\\/\\\/inclusivenews.com.br\\\/#organization\"},\"image\":{\"@id\":\"https:\\\/\\\/inclusivenews.com.br\\\/?p=16889#primaryimage\"},\"thumbnailUrl\":\"http:\\\/\\\/inclusivenews.com.br\\\/wp-content\\\/uploads\\\/2009\\\/11\\\/saladeaulavazia1.jpg\",\"articleSection\":[\"EDUCA\u00c7\u00c3O\",\"NOT\u00cdCIAS\",\"Reportagem\"],\"inLanguage\":\"pt-PT\",\"potentialAction\":[{\"@type\":\"CommentAction\",\"name\":\"Comment\",\"target\":[\"https:\\\/\\\/inclusivenews.com.br\\\/?p=16889#respond\"]}]},{\"@type\":\"WebPage\",\"@id\":\"https:\\\/\\\/inclusivenews.com.br\\\/?p=16889\",\"url\":\"https:\\\/\\\/inclusivenews.com.br\\\/?p=16889\",\"name\":\"Melhorar educa\u00e7\u00e3o depende de professor, proposta pedag\u00f3gica e infraestrutura, diz Unicef -\",\"isPartOf\":{\"@id\":\"https:\\\/\\\/inclusivenews.com.br\\\/#website\"},\"primaryImageOfPage\":{\"@id\":\"https:\\\/\\\/inclusivenews.com.br\\\/?p=16889#primaryimage\"},\"image\":{\"@id\":\"https:\\\/\\\/inclusivenews.com.br\\\/?p=16889#primaryimage\"},\"thumbnailUrl\":\"http:\\\/\\\/inclusivenews.com.br\\\/wp-content\\\/uploads\\\/2009\\\/11\\\/saladeaulavazia1.jpg\",\"datePublished\":\"2010-08-19T10:24:54+00:00\",\"breadcrumb\":{\"@id\":\"https:\\\/\\\/inclusivenews.com.br\\\/?p=16889#breadcrumb\"},\"inLanguage\":\"pt-PT\",\"potentialAction\":[{\"@type\":\"ReadAction\",\"target\":[\"https:\\\/\\\/inclusivenews.com.br\\\/?p=16889\"]}]},{\"@type\":\"ImageObject\",\"inLanguage\":\"pt-PT\",\"@id\":\"https:\\\/\\\/inclusivenews.com.br\\\/?p=16889#primaryimage\",\"url\":\"https:\\\/\\\/inclusivenews.com.br\\\/wp-content\\\/uploads\\\/2009\\\/11\\\/saladeaulavazia1.jpg\",\"contentUrl\":\"https:\\\/\\\/inclusivenews.com.br\\\/wp-content\\\/uploads\\\/2009\\\/11\\\/saladeaulavazia1.jpg\",\"width\":273,\"height\":196,\"caption\":\"Inclusive - sala de aula vazia.\"},{\"@type\":\"BreadcrumbList\",\"@id\":\"https:\\\/\\\/inclusivenews.com.br\\\/?p=16889#breadcrumb\",\"itemListElement\":[{\"@type\":\"ListItem\",\"position\":1,\"name\":\"In\u00edcio\",\"item\":\"https:\\\/\\\/inclusivenews.com.br\\\/\"},{\"@type\":\"ListItem\",\"position\":2,\"name\":\"Melhorar educa\u00e7\u00e3o depende de professor, proposta pedag\u00f3gica e infraestrutura, diz Unicef\"}]},{\"@type\":\"WebSite\",\"@id\":\"https:\\\/\\\/inclusivenews.com.br\\\/#website\",\"url\":\"https:\\\/\\\/inclusivenews.com.br\\\/\",\"name\":\"Inclusive News\",\"description\":\"Inclusive News\",\"publisher\":{\"@id\":\"https:\\\/\\\/inclusivenews.com.br\\\/#organization\"},\"potentialAction\":[{\"@type\":\"SearchAction\",\"target\":{\"@type\":\"EntryPoint\",\"urlTemplate\":\"https:\\\/\\\/inclusivenews.com.br\\\/?s={search_term_string}\"},\"query-input\":{\"@type\":\"PropertyValueSpecification\",\"valueRequired\":true,\"valueName\":\"search_term_string\"}}],\"inLanguage\":\"pt-PT\"},{\"@type\":\"Organization\",\"@id\":\"https:\\\/\\\/inclusivenews.com.br\\\/#organization\",\"name\":\"Inclusive - inclus\u00e3o e cidadania\",\"url\":\"https:\\\/\\\/inclusivenews.com.br\\\/\",\"logo\":{\"@type\":\"ImageObject\",\"inLanguage\":\"pt-PT\",\"@id\":\"https:\\\/\\\/inclusivenews.com.br\\\/#\\\/schema\\\/logo\\\/image\\\/\",\"url\":\"https:\\\/\\\/inclusivenews.com.br\\\/wp-content\\\/uploads\\\/2024\\\/03\\\/@grandesite.png\",\"contentUrl\":\"https:\\\/\\\/inclusivenews.com.br\\\/wp-content\\\/uploads\\\/2024\\\/03\\\/@grandesite.png\",\"width\":1080,\"height\":1080,\"caption\":\"Inclusive - inclus\u00e3o e cidadania\"},\"image\":{\"@id\":\"https:\\\/\\\/inclusivenews.com.br\\\/#\\\/schema\\\/logo\\\/image\\\/\"},\"sameAs\":[\"https:\\\/\\\/www.facebook.com\\\/agenciainclusive\\\/\",\"https:\\\/\\\/www.instagram.com\\\/newsinclusive\\\/\"]},{\"@type\":\"Person\",\"@id\":\"https:\\\/\\\/inclusivenews.com.br\\\/#\\\/schema\\\/person\\\/ae4ec7087559b8692fb33b6fffd2273b\",\"name\":\"inclusivenews2024\",\"image\":{\"@type\":\"ImageObject\",\"inLanguage\":\"pt-PT\",\"@id\":\"https:\\\/\\\/secure.gravatar.com\\\/avatar\\\/c5a7ef84c66fa914f55bc4f7ce26cfa275a3b9a1c5568b907bd184fb4dde7b40?s=96&d=mm&r=g\",\"url\":\"https:\\\/\\\/secure.gravatar.com\\\/avatar\\\/c5a7ef84c66fa914f55bc4f7ce26cfa275a3b9a1c5568b907bd184fb4dde7b40?s=96&d=mm&r=g\",\"contentUrl\":\"https:\\\/\\\/secure.gravatar.com\\\/avatar\\\/c5a7ef84c66fa914f55bc4f7ce26cfa275a3b9a1c5568b907bd184fb4dde7b40?s=96&d=mm&r=g\",\"caption\":\"inclusivenews2024\"},\"sameAs\":[\"https:\\\/\\\/inclusivenews.com.br\"],\"url\":\"https:\\\/\\\/inclusivenews.com.br\\\/?author=1\"}]}<\/script>\n<!-- \/ Yoast SEO plugin. -->","yoast_head_json":{"title":"Melhorar educa\u00e7\u00e3o depende de professor, proposta pedag\u00f3gica e infraestrutura, diz Unicef -","robots":{"index":"index","follow":"follow","max-snippet":"max-snippet:-1","max-image-preview":"max-image-preview:large","max-video-preview":"max-video-preview:-1"},"canonical":"https:\/\/inclusivenews.com.br\/?p=16889","og_locale":"pt_PT","og_type":"article","og_title":"Melhorar educa\u00e7\u00e3o depende de professor, proposta pedag\u00f3gica e infraestrutura, diz Unicef -","og_description":"Garantir qualidade para a educa\u00e7\u00e3o requer atividades espec\u00edficas para ensino de portugu\u00eas e matem\u00e1tica, forma\u00e7\u00e3o de professores e infraestrutura para aulas e atividades. As sugest\u00f5es s\u00e3o do Fundo das Na\u00e7\u00f5es Unidas para a Inf\u00e2ncia (Unicef), que produziu o relat\u00f3rio Caminhos do Direito de Aprender, divulgado em julho. Informa\u00e7\u00e3o vem do Portal Aprendiz.","og_url":"https:\/\/inclusivenews.com.br\/?p=16889","article_publisher":"https:\/\/www.facebook.com\/agenciainclusive\/","article_published_time":"2010-08-19T10:24:54+00:00","og_image":[{"url":"http:\/\/inclusivenews.com.br\/wp-content\/uploads\/2009\/11\/saladeaulavazia1.jpg","type":"","width":"","height":""}],"author":"inclusivenews2024","twitter_card":"summary_large_image","twitter_misc":{"Escrito por":"inclusivenews2024","Tempo estimado de leitura":"3 minutos"},"schema":{"@context":"https:\/\/schema.org","@graph":[{"@type":"Article","@id":"https:\/\/inclusivenews.com.br\/?p=16889#article","isPartOf":{"@id":"https:\/\/inclusivenews.com.br\/?p=16889"},"author":{"name":"inclusivenews2024","@id":"https:\/\/inclusivenews.com.br\/#\/schema\/person\/ae4ec7087559b8692fb33b6fffd2273b"},"headline":"Melhorar educa\u00e7\u00e3o depende de professor, proposta pedag\u00f3gica e infraestrutura, diz Unicef","datePublished":"2010-08-19T10:24:54+00:00","mainEntityOfPage":{"@id":"https:\/\/inclusivenews.com.br\/?p=16889"},"wordCount":647,"commentCount":0,"publisher":{"@id":"https:\/\/inclusivenews.com.br\/#organization"},"image":{"@id":"https:\/\/inclusivenews.com.br\/?p=16889#primaryimage"},"thumbnailUrl":"http:\/\/inclusivenews.com.br\/wp-content\/uploads\/2009\/11\/saladeaulavazia1.jpg","articleSection":["EDUCA\u00c7\u00c3O","NOT\u00cdCIAS","Reportagem"],"inLanguage":"pt-PT","potentialAction":[{"@type":"CommentAction","name":"Comment","target":["https:\/\/inclusivenews.com.br\/?p=16889#respond"]}]},{"@type":"WebPage","@id":"https:\/\/inclusivenews.com.br\/?p=16889","url":"https:\/\/inclusivenews.com.br\/?p=16889","name":"Melhorar educa\u00e7\u00e3o depende de professor, proposta pedag\u00f3gica e infraestrutura, diz Unicef -","isPartOf":{"@id":"https:\/\/inclusivenews.com.br\/#website"},"primaryImageOfPage":{"@id":"https:\/\/inclusivenews.com.br\/?p=16889#primaryimage"},"image":{"@id":"https:\/\/inclusivenews.com.br\/?p=16889#primaryimage"},"thumbnailUrl":"http:\/\/inclusivenews.com.br\/wp-content\/uploads\/2009\/11\/saladeaulavazia1.jpg","datePublished":"2010-08-19T10:24:54+00:00","breadcrumb":{"@id":"https:\/\/inclusivenews.com.br\/?p=16889#breadcrumb"},"inLanguage":"pt-PT","potentialAction":[{"@type":"ReadAction","target":["https:\/\/inclusivenews.com.br\/?p=16889"]}]},{"@type":"ImageObject","inLanguage":"pt-PT","@id":"https:\/\/inclusivenews.com.br\/?p=16889#primaryimage","url":"https:\/\/inclusivenews.com.br\/wp-content\/uploads\/2009\/11\/saladeaulavazia1.jpg","contentUrl":"https:\/\/inclusivenews.com.br\/wp-content\/uploads\/2009\/11\/saladeaulavazia1.jpg","width":273,"height":196,"caption":"Inclusive - sala de aula vazia."},{"@type":"BreadcrumbList","@id":"https:\/\/inclusivenews.com.br\/?p=16889#breadcrumb","itemListElement":[{"@type":"ListItem","position":1,"name":"In\u00edcio","item":"https:\/\/inclusivenews.com.br\/"},{"@type":"ListItem","position":2,"name":"Melhorar educa\u00e7\u00e3o depende de professor, proposta pedag\u00f3gica e infraestrutura, diz Unicef"}]},{"@type":"WebSite","@id":"https:\/\/inclusivenews.com.br\/#website","url":"https:\/\/inclusivenews.com.br\/","name":"Inclusive News","description":"Inclusive News","publisher":{"@id":"https:\/\/inclusivenews.com.br\/#organization"},"potentialAction":[{"@type":"SearchAction","target":{"@type":"EntryPoint","urlTemplate":"https:\/\/inclusivenews.com.br\/?s={search_term_string}"},"query-input":{"@type":"PropertyValueSpecification","valueRequired":true,"valueName":"search_term_string"}}],"inLanguage":"pt-PT"},{"@type":"Organization","@id":"https:\/\/inclusivenews.com.br\/#organization","name":"Inclusive - inclus\u00e3o e cidadania","url":"https:\/\/inclusivenews.com.br\/","logo":{"@type":"ImageObject","inLanguage":"pt-PT","@id":"https:\/\/inclusivenews.com.br\/#\/schema\/logo\/image\/","url":"https:\/\/inclusivenews.com.br\/wp-content\/uploads\/2024\/03\/@grandesite.png","contentUrl":"https:\/\/inclusivenews.com.br\/wp-content\/uploads\/2024\/03\/@grandesite.png","width":1080,"height":1080,"caption":"Inclusive - inclus\u00e3o e cidadania"},"image":{"@id":"https:\/\/inclusivenews.com.br\/#\/schema\/logo\/image\/"},"sameAs":["https:\/\/www.facebook.com\/agenciainclusive\/","https:\/\/www.instagram.com\/newsinclusive\/"]},{"@type":"Person","@id":"https:\/\/inclusivenews.com.br\/#\/schema\/person\/ae4ec7087559b8692fb33b6fffd2273b","name":"inclusivenews2024","image":{"@type":"ImageObject","inLanguage":"pt-PT","@id":"https:\/\/secure.gravatar.com\/avatar\/c5a7ef84c66fa914f55bc4f7ce26cfa275a3b9a1c5568b907bd184fb4dde7b40?s=96&d=mm&r=g","url":"https:\/\/secure.gravatar.com\/avatar\/c5a7ef84c66fa914f55bc4f7ce26cfa275a3b9a1c5568b907bd184fb4dde7b40?s=96&d=mm&r=g","contentUrl":"https:\/\/secure.gravatar.com\/avatar\/c5a7ef84c66fa914f55bc4f7ce26cfa275a3b9a1c5568b907bd184fb4dde7b40?s=96&d=mm&r=g","caption":"inclusivenews2024"},"sameAs":["https:\/\/inclusivenews.com.br"],"url":"https:\/\/inclusivenews.com.br\/?author=1"}]}},"_links":{"self":[{"href":"https:\/\/inclusivenews.com.br\/index.php?rest_route=\/wp\/v2\/posts\/16889","targetHints":{"allow":["GET"]}}],"collection":[{"href":"https:\/\/inclusivenews.com.br\/index.php?rest_route=\/wp\/v2\/posts"}],"about":[{"href":"https:\/\/inclusivenews.com.br\/index.php?rest_route=\/wp\/v2\/types\/post"}],"author":[{"embeddable":true,"href":"https:\/\/inclusivenews.com.br\/index.php?rest_route=\/wp\/v2\/users\/1"}],"replies":[{"embeddable":true,"href":"https:\/\/inclusivenews.com.br\/index.php?rest_route=%2Fwp%2Fv2%2Fcomments&post=16889"}],"version-history":[{"count":0,"href":"https:\/\/inclusivenews.com.br\/index.php?rest_route=\/wp\/v2\/posts\/16889\/revisions"}],"wp:attachment":[{"href":"https:\/\/inclusivenews.com.br\/index.php?rest_route=%2Fwp%2Fv2%2Fmedia&parent=16889"}],"wp:term":[{"taxonomy":"category","embeddable":true,"href":"https:\/\/inclusivenews.com.br\/index.php?rest_route=%2Fwp%2Fv2%2Fcategories&post=16889"},{"taxonomy":"post_tag","embeddable":true,"href":"https:\/\/inclusivenews.com.br\/index.php?rest_route=%2Fwp%2Fv2%2Ftags&post=16889"}],"curies":[{"name":"wp","href":"https:\/\/api.w.org\/{rel}","templated":true}]}}