{"id":16909,"date":"2010-08-19T07:28:38","date_gmt":"2010-08-19T10:28:38","guid":{"rendered":"http:\/\/www.inclusive.org.br\/?p=16909"},"modified":"2010-08-19T07:28:38","modified_gmt":"2010-08-19T10:28:38","slug":"faltam-livros-em-braille-no-brasil","status":"publish","type":"post","link":"https:\/\/inclusivenews.com.br\/?p=16909","title":{"rendered":"Faltam livros em braille no Brasil"},"content":{"rendered":"<figure style=\"width: 175px\" class=\"wp-caption alignleft\"><img loading=\"lazy\" decoding=\"async\" title=\"M\u00e3os lendo em braile\" src=\"http:\/\/4.bp.blogspot.com\/_RVuTK9XQ3EA\/SYs11k7wWTI\/AAAAAAAAAbQ\/RJMdR_2Bggw\/s320\/Braile.jpg\" alt=\"\" width=\"175\" height=\"137\" \/><figcaption class=\"wp-caption-text\"> <\/figcaption><\/figure>\n<p><strong>Por Gisele Pecchio Dias<\/strong><\/p>\n<p>As edi\u00e7\u00f5es de livros em Braille no Brasil n\u00e3o s\u00e3o significativas. Os deficientes visuais n\u00e3o t\u00eam op\u00e7\u00f5es suficientes de autores e t\u00edtulos e a solu\u00e7\u00e3o para esse problema parece estar longe, pelo menos enquanto perdurar o desinteresse do mercado editorial.<\/p>\n<p>O servi\u00e7o de impress\u00e3o em Braille da Funda\u00e7\u00e3o Dorina Nowill para Cegos, o maior dos quatro fornecedores especializados nesse tipo de impress\u00e3o &#8220;todos ligados a institui\u00e7\u00f5es sem fins lucrativos&#8221;, informa que imprime 9 milh\u00f5es de p\u00e1ginas em Braille por ano, entre livros, revistas, card\u00e1pios, letras de m\u00fasica e textos diversos. Se dividirmos essas p\u00e1ginas entre os cegos brasileiros, cada um ficar\u00e1 com apenas 0,15 p\u00e1gina por dia, menos de um par\u00e1grafo.<\/p>\n<p>As editoras comerciais poderiam investir nesse segmento mas n\u00e3o o fazem por medo de comprometer o seu lucro. Alegam que as m\u00e1quinas para esse tipo de impress\u00e3o s\u00e3o muito caras. As escolas especializadas na educa\u00e7\u00e3o de cegos, por sua vez, reclamam a falta de livros para atender a expressiva demanda. Os t\u00edtulos infantis s\u00e3o raros e, at\u00e9 recentemente, antes da imposi\u00e7\u00e3o da lei, as editoras se recusavam a ceder seus t\u00edtulos \u00e0 transcri\u00e7\u00e3o em Braille \u00e0s poucas escolas que se dedicam \u00e0 educa\u00e7\u00e3o de cegos no Brasil.<\/p>\n<p>Pela primeira vez o Minist\u00e9rio da Educa\u00e7\u00e3o autorizou a transcri\u00e7\u00e3o em Braille de v\u00e1rios t\u00edtulos, que j\u00e1 est\u00e3o \u00e0 disposi\u00e7\u00e3o na rede de ensino p\u00fablico. Mesmo com esse importante investimento do governo federal, a demanda ainda n\u00e3o foi atendida plenamente. Visitando as bibliotecas p\u00fablicas e as institui\u00e7\u00f5es que mant\u00eam programas de assist\u00eancia ao cego, constatei que faltam t\u00edtulos, especialmente para o p\u00fablico infanto-juvenil. E \u00e9 claro que isso prejudica o aprendizado das crian\u00e7as. Al\u00e9m dos livros gravados em fita, elas precisam treinar a leitura, por meio do tato.<\/p>\n<p>Nariz de palha\u00e7o<\/p>\n<p>Ora, se h\u00e1 demanda reprimida o que est\u00e1 faltando mesmo \u00e9 voluntarismo, at\u00e9 nos autores que ostentam em suas biografias a vendagem de milh\u00f5es de exemplares. Quantos desses j\u00e1 usaram o seu prest\u00edgio para influenciar a ind\u00fastria do livro a olhar com mais aten\u00e7\u00e3o para os exclu\u00eddos do sistema? Ser\u00e1 que tudo precisa girar em fun\u00e7\u00e3o do lucro? N\u00e3o haver\u00e1 espa\u00e7o para ideais mais elevados nesse balc\u00e3o de neg\u00f3cios em que se debru\u00e7a a cultura nacional?<\/p>\n<p>Monteiro Lobato dizia que &#8220;um pa\u00eds se faz com homens e livros&#8221;. Podemos acrescentar que onde faltam homens com o voluntarismo e o esp\u00edrito p\u00fablico do Lobato sobram oportunistas e mercadores, \u00e1vidos pelo lucro, inclusive no servi\u00e7o p\u00fablico. Uma distor\u00e7\u00e3o de finalidade grav\u00edssima e muito comum nos dias de hoje, onde se admite a cobran\u00e7a de multa de 10% por atraso de um dia em impostos como o IPTU.<\/p>\n<p>Na abertura da 18\u00ba Bienal Internacional do Livro de S\u00e3o Paulo, o presidente Lula teve a coragem de interpretar o texto escrito para ele, por algum marqueteiro, comparando o h\u00e1bito da leitura com a corrida na esteira. S\u00f3 esqueceu de lembrar que os milh\u00f5es de brasileiros que o elegeram, na esperan\u00e7a de serem finalmente inclu\u00eddos no sistema, ficaram do lado de fora da Bienal. N\u00e3o pela aus\u00eancia de condicionamento \u00e0 leitura, mas por falta de dinheiro, mesmo. E o que dizer aos escritores alternativos, que pagam as mesmas taxas pagas pelas editoras para registrarem as suas obras na C\u00e2mara Brasileira do Livro e na hora da festa ficam do lado de fora, com nariz de palha\u00e7o?<\/p>\n<p>Os leitores de livros em Braille e para vis\u00e3o subnormal (aqueles, impressos com letras grandes) tamb\u00e9m ficaram sem op\u00e7\u00f5es na Bienal. Felizmente, o mesmo n\u00e3o se repetir\u00e1 na 4\u00aa Feira Nacional do Livro de Ribeir\u00e3o Preto, onde tanto os autores independentes quanto os livros em Braille foram valorizados pelos organizadores deste que \u00e9 o segundo maior evento do g\u00eanero, depois das bienais.<\/p>\n<p>Mais e melhor<\/p>\n<p>Se n\u00e3o por ideais elevados, porque reconhecemos quais s\u00e3o os valores que movem essa engrenagem, que \u00e9 a mesma, desde os tempos do Lobato, que a entrada das editoras nesse segmento seja ent\u00e3o por uma quest\u00e3o de mercado.<\/p>\n<p>Est\u00e1 na hora de botar sebo nas canelas porque vem a\u00ed uma turminha de leitores para l\u00e1 de especial, \u00e1vida por experimentar a leitura pelo toque dos dedos. S\u00e3o crian\u00e7as, muitas delas com dificuldade de aprender em Braille, por falta de treino. Faltam livros transcritos em Braille. Faltam desenhos com relevo e texturas nesses livros. Falta amor pelo semelhante. Falta coragem para desgrudar os cotovelos desse balc\u00e3o de neg\u00f3cios e enxergar o lado de fora, aquele onde est\u00e3o o contribuinte e o escritor com nariz de palha\u00e7o.<\/p>\n<p>Ao redigir esse artigo, fiz quest\u00e3o de pedir n\u00fameros sobre a defici\u00eancia visual no Brasil ao Instituto Brasileiro de Geografia e Estat\u00edstica, o IBGE, onde trabalham brasileiros que fazem pesquisa e estat\u00edstica, inv\u00e9s de utilizar indicadores de organismos internacionais. \u00c9 preciso parar de valorizar somente o que vem de fora e dar credibilidade aos brasileiros, para motiv\u00e1-los a trabalhar ainda mais e melhor pelo desenvolvimento do Pa\u00eds.<\/p>\n<p>Em 169.799.170 milh\u00f5es de pessoas pesquisadas na amostragem do IBGE para o censo do ano 2000, foram registrados 16.573.937 deficientes visuais, ou seja, 9,76% da popula\u00e7\u00e3o pesquisada. Destes, 159.823 s\u00e3o cegos (0,96%), 2.398.471 possuem grande dificuldade permanente de enxergar (14,47%) e 14.015.641 t\u00eam alguma dificuldade permanente de enxergar (84,56%). Em rela\u00e7\u00e3o \u00e0 popula\u00e7\u00e3o brasileira pesquisada, s\u00e3o cegos 0,09% do total, 1,41% possui grande dificuldade permanente de enxergar e 8,25% t\u00eam alguma dificuldade permanente de enxergar.<\/p>\n<p>Beleza eterna<\/p>\n<p>Outro caso que ilustra a pouca valoriza\u00e7\u00e3o dada aos elementos que formam a cultura nacional \u00e9 o desprezo dado \u00e0s personalidades ilustres da nossa hist\u00f3ria. O ensino do Braille foi introduzido em nosso territ\u00f3rio por um brasileiro chamado Jos\u00e9 \u00c1lvares de Azevedo, que nasceu cego e estudou pelo m\u00e9todo Braille na Fran\u00e7a. O patrono da educa\u00e7\u00e3o de cegos no Brasil deixou poemas e livros que eu jamais pude ler e apreciaria saber onde est\u00e3o. Considerado o primeiro professor cego do Pa\u00eds, ele faleceu aos 20 anos de idade, no Rio de Janeiro, em mar\u00e7o de 1854, seis meses antes da inaugura\u00e7\u00e3o da primeira escola de cegos fundada por ele e que jamais teve o seu nome. Ainda hoje esta escola \u00e9 conhecida como Instituto Benjamin Constant.<\/p>\n<p>Betinho, como era chamado o soci\u00f3logo Herbert de Souza, outro brasileiro not\u00e1vel, cujo nome precisamos lembrar sempre porque ele dedicou a sua vida \u00e0 a\u00e7\u00e3o social e \u00e0 inclus\u00e3o, dizia que por meio da cultura, da emo\u00e7\u00e3o e da inventividade podemos fazer as id\u00e9ias evolu\u00edrem.<\/p>\n<p>J\u00e1 que n\u00e3o posso finalizar esse artigo com um texto de Jos\u00e9 \u00c1lvares de Azevedo, porque jamais me foi dada a possibilidade de conhecer a obra desse brasileiro, a quem devemos tanto, transcrevo abaixo um poema da estudante ga\u00facha Isaura Gisele, que hoje est\u00e1 com 11 anos de idade.<\/p>\n<p>&#8220;Com o teu sorriso, o teu amor, o teu abra\u00e7o, a tua vida. Com o teu carinho e o teu jeito especial de ser, me iluminas com uma luz que nem a mais brilhante estrela possui, porque me mostras e me ensinas o lado belo da vida. N\u00e3o preciso ver-te, pois sinto a tua alma, capto coisas que n\u00e3o podem ser vistas, apenas sentidas. N\u00e3o vejo a tua beleza exterior, que \u00e9 ef\u00eamera, mas sinto a tua beleza interior, que \u00e9 eterna &#8230;&#8221;<\/p>\n<p>Fonte: Rede Saci\/Revista No\u00e7\u00e3o &#8211; http:\/\/saci.org.br\/?modulo=akemi&amp;parametro=11099<\/p>\n","protected":false},"excerpt":{"rendered":"<p>As edi\u00e7\u00f5es de livros em Braille no Brasil n\u00e3o s\u00e3o significativas. Os deficientes visuais n\u00e3o t\u00eam op\u00e7\u00f5es suficientes de autores e t\u00edtulos e a solu\u00e7\u00e3o para esse problema parece estar longe, pelo menos enquanto perdurar o desinteresse do mercado editorial. A an\u00e1lise \u00e9 de Gisele Pecchio Dias.<\/p>\n","protected":false},"author":1,"featured_media":0,"comment_status":"open","ping_status":"open","sticky":false,"template":"","format":"standard","meta":{"site-container-style":"default","site-container-layout":"default","site-sidebar-layout":"default","disable-article-header":"default","disable-site-header":"default","disable-site-footer":"default","disable-content-area-spacing":"default","footnotes":""},"categories":[36,8,10],"tags":[],"class_list":["post-16909","post","type-post","status-publish","format-standard","hentry","category-colunas-especiais","category-textos-e-artigos","category-publicacoes"],"yoast_head":"<!-- This site is optimized with the Yoast SEO plugin v27.5 - https:\/\/yoast.com\/product\/yoast-seo-wordpress\/ -->\n<title>Faltam livros em braille no Brasil -<\/title>\n<meta name=\"robots\" content=\"index, follow, max-snippet:-1, max-image-preview:large, max-video-preview:-1\" \/>\n<link rel=\"canonical\" href=\"https:\/\/inclusivenews.com.br\/?p=16909\" \/>\n<meta property=\"og:locale\" content=\"pt_PT\" \/>\n<meta property=\"og:type\" content=\"article\" \/>\n<meta property=\"og:title\" content=\"Faltam livros em braille no Brasil -\" \/>\n<meta property=\"og:description\" content=\"As edi\u00e7\u00f5es de livros em Braille no Brasil n\u00e3o s\u00e3o significativas. Os deficientes visuais n\u00e3o t\u00eam op\u00e7\u00f5es suficientes de autores e t\u00edtulos e a solu\u00e7\u00e3o para esse problema parece estar longe, pelo menos enquanto perdurar o desinteresse do mercado editorial. A an\u00e1lise \u00e9 de Gisele Pecchio Dias.\" \/>\n<meta property=\"og:url\" content=\"https:\/\/inclusivenews.com.br\/?p=16909\" \/>\n<meta property=\"article:publisher\" content=\"https:\/\/www.facebook.com\/agenciainclusive\/\" \/>\n<meta property=\"article:published_time\" content=\"2010-08-19T10:28:38+00:00\" \/>\n<meta property=\"og:image\" content=\"http:\/\/4.bp.blogspot.com\/_RVuTK9XQ3EA\/SYs11k7wWTI\/AAAAAAAAAbQ\/RJMdR_2Bggw\/s320\/Braile.jpg\" \/>\n<meta name=\"author\" content=\"inclusivenews2024\" \/>\n<meta name=\"twitter:card\" content=\"summary_large_image\" \/>\n<meta name=\"twitter:label1\" content=\"Escrito por\" \/>\n\t<meta name=\"twitter:data1\" content=\"inclusivenews2024\" \/>\n\t<meta name=\"twitter:label2\" content=\"Tempo estimado de leitura\" \/>\n\t<meta name=\"twitter:data2\" content=\"7 minutos\" \/>\n<script type=\"application\/ld+json\" class=\"yoast-schema-graph\">{\"@context\":\"https:\\\/\\\/schema.org\",\"@graph\":[{\"@type\":\"Article\",\"@id\":\"https:\\\/\\\/inclusivenews.com.br\\\/?p=16909#article\",\"isPartOf\":{\"@id\":\"https:\\\/\\\/inclusivenews.com.br\\\/?p=16909\"},\"author\":{\"name\":\"inclusivenews2024\",\"@id\":\"https:\\\/\\\/inclusivenews.com.br\\\/#\\\/schema\\\/person\\\/ae4ec7087559b8692fb33b6fffd2273b\"},\"headline\":\"Faltam livros em braille no Brasil\",\"datePublished\":\"2010-08-19T10:28:38+00:00\",\"mainEntityOfPage\":{\"@id\":\"https:\\\/\\\/inclusivenews.com.br\\\/?p=16909\"},\"wordCount\":1314,\"commentCount\":4,\"publisher\":{\"@id\":\"https:\\\/\\\/inclusivenews.com.br\\\/#organization\"},\"image\":{\"@id\":\"https:\\\/\\\/inclusivenews.com.br\\\/?p=16909#primaryimage\"},\"thumbnailUrl\":\"http:\\\/\\\/4.bp.blogspot.com\\\/_RVuTK9XQ3EA\\\/SYs11k7wWTI\\\/AAAAAAAAAbQ\\\/RJMdR_2Bggw\\\/s320\\\/Braile.jpg\",\"articleSection\":[\"Colunas especiais\",\"OPINI\u00c3O\",\"PUBLICA\u00c7\u00d5ES\"],\"inLanguage\":\"pt-PT\",\"potentialAction\":[{\"@type\":\"CommentAction\",\"name\":\"Comment\",\"target\":[\"https:\\\/\\\/inclusivenews.com.br\\\/?p=16909#respond\"]}]},{\"@type\":\"WebPage\",\"@id\":\"https:\\\/\\\/inclusivenews.com.br\\\/?p=16909\",\"url\":\"https:\\\/\\\/inclusivenews.com.br\\\/?p=16909\",\"name\":\"Faltam livros em braille no Brasil -\",\"isPartOf\":{\"@id\":\"https:\\\/\\\/inclusivenews.com.br\\\/#website\"},\"primaryImageOfPage\":{\"@id\":\"https:\\\/\\\/inclusivenews.com.br\\\/?p=16909#primaryimage\"},\"image\":{\"@id\":\"https:\\\/\\\/inclusivenews.com.br\\\/?p=16909#primaryimage\"},\"thumbnailUrl\":\"http:\\\/\\\/4.bp.blogspot.com\\\/_RVuTK9XQ3EA\\\/SYs11k7wWTI\\\/AAAAAAAAAbQ\\\/RJMdR_2Bggw\\\/s320\\\/Braile.jpg\",\"datePublished\":\"2010-08-19T10:28:38+00:00\",\"breadcrumb\":{\"@id\":\"https:\\\/\\\/inclusivenews.com.br\\\/?p=16909#breadcrumb\"},\"inLanguage\":\"pt-PT\",\"potentialAction\":[{\"@type\":\"ReadAction\",\"target\":[\"https:\\\/\\\/inclusivenews.com.br\\\/?p=16909\"]}]},{\"@type\":\"ImageObject\",\"inLanguage\":\"pt-PT\",\"@id\":\"https:\\\/\\\/inclusivenews.com.br\\\/?p=16909#primaryimage\",\"url\":\"http:\\\/\\\/4.bp.blogspot.com\\\/_RVuTK9XQ3EA\\\/SYs11k7wWTI\\\/AAAAAAAAAbQ\\\/RJMdR_2Bggw\\\/s320\\\/Braile.jpg\",\"contentUrl\":\"http:\\\/\\\/4.bp.blogspot.com\\\/_RVuTK9XQ3EA\\\/SYs11k7wWTI\\\/AAAAAAAAAbQ\\\/RJMdR_2Bggw\\\/s320\\\/Braile.jpg\"},{\"@type\":\"BreadcrumbList\",\"@id\":\"https:\\\/\\\/inclusivenews.com.br\\\/?p=16909#breadcrumb\",\"itemListElement\":[{\"@type\":\"ListItem\",\"position\":1,\"name\":\"In\u00edcio\",\"item\":\"https:\\\/\\\/inclusivenews.com.br\\\/\"},{\"@type\":\"ListItem\",\"position\":2,\"name\":\"Faltam livros em braille no Brasil\"}]},{\"@type\":\"WebSite\",\"@id\":\"https:\\\/\\\/inclusivenews.com.br\\\/#website\",\"url\":\"https:\\\/\\\/inclusivenews.com.br\\\/\",\"name\":\"Inclusive News\",\"description\":\"Inclusive News\",\"publisher\":{\"@id\":\"https:\\\/\\\/inclusivenews.com.br\\\/#organization\"},\"potentialAction\":[{\"@type\":\"SearchAction\",\"target\":{\"@type\":\"EntryPoint\",\"urlTemplate\":\"https:\\\/\\\/inclusivenews.com.br\\\/?s={search_term_string}\"},\"query-input\":{\"@type\":\"PropertyValueSpecification\",\"valueRequired\":true,\"valueName\":\"search_term_string\"}}],\"inLanguage\":\"pt-PT\"},{\"@type\":\"Organization\",\"@id\":\"https:\\\/\\\/inclusivenews.com.br\\\/#organization\",\"name\":\"Inclusive - inclus\u00e3o e cidadania\",\"url\":\"https:\\\/\\\/inclusivenews.com.br\\\/\",\"logo\":{\"@type\":\"ImageObject\",\"inLanguage\":\"pt-PT\",\"@id\":\"https:\\\/\\\/inclusivenews.com.br\\\/#\\\/schema\\\/logo\\\/image\\\/\",\"url\":\"https:\\\/\\\/inclusivenews.com.br\\\/wp-content\\\/uploads\\\/2024\\\/03\\\/@grandesite.png\",\"contentUrl\":\"https:\\\/\\\/inclusivenews.com.br\\\/wp-content\\\/uploads\\\/2024\\\/03\\\/@grandesite.png\",\"width\":1080,\"height\":1080,\"caption\":\"Inclusive - inclus\u00e3o e cidadania\"},\"image\":{\"@id\":\"https:\\\/\\\/inclusivenews.com.br\\\/#\\\/schema\\\/logo\\\/image\\\/\"},\"sameAs\":[\"https:\\\/\\\/www.facebook.com\\\/agenciainclusive\\\/\",\"https:\\\/\\\/www.instagram.com\\\/newsinclusive\\\/\"]},{\"@type\":\"Person\",\"@id\":\"https:\\\/\\\/inclusivenews.com.br\\\/#\\\/schema\\\/person\\\/ae4ec7087559b8692fb33b6fffd2273b\",\"name\":\"inclusivenews2024\",\"image\":{\"@type\":\"ImageObject\",\"inLanguage\":\"pt-PT\",\"@id\":\"https:\\\/\\\/secure.gravatar.com\\\/avatar\\\/c5a7ef84c66fa914f55bc4f7ce26cfa275a3b9a1c5568b907bd184fb4dde7b40?s=96&d=mm&r=g\",\"url\":\"https:\\\/\\\/secure.gravatar.com\\\/avatar\\\/c5a7ef84c66fa914f55bc4f7ce26cfa275a3b9a1c5568b907bd184fb4dde7b40?s=96&d=mm&r=g\",\"contentUrl\":\"https:\\\/\\\/secure.gravatar.com\\\/avatar\\\/c5a7ef84c66fa914f55bc4f7ce26cfa275a3b9a1c5568b907bd184fb4dde7b40?s=96&d=mm&r=g\",\"caption\":\"inclusivenews2024\"},\"sameAs\":[\"https:\\\/\\\/inclusivenews.com.br\"],\"url\":\"https:\\\/\\\/inclusivenews.com.br\\\/?author=1\"}]}<\/script>\n<!-- \/ Yoast SEO plugin. -->","yoast_head_json":{"title":"Faltam livros em braille no Brasil -","robots":{"index":"index","follow":"follow","max-snippet":"max-snippet:-1","max-image-preview":"max-image-preview:large","max-video-preview":"max-video-preview:-1"},"canonical":"https:\/\/inclusivenews.com.br\/?p=16909","og_locale":"pt_PT","og_type":"article","og_title":"Faltam livros em braille no Brasil -","og_description":"As edi\u00e7\u00f5es de livros em Braille no Brasil n\u00e3o s\u00e3o significativas. Os deficientes visuais n\u00e3o t\u00eam op\u00e7\u00f5es suficientes de autores e t\u00edtulos e a solu\u00e7\u00e3o para esse problema parece estar longe, pelo menos enquanto perdurar o desinteresse do mercado editorial. A an\u00e1lise \u00e9 de Gisele Pecchio Dias.","og_url":"https:\/\/inclusivenews.com.br\/?p=16909","article_publisher":"https:\/\/www.facebook.com\/agenciainclusive\/","article_published_time":"2010-08-19T10:28:38+00:00","og_image":[{"url":"http:\/\/4.bp.blogspot.com\/_RVuTK9XQ3EA\/SYs11k7wWTI\/AAAAAAAAAbQ\/RJMdR_2Bggw\/s320\/Braile.jpg","type":"","width":"","height":""}],"author":"inclusivenews2024","twitter_card":"summary_large_image","twitter_misc":{"Escrito por":"inclusivenews2024","Tempo estimado de leitura":"7 minutos"},"schema":{"@context":"https:\/\/schema.org","@graph":[{"@type":"Article","@id":"https:\/\/inclusivenews.com.br\/?p=16909#article","isPartOf":{"@id":"https:\/\/inclusivenews.com.br\/?p=16909"},"author":{"name":"inclusivenews2024","@id":"https:\/\/inclusivenews.com.br\/#\/schema\/person\/ae4ec7087559b8692fb33b6fffd2273b"},"headline":"Faltam livros em braille no Brasil","datePublished":"2010-08-19T10:28:38+00:00","mainEntityOfPage":{"@id":"https:\/\/inclusivenews.com.br\/?p=16909"},"wordCount":1314,"commentCount":4,"publisher":{"@id":"https:\/\/inclusivenews.com.br\/#organization"},"image":{"@id":"https:\/\/inclusivenews.com.br\/?p=16909#primaryimage"},"thumbnailUrl":"http:\/\/4.bp.blogspot.com\/_RVuTK9XQ3EA\/SYs11k7wWTI\/AAAAAAAAAbQ\/RJMdR_2Bggw\/s320\/Braile.jpg","articleSection":["Colunas especiais","OPINI\u00c3O","PUBLICA\u00c7\u00d5ES"],"inLanguage":"pt-PT","potentialAction":[{"@type":"CommentAction","name":"Comment","target":["https:\/\/inclusivenews.com.br\/?p=16909#respond"]}]},{"@type":"WebPage","@id":"https:\/\/inclusivenews.com.br\/?p=16909","url":"https:\/\/inclusivenews.com.br\/?p=16909","name":"Faltam livros em braille no Brasil -","isPartOf":{"@id":"https:\/\/inclusivenews.com.br\/#website"},"primaryImageOfPage":{"@id":"https:\/\/inclusivenews.com.br\/?p=16909#primaryimage"},"image":{"@id":"https:\/\/inclusivenews.com.br\/?p=16909#primaryimage"},"thumbnailUrl":"http:\/\/4.bp.blogspot.com\/_RVuTK9XQ3EA\/SYs11k7wWTI\/AAAAAAAAAbQ\/RJMdR_2Bggw\/s320\/Braile.jpg","datePublished":"2010-08-19T10:28:38+00:00","breadcrumb":{"@id":"https:\/\/inclusivenews.com.br\/?p=16909#breadcrumb"},"inLanguage":"pt-PT","potentialAction":[{"@type":"ReadAction","target":["https:\/\/inclusivenews.com.br\/?p=16909"]}]},{"@type":"ImageObject","inLanguage":"pt-PT","@id":"https:\/\/inclusivenews.com.br\/?p=16909#primaryimage","url":"http:\/\/4.bp.blogspot.com\/_RVuTK9XQ3EA\/SYs11k7wWTI\/AAAAAAAAAbQ\/RJMdR_2Bggw\/s320\/Braile.jpg","contentUrl":"http:\/\/4.bp.blogspot.com\/_RVuTK9XQ3EA\/SYs11k7wWTI\/AAAAAAAAAbQ\/RJMdR_2Bggw\/s320\/Braile.jpg"},{"@type":"BreadcrumbList","@id":"https:\/\/inclusivenews.com.br\/?p=16909#breadcrumb","itemListElement":[{"@type":"ListItem","position":1,"name":"In\u00edcio","item":"https:\/\/inclusivenews.com.br\/"},{"@type":"ListItem","position":2,"name":"Faltam livros em braille no Brasil"}]},{"@type":"WebSite","@id":"https:\/\/inclusivenews.com.br\/#website","url":"https:\/\/inclusivenews.com.br\/","name":"Inclusive News","description":"Inclusive News","publisher":{"@id":"https:\/\/inclusivenews.com.br\/#organization"},"potentialAction":[{"@type":"SearchAction","target":{"@type":"EntryPoint","urlTemplate":"https:\/\/inclusivenews.com.br\/?s={search_term_string}"},"query-input":{"@type":"PropertyValueSpecification","valueRequired":true,"valueName":"search_term_string"}}],"inLanguage":"pt-PT"},{"@type":"Organization","@id":"https:\/\/inclusivenews.com.br\/#organization","name":"Inclusive - inclus\u00e3o e cidadania","url":"https:\/\/inclusivenews.com.br\/","logo":{"@type":"ImageObject","inLanguage":"pt-PT","@id":"https:\/\/inclusivenews.com.br\/#\/schema\/logo\/image\/","url":"https:\/\/inclusivenews.com.br\/wp-content\/uploads\/2024\/03\/@grandesite.png","contentUrl":"https:\/\/inclusivenews.com.br\/wp-content\/uploads\/2024\/03\/@grandesite.png","width":1080,"height":1080,"caption":"Inclusive - inclus\u00e3o e cidadania"},"image":{"@id":"https:\/\/inclusivenews.com.br\/#\/schema\/logo\/image\/"},"sameAs":["https:\/\/www.facebook.com\/agenciainclusive\/","https:\/\/www.instagram.com\/newsinclusive\/"]},{"@type":"Person","@id":"https:\/\/inclusivenews.com.br\/#\/schema\/person\/ae4ec7087559b8692fb33b6fffd2273b","name":"inclusivenews2024","image":{"@type":"ImageObject","inLanguage":"pt-PT","@id":"https:\/\/secure.gravatar.com\/avatar\/c5a7ef84c66fa914f55bc4f7ce26cfa275a3b9a1c5568b907bd184fb4dde7b40?s=96&d=mm&r=g","url":"https:\/\/secure.gravatar.com\/avatar\/c5a7ef84c66fa914f55bc4f7ce26cfa275a3b9a1c5568b907bd184fb4dde7b40?s=96&d=mm&r=g","contentUrl":"https:\/\/secure.gravatar.com\/avatar\/c5a7ef84c66fa914f55bc4f7ce26cfa275a3b9a1c5568b907bd184fb4dde7b40?s=96&d=mm&r=g","caption":"inclusivenews2024"},"sameAs":["https:\/\/inclusivenews.com.br"],"url":"https:\/\/inclusivenews.com.br\/?author=1"}]}},"_links":{"self":[{"href":"https:\/\/inclusivenews.com.br\/index.php?rest_route=\/wp\/v2\/posts\/16909","targetHints":{"allow":["GET"]}}],"collection":[{"href":"https:\/\/inclusivenews.com.br\/index.php?rest_route=\/wp\/v2\/posts"}],"about":[{"href":"https:\/\/inclusivenews.com.br\/index.php?rest_route=\/wp\/v2\/types\/post"}],"author":[{"embeddable":true,"href":"https:\/\/inclusivenews.com.br\/index.php?rest_route=\/wp\/v2\/users\/1"}],"replies":[{"embeddable":true,"href":"https:\/\/inclusivenews.com.br\/index.php?rest_route=%2Fwp%2Fv2%2Fcomments&post=16909"}],"version-history":[{"count":0,"href":"https:\/\/inclusivenews.com.br\/index.php?rest_route=\/wp\/v2\/posts\/16909\/revisions"}],"wp:attachment":[{"href":"https:\/\/inclusivenews.com.br\/index.php?rest_route=%2Fwp%2Fv2%2Fmedia&parent=16909"}],"wp:term":[{"taxonomy":"category","embeddable":true,"href":"https:\/\/inclusivenews.com.br\/index.php?rest_route=%2Fwp%2Fv2%2Fcategories&post=16909"},{"taxonomy":"post_tag","embeddable":true,"href":"https:\/\/inclusivenews.com.br\/index.php?rest_route=%2Fwp%2Fv2%2Ftags&post=16909"}],"curies":[{"name":"wp","href":"https:\/\/api.w.org\/{rel}","templated":true}]}}