{"id":16917,"date":"2010-08-19T07:30:18","date_gmt":"2010-08-19T10:30:18","guid":{"rendered":"http:\/\/www.inclusive.org.br\/?p=16917"},"modified":"2010-08-19T07:30:18","modified_gmt":"2010-08-19T10:30:18","slug":"politicas-de-valor-tem-de-incluir-cidadao","status":"publish","type":"post","link":"https:\/\/inclusivenews.com.br\/?p=16917","title":{"rendered":"Pol\u00edticas de valor t\u00eam de incluir cidad\u00e3o"},"content":{"rendered":"<p><img loading=\"lazy\" decoding=\"async\" class=\"alignnone\" title=\"Mapa do Brasil formado por pequenos \u00edcones gr\u00e1ficos\" src=\"http:\/\/www.pnud.org.br\/public\/imgc3533.jpg\" alt=\"\" width=\"201\" height=\"122\" \/><\/p>\n<p><em>Para promover valores, \u00e9 preciso que as pessoas participem da elabora\u00e7\u00e3o e da implementa\u00e7\u00e3o das estrat\u00e9gias, defende relat\u00f3rio<\/em><\/p>\n<p><strong>da PrimaPagina<\/strong><\/p>\n<p>As pol\u00edticas p\u00fablicas para promo\u00e7\u00e3o de valores importantes para o desenvolvimento devem incluir as pessoas \u2014 n\u00e3o s\u00f3 como alvo, mas tamb\u00e9m como participantes na elabora\u00e7\u00e3o e na implanta\u00e7\u00e3o dessas a\u00e7\u00f5es, afirma a vers\u00e3o inicial do terceiro caderno do Relat\u00f3rio de Desenvolvimento Humano Brasil 2009\/2010, publicada nesta ter\u00e7a-feira pelo PNUD.<\/p>\n<p>Intitulado \u201cPol\u00edticas de Valor\u201d, o estudo defende a ado\u00e7\u00e3o de estrat\u00e9gias \u201ccom o cidad\u00e3o\u201d, n\u00e3o apenas para ele. O texto prop\u00f5e \u201cprocessos de forma\u00e7\u00e3o de pol\u00edticas nos quais os indiv\u00edduos possam ver estimuladas suas habilidades de participa\u00e7\u00e3o ativa e aut\u00f4noma na constru\u00e7\u00e3o das solu\u00e7\u00f5es\u201d.<\/p>\n<p>Essa participa\u00e7\u00e3o \u00e9 importante porque estimula as pessoas a tra\u00e7arem metas e se esfor\u00e7arem para obt\u00ea-los, como parte de suas aspira\u00e7\u00f5es e da liberdade que t\u00eam para realizar seus objetivos. A efici\u00eancia dos programas tamb\u00e9m tende a aumentar, pois os t\u00e9cnicos e os governantes t\u00eam conhecimento limitado sobre as condi\u00e7\u00f5es do momento da implementa\u00e7\u00e3o das pol\u00edticas. \u201cSomente uma pol\u00edtica com o cidad\u00e3o pode chegar a processos decis\u00f3rios que levem em conta obst\u00e1culos, interesses e realidades diversas\u201d, diz o relat\u00f3rio.<\/p>\n<p>Al\u00e9m disso, o estudo destaca que \u201ca participa\u00e7\u00e3o das pessoas \u00e9 importante para o entendimento de conflitos, aparentemente insol\u00faveis, decorrentes de interesses locais, que muitas vezes entravam os planos de desenvolvimento e que somente o di\u00e1logo pode resolver\u201d.<\/p>\n<p>Assim, ao contr\u00e1rio do que ocorre em relat\u00f3rios desse tipo, o leque de recomenda\u00e7\u00f5es n\u00e3o \u00e9 voltado apenas a governos. O caderno tamb\u00e9m apresenta propostas para fam\u00edlias, escolas e no trabalho. O objetivo \u00e9 discutir as melhores solu\u00e7\u00f5es para promover valores de vida na sociedade e, assim, contribuir para a redu\u00e7\u00e3o da viol\u00eancia e a melhoria da educa\u00e7\u00e3o \u2014 as duas maiores prioridades dos brasileiros, como apontou a pesquisa Brasil Ponto a Ponto, abordada no primeiro caderno do relat\u00f3rio.<\/p>\n<p>Para as fam\u00edlias (entendidas como redes de cuidado e afeto, n\u00e3o necessariamente uma estrutura formada por pai, m\u00e3e e filhos), o estudo prop\u00f5e a reorganiza\u00e7\u00e3o do tempo e do espa\u00e7o, para gerar mais chances de que haja viv\u00eancias que criem valores. \u201cA pol\u00edticas com as fam\u00edlias devem oferecer suporte a elas para que seus membros se sintam mais capazes de estimular o di\u00e1logo, a criticidade, a escuta ativa e o respeito m\u00fatuo\u201d, sugere o documento.<\/p>\n<p>Nas escolas, o desafio principal \u00e9 melhorar a conviv\u00eancia \u2014 dentro da institui\u00e7\u00e3o de ensino e entre professores e pais de alunos. Entre as recomenda\u00e7\u00f5es nesse sentido est\u00e3o o aumento do envolvimento dos estudantes na formula\u00e7\u00e3o de atividades e projetos, a abertura da escola para a comunidade, o incentivo a pr\u00e1ticas esportivas e da leitura. \u201cA tarefa de humaniza\u00e7\u00e3o das escolas atrav\u00e9s do est\u00edmulo a pr\u00e1ticas e experi\u00eancias de valor est\u00e1 longe de ser uma panaceia aos desafios da educa\u00e7\u00e3o b\u00e1sica no pa\u00eds. Mas pode ser uma ajuda e uma contribui\u00e7\u00e3o \u00e0 ambi\u00e7\u00e3o da busca por justi\u00e7a social atrav\u00e9s da educa\u00e7\u00e3o\u201d.<\/p>\n<p>Para os governos, a tarefa mais importante, segundo o texto, \u00e9 o investimento em espa\u00e7os p\u00fablicos que propiciem experi\u00eancias que geram valores \u2014 como parquinhos em escolas infantis, projetos habitacionais que privilegiem a sociabilidade e projetos de transporte que facilitem a circula\u00e7\u00e3o das pessoas.<\/p>\n<p>No trabalho, um dos objetivos deve ser incentivar a coopera\u00e7\u00e3o, defende o relat\u00f3rio. \u201cas pr\u00e1ticas de gest\u00e3o t\u00eam de ir \u201cal\u00e9m das metas de produtividade e do controle do absente\u00edsmo, ocupando-se de pol\u00edticas que possibilitem a cria\u00e7\u00e3o de mecanismos de mobiliza\u00e7\u00e3o e participa\u00e7\u00e3o, resgatando assim, o valor humano do trabalho para melhoria da qualidade de vida da sociedade\u201d.<\/p>\n<p>___________<\/p>\n<p><strong>Fonte:<\/strong> <a href=\"http:\/\/www.pnud.org.br\/cidadania\/reportagens\/index.php?id01=3539&amp;lay=cid\">PNUD<\/a><\/p>\n","protected":false},"excerpt":{"rendered":"<p>Para promover valores, \u00e9 preciso que as pessoas participem da elabora\u00e7\u00e3o e da implementa\u00e7\u00e3o das estrat\u00e9gias, defende relat\u00f3rio. Informa\u00e7\u00e3o \u00e9 do PNUD.<\/p>\n","protected":false},"author":1,"featured_media":0,"comment_status":"open","ping_status":"open","sticky":false,"template":"","format":"standard","meta":{"site-container-style":"default","site-container-layout":"default","site-sidebar-layout":"default","disable-article-header":"default","disable-site-header":"default","disable-site-footer":"default","disable-content-area-spacing":"default","footnotes":""},"categories":[48,4],"tags":[],"class_list":["post-16917","post","type-post","status-publish","format-standard","hentry","category-inclusao","category-noticias"],"yoast_head":"<!-- This site is optimized with the Yoast SEO plugin v27.5 - https:\/\/yoast.com\/product\/yoast-seo-wordpress\/ -->\n<title>Pol\u00edticas de valor t\u00eam de incluir cidad\u00e3o -<\/title>\n<meta name=\"robots\" content=\"index, follow, max-snippet:-1, max-image-preview:large, max-video-preview:-1\" \/>\n<link rel=\"canonical\" href=\"https:\/\/inclusivenews.com.br\/?p=16917\" \/>\n<meta property=\"og:locale\" content=\"pt_PT\" \/>\n<meta property=\"og:type\" content=\"article\" \/>\n<meta property=\"og:title\" content=\"Pol\u00edticas de valor t\u00eam de incluir cidad\u00e3o -\" \/>\n<meta property=\"og:description\" content=\"Para promover valores, \u00e9 preciso que as pessoas participem da elabora\u00e7\u00e3o e da implementa\u00e7\u00e3o das estrat\u00e9gias, defende relat\u00f3rio. Informa\u00e7\u00e3o \u00e9 do PNUD.\" \/>\n<meta property=\"og:url\" content=\"https:\/\/inclusivenews.com.br\/?p=16917\" \/>\n<meta property=\"article:publisher\" content=\"https:\/\/www.facebook.com\/agenciainclusive\/\" \/>\n<meta property=\"article:published_time\" content=\"2010-08-19T10:30:18+00:00\" \/>\n<meta property=\"og:image\" content=\"http:\/\/www.pnud.org.br\/public\/imgc3533.jpg\" \/>\n<meta name=\"author\" content=\"inclusivenews2024\" \/>\n<meta name=\"twitter:card\" content=\"summary_large_image\" \/>\n<meta name=\"twitter:label1\" content=\"Escrito por\" \/>\n\t<meta name=\"twitter:data1\" content=\"inclusivenews2024\" \/>\n\t<meta name=\"twitter:label2\" content=\"Tempo estimado de leitura\" \/>\n\t<meta name=\"twitter:data2\" content=\"3 minutos\" \/>\n<script type=\"application\/ld+json\" class=\"yoast-schema-graph\">{\"@context\":\"https:\\\/\\\/schema.org\",\"@graph\":[{\"@type\":\"Article\",\"@id\":\"https:\\\/\\\/inclusivenews.com.br\\\/?p=16917#article\",\"isPartOf\":{\"@id\":\"https:\\\/\\\/inclusivenews.com.br\\\/?p=16917\"},\"author\":{\"name\":\"inclusivenews2024\",\"@id\":\"https:\\\/\\\/inclusivenews.com.br\\\/#\\\/schema\\\/person\\\/ae4ec7087559b8692fb33b6fffd2273b\"},\"headline\":\"Pol\u00edticas de valor t\u00eam de incluir cidad\u00e3o\",\"datePublished\":\"2010-08-19T10:30:18+00:00\",\"mainEntityOfPage\":{\"@id\":\"https:\\\/\\\/inclusivenews.com.br\\\/?p=16917\"},\"wordCount\":693,\"commentCount\":0,\"publisher\":{\"@id\":\"https:\\\/\\\/inclusivenews.com.br\\\/#organization\"},\"image\":{\"@id\":\"https:\\\/\\\/inclusivenews.com.br\\\/?p=16917#primaryimage\"},\"thumbnailUrl\":\"http:\\\/\\\/www.pnud.org.br\\\/public\\\/imgc3533.jpg\",\"articleSection\":[\"INCLUS\u00c3O SOCIAL\",\"NOT\u00cdCIAS\"],\"inLanguage\":\"pt-PT\",\"potentialAction\":[{\"@type\":\"CommentAction\",\"name\":\"Comment\",\"target\":[\"https:\\\/\\\/inclusivenews.com.br\\\/?p=16917#respond\"]}]},{\"@type\":\"WebPage\",\"@id\":\"https:\\\/\\\/inclusivenews.com.br\\\/?p=16917\",\"url\":\"https:\\\/\\\/inclusivenews.com.br\\\/?p=16917\",\"name\":\"Pol\u00edticas de valor t\u00eam de incluir cidad\u00e3o -\",\"isPartOf\":{\"@id\":\"https:\\\/\\\/inclusivenews.com.br\\\/#website\"},\"primaryImageOfPage\":{\"@id\":\"https:\\\/\\\/inclusivenews.com.br\\\/?p=16917#primaryimage\"},\"image\":{\"@id\":\"https:\\\/\\\/inclusivenews.com.br\\\/?p=16917#primaryimage\"},\"thumbnailUrl\":\"http:\\\/\\\/www.pnud.org.br\\\/public\\\/imgc3533.jpg\",\"datePublished\":\"2010-08-19T10:30:18+00:00\",\"breadcrumb\":{\"@id\":\"https:\\\/\\\/inclusivenews.com.br\\\/?p=16917#breadcrumb\"},\"inLanguage\":\"pt-PT\",\"potentialAction\":[{\"@type\":\"ReadAction\",\"target\":[\"https:\\\/\\\/inclusivenews.com.br\\\/?p=16917\"]}]},{\"@type\":\"ImageObject\",\"inLanguage\":\"pt-PT\",\"@id\":\"https:\\\/\\\/inclusivenews.com.br\\\/?p=16917#primaryimage\",\"url\":\"http:\\\/\\\/www.pnud.org.br\\\/public\\\/imgc3533.jpg\",\"contentUrl\":\"http:\\\/\\\/www.pnud.org.br\\\/public\\\/imgc3533.jpg\"},{\"@type\":\"BreadcrumbList\",\"@id\":\"https:\\\/\\\/inclusivenews.com.br\\\/?p=16917#breadcrumb\",\"itemListElement\":[{\"@type\":\"ListItem\",\"position\":1,\"name\":\"In\u00edcio\",\"item\":\"https:\\\/\\\/inclusivenews.com.br\\\/\"},{\"@type\":\"ListItem\",\"position\":2,\"name\":\"Pol\u00edticas de valor t\u00eam de incluir cidad\u00e3o\"}]},{\"@type\":\"WebSite\",\"@id\":\"https:\\\/\\\/inclusivenews.com.br\\\/#website\",\"url\":\"https:\\\/\\\/inclusivenews.com.br\\\/\",\"name\":\"Inclusive News\",\"description\":\"Inclusive News\",\"publisher\":{\"@id\":\"https:\\\/\\\/inclusivenews.com.br\\\/#organization\"},\"potentialAction\":[{\"@type\":\"SearchAction\",\"target\":{\"@type\":\"EntryPoint\",\"urlTemplate\":\"https:\\\/\\\/inclusivenews.com.br\\\/?s={search_term_string}\"},\"query-input\":{\"@type\":\"PropertyValueSpecification\",\"valueRequired\":true,\"valueName\":\"search_term_string\"}}],\"inLanguage\":\"pt-PT\"},{\"@type\":\"Organization\",\"@id\":\"https:\\\/\\\/inclusivenews.com.br\\\/#organization\",\"name\":\"Inclusive - inclus\u00e3o e cidadania\",\"url\":\"https:\\\/\\\/inclusivenews.com.br\\\/\",\"logo\":{\"@type\":\"ImageObject\",\"inLanguage\":\"pt-PT\",\"@id\":\"https:\\\/\\\/inclusivenews.com.br\\\/#\\\/schema\\\/logo\\\/image\\\/\",\"url\":\"https:\\\/\\\/inclusivenews.com.br\\\/wp-content\\\/uploads\\\/2024\\\/03\\\/@grandesite.png\",\"contentUrl\":\"https:\\\/\\\/inclusivenews.com.br\\\/wp-content\\\/uploads\\\/2024\\\/03\\\/@grandesite.png\",\"width\":1080,\"height\":1080,\"caption\":\"Inclusive - inclus\u00e3o e cidadania\"},\"image\":{\"@id\":\"https:\\\/\\\/inclusivenews.com.br\\\/#\\\/schema\\\/logo\\\/image\\\/\"},\"sameAs\":[\"https:\\\/\\\/www.facebook.com\\\/agenciainclusive\\\/\",\"https:\\\/\\\/www.instagram.com\\\/newsinclusive\\\/\"]},{\"@type\":\"Person\",\"@id\":\"https:\\\/\\\/inclusivenews.com.br\\\/#\\\/schema\\\/person\\\/ae4ec7087559b8692fb33b6fffd2273b\",\"name\":\"inclusivenews2024\",\"image\":{\"@type\":\"ImageObject\",\"inLanguage\":\"pt-PT\",\"@id\":\"https:\\\/\\\/secure.gravatar.com\\\/avatar\\\/c5a7ef84c66fa914f55bc4f7ce26cfa275a3b9a1c5568b907bd184fb4dde7b40?s=96&d=mm&r=g\",\"url\":\"https:\\\/\\\/secure.gravatar.com\\\/avatar\\\/c5a7ef84c66fa914f55bc4f7ce26cfa275a3b9a1c5568b907bd184fb4dde7b40?s=96&d=mm&r=g\",\"contentUrl\":\"https:\\\/\\\/secure.gravatar.com\\\/avatar\\\/c5a7ef84c66fa914f55bc4f7ce26cfa275a3b9a1c5568b907bd184fb4dde7b40?s=96&d=mm&r=g\",\"caption\":\"inclusivenews2024\"},\"sameAs\":[\"https:\\\/\\\/inclusivenews.com.br\"],\"url\":\"https:\\\/\\\/inclusivenews.com.br\\\/?author=1\"}]}<\/script>\n<!-- \/ Yoast SEO plugin. -->","yoast_head_json":{"title":"Pol\u00edticas de valor t\u00eam de incluir cidad\u00e3o -","robots":{"index":"index","follow":"follow","max-snippet":"max-snippet:-1","max-image-preview":"max-image-preview:large","max-video-preview":"max-video-preview:-1"},"canonical":"https:\/\/inclusivenews.com.br\/?p=16917","og_locale":"pt_PT","og_type":"article","og_title":"Pol\u00edticas de valor t\u00eam de incluir cidad\u00e3o -","og_description":"Para promover valores, \u00e9 preciso que as pessoas participem da elabora\u00e7\u00e3o e da implementa\u00e7\u00e3o das estrat\u00e9gias, defende relat\u00f3rio. Informa\u00e7\u00e3o \u00e9 do PNUD.","og_url":"https:\/\/inclusivenews.com.br\/?p=16917","article_publisher":"https:\/\/www.facebook.com\/agenciainclusive\/","article_published_time":"2010-08-19T10:30:18+00:00","og_image":[{"url":"http:\/\/www.pnud.org.br\/public\/imgc3533.jpg","type":"","width":"","height":""}],"author":"inclusivenews2024","twitter_card":"summary_large_image","twitter_misc":{"Escrito por":"inclusivenews2024","Tempo estimado de leitura":"3 minutos"},"schema":{"@context":"https:\/\/schema.org","@graph":[{"@type":"Article","@id":"https:\/\/inclusivenews.com.br\/?p=16917#article","isPartOf":{"@id":"https:\/\/inclusivenews.com.br\/?p=16917"},"author":{"name":"inclusivenews2024","@id":"https:\/\/inclusivenews.com.br\/#\/schema\/person\/ae4ec7087559b8692fb33b6fffd2273b"},"headline":"Pol\u00edticas de valor t\u00eam de incluir cidad\u00e3o","datePublished":"2010-08-19T10:30:18+00:00","mainEntityOfPage":{"@id":"https:\/\/inclusivenews.com.br\/?p=16917"},"wordCount":693,"commentCount":0,"publisher":{"@id":"https:\/\/inclusivenews.com.br\/#organization"},"image":{"@id":"https:\/\/inclusivenews.com.br\/?p=16917#primaryimage"},"thumbnailUrl":"http:\/\/www.pnud.org.br\/public\/imgc3533.jpg","articleSection":["INCLUS\u00c3O SOCIAL","NOT\u00cdCIAS"],"inLanguage":"pt-PT","potentialAction":[{"@type":"CommentAction","name":"Comment","target":["https:\/\/inclusivenews.com.br\/?p=16917#respond"]}]},{"@type":"WebPage","@id":"https:\/\/inclusivenews.com.br\/?p=16917","url":"https:\/\/inclusivenews.com.br\/?p=16917","name":"Pol\u00edticas de valor t\u00eam de incluir cidad\u00e3o -","isPartOf":{"@id":"https:\/\/inclusivenews.com.br\/#website"},"primaryImageOfPage":{"@id":"https:\/\/inclusivenews.com.br\/?p=16917#primaryimage"},"image":{"@id":"https:\/\/inclusivenews.com.br\/?p=16917#primaryimage"},"thumbnailUrl":"http:\/\/www.pnud.org.br\/public\/imgc3533.jpg","datePublished":"2010-08-19T10:30:18+00:00","breadcrumb":{"@id":"https:\/\/inclusivenews.com.br\/?p=16917#breadcrumb"},"inLanguage":"pt-PT","potentialAction":[{"@type":"ReadAction","target":["https:\/\/inclusivenews.com.br\/?p=16917"]}]},{"@type":"ImageObject","inLanguage":"pt-PT","@id":"https:\/\/inclusivenews.com.br\/?p=16917#primaryimage","url":"http:\/\/www.pnud.org.br\/public\/imgc3533.jpg","contentUrl":"http:\/\/www.pnud.org.br\/public\/imgc3533.jpg"},{"@type":"BreadcrumbList","@id":"https:\/\/inclusivenews.com.br\/?p=16917#breadcrumb","itemListElement":[{"@type":"ListItem","position":1,"name":"In\u00edcio","item":"https:\/\/inclusivenews.com.br\/"},{"@type":"ListItem","position":2,"name":"Pol\u00edticas de valor t\u00eam de incluir cidad\u00e3o"}]},{"@type":"WebSite","@id":"https:\/\/inclusivenews.com.br\/#website","url":"https:\/\/inclusivenews.com.br\/","name":"Inclusive News","description":"Inclusive News","publisher":{"@id":"https:\/\/inclusivenews.com.br\/#organization"},"potentialAction":[{"@type":"SearchAction","target":{"@type":"EntryPoint","urlTemplate":"https:\/\/inclusivenews.com.br\/?s={search_term_string}"},"query-input":{"@type":"PropertyValueSpecification","valueRequired":true,"valueName":"search_term_string"}}],"inLanguage":"pt-PT"},{"@type":"Organization","@id":"https:\/\/inclusivenews.com.br\/#organization","name":"Inclusive - inclus\u00e3o e cidadania","url":"https:\/\/inclusivenews.com.br\/","logo":{"@type":"ImageObject","inLanguage":"pt-PT","@id":"https:\/\/inclusivenews.com.br\/#\/schema\/logo\/image\/","url":"https:\/\/inclusivenews.com.br\/wp-content\/uploads\/2024\/03\/@grandesite.png","contentUrl":"https:\/\/inclusivenews.com.br\/wp-content\/uploads\/2024\/03\/@grandesite.png","width":1080,"height":1080,"caption":"Inclusive - inclus\u00e3o e cidadania"},"image":{"@id":"https:\/\/inclusivenews.com.br\/#\/schema\/logo\/image\/"},"sameAs":["https:\/\/www.facebook.com\/agenciainclusive\/","https:\/\/www.instagram.com\/newsinclusive\/"]},{"@type":"Person","@id":"https:\/\/inclusivenews.com.br\/#\/schema\/person\/ae4ec7087559b8692fb33b6fffd2273b","name":"inclusivenews2024","image":{"@type":"ImageObject","inLanguage":"pt-PT","@id":"https:\/\/secure.gravatar.com\/avatar\/c5a7ef84c66fa914f55bc4f7ce26cfa275a3b9a1c5568b907bd184fb4dde7b40?s=96&d=mm&r=g","url":"https:\/\/secure.gravatar.com\/avatar\/c5a7ef84c66fa914f55bc4f7ce26cfa275a3b9a1c5568b907bd184fb4dde7b40?s=96&d=mm&r=g","contentUrl":"https:\/\/secure.gravatar.com\/avatar\/c5a7ef84c66fa914f55bc4f7ce26cfa275a3b9a1c5568b907bd184fb4dde7b40?s=96&d=mm&r=g","caption":"inclusivenews2024"},"sameAs":["https:\/\/inclusivenews.com.br"],"url":"https:\/\/inclusivenews.com.br\/?author=1"}]}},"_links":{"self":[{"href":"https:\/\/inclusivenews.com.br\/index.php?rest_route=\/wp\/v2\/posts\/16917","targetHints":{"allow":["GET"]}}],"collection":[{"href":"https:\/\/inclusivenews.com.br\/index.php?rest_route=\/wp\/v2\/posts"}],"about":[{"href":"https:\/\/inclusivenews.com.br\/index.php?rest_route=\/wp\/v2\/types\/post"}],"author":[{"embeddable":true,"href":"https:\/\/inclusivenews.com.br\/index.php?rest_route=\/wp\/v2\/users\/1"}],"replies":[{"embeddable":true,"href":"https:\/\/inclusivenews.com.br\/index.php?rest_route=%2Fwp%2Fv2%2Fcomments&post=16917"}],"version-history":[{"count":0,"href":"https:\/\/inclusivenews.com.br\/index.php?rest_route=\/wp\/v2\/posts\/16917\/revisions"}],"wp:attachment":[{"href":"https:\/\/inclusivenews.com.br\/index.php?rest_route=%2Fwp%2Fv2%2Fmedia&parent=16917"}],"wp:term":[{"taxonomy":"category","embeddable":true,"href":"https:\/\/inclusivenews.com.br\/index.php?rest_route=%2Fwp%2Fv2%2Fcategories&post=16917"},{"taxonomy":"post_tag","embeddable":true,"href":"https:\/\/inclusivenews.com.br\/index.php?rest_route=%2Fwp%2Fv2%2Ftags&post=16917"}],"curies":[{"name":"wp","href":"https:\/\/api.w.org\/{rel}","templated":true}]}}