{"id":16924,"date":"2010-08-19T07:19:11","date_gmt":"2010-08-19T10:19:11","guid":{"rendered":"http:\/\/www.inclusive.org.br\/?p=16924"},"modified":"2010-08-19T07:19:11","modified_gmt":"2010-08-19T10:19:11","slug":"casa-civil-recomenda-acessibilidade-nas-obras-do-pac-a-pedido-da-pfdc","status":"publish","type":"post","link":"https:\/\/inclusivenews.com.br\/?p=16924","title":{"rendered":"Casa Civil recomenda acessibilidade nas obras do PAC, a pedido da PFDC"},"content":{"rendered":"<figure id=\"attachment_13347\" aria-describedby=\"caption-attachment-13347\" style=\"width: 193px\" class=\"wp-caption alignleft\"><a href=\"http:\/\/www.inclusivenews.com.br\/wp-content\/uploads\/2010\/01\/acessibilidade.gif\"><img loading=\"lazy\" decoding=\"async\" class=\"size-full wp-image-13347 \" title=\"S\u00edmbolo internacional da acessibilidade - boneco em cadeira de rodas sobre fundo azul\" src=\"http:\/\/inclusivenews.com.br\/wp-content\/uploads\/2010\/01\/acessibilidade.gif\" alt=\"\" width=\"193\" height=\"217\" \/><\/a><figcaption id=\"caption-attachment-13347\" class=\"wp-caption-text\"> <\/figcaption><\/figure>\n<p><em>O objetivo \u00e9 garantir o cumprimento de normas voltadas a direitos de pessoas com defici\u00eancia ou com mobilidade reduzida<\/em><\/p>\n<div id=\"mudaFonte\">\n<p>A ministra-chefe da Casa Civil encaminhou aos \u00f3rg\u00e3os respons\u00e1veis pelas obras e projetos do Programa de Acelera\u00e7\u00e3o do Crescimento (PAC) of\u00edcio da Procuradoria Federal dos Direitos do Cidad\u00e3o (PFDC) sobre acessibilidade de pessoas com defici\u00eancia ou com mobilidade reduzida. O documento solicita que as exig\u00eancias de acessibilidade nas obras e projetos financiados com verbas p\u00fablicas sejam destacadas na apresenta\u00e7\u00e3o das regras do PAC.<\/p>\n<p>O objetivo \u00e9 garantir o cumprimento das Leis 10.048\/2000 e 10.098\/2000, assim como da Conven\u00e7\u00e3o Internacional sobre os Direitos das Pessoas com Defici\u00eancia, ratificada pelo Brasil em 2008. Essas normas visam a promo\u00e7\u00e3o da acessibilidade das pessoas portadoras de defici\u00eancia ou com mobilidade reduzida, mediante a supress\u00e3o de barreiras e de obst\u00e1culos nas vias e espa\u00e7os p\u00fablicos, no mobili\u00e1rio urbano, na constru\u00e7\u00e3o e reforma de edif\u00edcios e nos meios de transporte e de comunica\u00e7\u00e3o.<\/p>\n<p>Foram acionados pela Casa Civil os Minist\u00e9rios da Defesa, de Minas e Energia, dos Transportes, da Fazenda, do Planejamento, Or\u00e7amento e Gest\u00e3o, do Meio Ambiente, da Integra\u00e7\u00e3o Nacional, das Cidades e a Secretaria Especial de Portos.<\/p>\n<p>GT &#8211; Desde 2005 funciona na PFDC o Grupo de Trabalho Inclus\u00e3o para Pessoas com Defici\u00eancia. Al\u00e9m de acompanhar a implementa\u00e7\u00e3o do Decreto 5.296\/2004, que regulamenta as Leis 10.048\/2000 e 10.098\/2000, o GT tem como objetivo formular as linhas de atua\u00e7\u00e3o, metas e diretrizes de trabalho no \u00e2mbito do Minist\u00e9rio P\u00fablico Federal com vistas a uniformizar a atua\u00e7\u00e3o dos membros no campo da inclus\u00e3o de pessoas com defici\u00eancia.<\/p>\n<p>Saiba mais <a title=\"grupo de trabalho\" href=\"http:\/\/pfdc.pgr.mpf.gov.br\/institucional\/grupos-de-trabalho\/inclusao-pessoas-deficiencia\/institucional\/apresentacao\" target=\"_blank\" rel=\"noopener\">aqui<\/a>.<\/p>\n<p>Secretaria de Comunica\u00e7\u00e3o Social<br \/>\nProcuradoria Geral da Rep\u00fablica<br \/>\n(61) 3105-6404\/6408<br \/>\n___________<\/p>\n<\/div>\n<p><strong>Fonte:<\/strong> <a href=\"http:\/\/noticias.pgr.mpf.gov.br\/noticias\/noticias-do-site\/copy_of_direitos-do-cidadao\/casa-civil-recomenda-acessibilidade-nas-obras-do-pac-a-pedido-da-pfdc\">PFDC<\/a><\/p>\n","protected":false},"excerpt":{"rendered":"<p>O objetivo \u00e9 garantir o cumprimento de normas voltadas a direitos de pessoas com defici\u00eancia ou com mobilidade reduzida. Informa\u00e7\u00e3o \u00e9 da PFDC.<\/p>\n","protected":false},"author":1,"featured_media":0,"comment_status":"open","ping_status":"open","sticky":false,"template":"","format":"standard","meta":{"site-container-style":"default","site-container-layout":"default","site-sidebar-layout":"default","disable-article-header":"default","disable-site-header":"default","disable-site-footer":"default","disable-content-area-spacing":"default","footnotes":""},"categories":[44,48,4],"tags":[],"class_list":["post-16924","post","type-post","status-publish","format-standard","hentry","category-acessibilidade","category-inclusao","category-noticias"],"yoast_head":"<!-- This site is optimized with the Yoast SEO plugin v27.4 - https:\/\/yoast.com\/product\/yoast-seo-wordpress\/ -->\n<title>Casa Civil recomenda acessibilidade nas obras do PAC, a pedido da PFDC -<\/title>\n<meta name=\"robots\" content=\"index, follow, max-snippet:-1, max-image-preview:large, max-video-preview:-1\" \/>\n<link rel=\"canonical\" href=\"https:\/\/inclusivenews.com.br\/?p=16924\" \/>\n<meta property=\"og:locale\" content=\"pt_PT\" \/>\n<meta property=\"og:type\" content=\"article\" \/>\n<meta property=\"og:title\" content=\"Casa Civil recomenda acessibilidade nas obras do PAC, a pedido da PFDC -\" \/>\n<meta property=\"og:description\" content=\"O objetivo \u00e9 garantir o cumprimento de normas voltadas a direitos de pessoas com defici\u00eancia ou com mobilidade reduzida. Informa\u00e7\u00e3o \u00e9 da PFDC.\" \/>\n<meta property=\"og:url\" content=\"https:\/\/inclusivenews.com.br\/?p=16924\" \/>\n<meta property=\"article:publisher\" content=\"https:\/\/www.facebook.com\/agenciainclusive\/\" \/>\n<meta property=\"article:published_time\" content=\"2010-08-19T10:19:11+00:00\" \/>\n<meta property=\"og:image\" content=\"http:\/\/inclusivenews.com.br\/wp-content\/uploads\/2010\/01\/acessibilidade.gif\" \/>\n<meta name=\"author\" content=\"inclusivenews2024\" \/>\n<meta name=\"twitter:card\" content=\"summary_large_image\" \/>\n<meta name=\"twitter:label1\" content=\"Escrito por\" \/>\n\t<meta name=\"twitter:data1\" content=\"inclusivenews2024\" \/>\n\t<meta name=\"twitter:label2\" content=\"Tempo estimado de leitura\" \/>\n\t<meta name=\"twitter:data2\" content=\"2 minutos\" \/>\n<script type=\"application\/ld+json\" class=\"yoast-schema-graph\">{\"@context\":\"https:\\\/\\\/schema.org\",\"@graph\":[{\"@type\":\"Article\",\"@id\":\"https:\\\/\\\/inclusivenews.com.br\\\/?p=16924#article\",\"isPartOf\":{\"@id\":\"https:\\\/\\\/inclusivenews.com.br\\\/?p=16924\"},\"author\":{\"name\":\"inclusivenews2024\",\"@id\":\"https:\\\/\\\/inclusivenews.com.br\\\/#\\\/schema\\\/person\\\/ae4ec7087559b8692fb33b6fffd2273b\"},\"headline\":\"Casa Civil recomenda acessibilidade nas obras do PAC, a pedido da PFDC\",\"datePublished\":\"2010-08-19T10:19:11+00:00\",\"mainEntityOfPage\":{\"@id\":\"https:\\\/\\\/inclusivenews.com.br\\\/?p=16924\"},\"wordCount\":323,\"commentCount\":1,\"publisher\":{\"@id\":\"https:\\\/\\\/inclusivenews.com.br\\\/#organization\"},\"image\":{\"@id\":\"https:\\\/\\\/inclusivenews.com.br\\\/?p=16924#primaryimage\"},\"thumbnailUrl\":\"http:\\\/\\\/inclusivenews.com.br\\\/wp-content\\\/uploads\\\/2010\\\/01\\\/acessibilidade.gif\",\"articleSection\":[\"ACESSIBILIDADE\",\"INCLUS\u00c3O SOCIAL\",\"NOT\u00cdCIAS\"],\"inLanguage\":\"pt-PT\",\"potentialAction\":[{\"@type\":\"CommentAction\",\"name\":\"Comment\",\"target\":[\"https:\\\/\\\/inclusivenews.com.br\\\/?p=16924#respond\"]}]},{\"@type\":\"WebPage\",\"@id\":\"https:\\\/\\\/inclusivenews.com.br\\\/?p=16924\",\"url\":\"https:\\\/\\\/inclusivenews.com.br\\\/?p=16924\",\"name\":\"Casa Civil recomenda acessibilidade nas obras do PAC, a pedido da PFDC -\",\"isPartOf\":{\"@id\":\"https:\\\/\\\/inclusivenews.com.br\\\/#website\"},\"primaryImageOfPage\":{\"@id\":\"https:\\\/\\\/inclusivenews.com.br\\\/?p=16924#primaryimage\"},\"image\":{\"@id\":\"https:\\\/\\\/inclusivenews.com.br\\\/?p=16924#primaryimage\"},\"thumbnailUrl\":\"http:\\\/\\\/inclusivenews.com.br\\\/wp-content\\\/uploads\\\/2010\\\/01\\\/acessibilidade.gif\",\"datePublished\":\"2010-08-19T10:19:11+00:00\",\"breadcrumb\":{\"@id\":\"https:\\\/\\\/inclusivenews.com.br\\\/?p=16924#breadcrumb\"},\"inLanguage\":\"pt-PT\",\"potentialAction\":[{\"@type\":\"ReadAction\",\"target\":[\"https:\\\/\\\/inclusivenews.com.br\\\/?p=16924\"]}]},{\"@type\":\"ImageObject\",\"inLanguage\":\"pt-PT\",\"@id\":\"https:\\\/\\\/inclusivenews.com.br\\\/?p=16924#primaryimage\",\"url\":\"\",\"contentUrl\":\"\"},{\"@type\":\"BreadcrumbList\",\"@id\":\"https:\\\/\\\/inclusivenews.com.br\\\/?p=16924#breadcrumb\",\"itemListElement\":[{\"@type\":\"ListItem\",\"position\":1,\"name\":\"In\u00edcio\",\"item\":\"https:\\\/\\\/inclusivenews.com.br\\\/\"},{\"@type\":\"ListItem\",\"position\":2,\"name\":\"Casa Civil recomenda acessibilidade nas obras do PAC, a pedido da PFDC\"}]},{\"@type\":\"WebSite\",\"@id\":\"https:\\\/\\\/inclusivenews.com.br\\\/#website\",\"url\":\"https:\\\/\\\/inclusivenews.com.br\\\/\",\"name\":\"Inclusive News\",\"description\":\"Inclusive News\",\"publisher\":{\"@id\":\"https:\\\/\\\/inclusivenews.com.br\\\/#organization\"},\"potentialAction\":[{\"@type\":\"SearchAction\",\"target\":{\"@type\":\"EntryPoint\",\"urlTemplate\":\"https:\\\/\\\/inclusivenews.com.br\\\/?s={search_term_string}\"},\"query-input\":{\"@type\":\"PropertyValueSpecification\",\"valueRequired\":true,\"valueName\":\"search_term_string\"}}],\"inLanguage\":\"pt-PT\"},{\"@type\":\"Organization\",\"@id\":\"https:\\\/\\\/inclusivenews.com.br\\\/#organization\",\"name\":\"Inclusive - inclus\u00e3o e cidadania\",\"url\":\"https:\\\/\\\/inclusivenews.com.br\\\/\",\"logo\":{\"@type\":\"ImageObject\",\"inLanguage\":\"pt-PT\",\"@id\":\"https:\\\/\\\/inclusivenews.com.br\\\/#\\\/schema\\\/logo\\\/image\\\/\",\"url\":\"https:\\\/\\\/inclusivenews.com.br\\\/wp-content\\\/uploads\\\/2024\\\/03\\\/@grandesite.png\",\"contentUrl\":\"https:\\\/\\\/inclusivenews.com.br\\\/wp-content\\\/uploads\\\/2024\\\/03\\\/@grandesite.png\",\"width\":1080,\"height\":1080,\"caption\":\"Inclusive - inclus\u00e3o e cidadania\"},\"image\":{\"@id\":\"https:\\\/\\\/inclusivenews.com.br\\\/#\\\/schema\\\/logo\\\/image\\\/\"},\"sameAs\":[\"https:\\\/\\\/www.facebook.com\\\/agenciainclusive\\\/\",\"https:\\\/\\\/www.instagram.com\\\/newsinclusive\\\/\"]},{\"@type\":\"Person\",\"@id\":\"https:\\\/\\\/inclusivenews.com.br\\\/#\\\/schema\\\/person\\\/ae4ec7087559b8692fb33b6fffd2273b\",\"name\":\"inclusivenews2024\",\"image\":{\"@type\":\"ImageObject\",\"inLanguage\":\"pt-PT\",\"@id\":\"https:\\\/\\\/secure.gravatar.com\\\/avatar\\\/c5a7ef84c66fa914f55bc4f7ce26cfa275a3b9a1c5568b907bd184fb4dde7b40?s=96&d=mm&r=g\",\"url\":\"https:\\\/\\\/secure.gravatar.com\\\/avatar\\\/c5a7ef84c66fa914f55bc4f7ce26cfa275a3b9a1c5568b907bd184fb4dde7b40?s=96&d=mm&r=g\",\"contentUrl\":\"https:\\\/\\\/secure.gravatar.com\\\/avatar\\\/c5a7ef84c66fa914f55bc4f7ce26cfa275a3b9a1c5568b907bd184fb4dde7b40?s=96&d=mm&r=g\",\"caption\":\"inclusivenews2024\"},\"sameAs\":[\"https:\\\/\\\/inclusivenews.com.br\"],\"url\":\"https:\\\/\\\/inclusivenews.com.br\\\/?author=1\"}]}<\/script>\n<!-- \/ Yoast SEO plugin. -->","yoast_head_json":{"title":"Casa Civil recomenda acessibilidade nas obras do PAC, a pedido da PFDC -","robots":{"index":"index","follow":"follow","max-snippet":"max-snippet:-1","max-image-preview":"max-image-preview:large","max-video-preview":"max-video-preview:-1"},"canonical":"https:\/\/inclusivenews.com.br\/?p=16924","og_locale":"pt_PT","og_type":"article","og_title":"Casa Civil recomenda acessibilidade nas obras do PAC, a pedido da PFDC -","og_description":"O objetivo \u00e9 garantir o cumprimento de normas voltadas a direitos de pessoas com defici\u00eancia ou com mobilidade reduzida. Informa\u00e7\u00e3o \u00e9 da PFDC.","og_url":"https:\/\/inclusivenews.com.br\/?p=16924","article_publisher":"https:\/\/www.facebook.com\/agenciainclusive\/","article_published_time":"2010-08-19T10:19:11+00:00","og_image":[{"url":"http:\/\/inclusivenews.com.br\/wp-content\/uploads\/2010\/01\/acessibilidade.gif","type":"","width":"","height":""}],"author":"inclusivenews2024","twitter_card":"summary_large_image","twitter_misc":{"Escrito por":"inclusivenews2024","Tempo estimado de leitura":"2 minutos"},"schema":{"@context":"https:\/\/schema.org","@graph":[{"@type":"Article","@id":"https:\/\/inclusivenews.com.br\/?p=16924#article","isPartOf":{"@id":"https:\/\/inclusivenews.com.br\/?p=16924"},"author":{"name":"inclusivenews2024","@id":"https:\/\/inclusivenews.com.br\/#\/schema\/person\/ae4ec7087559b8692fb33b6fffd2273b"},"headline":"Casa Civil recomenda acessibilidade nas obras do PAC, a pedido da PFDC","datePublished":"2010-08-19T10:19:11+00:00","mainEntityOfPage":{"@id":"https:\/\/inclusivenews.com.br\/?p=16924"},"wordCount":323,"commentCount":1,"publisher":{"@id":"https:\/\/inclusivenews.com.br\/#organization"},"image":{"@id":"https:\/\/inclusivenews.com.br\/?p=16924#primaryimage"},"thumbnailUrl":"http:\/\/inclusivenews.com.br\/wp-content\/uploads\/2010\/01\/acessibilidade.gif","articleSection":["ACESSIBILIDADE","INCLUS\u00c3O SOCIAL","NOT\u00cdCIAS"],"inLanguage":"pt-PT","potentialAction":[{"@type":"CommentAction","name":"Comment","target":["https:\/\/inclusivenews.com.br\/?p=16924#respond"]}]},{"@type":"WebPage","@id":"https:\/\/inclusivenews.com.br\/?p=16924","url":"https:\/\/inclusivenews.com.br\/?p=16924","name":"Casa Civil recomenda acessibilidade nas obras do PAC, a pedido da PFDC -","isPartOf":{"@id":"https:\/\/inclusivenews.com.br\/#website"},"primaryImageOfPage":{"@id":"https:\/\/inclusivenews.com.br\/?p=16924#primaryimage"},"image":{"@id":"https:\/\/inclusivenews.com.br\/?p=16924#primaryimage"},"thumbnailUrl":"http:\/\/inclusivenews.com.br\/wp-content\/uploads\/2010\/01\/acessibilidade.gif","datePublished":"2010-08-19T10:19:11+00:00","breadcrumb":{"@id":"https:\/\/inclusivenews.com.br\/?p=16924#breadcrumb"},"inLanguage":"pt-PT","potentialAction":[{"@type":"ReadAction","target":["https:\/\/inclusivenews.com.br\/?p=16924"]}]},{"@type":"ImageObject","inLanguage":"pt-PT","@id":"https:\/\/inclusivenews.com.br\/?p=16924#primaryimage","url":"","contentUrl":""},{"@type":"BreadcrumbList","@id":"https:\/\/inclusivenews.com.br\/?p=16924#breadcrumb","itemListElement":[{"@type":"ListItem","position":1,"name":"In\u00edcio","item":"https:\/\/inclusivenews.com.br\/"},{"@type":"ListItem","position":2,"name":"Casa Civil recomenda acessibilidade nas obras do PAC, a pedido da PFDC"}]},{"@type":"WebSite","@id":"https:\/\/inclusivenews.com.br\/#website","url":"https:\/\/inclusivenews.com.br\/","name":"Inclusive News","description":"Inclusive News","publisher":{"@id":"https:\/\/inclusivenews.com.br\/#organization"},"potentialAction":[{"@type":"SearchAction","target":{"@type":"EntryPoint","urlTemplate":"https:\/\/inclusivenews.com.br\/?s={search_term_string}"},"query-input":{"@type":"PropertyValueSpecification","valueRequired":true,"valueName":"search_term_string"}}],"inLanguage":"pt-PT"},{"@type":"Organization","@id":"https:\/\/inclusivenews.com.br\/#organization","name":"Inclusive - inclus\u00e3o e cidadania","url":"https:\/\/inclusivenews.com.br\/","logo":{"@type":"ImageObject","inLanguage":"pt-PT","@id":"https:\/\/inclusivenews.com.br\/#\/schema\/logo\/image\/","url":"https:\/\/inclusivenews.com.br\/wp-content\/uploads\/2024\/03\/@grandesite.png","contentUrl":"https:\/\/inclusivenews.com.br\/wp-content\/uploads\/2024\/03\/@grandesite.png","width":1080,"height":1080,"caption":"Inclusive - inclus\u00e3o e cidadania"},"image":{"@id":"https:\/\/inclusivenews.com.br\/#\/schema\/logo\/image\/"},"sameAs":["https:\/\/www.facebook.com\/agenciainclusive\/","https:\/\/www.instagram.com\/newsinclusive\/"]},{"@type":"Person","@id":"https:\/\/inclusivenews.com.br\/#\/schema\/person\/ae4ec7087559b8692fb33b6fffd2273b","name":"inclusivenews2024","image":{"@type":"ImageObject","inLanguage":"pt-PT","@id":"https:\/\/secure.gravatar.com\/avatar\/c5a7ef84c66fa914f55bc4f7ce26cfa275a3b9a1c5568b907bd184fb4dde7b40?s=96&d=mm&r=g","url":"https:\/\/secure.gravatar.com\/avatar\/c5a7ef84c66fa914f55bc4f7ce26cfa275a3b9a1c5568b907bd184fb4dde7b40?s=96&d=mm&r=g","contentUrl":"https:\/\/secure.gravatar.com\/avatar\/c5a7ef84c66fa914f55bc4f7ce26cfa275a3b9a1c5568b907bd184fb4dde7b40?s=96&d=mm&r=g","caption":"inclusivenews2024"},"sameAs":["https:\/\/inclusivenews.com.br"],"url":"https:\/\/inclusivenews.com.br\/?author=1"}]}},"_links":{"self":[{"href":"https:\/\/inclusivenews.com.br\/index.php?rest_route=\/wp\/v2\/posts\/16924","targetHints":{"allow":["GET"]}}],"collection":[{"href":"https:\/\/inclusivenews.com.br\/index.php?rest_route=\/wp\/v2\/posts"}],"about":[{"href":"https:\/\/inclusivenews.com.br\/index.php?rest_route=\/wp\/v2\/types\/post"}],"author":[{"embeddable":true,"href":"https:\/\/inclusivenews.com.br\/index.php?rest_route=\/wp\/v2\/users\/1"}],"replies":[{"embeddable":true,"href":"https:\/\/inclusivenews.com.br\/index.php?rest_route=%2Fwp%2Fv2%2Fcomments&post=16924"}],"version-history":[{"count":0,"href":"https:\/\/inclusivenews.com.br\/index.php?rest_route=\/wp\/v2\/posts\/16924\/revisions"}],"wp:attachment":[{"href":"https:\/\/inclusivenews.com.br\/index.php?rest_route=%2Fwp%2Fv2%2Fmedia&parent=16924"}],"wp:term":[{"taxonomy":"category","embeddable":true,"href":"https:\/\/inclusivenews.com.br\/index.php?rest_route=%2Fwp%2Fv2%2Fcategories&post=16924"},{"taxonomy":"post_tag","embeddable":true,"href":"https:\/\/inclusivenews.com.br\/index.php?rest_route=%2Fwp%2Fv2%2Ftags&post=16924"}],"curies":[{"name":"wp","href":"https:\/\/api.w.org\/{rel}","templated":true}]}}