{"id":16935,"date":"2010-08-19T07:20:31","date_gmt":"2010-08-19T10:20:31","guid":{"rendered":"http:\/\/www.inclusive.org.br\/?p=16935"},"modified":"2010-08-19T07:20:31","modified_gmt":"2010-08-19T10:20:31","slug":"o-prazer-de-aprender-a-aprender","status":"publish","type":"post","link":"https:\/\/inclusivenews.com.br\/?p=16935","title":{"rendered":"O prazer de aprender a aprender"},"content":{"rendered":"<figure style=\"width: 192px\" class=\"wp-caption alignleft\"><img loading=\"lazy\" decoding=\"async\" title=\"Convite - descri\u00e7\u00e3o no texto a seguir\" src=\"http:\/\/3.bp.blogspot.com\/_F6eJ1FVmMF8\/TGGPQLOD5AI\/AAAAAAAABdo\/T1fEhpVdUt0\/s400\/(convite)_joao_luis_machado_-_o_prazer_de_aprender_a_aprender_100610-01+(2).jpg\" alt=\"\" width=\"192\" height=\"189\" \/><figcaption class=\"wp-caption-text\"> <\/figcaption><\/figure>\n<p>A Editora Multifoco convida para o lan\u00e7amento de &#8220;O prazer de aprender a aprender&#8221;, de Jo\u00e3o Lu\u00eds de Almeida Machado.<\/p>\n<p>Dia 21 de agosto &#8211; 11 hs.<\/p>\n<p>Bate-papo com o autor<br \/>\nProf. Dr. Jo\u00e3o Lu\u00eds de Almeida Machado<br \/>\nMembro da Academia Ca\u00e7apavense de Letras<br \/>\nData e Hor\u00e1rio: 21\/08\/2010 (S\u00e1bado) &#8211; 11 horas<br \/>\nLocal: Literacia &#8211; R. Rep\u00fablica do L\u00edbano, 291<br \/>\nS\u00e3o Jos\u00e9 dos Campos &#8211; SP &#8211; Tel: (12) 3204-7742<\/p>\n<p>Obs.: Logo ap\u00f3s o lan\u00e7amento, na hora do almo\u00e7o a Literacia estar\u00e1 realizando uma deliciosa feijoada com roda de chorinho (entre em contato pelo telefone 12-3204-7742 para reservas)<\/p>\n<p>___________________________<\/p>\n<p>&#8221; A Unesco,         atrav\u00e9s de         Jacques Delors, na obra \u201cOs Quatro Pilares da Educa\u00e7\u00e3o\u201d, definiu         a partir do         final do s\u00e9culo XX, que entre os princ\u00edpios elementares que         devem orientar a         a\u00e7\u00e3o pedag\u00f3gica inclui-se, como sustent\u00e1culo, o <em>aprender           a aprender<\/em>. \u00c9 muito mais do que o jogo de palavras nos         permite compreender, pois redefine no \u00e2mbito educacional as         diretrizes e os         par\u00e2metros que, literalmente, d\u00e3o o norte e estabelecem o rumo         da educa\u00e7\u00e3o no         mundo inteiro, inclusive no Brasil.<\/p>\n<p>N\u00e3o h\u00e1,         certamente,         como concretizar esta mudan\u00e7a da noite para o dia. Implica         revis\u00f5es e         atualiza\u00e7\u00f5es que devem promover uma verdadeira revolu\u00e7\u00e3o nas         salas de aula. N\u00e3o         se trata de uma revolu\u00e7\u00e3o que possa acontecer, como poderia se         esperar, por         decreto. Sendo assim, sua consolida\u00e7\u00e3o vem aos poucos,         silenciosa, adentrando         escola atr\u00e1s de escola, chegando aos gestores e aos professores,         sendo         propagada entre os alunos e funcion\u00e1rios, saindo do \u00e2mbito         escolar e, mesmo,         atingindo o tecido social&#8230;<\/p>\n<p><em>Aprender           a aprender<\/em> \u00e9 muito mais complexo do que         aquilo que se propunha         antes em educa\u00e7\u00e3o e, certamente, tamb\u00e9m \u00e9 mais efetivo,         propiciador de         resultados melhores, semeador de \u00eaxitos.<\/p>\n<p>Prop\u00f5e-se com         esta         id\u00e9ia a revis\u00e3o da cultura educacional como a conhecemos,         tornando o aluno o         centro de seu processo de aprendizagem, dando ao professor um         novo papel, de         brilho e destaque, como aquele que instiga, orienta, promove,         provoca e, a todo         o momento, tenta fazer com que os alunos fiquem mais curiosos e         interessados em         pesquisar, saber, conhecer o mundo a sua volta.<\/p>\n<p>Neste contexto,         gera-se         a id\u00e9ia de prazer, constitui-se espa\u00e7o em que as pessoas se         sentem bem,         configura-se seara em que os participantes querem e gostam muito         de estar         presentes, atuando.<\/p>\n<p>N\u00e3o consigo         pensar em         educa\u00e7\u00e3o que n\u00e3o traga prazer e satisfa\u00e7\u00e3o, mesmo que em alguns         momentos         tenhamos frustra\u00e7\u00f5es, dificuldades e problemas. Sentir-se feliz,         construindo-se         enquanto pessoa, afei\u00e7oando-se cada vez mais pelo saber,         entendendo como a         aprendizagem o torna melhor, sinais evidentes de que o prazer         est\u00e1 em pleno         curso, acontecendo, \u00e9 requisito b\u00e1sico para o ser humano         realmente se sentir         envolvido em qualquer inst\u00e2ncia de sua vida, seja pessoal ou         profissional.<\/p>\n<p>Ao trazer o         presente         livro, <strong><em>O Prazer de Aprender a Aprender<\/em><\/strong>,         publicado pela Editora Multifoco,         o que nos motiva \u00e9 demonstrar, a partir de textos que relatam,         explicitam,         explicam e descrevem id\u00e9ias, propostas e a\u00e7\u00f5es efetivas         relacionadas ao         trabalho educacional, que \u00e9 poss\u00edvel e, ao mesmo tempo,         necess\u00e1rio que         efetivemos a aproxima\u00e7\u00e3o entre o <em>Aprender           a Aprender<\/em> e o <em>Prazer<\/em> nas salas         de aula.<\/p>\n<p>Com este t\u00edtulo         queremos motivar, abrir espa\u00e7o para reflex\u00f5es, promover o         interc\u00e2mbio de id\u00e9ias         que auxiliem a educa\u00e7\u00e3o brasileira e, ao mesmo tempo, ajudar a         consolidar nas         escolas do pa\u00eds, uma educa\u00e7\u00e3o de qualidade em que nossos         estudantes, ao         aprender a aprender, com prazer, sintam-se cada vez mais         independentes,         articulados, engajados, participativos, \u00e9ticos e,         principalmente, felizes.         Tanto eles quanto seus professores, os gestores das escolas,         suas fam\u00edlias e         toda a sociedade!&#8221;<\/p>\n<p style=\"text-align: right;\"><em>Jo\u00e3o Lu\u00eds           de Almeida Machado<\/em><\/p>\n","protected":false},"excerpt":{"rendered":"<p>A Editora Multifoco convida para o lan\u00e7amento de &#8220;O prazer de aprender a aprender&#8221;, de Jo\u00e3o Lu\u00eds de Almeida Machado. 21\/08<\/p>\n","protected":false},"author":1,"featured_media":0,"comment_status":"open","ping_status":"open","sticky":false,"template":"","format":"standard","meta":{"site-container-style":"default","site-container-layout":"default","site-sidebar-layout":"default","disable-article-header":"default","disable-site-header":"default","disable-site-footer":"default","disable-content-area-spacing":"default","footnotes":""},"categories":[6,50,51,10],"tags":[],"class_list":["post-16935","post","type-post","status-publish","format-standard","hentry","category-educacao","category-lancamentos","category-livros","category-publicacoes"],"yoast_head":"<!-- This site is optimized with the Yoast SEO plugin v27.4 - https:\/\/yoast.com\/product\/yoast-seo-wordpress\/ -->\n<title>O prazer de aprender a aprender -<\/title>\n<meta name=\"robots\" content=\"index, follow, max-snippet:-1, max-image-preview:large, max-video-preview:-1\" \/>\n<link rel=\"canonical\" href=\"https:\/\/inclusivenews.com.br\/?p=16935\" \/>\n<meta property=\"og:locale\" content=\"pt_PT\" \/>\n<meta property=\"og:type\" content=\"article\" \/>\n<meta property=\"og:title\" content=\"O prazer de aprender a aprender -\" \/>\n<meta property=\"og:description\" content=\"A Editora Multifoco convida para o lan\u00e7amento de &quot;O prazer de aprender a aprender&quot;, de Jo\u00e3o Lu\u00eds de Almeida Machado. 21\/08\" \/>\n<meta property=\"og:url\" content=\"https:\/\/inclusivenews.com.br\/?p=16935\" \/>\n<meta property=\"article:publisher\" content=\"https:\/\/www.facebook.com\/agenciainclusive\/\" \/>\n<meta property=\"article:published_time\" content=\"2010-08-19T10:20:31+00:00\" \/>\n<meta property=\"og:image\" content=\"http:\/\/3.bp.blogspot.com\/_F6eJ1FVmMF8\/TGGPQLOD5AI\/AAAAAAAABdo\/T1fEhpVdUt0\/s400\/(convite)_joao_luis_machado_-_o_prazer_de_aprender_a_aprender_100610-01+(2).jpg\" \/>\n<meta name=\"author\" content=\"inclusivenews2024\" \/>\n<meta name=\"twitter:card\" content=\"summary_large_image\" \/>\n<meta name=\"twitter:label1\" content=\"Escrito por\" \/>\n\t<meta name=\"twitter:data1\" content=\"inclusivenews2024\" \/>\n\t<meta name=\"twitter:label2\" content=\"Tempo estimado de leitura\" \/>\n\t<meta name=\"twitter:data2\" content=\"3 minutos\" \/>\n<script type=\"application\/ld+json\" class=\"yoast-schema-graph\">{\"@context\":\"https:\\\/\\\/schema.org\",\"@graph\":[{\"@type\":\"Article\",\"@id\":\"https:\\\/\\\/inclusivenews.com.br\\\/?p=16935#article\",\"isPartOf\":{\"@id\":\"https:\\\/\\\/inclusivenews.com.br\\\/?p=16935\"},\"author\":{\"name\":\"inclusivenews2024\",\"@id\":\"https:\\\/\\\/inclusivenews.com.br\\\/#\\\/schema\\\/person\\\/ae4ec7087559b8692fb33b6fffd2273b\"},\"headline\":\"O prazer de aprender a aprender\",\"datePublished\":\"2010-08-19T10:20:31+00:00\",\"mainEntityOfPage\":{\"@id\":\"https:\\\/\\\/inclusivenews.com.br\\\/?p=16935\"},\"wordCount\":654,\"commentCount\":0,\"publisher\":{\"@id\":\"https:\\\/\\\/inclusivenews.com.br\\\/#organization\"},\"image\":{\"@id\":\"https:\\\/\\\/inclusivenews.com.br\\\/?p=16935#primaryimage\"},\"thumbnailUrl\":\"http:\\\/\\\/3.bp.blogspot.com\\\/_F6eJ1FVmMF8\\\/TGGPQLOD5AI\\\/AAAAAAAABdo\\\/T1fEhpVdUt0\\\/s400\\\/(convite)_joao_luis_machado_-_o_prazer_de_aprender_a_aprender_100610-01+(2).jpg\",\"articleSection\":[\"EDUCA\u00c7\u00c3O\",\"Lan\u00e7amentos\",\"Livros\",\"PUBLICA\u00c7\u00d5ES\"],\"inLanguage\":\"pt-PT\",\"potentialAction\":[{\"@type\":\"CommentAction\",\"name\":\"Comment\",\"target\":[\"https:\\\/\\\/inclusivenews.com.br\\\/?p=16935#respond\"]}]},{\"@type\":\"WebPage\",\"@id\":\"https:\\\/\\\/inclusivenews.com.br\\\/?p=16935\",\"url\":\"https:\\\/\\\/inclusivenews.com.br\\\/?p=16935\",\"name\":\"O prazer de aprender a aprender -\",\"isPartOf\":{\"@id\":\"https:\\\/\\\/inclusivenews.com.br\\\/#website\"},\"primaryImageOfPage\":{\"@id\":\"https:\\\/\\\/inclusivenews.com.br\\\/?p=16935#primaryimage\"},\"image\":{\"@id\":\"https:\\\/\\\/inclusivenews.com.br\\\/?p=16935#primaryimage\"},\"thumbnailUrl\":\"http:\\\/\\\/3.bp.blogspot.com\\\/_F6eJ1FVmMF8\\\/TGGPQLOD5AI\\\/AAAAAAAABdo\\\/T1fEhpVdUt0\\\/s400\\\/(convite)_joao_luis_machado_-_o_prazer_de_aprender_a_aprender_100610-01+(2).jpg\",\"datePublished\":\"2010-08-19T10:20:31+00:00\",\"breadcrumb\":{\"@id\":\"https:\\\/\\\/inclusivenews.com.br\\\/?p=16935#breadcrumb\"},\"inLanguage\":\"pt-PT\",\"potentialAction\":[{\"@type\":\"ReadAction\",\"target\":[\"https:\\\/\\\/inclusivenews.com.br\\\/?p=16935\"]}]},{\"@type\":\"ImageObject\",\"inLanguage\":\"pt-PT\",\"@id\":\"https:\\\/\\\/inclusivenews.com.br\\\/?p=16935#primaryimage\",\"url\":\"http:\\\/\\\/3.bp.blogspot.com\\\/_F6eJ1FVmMF8\\\/TGGPQLOD5AI\\\/AAAAAAAABdo\\\/T1fEhpVdUt0\\\/s400\\\/(convite)_joao_luis_machado_-_o_prazer_de_aprender_a_aprender_100610-01+(2).jpg\",\"contentUrl\":\"http:\\\/\\\/3.bp.blogspot.com\\\/_F6eJ1FVmMF8\\\/TGGPQLOD5AI\\\/AAAAAAAABdo\\\/T1fEhpVdUt0\\\/s400\\\/(convite)_joao_luis_machado_-_o_prazer_de_aprender_a_aprender_100610-01+(2).jpg\"},{\"@type\":\"BreadcrumbList\",\"@id\":\"https:\\\/\\\/inclusivenews.com.br\\\/?p=16935#breadcrumb\",\"itemListElement\":[{\"@type\":\"ListItem\",\"position\":1,\"name\":\"In\u00edcio\",\"item\":\"https:\\\/\\\/inclusivenews.com.br\\\/\"},{\"@type\":\"ListItem\",\"position\":2,\"name\":\"O prazer de aprender a aprender\"}]},{\"@type\":\"WebSite\",\"@id\":\"https:\\\/\\\/inclusivenews.com.br\\\/#website\",\"url\":\"https:\\\/\\\/inclusivenews.com.br\\\/\",\"name\":\"Inclusive News\",\"description\":\"Inclusive News\",\"publisher\":{\"@id\":\"https:\\\/\\\/inclusivenews.com.br\\\/#organization\"},\"potentialAction\":[{\"@type\":\"SearchAction\",\"target\":{\"@type\":\"EntryPoint\",\"urlTemplate\":\"https:\\\/\\\/inclusivenews.com.br\\\/?s={search_term_string}\"},\"query-input\":{\"@type\":\"PropertyValueSpecification\",\"valueRequired\":true,\"valueName\":\"search_term_string\"}}],\"inLanguage\":\"pt-PT\"},{\"@type\":\"Organization\",\"@id\":\"https:\\\/\\\/inclusivenews.com.br\\\/#organization\",\"name\":\"Inclusive - inclus\u00e3o e cidadania\",\"url\":\"https:\\\/\\\/inclusivenews.com.br\\\/\",\"logo\":{\"@type\":\"ImageObject\",\"inLanguage\":\"pt-PT\",\"@id\":\"https:\\\/\\\/inclusivenews.com.br\\\/#\\\/schema\\\/logo\\\/image\\\/\",\"url\":\"https:\\\/\\\/inclusivenews.com.br\\\/wp-content\\\/uploads\\\/2024\\\/03\\\/@grandesite.png\",\"contentUrl\":\"https:\\\/\\\/inclusivenews.com.br\\\/wp-content\\\/uploads\\\/2024\\\/03\\\/@grandesite.png\",\"width\":1080,\"height\":1080,\"caption\":\"Inclusive - inclus\u00e3o e cidadania\"},\"image\":{\"@id\":\"https:\\\/\\\/inclusivenews.com.br\\\/#\\\/schema\\\/logo\\\/image\\\/\"},\"sameAs\":[\"https:\\\/\\\/www.facebook.com\\\/agenciainclusive\\\/\",\"https:\\\/\\\/www.instagram.com\\\/newsinclusive\\\/\"]},{\"@type\":\"Person\",\"@id\":\"https:\\\/\\\/inclusivenews.com.br\\\/#\\\/schema\\\/person\\\/ae4ec7087559b8692fb33b6fffd2273b\",\"name\":\"inclusivenews2024\",\"image\":{\"@type\":\"ImageObject\",\"inLanguage\":\"pt-PT\",\"@id\":\"https:\\\/\\\/secure.gravatar.com\\\/avatar\\\/c5a7ef84c66fa914f55bc4f7ce26cfa275a3b9a1c5568b907bd184fb4dde7b40?s=96&d=mm&r=g\",\"url\":\"https:\\\/\\\/secure.gravatar.com\\\/avatar\\\/c5a7ef84c66fa914f55bc4f7ce26cfa275a3b9a1c5568b907bd184fb4dde7b40?s=96&d=mm&r=g\",\"contentUrl\":\"https:\\\/\\\/secure.gravatar.com\\\/avatar\\\/c5a7ef84c66fa914f55bc4f7ce26cfa275a3b9a1c5568b907bd184fb4dde7b40?s=96&d=mm&r=g\",\"caption\":\"inclusivenews2024\"},\"sameAs\":[\"https:\\\/\\\/inclusivenews.com.br\"],\"url\":\"https:\\\/\\\/inclusivenews.com.br\\\/?author=1\"}]}<\/script>\n<!-- \/ Yoast SEO plugin. -->","yoast_head_json":{"title":"O prazer de aprender a aprender -","robots":{"index":"index","follow":"follow","max-snippet":"max-snippet:-1","max-image-preview":"max-image-preview:large","max-video-preview":"max-video-preview:-1"},"canonical":"https:\/\/inclusivenews.com.br\/?p=16935","og_locale":"pt_PT","og_type":"article","og_title":"O prazer de aprender a aprender -","og_description":"A Editora Multifoco convida para o lan\u00e7amento de \"O prazer de aprender a aprender\", de Jo\u00e3o Lu\u00eds de Almeida Machado. 21\/08","og_url":"https:\/\/inclusivenews.com.br\/?p=16935","article_publisher":"https:\/\/www.facebook.com\/agenciainclusive\/","article_published_time":"2010-08-19T10:20:31+00:00","og_image":[{"url":"http:\/\/3.bp.blogspot.com\/_F6eJ1FVmMF8\/TGGPQLOD5AI\/AAAAAAAABdo\/T1fEhpVdUt0\/s400\/(convite)_joao_luis_machado_-_o_prazer_de_aprender_a_aprender_100610-01+(2).jpg","type":"","width":"","height":""}],"author":"inclusivenews2024","twitter_card":"summary_large_image","twitter_misc":{"Escrito por":"inclusivenews2024","Tempo estimado de leitura":"3 minutos"},"schema":{"@context":"https:\/\/schema.org","@graph":[{"@type":"Article","@id":"https:\/\/inclusivenews.com.br\/?p=16935#article","isPartOf":{"@id":"https:\/\/inclusivenews.com.br\/?p=16935"},"author":{"name":"inclusivenews2024","@id":"https:\/\/inclusivenews.com.br\/#\/schema\/person\/ae4ec7087559b8692fb33b6fffd2273b"},"headline":"O prazer de aprender a aprender","datePublished":"2010-08-19T10:20:31+00:00","mainEntityOfPage":{"@id":"https:\/\/inclusivenews.com.br\/?p=16935"},"wordCount":654,"commentCount":0,"publisher":{"@id":"https:\/\/inclusivenews.com.br\/#organization"},"image":{"@id":"https:\/\/inclusivenews.com.br\/?p=16935#primaryimage"},"thumbnailUrl":"http:\/\/3.bp.blogspot.com\/_F6eJ1FVmMF8\/TGGPQLOD5AI\/AAAAAAAABdo\/T1fEhpVdUt0\/s400\/(convite)_joao_luis_machado_-_o_prazer_de_aprender_a_aprender_100610-01+(2).jpg","articleSection":["EDUCA\u00c7\u00c3O","Lan\u00e7amentos","Livros","PUBLICA\u00c7\u00d5ES"],"inLanguage":"pt-PT","potentialAction":[{"@type":"CommentAction","name":"Comment","target":["https:\/\/inclusivenews.com.br\/?p=16935#respond"]}]},{"@type":"WebPage","@id":"https:\/\/inclusivenews.com.br\/?p=16935","url":"https:\/\/inclusivenews.com.br\/?p=16935","name":"O prazer de aprender a aprender -","isPartOf":{"@id":"https:\/\/inclusivenews.com.br\/#website"},"primaryImageOfPage":{"@id":"https:\/\/inclusivenews.com.br\/?p=16935#primaryimage"},"image":{"@id":"https:\/\/inclusivenews.com.br\/?p=16935#primaryimage"},"thumbnailUrl":"http:\/\/3.bp.blogspot.com\/_F6eJ1FVmMF8\/TGGPQLOD5AI\/AAAAAAAABdo\/T1fEhpVdUt0\/s400\/(convite)_joao_luis_machado_-_o_prazer_de_aprender_a_aprender_100610-01+(2).jpg","datePublished":"2010-08-19T10:20:31+00:00","breadcrumb":{"@id":"https:\/\/inclusivenews.com.br\/?p=16935#breadcrumb"},"inLanguage":"pt-PT","potentialAction":[{"@type":"ReadAction","target":["https:\/\/inclusivenews.com.br\/?p=16935"]}]},{"@type":"ImageObject","inLanguage":"pt-PT","@id":"https:\/\/inclusivenews.com.br\/?p=16935#primaryimage","url":"http:\/\/3.bp.blogspot.com\/_F6eJ1FVmMF8\/TGGPQLOD5AI\/AAAAAAAABdo\/T1fEhpVdUt0\/s400\/(convite)_joao_luis_machado_-_o_prazer_de_aprender_a_aprender_100610-01+(2).jpg","contentUrl":"http:\/\/3.bp.blogspot.com\/_F6eJ1FVmMF8\/TGGPQLOD5AI\/AAAAAAAABdo\/T1fEhpVdUt0\/s400\/(convite)_joao_luis_machado_-_o_prazer_de_aprender_a_aprender_100610-01+(2).jpg"},{"@type":"BreadcrumbList","@id":"https:\/\/inclusivenews.com.br\/?p=16935#breadcrumb","itemListElement":[{"@type":"ListItem","position":1,"name":"In\u00edcio","item":"https:\/\/inclusivenews.com.br\/"},{"@type":"ListItem","position":2,"name":"O prazer de aprender a aprender"}]},{"@type":"WebSite","@id":"https:\/\/inclusivenews.com.br\/#website","url":"https:\/\/inclusivenews.com.br\/","name":"Inclusive News","description":"Inclusive News","publisher":{"@id":"https:\/\/inclusivenews.com.br\/#organization"},"potentialAction":[{"@type":"SearchAction","target":{"@type":"EntryPoint","urlTemplate":"https:\/\/inclusivenews.com.br\/?s={search_term_string}"},"query-input":{"@type":"PropertyValueSpecification","valueRequired":true,"valueName":"search_term_string"}}],"inLanguage":"pt-PT"},{"@type":"Organization","@id":"https:\/\/inclusivenews.com.br\/#organization","name":"Inclusive - inclus\u00e3o e cidadania","url":"https:\/\/inclusivenews.com.br\/","logo":{"@type":"ImageObject","inLanguage":"pt-PT","@id":"https:\/\/inclusivenews.com.br\/#\/schema\/logo\/image\/","url":"https:\/\/inclusivenews.com.br\/wp-content\/uploads\/2024\/03\/@grandesite.png","contentUrl":"https:\/\/inclusivenews.com.br\/wp-content\/uploads\/2024\/03\/@grandesite.png","width":1080,"height":1080,"caption":"Inclusive - inclus\u00e3o e cidadania"},"image":{"@id":"https:\/\/inclusivenews.com.br\/#\/schema\/logo\/image\/"},"sameAs":["https:\/\/www.facebook.com\/agenciainclusive\/","https:\/\/www.instagram.com\/newsinclusive\/"]},{"@type":"Person","@id":"https:\/\/inclusivenews.com.br\/#\/schema\/person\/ae4ec7087559b8692fb33b6fffd2273b","name":"inclusivenews2024","image":{"@type":"ImageObject","inLanguage":"pt-PT","@id":"https:\/\/secure.gravatar.com\/avatar\/c5a7ef84c66fa914f55bc4f7ce26cfa275a3b9a1c5568b907bd184fb4dde7b40?s=96&d=mm&r=g","url":"https:\/\/secure.gravatar.com\/avatar\/c5a7ef84c66fa914f55bc4f7ce26cfa275a3b9a1c5568b907bd184fb4dde7b40?s=96&d=mm&r=g","contentUrl":"https:\/\/secure.gravatar.com\/avatar\/c5a7ef84c66fa914f55bc4f7ce26cfa275a3b9a1c5568b907bd184fb4dde7b40?s=96&d=mm&r=g","caption":"inclusivenews2024"},"sameAs":["https:\/\/inclusivenews.com.br"],"url":"https:\/\/inclusivenews.com.br\/?author=1"}]}},"_links":{"self":[{"href":"https:\/\/inclusivenews.com.br\/index.php?rest_route=\/wp\/v2\/posts\/16935","targetHints":{"allow":["GET"]}}],"collection":[{"href":"https:\/\/inclusivenews.com.br\/index.php?rest_route=\/wp\/v2\/posts"}],"about":[{"href":"https:\/\/inclusivenews.com.br\/index.php?rest_route=\/wp\/v2\/types\/post"}],"author":[{"embeddable":true,"href":"https:\/\/inclusivenews.com.br\/index.php?rest_route=\/wp\/v2\/users\/1"}],"replies":[{"embeddable":true,"href":"https:\/\/inclusivenews.com.br\/index.php?rest_route=%2Fwp%2Fv2%2Fcomments&post=16935"}],"version-history":[{"count":0,"href":"https:\/\/inclusivenews.com.br\/index.php?rest_route=\/wp\/v2\/posts\/16935\/revisions"}],"wp:attachment":[{"href":"https:\/\/inclusivenews.com.br\/index.php?rest_route=%2Fwp%2Fv2%2Fmedia&parent=16935"}],"wp:term":[{"taxonomy":"category","embeddable":true,"href":"https:\/\/inclusivenews.com.br\/index.php?rest_route=%2Fwp%2Fv2%2Fcategories&post=16935"},{"taxonomy":"post_tag","embeddable":true,"href":"https:\/\/inclusivenews.com.br\/index.php?rest_route=%2Fwp%2Fv2%2Ftags&post=16935"}],"curies":[{"name":"wp","href":"https:\/\/api.w.org\/{rel}","templated":true}]}}