{"id":16949,"date":"2010-08-19T07:21:09","date_gmt":"2010-08-19T10:21:09","guid":{"rendered":"http:\/\/www.inclusive.org.br\/?p=16949"},"modified":"2010-08-19T07:21:09","modified_gmt":"2010-08-19T10:21:09","slug":"plano-nacional-precisa-levar-direitos-humanos-para-a-sala-de-aula-diz-vanucchi","status":"publish","type":"post","link":"https:\/\/inclusivenews.com.br\/?p=16949","title":{"rendered":"Plano Nacional precisa levar direitos humanos para a sala de aula, diz Vanucchi"},"content":{"rendered":"<figure style=\"width: 164px\" class=\"wp-caption alignleft\"><a class=\"moz-txt-link-freetext\" href=\"http:\/\/www.envolverde.com.br\/fotos_novas\/79549.jpg\"><img loading=\"lazy\" decoding=\"async\" title=\"Ilustra\u00e7\u00e3o de pessoas conversando em um c\u00edrculo\" src=\"http:\/\/www.envolverde.com.br\/fotos_novas\/79549.jpg\" alt=\"\" width=\"164\" height=\"150\" \/><\/a><figcaption class=\"wp-caption-text\"> <\/figcaption><\/figure>\n<p><strong>Por Sarah Fernades, do Aprendiz<\/strong><\/p>\n<p>O novo Plano Nacional de Educa\u00e7\u00e3o \u2014 em formula\u00e7\u00e3o para substituir o atual, v\u00e1lido at\u00e9 o final de 2010 \u2014 precisa incorporar a tem\u00e1tica dos direitos humanos para que quest\u00f5es raciais, de g\u00eanero e ligadas \u00e0 inf\u00e2ncia e \u00e0 adolesc\u00eancia sejam trabalhadas em sala de aula.\u00a0 A sugest\u00e3o \u00e9 do ministro da Secretaria Especial de Direitos Humanos, Paulo Vanucchi, que participou da abertura do I Semin\u00e1rio Internacional de Educa\u00e7\u00e3o em Direitos Humanos, realizado na \u00faltima segunda-feira (16\/8), em S\u00e3o Bernardo do Campo (SP).<\/p>\n<p>\u201cN\u00f3s estamos em contato direto com Fernando Haddad para que o Plano incorpore a tem\u00e1tica dos direitos humanos no processo educacional, para os temas irem para o curr\u00edculo escolar e para a sala de aula\u201d, afirmou Vannuchi.\u00a0 \u201cAcreditamos que o caminho para combater o racismo, por exemplo, \u00e9 a crian\u00e7a ou o jovem que acaba corrigindo o pai ou a m\u00e3e mesa quando fazem piadas racistas\u201d.<\/p>\n<p>Vanucchi lembrou que programas de direitos humanos devem estar atentos aos mais pobres, aos afrodescendentes, \u00e0s pessoas com defici\u00eancia, aos gays e \u00e0s mulheres. \u201cNo Ir\u00e3 a mulher foi condenada ao apedrejamento. Aqui no Brasil o preconceito \u00e9 cotidiano, nas m\u00fasicas ou no fato de as mulheres serem apenas 10% do Senado, da C\u00e2mara, das prefeituras ou dos governos estaduais\u201d.<\/p>\n<p><strong>Os idosos, as crian\u00e7as e os adolescentes tamb\u00e9m merecem aten\u00e7\u00e3o especial, segundo o ministro. \u201cO projeto de lei que pro\u00edbe castigos f\u00edsicos para as crian\u00e7as \u00e9 um exemplo. E \u00e9 um absurdo que a lei pro\u00edba apenas adultos. Antes dos 18 anos pode?\u201d.<\/strong><\/p>\n<p>Durante o I Semin\u00e1rio Internacional de Educa\u00e7\u00e3o em Direitos Humanos, que vai at\u00e9 quinta-feira (19\/8), na Universidade Metodista, o ministro Paulo Vanucchi concedeu uma entrevista ao Portal Aprendiz.<br \/>\n<strong><br \/>\nPortal Aprendiz &#8211; A atual pol\u00edtica de educa\u00e7\u00e3o contempla os direitos humanos?<\/strong><\/p>\n<p>Paulo Vanucchi \u2013 \u00c9 sempre meio copo cheio ou meio copo vazio, dependendo do otimismo da pessoa. Mas o momento da educa\u00e7\u00e3o \u00e9 bom, sobretudo porque 2010 \u00e9 o ano que \u00e9 preciso aprovar o novo Plano Nacional de Educa\u00e7\u00e3o. N\u00f3s estamos contato direto com Fernando Haddad para que esse plano decenal incorpore mais do que nunca a tem\u00e1tica dos direitos humanos, como leis da mulher \u2014 que j\u00e1 foram conquistadas \u2014, as leis raciais e leis da crian\u00e7a e do adolescente. Elas devem ser incorporadas no processo educacional e a\u00ed irem para o curr\u00edculo escolar e para a forma\u00e7\u00e3o mais em sala de aula.<br \/>\n<strong><br \/>\nAprendiz \u2013 Que reflexo um Plano Nacional de Educa\u00e7\u00e3o atento aos direitos humanos pode ter na sociedade?<br \/>\n<\/strong><br \/>\nVanucchi &#8211; Em educa\u00e7\u00e3o voc\u00ea tem que sempre pensar em um processo de 10 anos. Acreditamos que o caminho para combater o racismo, por exemplo, \u00e9 a crian\u00e7a ou o jovem que acaba corrigindo o pai ou a m\u00e3e na mesa quando eles come\u00e7am a fazer piadas machistas ou racistas. Contando com isso n\u00f3s vamos come\u00e7ar a preparar um Brasil em que as curvas de viol\u00eancia e assalto come\u00e7ar\u00e3o a diminuir. Isso n\u00e3o existe em um pa\u00eds em que n\u00e3o combate a viol\u00eancia, que n\u00e3o gera emprego e em que a pol\u00edcia atuava muito como bandida tamb\u00e9m.<br \/>\n<strong><br \/>\nAprendiz &#8211; Na sua opini\u00e3o como tem sido a abordagem da tem\u00e1tica de direitos humanos nas elei\u00e7\u00f5es?<br \/>\n<\/strong><br \/>\nVanucchi &#8211; A tem\u00e1tica dos direitos humanos \u00e9 absurdamente ampla. Quando houve o PNH3 [Plano Nacional de Direitos Humanos] teve gente que reclamou dizendo que nem tudo que estava no documento contemplava direitos humanos. Mas todos os especialistas disseram que tudo o que estava l\u00e1 fazia parte da tem\u00e1tica, isso porque meio ambiente \u00e9 um direito humano e o modelo econ\u00f4mico tamb\u00e9m. Temos percep\u00e7\u00f5es novas que v\u00e3o se formando o tempo todo. Ent\u00e3o os direitos humanos s\u00e3o abordados nas campanhas o tempo todo quando se fala em crian\u00e7a e adolescente, sa\u00fade, educa\u00e7\u00e3o, moradia e combate a pobreza.<\/p>\n<p><strong>Aprendiz \u2013 Como voc\u00ea v\u00ea a continuidade do trabalho da Secretaria de Direitos Humanos?<br \/>\n<\/strong><br \/>\nVanucchi \u2013 De uma forma muito positiva. Acho que a tend\u00eancia em um caso ou outro [dependendo dos candidatos que vencerem as elei\u00e7\u00f5es para presidente em 2010] \u00e9 de fortalecimento dos direitos humanos. \u00c9 uma caminhada hist\u00f3rica e essa prova de fogo [processo de aprova\u00e7\u00e3o do Plano Nacional de Direitos Humanos] contribuiu para o debate dos direitos humanos. Eu me\u00e7o isso pela m\u00eddia: dois anos atr\u00e1s eu ia a um evento e a imprensa nunca falava comigo ou falava muito pouco. No meio da pancadaria, da discuss\u00e3o, nasceu um interesse da imprensa pelo tema. As mat\u00e9rias s\u00e3o publicadas, na televis\u00e3o, no r\u00e1dio e as pessoas v\u00e3o cada vez mais avan\u00e7ando.<br \/>\n___________________________<\/p>\n<p><strong>Fonte:<\/strong> <a href=\"http:\/\/www.envolverde.com.br\/materia.php?cod=79549&amp;edt=8\">Portal Aprendiz\/Envolverde<\/a><\/p>\n","protected":false},"excerpt":{"rendered":"<p>Vanucchi lembrou que programas de direitos humanos devem estar atentos aos mais pobres, aos afrodescendentes, \u00e0s pessoas com defici\u00eancia, aos gays e \u00e0s mulheres. Do Portal Aprendiz, via Envolverde.<\/p>\n","protected":false},"author":1,"featured_media":0,"comment_status":"open","ping_status":"open","sticky":false,"template":"","format":"standard","meta":{"site-container-style":"default","site-container-layout":"default","site-sidebar-layout":"default","disable-article-header":"default","disable-site-header":"default","disable-site-footer":"default","disable-content-area-spacing":"default","footnotes":""},"categories":[11,6,48,4],"tags":[],"class_list":["post-16949","post","type-post","status-publish","format-standard","hentry","category-direitos-humanos","category-educacao","category-inclusao","category-noticias"],"yoast_head":"<!-- This site is optimized with the Yoast SEO plugin v27.4 - https:\/\/yoast.com\/product\/yoast-seo-wordpress\/ -->\n<title>Plano Nacional precisa levar direitos humanos para a sala de aula, diz Vanucchi -<\/title>\n<meta name=\"robots\" content=\"index, follow, max-snippet:-1, max-image-preview:large, max-video-preview:-1\" \/>\n<link rel=\"canonical\" href=\"https:\/\/inclusivenews.com.br\/?p=16949\" \/>\n<meta property=\"og:locale\" content=\"pt_PT\" \/>\n<meta property=\"og:type\" content=\"article\" \/>\n<meta property=\"og:title\" content=\"Plano Nacional precisa levar direitos humanos para a sala de aula, diz Vanucchi -\" \/>\n<meta property=\"og:description\" content=\"Vanucchi lembrou que programas de direitos humanos devem estar atentos aos mais pobres, aos afrodescendentes, \u00e0s pessoas com defici\u00eancia, aos gays e \u00e0s mulheres. Do Portal Aprendiz, via Envolverde.\" \/>\n<meta property=\"og:url\" content=\"https:\/\/inclusivenews.com.br\/?p=16949\" \/>\n<meta property=\"article:publisher\" content=\"https:\/\/www.facebook.com\/agenciainclusive\/\" \/>\n<meta property=\"article:published_time\" content=\"2010-08-19T10:21:09+00:00\" \/>\n<meta property=\"og:image\" content=\"http:\/\/www.envolverde.com.br\/fotos_novas\/79549.jpg\" \/>\n<meta name=\"author\" content=\"inclusivenews2024\" \/>\n<meta name=\"twitter:card\" content=\"summary_large_image\" \/>\n<meta name=\"twitter:label1\" content=\"Escrito por\" \/>\n\t<meta name=\"twitter:data1\" content=\"inclusivenews2024\" \/>\n\t<meta name=\"twitter:label2\" content=\"Tempo estimado de leitura\" \/>\n\t<meta name=\"twitter:data2\" content=\"4 minutos\" \/>\n<script type=\"application\/ld+json\" class=\"yoast-schema-graph\">{\"@context\":\"https:\\\/\\\/schema.org\",\"@graph\":[{\"@type\":\"Article\",\"@id\":\"https:\\\/\\\/inclusivenews.com.br\\\/?p=16949#article\",\"isPartOf\":{\"@id\":\"https:\\\/\\\/inclusivenews.com.br\\\/?p=16949\"},\"author\":{\"name\":\"inclusivenews2024\",\"@id\":\"https:\\\/\\\/inclusivenews.com.br\\\/#\\\/schema\\\/person\\\/ae4ec7087559b8692fb33b6fffd2273b\"},\"headline\":\"Plano Nacional precisa levar direitos humanos para a sala de aula, diz Vanucchi\",\"datePublished\":\"2010-08-19T10:21:09+00:00\",\"mainEntityOfPage\":{\"@id\":\"https:\\\/\\\/inclusivenews.com.br\\\/?p=16949\"},\"wordCount\":829,\"commentCount\":0,\"publisher\":{\"@id\":\"https:\\\/\\\/inclusivenews.com.br\\\/#organization\"},\"image\":{\"@id\":\"https:\\\/\\\/inclusivenews.com.br\\\/?p=16949#primaryimage\"},\"thumbnailUrl\":\"http:\\\/\\\/www.envolverde.com.br\\\/fotos_novas\\\/79549.jpg\",\"articleSection\":[\"DIREITOS HUMANOS\",\"EDUCA\u00c7\u00c3O\",\"INCLUS\u00c3O SOCIAL\",\"NOT\u00cdCIAS\"],\"inLanguage\":\"pt-PT\",\"potentialAction\":[{\"@type\":\"CommentAction\",\"name\":\"Comment\",\"target\":[\"https:\\\/\\\/inclusivenews.com.br\\\/?p=16949#respond\"]}]},{\"@type\":\"WebPage\",\"@id\":\"https:\\\/\\\/inclusivenews.com.br\\\/?p=16949\",\"url\":\"https:\\\/\\\/inclusivenews.com.br\\\/?p=16949\",\"name\":\"Plano Nacional precisa levar direitos humanos para a sala de aula, diz Vanucchi -\",\"isPartOf\":{\"@id\":\"https:\\\/\\\/inclusivenews.com.br\\\/#website\"},\"primaryImageOfPage\":{\"@id\":\"https:\\\/\\\/inclusivenews.com.br\\\/?p=16949#primaryimage\"},\"image\":{\"@id\":\"https:\\\/\\\/inclusivenews.com.br\\\/?p=16949#primaryimage\"},\"thumbnailUrl\":\"http:\\\/\\\/www.envolverde.com.br\\\/fotos_novas\\\/79549.jpg\",\"datePublished\":\"2010-08-19T10:21:09+00:00\",\"breadcrumb\":{\"@id\":\"https:\\\/\\\/inclusivenews.com.br\\\/?p=16949#breadcrumb\"},\"inLanguage\":\"pt-PT\",\"potentialAction\":[{\"@type\":\"ReadAction\",\"target\":[\"https:\\\/\\\/inclusivenews.com.br\\\/?p=16949\"]}]},{\"@type\":\"ImageObject\",\"inLanguage\":\"pt-PT\",\"@id\":\"https:\\\/\\\/inclusivenews.com.br\\\/?p=16949#primaryimage\",\"url\":\"http:\\\/\\\/www.envolverde.com.br\\\/fotos_novas\\\/79549.jpg\",\"contentUrl\":\"http:\\\/\\\/www.envolverde.com.br\\\/fotos_novas\\\/79549.jpg\"},{\"@type\":\"BreadcrumbList\",\"@id\":\"https:\\\/\\\/inclusivenews.com.br\\\/?p=16949#breadcrumb\",\"itemListElement\":[{\"@type\":\"ListItem\",\"position\":1,\"name\":\"In\u00edcio\",\"item\":\"https:\\\/\\\/inclusivenews.com.br\\\/\"},{\"@type\":\"ListItem\",\"position\":2,\"name\":\"Plano Nacional precisa levar direitos humanos para a sala de aula, diz Vanucchi\"}]},{\"@type\":\"WebSite\",\"@id\":\"https:\\\/\\\/inclusivenews.com.br\\\/#website\",\"url\":\"https:\\\/\\\/inclusivenews.com.br\\\/\",\"name\":\"Inclusive News\",\"description\":\"Inclusive News\",\"publisher\":{\"@id\":\"https:\\\/\\\/inclusivenews.com.br\\\/#organization\"},\"potentialAction\":[{\"@type\":\"SearchAction\",\"target\":{\"@type\":\"EntryPoint\",\"urlTemplate\":\"https:\\\/\\\/inclusivenews.com.br\\\/?s={search_term_string}\"},\"query-input\":{\"@type\":\"PropertyValueSpecification\",\"valueRequired\":true,\"valueName\":\"search_term_string\"}}],\"inLanguage\":\"pt-PT\"},{\"@type\":\"Organization\",\"@id\":\"https:\\\/\\\/inclusivenews.com.br\\\/#organization\",\"name\":\"Inclusive - inclus\u00e3o e cidadania\",\"url\":\"https:\\\/\\\/inclusivenews.com.br\\\/\",\"logo\":{\"@type\":\"ImageObject\",\"inLanguage\":\"pt-PT\",\"@id\":\"https:\\\/\\\/inclusivenews.com.br\\\/#\\\/schema\\\/logo\\\/image\\\/\",\"url\":\"https:\\\/\\\/inclusivenews.com.br\\\/wp-content\\\/uploads\\\/2024\\\/03\\\/@grandesite.png\",\"contentUrl\":\"https:\\\/\\\/inclusivenews.com.br\\\/wp-content\\\/uploads\\\/2024\\\/03\\\/@grandesite.png\",\"width\":1080,\"height\":1080,\"caption\":\"Inclusive - inclus\u00e3o e cidadania\"},\"image\":{\"@id\":\"https:\\\/\\\/inclusivenews.com.br\\\/#\\\/schema\\\/logo\\\/image\\\/\"},\"sameAs\":[\"https:\\\/\\\/www.facebook.com\\\/agenciainclusive\\\/\",\"https:\\\/\\\/www.instagram.com\\\/newsinclusive\\\/\"]},{\"@type\":\"Person\",\"@id\":\"https:\\\/\\\/inclusivenews.com.br\\\/#\\\/schema\\\/person\\\/ae4ec7087559b8692fb33b6fffd2273b\",\"name\":\"inclusivenews2024\",\"image\":{\"@type\":\"ImageObject\",\"inLanguage\":\"pt-PT\",\"@id\":\"https:\\\/\\\/secure.gravatar.com\\\/avatar\\\/c5a7ef84c66fa914f55bc4f7ce26cfa275a3b9a1c5568b907bd184fb4dde7b40?s=96&d=mm&r=g\",\"url\":\"https:\\\/\\\/secure.gravatar.com\\\/avatar\\\/c5a7ef84c66fa914f55bc4f7ce26cfa275a3b9a1c5568b907bd184fb4dde7b40?s=96&d=mm&r=g\",\"contentUrl\":\"https:\\\/\\\/secure.gravatar.com\\\/avatar\\\/c5a7ef84c66fa914f55bc4f7ce26cfa275a3b9a1c5568b907bd184fb4dde7b40?s=96&d=mm&r=g\",\"caption\":\"inclusivenews2024\"},\"sameAs\":[\"https:\\\/\\\/inclusivenews.com.br\"],\"url\":\"https:\\\/\\\/inclusivenews.com.br\\\/?author=1\"}]}<\/script>\n<!-- \/ Yoast SEO plugin. -->","yoast_head_json":{"title":"Plano Nacional precisa levar direitos humanos para a sala de aula, diz Vanucchi -","robots":{"index":"index","follow":"follow","max-snippet":"max-snippet:-1","max-image-preview":"max-image-preview:large","max-video-preview":"max-video-preview:-1"},"canonical":"https:\/\/inclusivenews.com.br\/?p=16949","og_locale":"pt_PT","og_type":"article","og_title":"Plano Nacional precisa levar direitos humanos para a sala de aula, diz Vanucchi -","og_description":"Vanucchi lembrou que programas de direitos humanos devem estar atentos aos mais pobres, aos afrodescendentes, \u00e0s pessoas com defici\u00eancia, aos gays e \u00e0s mulheres. Do Portal Aprendiz, via Envolverde.","og_url":"https:\/\/inclusivenews.com.br\/?p=16949","article_publisher":"https:\/\/www.facebook.com\/agenciainclusive\/","article_published_time":"2010-08-19T10:21:09+00:00","og_image":[{"url":"http:\/\/www.envolverde.com.br\/fotos_novas\/79549.jpg","type":"","width":"","height":""}],"author":"inclusivenews2024","twitter_card":"summary_large_image","twitter_misc":{"Escrito por":"inclusivenews2024","Tempo estimado de leitura":"4 minutos"},"schema":{"@context":"https:\/\/schema.org","@graph":[{"@type":"Article","@id":"https:\/\/inclusivenews.com.br\/?p=16949#article","isPartOf":{"@id":"https:\/\/inclusivenews.com.br\/?p=16949"},"author":{"name":"inclusivenews2024","@id":"https:\/\/inclusivenews.com.br\/#\/schema\/person\/ae4ec7087559b8692fb33b6fffd2273b"},"headline":"Plano Nacional precisa levar direitos humanos para a sala de aula, diz Vanucchi","datePublished":"2010-08-19T10:21:09+00:00","mainEntityOfPage":{"@id":"https:\/\/inclusivenews.com.br\/?p=16949"},"wordCount":829,"commentCount":0,"publisher":{"@id":"https:\/\/inclusivenews.com.br\/#organization"},"image":{"@id":"https:\/\/inclusivenews.com.br\/?p=16949#primaryimage"},"thumbnailUrl":"http:\/\/www.envolverde.com.br\/fotos_novas\/79549.jpg","articleSection":["DIREITOS HUMANOS","EDUCA\u00c7\u00c3O","INCLUS\u00c3O SOCIAL","NOT\u00cdCIAS"],"inLanguage":"pt-PT","potentialAction":[{"@type":"CommentAction","name":"Comment","target":["https:\/\/inclusivenews.com.br\/?p=16949#respond"]}]},{"@type":"WebPage","@id":"https:\/\/inclusivenews.com.br\/?p=16949","url":"https:\/\/inclusivenews.com.br\/?p=16949","name":"Plano Nacional precisa levar direitos humanos para a sala de aula, diz Vanucchi -","isPartOf":{"@id":"https:\/\/inclusivenews.com.br\/#website"},"primaryImageOfPage":{"@id":"https:\/\/inclusivenews.com.br\/?p=16949#primaryimage"},"image":{"@id":"https:\/\/inclusivenews.com.br\/?p=16949#primaryimage"},"thumbnailUrl":"http:\/\/www.envolverde.com.br\/fotos_novas\/79549.jpg","datePublished":"2010-08-19T10:21:09+00:00","breadcrumb":{"@id":"https:\/\/inclusivenews.com.br\/?p=16949#breadcrumb"},"inLanguage":"pt-PT","potentialAction":[{"@type":"ReadAction","target":["https:\/\/inclusivenews.com.br\/?p=16949"]}]},{"@type":"ImageObject","inLanguage":"pt-PT","@id":"https:\/\/inclusivenews.com.br\/?p=16949#primaryimage","url":"http:\/\/www.envolverde.com.br\/fotos_novas\/79549.jpg","contentUrl":"http:\/\/www.envolverde.com.br\/fotos_novas\/79549.jpg"},{"@type":"BreadcrumbList","@id":"https:\/\/inclusivenews.com.br\/?p=16949#breadcrumb","itemListElement":[{"@type":"ListItem","position":1,"name":"In\u00edcio","item":"https:\/\/inclusivenews.com.br\/"},{"@type":"ListItem","position":2,"name":"Plano Nacional precisa levar direitos humanos para a sala de aula, diz Vanucchi"}]},{"@type":"WebSite","@id":"https:\/\/inclusivenews.com.br\/#website","url":"https:\/\/inclusivenews.com.br\/","name":"Inclusive News","description":"Inclusive News","publisher":{"@id":"https:\/\/inclusivenews.com.br\/#organization"},"potentialAction":[{"@type":"SearchAction","target":{"@type":"EntryPoint","urlTemplate":"https:\/\/inclusivenews.com.br\/?s={search_term_string}"},"query-input":{"@type":"PropertyValueSpecification","valueRequired":true,"valueName":"search_term_string"}}],"inLanguage":"pt-PT"},{"@type":"Organization","@id":"https:\/\/inclusivenews.com.br\/#organization","name":"Inclusive - inclus\u00e3o e cidadania","url":"https:\/\/inclusivenews.com.br\/","logo":{"@type":"ImageObject","inLanguage":"pt-PT","@id":"https:\/\/inclusivenews.com.br\/#\/schema\/logo\/image\/","url":"https:\/\/inclusivenews.com.br\/wp-content\/uploads\/2024\/03\/@grandesite.png","contentUrl":"https:\/\/inclusivenews.com.br\/wp-content\/uploads\/2024\/03\/@grandesite.png","width":1080,"height":1080,"caption":"Inclusive - inclus\u00e3o e cidadania"},"image":{"@id":"https:\/\/inclusivenews.com.br\/#\/schema\/logo\/image\/"},"sameAs":["https:\/\/www.facebook.com\/agenciainclusive\/","https:\/\/www.instagram.com\/newsinclusive\/"]},{"@type":"Person","@id":"https:\/\/inclusivenews.com.br\/#\/schema\/person\/ae4ec7087559b8692fb33b6fffd2273b","name":"inclusivenews2024","image":{"@type":"ImageObject","inLanguage":"pt-PT","@id":"https:\/\/secure.gravatar.com\/avatar\/c5a7ef84c66fa914f55bc4f7ce26cfa275a3b9a1c5568b907bd184fb4dde7b40?s=96&d=mm&r=g","url":"https:\/\/secure.gravatar.com\/avatar\/c5a7ef84c66fa914f55bc4f7ce26cfa275a3b9a1c5568b907bd184fb4dde7b40?s=96&d=mm&r=g","contentUrl":"https:\/\/secure.gravatar.com\/avatar\/c5a7ef84c66fa914f55bc4f7ce26cfa275a3b9a1c5568b907bd184fb4dde7b40?s=96&d=mm&r=g","caption":"inclusivenews2024"},"sameAs":["https:\/\/inclusivenews.com.br"],"url":"https:\/\/inclusivenews.com.br\/?author=1"}]}},"_links":{"self":[{"href":"https:\/\/inclusivenews.com.br\/index.php?rest_route=\/wp\/v2\/posts\/16949","targetHints":{"allow":["GET"]}}],"collection":[{"href":"https:\/\/inclusivenews.com.br\/index.php?rest_route=\/wp\/v2\/posts"}],"about":[{"href":"https:\/\/inclusivenews.com.br\/index.php?rest_route=\/wp\/v2\/types\/post"}],"author":[{"embeddable":true,"href":"https:\/\/inclusivenews.com.br\/index.php?rest_route=\/wp\/v2\/users\/1"}],"replies":[{"embeddable":true,"href":"https:\/\/inclusivenews.com.br\/index.php?rest_route=%2Fwp%2Fv2%2Fcomments&post=16949"}],"version-history":[{"count":0,"href":"https:\/\/inclusivenews.com.br\/index.php?rest_route=\/wp\/v2\/posts\/16949\/revisions"}],"wp:attachment":[{"href":"https:\/\/inclusivenews.com.br\/index.php?rest_route=%2Fwp%2Fv2%2Fmedia&parent=16949"}],"wp:term":[{"taxonomy":"category","embeddable":true,"href":"https:\/\/inclusivenews.com.br\/index.php?rest_route=%2Fwp%2Fv2%2Fcategories&post=16949"},{"taxonomy":"post_tag","embeddable":true,"href":"https:\/\/inclusivenews.com.br\/index.php?rest_route=%2Fwp%2Fv2%2Ftags&post=16949"}],"curies":[{"name":"wp","href":"https:\/\/api.w.org\/{rel}","templated":true}]}}