{"id":17062,"date":"2010-09-02T06:17:27","date_gmt":"2010-09-02T09:17:27","guid":{"rendered":"http:\/\/www.inclusive.org.br\/?p=17062"},"modified":"2010-09-02T06:17:27","modified_gmt":"2010-09-02T09:17:27","slug":"prefeitura-de-jundiai-prepara-diagnostico-sobre-alunos-com-deficiencia","status":"publish","type":"post","link":"https:\/\/inclusivenews.com.br\/?p=17062","title":{"rendered":"Prefeitura de Jundia\u00ed prepara diagn\u00f3stico sobre alunos com defici\u00eancia"},"content":{"rendered":"<figure id=\"attachment_12948\" aria-describedby=\"caption-attachment-12948\" style=\"width: 200px\" class=\"wp-caption alignleft\"><a href=\"http:\/\/www.inclusivenews.com.br\/wp-content\/uploads\/2009\/12\/paradigma.jpg\"><img loading=\"lazy\" decoding=\"async\" class=\"size-full wp-image-12948\" title=\"Instituto Paradigma - pessoas incluindo pessoas\" src=\"http:\/\/inclusivenews.com.br\/wp-content\/uploads\/2009\/12\/paradigma.jpg\" alt=\"\" width=\"200\" height=\"200\" \/><\/a><figcaption id=\"caption-attachment-12948\" class=\"wp-caption-text\"> <\/figcaption><\/figure>\n<p><em>Levantamento ser\u00e1 base da Pol\u00edtica de Educa\u00e7\u00e3o Especial que a Secretaria Municipal de Educa\u00e7\u00e3o elabora, em parceria com o Instituto Paradigma<\/em><\/p>\n<p>A Secretaria Municipal de Educa\u00e7\u00e3o de Jundia\u00ed quer saber quantos s\u00e3o e onde est\u00e3o os alunos com defici\u00eancia matriculados na rede p\u00fablica. O levantamento come\u00e7ou a ser feito este m\u00eas e os dados ser\u00e3o comparados aos obtidos no primeiro diagn\u00f3stico, realizado no ano passado. \u201cEste mapeamento \u00e9 fundamental para construirmos a Pol\u00edtica de Educa\u00e7\u00e3o Especial na Perspectiva da Educa\u00e7\u00e3o Inclusiva que ser\u00e1 adotada pelas escolas p\u00fablicas do munic\u00edpio\u201d, informa Sheila Hamburg Depiatti, Supervisora de Educa\u00e7\u00e3o Inclusiva da Secretaria de Educa\u00e7\u00e3o de Jundia\u00ed. O Instituto Paradigma, consultoria social dedicada a projetos para educa\u00e7\u00e3o, trabalho e desenvolvimento comunit\u00e1rio visando \u00e0 inclus\u00e3o das pessoas com defici\u00eancia, \u00e9 parceiro da Secretaria neste projeto. \u201cQueremos apurar como est\u00e1 a evolu\u00e7\u00e3o do atendimento dos alunos com defici\u00eancia no munic\u00edpio, se eles s\u00e3o em maior n\u00famero, que tipo de defici\u00eancia t\u00eam, onde moram, para termos um diagn\u00f3stico preciso da situa\u00e7\u00e3o\u201d, afirma Ester Asevedo, consultora do Instituto Paradigma.<\/p>\n<p>Paralelamente, a Secretaria est\u00e1 promovendo a forma\u00e7\u00e3o de coordenadores pedag\u00f3gicos e supervisores de ensino que ser\u00e3o os multiplicadores das informa\u00e7\u00f5es para as equipes escolares. Este trabalho j\u00e1 teve uma primeira etapa, conclu\u00edda em julho, com a forma\u00e7\u00e3o de 15 supervisores de ensino. A forma\u00e7\u00e3o compreende um encontro mensal de quatro horas, no total de tr\u00eas, abordando temas como a Pol\u00edtica Nacional da Educa\u00e7\u00e3o Especial na Perspectiva da Educa\u00e7\u00e3o Inclusiva, Atendimento Educacional Especializado (AEE) e Alinhamento Conceitual sobre as Defici\u00eancias. \u201cO Minist\u00e9rio da Educa\u00e7\u00e3o, atrav\u00e9s da Secretaria de Educa\u00e7\u00e3o Especial, apresenta a Pol\u00edtica Nacional de Educa\u00e7\u00e3o Especial na Perspectiva da Educa\u00e7\u00e3o Inclusiva, que visa a construir pol\u00edticas p\u00fablicas promotoras de uma educa\u00e7\u00e3o de qualidade para todos os alunos e isso se aplica ao Munic\u00edpio de Jundia\u00ed\u201d, enfatiza Ester Asevedo.<\/p>\n<p>Entre outras determina\u00e7\u00f5es, a Portaria do MEC 555 estabelece que os alunos com defici\u00eancia sejam inclu\u00eddos nas classes regulares e recebam refor\u00e7o em salas especiais no contraturno escolar. Para isso, por\u00e9m, \u00e9 necess\u00e1rio que elas sejam acess\u00edveis, tenham professores capacitados e materiais pedag\u00f3gicos adequados, entre outras premissas. A maioria das prefeituras ainda est\u00e1 se adaptando \u00e0s exig\u00eancias do MEC e, embora em S\u00e3o Paulo j\u00e1 existam munic\u00edpios onde o programa de educa\u00e7\u00e3o inclusiva esteja em um est\u00e1gio mais avan\u00e7ado, como Sorocaba, que tem um Centro de Refer\u00eancia de Educa\u00e7\u00e3o (CRE) modelo, a maioria das Secretarias de Educa\u00e7\u00e3o ainda n\u00e3o atende a determina\u00e7\u00e3o do MEC. \u201cA meta \u00e9 assegurar educa\u00e7\u00e3o inclusiva de qualidade para todos os alunos e isso requer v\u00e1rios est\u00e1gios e adapta\u00e7\u00f5es por parte das escolas, \u00e9 um processo\u201d, conclui Ester Asevedo.<br \/>\n______________________________<\/p>\n<p><strong>Fonte:<\/strong> Instituto Paradigma\/Ecoo Press<\/p>\n","protected":false},"excerpt":{"rendered":"<p>Levantamento ser\u00e1 base da Pol\u00edtica de Educa\u00e7\u00e3o Especial que a Secretaria Municipal de Educa\u00e7\u00e3o elabora, em parceria com o Instituto Paradigma.<\/p>\n","protected":false},"author":1,"featured_media":0,"comment_status":"open","ping_status":"open","sticky":false,"template":"","format":"standard","meta":{"site-container-style":"default","site-container-layout":"default","site-sidebar-layout":"default","disable-article-header":"default","disable-site-header":"default","disable-site-footer":"default","disable-content-area-spacing":"default","footnotes":""},"categories":[6,48,4],"tags":[126],"class_list":["post-17062","post","type-post","status-publish","format-standard","hentry","category-educacao","category-inclusao","category-noticias","tag-educacao-inclusiva"],"yoast_head":"<!-- This site is optimized with the Yoast SEO plugin v27.4 - https:\/\/yoast.com\/product\/yoast-seo-wordpress\/ -->\n<title>Prefeitura de Jundia\u00ed prepara diagn\u00f3stico sobre alunos com defici\u00eancia -<\/title>\n<meta name=\"robots\" content=\"index, follow, max-snippet:-1, max-image-preview:large, max-video-preview:-1\" \/>\n<link rel=\"canonical\" href=\"https:\/\/inclusivenews.com.br\/?p=17062\" \/>\n<meta property=\"og:locale\" content=\"pt_PT\" \/>\n<meta property=\"og:type\" content=\"article\" \/>\n<meta property=\"og:title\" content=\"Prefeitura de Jundia\u00ed prepara diagn\u00f3stico sobre alunos com defici\u00eancia -\" \/>\n<meta property=\"og:description\" content=\"Levantamento ser\u00e1 base da Pol\u00edtica de Educa\u00e7\u00e3o Especial que a Secretaria Municipal de Educa\u00e7\u00e3o elabora, em parceria com o Instituto Paradigma.\" \/>\n<meta property=\"og:url\" content=\"https:\/\/inclusivenews.com.br\/?p=17062\" \/>\n<meta property=\"article:publisher\" content=\"https:\/\/www.facebook.com\/agenciainclusive\/\" \/>\n<meta property=\"article:published_time\" content=\"2010-09-02T09:17:27+00:00\" \/>\n<meta property=\"og:image\" content=\"http:\/\/inclusivenews.com.br\/wp-content\/uploads\/2009\/12\/paradigma.jpg\" \/>\n<meta name=\"author\" content=\"inclusivenews2024\" \/>\n<meta name=\"twitter:card\" content=\"summary_large_image\" \/>\n<meta name=\"twitter:label1\" content=\"Escrito por\" \/>\n\t<meta name=\"twitter:data1\" content=\"inclusivenews2024\" \/>\n\t<meta name=\"twitter:label2\" content=\"Tempo estimado de leitura\" \/>\n\t<meta name=\"twitter:data2\" content=\"3 minutos\" \/>\n<script type=\"application\/ld+json\" class=\"yoast-schema-graph\">{\"@context\":\"https:\\\/\\\/schema.org\",\"@graph\":[{\"@type\":\"Article\",\"@id\":\"https:\\\/\\\/inclusivenews.com.br\\\/?p=17062#article\",\"isPartOf\":{\"@id\":\"https:\\\/\\\/inclusivenews.com.br\\\/?p=17062\"},\"author\":{\"name\":\"inclusivenews2024\",\"@id\":\"https:\\\/\\\/inclusivenews.com.br\\\/#\\\/schema\\\/person\\\/ae4ec7087559b8692fb33b6fffd2273b\"},\"headline\":\"Prefeitura de Jundia\u00ed prepara diagn\u00f3stico sobre alunos com defici\u00eancia\",\"datePublished\":\"2010-09-02T09:17:27+00:00\",\"mainEntityOfPage\":{\"@id\":\"https:\\\/\\\/inclusivenews.com.br\\\/?p=17062\"},\"wordCount\":526,\"commentCount\":6,\"publisher\":{\"@id\":\"https:\\\/\\\/inclusivenews.com.br\\\/#organization\"},\"image\":{\"@id\":\"https:\\\/\\\/inclusivenews.com.br\\\/?p=17062#primaryimage\"},\"thumbnailUrl\":\"http:\\\/\\\/inclusivenews.com.br\\\/wp-content\\\/uploads\\\/2009\\\/12\\\/paradigma.jpg\",\"keywords\":[\"Educa\u00e7\u00e3o inclusiva\"],\"articleSection\":[\"EDUCA\u00c7\u00c3O\",\"INCLUS\u00c3O SOCIAL\",\"NOT\u00cdCIAS\"],\"inLanguage\":\"pt-PT\",\"potentialAction\":[{\"@type\":\"CommentAction\",\"name\":\"Comment\",\"target\":[\"https:\\\/\\\/inclusivenews.com.br\\\/?p=17062#respond\"]}]},{\"@type\":\"WebPage\",\"@id\":\"https:\\\/\\\/inclusivenews.com.br\\\/?p=17062\",\"url\":\"https:\\\/\\\/inclusivenews.com.br\\\/?p=17062\",\"name\":\"Prefeitura de Jundia\u00ed prepara diagn\u00f3stico sobre alunos com defici\u00eancia -\",\"isPartOf\":{\"@id\":\"https:\\\/\\\/inclusivenews.com.br\\\/#website\"},\"primaryImageOfPage\":{\"@id\":\"https:\\\/\\\/inclusivenews.com.br\\\/?p=17062#primaryimage\"},\"image\":{\"@id\":\"https:\\\/\\\/inclusivenews.com.br\\\/?p=17062#primaryimage\"},\"thumbnailUrl\":\"http:\\\/\\\/inclusivenews.com.br\\\/wp-content\\\/uploads\\\/2009\\\/12\\\/paradigma.jpg\",\"datePublished\":\"2010-09-02T09:17:27+00:00\",\"breadcrumb\":{\"@id\":\"https:\\\/\\\/inclusivenews.com.br\\\/?p=17062#breadcrumb\"},\"inLanguage\":\"pt-PT\",\"potentialAction\":[{\"@type\":\"ReadAction\",\"target\":[\"https:\\\/\\\/inclusivenews.com.br\\\/?p=17062\"]}]},{\"@type\":\"ImageObject\",\"inLanguage\":\"pt-PT\",\"@id\":\"https:\\\/\\\/inclusivenews.com.br\\\/?p=17062#primaryimage\",\"url\":\"\",\"contentUrl\":\"\"},{\"@type\":\"BreadcrumbList\",\"@id\":\"https:\\\/\\\/inclusivenews.com.br\\\/?p=17062#breadcrumb\",\"itemListElement\":[{\"@type\":\"ListItem\",\"position\":1,\"name\":\"In\u00edcio\",\"item\":\"https:\\\/\\\/inclusivenews.com.br\\\/\"},{\"@type\":\"ListItem\",\"position\":2,\"name\":\"Prefeitura de Jundia\u00ed prepara diagn\u00f3stico sobre alunos com defici\u00eancia\"}]},{\"@type\":\"WebSite\",\"@id\":\"https:\\\/\\\/inclusivenews.com.br\\\/#website\",\"url\":\"https:\\\/\\\/inclusivenews.com.br\\\/\",\"name\":\"Inclusive News\",\"description\":\"Inclusive News\",\"publisher\":{\"@id\":\"https:\\\/\\\/inclusivenews.com.br\\\/#organization\"},\"potentialAction\":[{\"@type\":\"SearchAction\",\"target\":{\"@type\":\"EntryPoint\",\"urlTemplate\":\"https:\\\/\\\/inclusivenews.com.br\\\/?s={search_term_string}\"},\"query-input\":{\"@type\":\"PropertyValueSpecification\",\"valueRequired\":true,\"valueName\":\"search_term_string\"}}],\"inLanguage\":\"pt-PT\"},{\"@type\":\"Organization\",\"@id\":\"https:\\\/\\\/inclusivenews.com.br\\\/#organization\",\"name\":\"Inclusive - inclus\u00e3o e cidadania\",\"url\":\"https:\\\/\\\/inclusivenews.com.br\\\/\",\"logo\":{\"@type\":\"ImageObject\",\"inLanguage\":\"pt-PT\",\"@id\":\"https:\\\/\\\/inclusivenews.com.br\\\/#\\\/schema\\\/logo\\\/image\\\/\",\"url\":\"https:\\\/\\\/inclusivenews.com.br\\\/wp-content\\\/uploads\\\/2024\\\/03\\\/@grandesite.png\",\"contentUrl\":\"https:\\\/\\\/inclusivenews.com.br\\\/wp-content\\\/uploads\\\/2024\\\/03\\\/@grandesite.png\",\"width\":1080,\"height\":1080,\"caption\":\"Inclusive - inclus\u00e3o e cidadania\"},\"image\":{\"@id\":\"https:\\\/\\\/inclusivenews.com.br\\\/#\\\/schema\\\/logo\\\/image\\\/\"},\"sameAs\":[\"https:\\\/\\\/www.facebook.com\\\/agenciainclusive\\\/\",\"https:\\\/\\\/www.instagram.com\\\/newsinclusive\\\/\"]},{\"@type\":\"Person\",\"@id\":\"https:\\\/\\\/inclusivenews.com.br\\\/#\\\/schema\\\/person\\\/ae4ec7087559b8692fb33b6fffd2273b\",\"name\":\"inclusivenews2024\",\"image\":{\"@type\":\"ImageObject\",\"inLanguage\":\"pt-PT\",\"@id\":\"https:\\\/\\\/secure.gravatar.com\\\/avatar\\\/c5a7ef84c66fa914f55bc4f7ce26cfa275a3b9a1c5568b907bd184fb4dde7b40?s=96&d=mm&r=g\",\"url\":\"https:\\\/\\\/secure.gravatar.com\\\/avatar\\\/c5a7ef84c66fa914f55bc4f7ce26cfa275a3b9a1c5568b907bd184fb4dde7b40?s=96&d=mm&r=g\",\"contentUrl\":\"https:\\\/\\\/secure.gravatar.com\\\/avatar\\\/c5a7ef84c66fa914f55bc4f7ce26cfa275a3b9a1c5568b907bd184fb4dde7b40?s=96&d=mm&r=g\",\"caption\":\"inclusivenews2024\"},\"sameAs\":[\"https:\\\/\\\/inclusivenews.com.br\"],\"url\":\"https:\\\/\\\/inclusivenews.com.br\\\/?author=1\"}]}<\/script>\n<!-- \/ Yoast SEO plugin. -->","yoast_head_json":{"title":"Prefeitura de Jundia\u00ed prepara diagn\u00f3stico sobre alunos com defici\u00eancia -","robots":{"index":"index","follow":"follow","max-snippet":"max-snippet:-1","max-image-preview":"max-image-preview:large","max-video-preview":"max-video-preview:-1"},"canonical":"https:\/\/inclusivenews.com.br\/?p=17062","og_locale":"pt_PT","og_type":"article","og_title":"Prefeitura de Jundia\u00ed prepara diagn\u00f3stico sobre alunos com defici\u00eancia -","og_description":"Levantamento ser\u00e1 base da Pol\u00edtica de Educa\u00e7\u00e3o Especial que a Secretaria Municipal de Educa\u00e7\u00e3o elabora, em parceria com o Instituto Paradigma.","og_url":"https:\/\/inclusivenews.com.br\/?p=17062","article_publisher":"https:\/\/www.facebook.com\/agenciainclusive\/","article_published_time":"2010-09-02T09:17:27+00:00","og_image":[{"url":"http:\/\/inclusivenews.com.br\/wp-content\/uploads\/2009\/12\/paradigma.jpg","type":"","width":"","height":""}],"author":"inclusivenews2024","twitter_card":"summary_large_image","twitter_misc":{"Escrito por":"inclusivenews2024","Tempo estimado de leitura":"3 minutos"},"schema":{"@context":"https:\/\/schema.org","@graph":[{"@type":"Article","@id":"https:\/\/inclusivenews.com.br\/?p=17062#article","isPartOf":{"@id":"https:\/\/inclusivenews.com.br\/?p=17062"},"author":{"name":"inclusivenews2024","@id":"https:\/\/inclusivenews.com.br\/#\/schema\/person\/ae4ec7087559b8692fb33b6fffd2273b"},"headline":"Prefeitura de Jundia\u00ed prepara diagn\u00f3stico sobre alunos com defici\u00eancia","datePublished":"2010-09-02T09:17:27+00:00","mainEntityOfPage":{"@id":"https:\/\/inclusivenews.com.br\/?p=17062"},"wordCount":526,"commentCount":6,"publisher":{"@id":"https:\/\/inclusivenews.com.br\/#organization"},"image":{"@id":"https:\/\/inclusivenews.com.br\/?p=17062#primaryimage"},"thumbnailUrl":"http:\/\/inclusivenews.com.br\/wp-content\/uploads\/2009\/12\/paradigma.jpg","keywords":["Educa\u00e7\u00e3o inclusiva"],"articleSection":["EDUCA\u00c7\u00c3O","INCLUS\u00c3O SOCIAL","NOT\u00cdCIAS"],"inLanguage":"pt-PT","potentialAction":[{"@type":"CommentAction","name":"Comment","target":["https:\/\/inclusivenews.com.br\/?p=17062#respond"]}]},{"@type":"WebPage","@id":"https:\/\/inclusivenews.com.br\/?p=17062","url":"https:\/\/inclusivenews.com.br\/?p=17062","name":"Prefeitura de Jundia\u00ed prepara diagn\u00f3stico sobre alunos com defici\u00eancia -","isPartOf":{"@id":"https:\/\/inclusivenews.com.br\/#website"},"primaryImageOfPage":{"@id":"https:\/\/inclusivenews.com.br\/?p=17062#primaryimage"},"image":{"@id":"https:\/\/inclusivenews.com.br\/?p=17062#primaryimage"},"thumbnailUrl":"http:\/\/inclusivenews.com.br\/wp-content\/uploads\/2009\/12\/paradigma.jpg","datePublished":"2010-09-02T09:17:27+00:00","breadcrumb":{"@id":"https:\/\/inclusivenews.com.br\/?p=17062#breadcrumb"},"inLanguage":"pt-PT","potentialAction":[{"@type":"ReadAction","target":["https:\/\/inclusivenews.com.br\/?p=17062"]}]},{"@type":"ImageObject","inLanguage":"pt-PT","@id":"https:\/\/inclusivenews.com.br\/?p=17062#primaryimage","url":"","contentUrl":""},{"@type":"BreadcrumbList","@id":"https:\/\/inclusivenews.com.br\/?p=17062#breadcrumb","itemListElement":[{"@type":"ListItem","position":1,"name":"In\u00edcio","item":"https:\/\/inclusivenews.com.br\/"},{"@type":"ListItem","position":2,"name":"Prefeitura de Jundia\u00ed prepara diagn\u00f3stico sobre alunos com defici\u00eancia"}]},{"@type":"WebSite","@id":"https:\/\/inclusivenews.com.br\/#website","url":"https:\/\/inclusivenews.com.br\/","name":"Inclusive News","description":"Inclusive News","publisher":{"@id":"https:\/\/inclusivenews.com.br\/#organization"},"potentialAction":[{"@type":"SearchAction","target":{"@type":"EntryPoint","urlTemplate":"https:\/\/inclusivenews.com.br\/?s={search_term_string}"},"query-input":{"@type":"PropertyValueSpecification","valueRequired":true,"valueName":"search_term_string"}}],"inLanguage":"pt-PT"},{"@type":"Organization","@id":"https:\/\/inclusivenews.com.br\/#organization","name":"Inclusive - inclus\u00e3o e cidadania","url":"https:\/\/inclusivenews.com.br\/","logo":{"@type":"ImageObject","inLanguage":"pt-PT","@id":"https:\/\/inclusivenews.com.br\/#\/schema\/logo\/image\/","url":"https:\/\/inclusivenews.com.br\/wp-content\/uploads\/2024\/03\/@grandesite.png","contentUrl":"https:\/\/inclusivenews.com.br\/wp-content\/uploads\/2024\/03\/@grandesite.png","width":1080,"height":1080,"caption":"Inclusive - inclus\u00e3o e cidadania"},"image":{"@id":"https:\/\/inclusivenews.com.br\/#\/schema\/logo\/image\/"},"sameAs":["https:\/\/www.facebook.com\/agenciainclusive\/","https:\/\/www.instagram.com\/newsinclusive\/"]},{"@type":"Person","@id":"https:\/\/inclusivenews.com.br\/#\/schema\/person\/ae4ec7087559b8692fb33b6fffd2273b","name":"inclusivenews2024","image":{"@type":"ImageObject","inLanguage":"pt-PT","@id":"https:\/\/secure.gravatar.com\/avatar\/c5a7ef84c66fa914f55bc4f7ce26cfa275a3b9a1c5568b907bd184fb4dde7b40?s=96&d=mm&r=g","url":"https:\/\/secure.gravatar.com\/avatar\/c5a7ef84c66fa914f55bc4f7ce26cfa275a3b9a1c5568b907bd184fb4dde7b40?s=96&d=mm&r=g","contentUrl":"https:\/\/secure.gravatar.com\/avatar\/c5a7ef84c66fa914f55bc4f7ce26cfa275a3b9a1c5568b907bd184fb4dde7b40?s=96&d=mm&r=g","caption":"inclusivenews2024"},"sameAs":["https:\/\/inclusivenews.com.br"],"url":"https:\/\/inclusivenews.com.br\/?author=1"}]}},"_links":{"self":[{"href":"https:\/\/inclusivenews.com.br\/index.php?rest_route=\/wp\/v2\/posts\/17062","targetHints":{"allow":["GET"]}}],"collection":[{"href":"https:\/\/inclusivenews.com.br\/index.php?rest_route=\/wp\/v2\/posts"}],"about":[{"href":"https:\/\/inclusivenews.com.br\/index.php?rest_route=\/wp\/v2\/types\/post"}],"author":[{"embeddable":true,"href":"https:\/\/inclusivenews.com.br\/index.php?rest_route=\/wp\/v2\/users\/1"}],"replies":[{"embeddable":true,"href":"https:\/\/inclusivenews.com.br\/index.php?rest_route=%2Fwp%2Fv2%2Fcomments&post=17062"}],"version-history":[{"count":0,"href":"https:\/\/inclusivenews.com.br\/index.php?rest_route=\/wp\/v2\/posts\/17062\/revisions"}],"wp:attachment":[{"href":"https:\/\/inclusivenews.com.br\/index.php?rest_route=%2Fwp%2Fv2%2Fmedia&parent=17062"}],"wp:term":[{"taxonomy":"category","embeddable":true,"href":"https:\/\/inclusivenews.com.br\/index.php?rest_route=%2Fwp%2Fv2%2Fcategories&post=17062"},{"taxonomy":"post_tag","embeddable":true,"href":"https:\/\/inclusivenews.com.br\/index.php?rest_route=%2Fwp%2Fv2%2Ftags&post=17062"}],"curies":[{"name":"wp","href":"https:\/\/api.w.org\/{rel}","templated":true}]}}