{"id":17065,"date":"2010-09-02T06:06:26","date_gmt":"2010-09-02T09:06:26","guid":{"rendered":"http:\/\/www.inclusive.org.br\/?p=17065"},"modified":"2010-09-02T06:06:26","modified_gmt":"2010-09-02T09:06:26","slug":"agora-por-nos-mesmos","status":"publish","type":"post","link":"https:\/\/inclusivenews.com.br\/?p=17065","title":{"rendered":"Agora por n\u00f3s mesmos"},"content":{"rendered":"<figure style=\"width: 230px\" class=\"wp-caption alignleft\"><a class=\"moz-txt-link-freetext\" href=\"http:\/\/www.5xfavela.com.br\/wp-content\/themes\/urban-elements\/images\/5xfavela.png\"><img loading=\"lazy\" decoding=\"async\" title=\"5x favela - agora por n\u00f3s mesmos - o texto est\u00e1 escrito dentro de um c\u00edrculo que d\u00e1 a id\u00e9ia de um planeta, de onde v\u00ea-se uma pipa empinada\" src=\"http:\/\/www.5xfavela.com.br\/wp-content\/themes\/urban-elements\/images\/5xfavela.png\" alt=\"\" width=\"230\" height=\"179\" \/><\/a><figcaption class=\"wp-caption-text\"> <\/figcaption><\/figure>\n<p>No ver\u00e3o de 1961, cinco jovens cineastas de classe m\u00e9dia subiram morros cariocas e fizeram o filme 5x Favela. L\u00e1 estavam Cac\u00e1 Diegues, Leon Hirszman, Joaquim Pedro de Andrade, Marcos Farias e Miguel Borges, do Centro Popular de Cultura da Uni\u00e3o Nacional dos Estudantes, o CPC da UNE.<\/p>\n<p>Esse precursor do Cinema Novo inspirou a refilmagem produzida por Cac\u00e1 Diegues e Renata Magalh\u00e3es. S\u00f3 que desta vez a dire\u00e7\u00e3o dos cinco epis\u00f3dios de 5x Favela \u2013 Agora por N\u00f3s Mesmos ficou a cargo de jovens cineastas moradores de comunidades pobres do Rio. \u201cA principal diferen\u00e7a entre os dois filmes \u00e9 que o primeiro foi feito por cinco jovens universit\u00e1rios generosos e bacanas, mas de classe m\u00e9dia, com olhar de fora. Esse, n\u00e3o. Foi concebido, escrito, criado e realizado por jovens moradores de favelas\u201d, compara Cac\u00e1.<\/p>\n<p>O filme foi selecionado para a mostra n\u00e3o competitiva do Festival de Cannes, na Fran\u00e7a, onde foi ovacionado. Levou tamb\u00e9m sete pr\u00eamios no Festival de Cinema de Paul\u00ednia, em S\u00e3o Paulo: melhor filme de fic\u00e7\u00e3o (oficial e j\u00fari popular), ator coadjuvante, atriz coadjuvante, roteiro, montagem e trilha sonora.<\/p>\n<p>Em 2007, a dupla de produtores organizou oficinas de roteiro para escolher as hist\u00f3rias que seriam filmadas. Elas foram ministradas em cinco comunidades que j\u00e1 desenvolviam programas de audiovisual em favelas: N\u00f3s do Morro, no Vidigal; AfroReggae, na Parada de Lucas; Cinemaneiro, que atende moradores da Linha Amarela; Central \u00danica das Favelas (Cufa), na Cidade de Deus; e o Observat\u00f3rio de Favelas, no Complexo da Mar\u00e9.<\/p>\n<p><strong>Cenas da vida<\/strong><\/p>\n<p>\u201cQuando eu recebi o argumento, senti o desafio. Ningu\u00e9m queria filmar a viol\u00eancia porque isso \u00e9 clich\u00ea, mas eu, como gosto de drama, adorei. O fato de eu ter um irm\u00e3o que foi traficante me permitiu colocar elementos da minha vida pessoal na fic\u00e7\u00e3o\u201d, comemora Luciano Vidigal, morador na comunidade de mesmo nome e diretor do epis\u00f3dio Concerto para Violino.<\/p>\n<p>A atriz Luciana Bezerra, de 36 anos, trabalha com cinema h\u00e1 17 anos e mora no Vidigal. O epis\u00f3dio que dirigiu, Acende a Luz, retrata dificuldades de vizinhos que est\u00e3o sem luz \u00e0s v\u00e9speras do Natal. \u201cEla \u00e9 alegre, tem muito a ver com a minha fam\u00edlia, em como a gente encara a vida, mesmo com as dificuldades\u201d. O epis\u00f3dio rendeu a Dila Guerra e Marcio Vito, os pr\u00eamios de ator e atriz coadjuvantes.<\/p>\n<p>Em Arroz com Feij\u00e3o \u2013 ambientado na Cidade de Deus \u2013 Rodrigo Felha, 30 anos, e Cacau Amaral, 38, dirigiram a hist\u00f3ria do menino Wesley, que ouve o pai confessando que estava cansado de comer todo dia o mesmo prato e tenta, com a ajuda do hil\u00e1rio amigo Orelha, deixar o anivers\u00e1rio do pai mais saboroso.<\/p>\n<p>Mana\u00edra Carneiro, de 23 anos, dirige com Wagner Novais, o Wav\u00e1, de 25, Fonte de Renda, em que Maicon, um jovem padeiro, passa a levar drogas aos colegas para ter dinheiro para poder estudar Direito. \u201cTem quem critique porque tem muita gente feliz, rindo. O que precisam entender \u00e9 que as pessoas da favela riem e s\u00e3o felizes como todo mundo\u201d, critica Wav\u00e1.<\/p>\n<p>Deixa Voar mostra as barreiras imagin\u00e1rias do Complexo da Mar\u00e9, onde mora o diretor Cadu Barcellos. Conta a hist\u00f3ria de Fl\u00e1vio, que, para buscar a pipa talhada do amigo, \u00e9 obrigado a ir para ao territ\u00f3rio dominado por fac\u00e7\u00e3o rival. \u201c\u00c9 um epis\u00f3dio sobre o desconhecido, o refugiado\u201d, resume o diretor.<\/p>\n<p>Para Cadu, 5x Favela \u2013 Agora por N\u00f3s Mesmos \u00e9 mais que um filme: \u201c\u00c9 um marco na hist\u00f3ria da cinematografia brasileira. Um cara da favela falando sobre a sua realidade no cinema \u00e9 revolucion\u00e1rio. Al\u00e9m disso, tem a quest\u00e3o do ponto de encontro, porque jovens de v\u00e1rias comunidades fizeram o \u2018tudo junto e misturado\u2019 realmente acontecer e dar certo\u201d, comemora.<\/p>\n<p>___________________<\/p>\n<p><strong>Fonte:<\/strong> <a href=\"http:\/\/www.redebrasilatual.com.br\/temas\/entretenimento\/jovens-das-comunidades-comandam-5x-favela-do-seculo-21\/?searchterm=5x%20favela\">Revista do Brasil<\/a><\/p>\n","protected":false},"excerpt":{"rendered":"<p>Desta vez, a dire\u00e7\u00e3o dos cinco epis\u00f3dios de 5x Favela \u2013 Agora por N\u00f3s Mesmos ficou a cargo de jovens cineastas moradores de comunidades pobres do Rio. Da Revista do Brasil.<\/p>\n","protected":false},"author":1,"featured_media":0,"comment_status":"open","ping_status":"open","sticky":false,"template":"","format":"standard","meta":{"site-container-style":"default","site-container-layout":"default","site-sidebar-layout":"default","disable-article-header":"default","disable-site-header":"default","disable-site-footer":"default","disable-content-area-spacing":"default","footnotes":""},"categories":[29,4],"tags":[],"class_list":["post-17065","post","type-post","status-publish","format-standard","hentry","category-cultura","category-noticias"],"yoast_head":"<!-- This site is optimized with the Yoast SEO plugin v27.5 - https:\/\/yoast.com\/product\/yoast-seo-wordpress\/ -->\n<title>Agora por n\u00f3s mesmos -<\/title>\n<meta name=\"robots\" content=\"index, follow, max-snippet:-1, max-image-preview:large, max-video-preview:-1\" \/>\n<link rel=\"canonical\" href=\"https:\/\/inclusivenews.com.br\/?p=17065\" \/>\n<meta property=\"og:locale\" content=\"pt_PT\" \/>\n<meta property=\"og:type\" content=\"article\" \/>\n<meta property=\"og:title\" content=\"Agora por n\u00f3s mesmos -\" \/>\n<meta property=\"og:description\" content=\"Desta vez, a dire\u00e7\u00e3o dos cinco epis\u00f3dios de 5x Favela \u2013 Agora por N\u00f3s Mesmos ficou a cargo de jovens cineastas moradores de comunidades pobres do Rio. Da Revista do Brasil.\" \/>\n<meta property=\"og:url\" content=\"https:\/\/inclusivenews.com.br\/?p=17065\" \/>\n<meta property=\"article:publisher\" content=\"https:\/\/www.facebook.com\/agenciainclusive\/\" \/>\n<meta property=\"article:published_time\" content=\"2010-09-02T09:06:26+00:00\" \/>\n<meta property=\"og:image\" content=\"http:\/\/www.5xfavela.com.br\/wp-content\/themes\/urban-elements\/images\/5xfavela.png\" \/>\n<meta name=\"author\" content=\"inclusivenews2024\" \/>\n<meta name=\"twitter:card\" content=\"summary_large_image\" \/>\n<meta name=\"twitter:label1\" content=\"Escrito por\" \/>\n\t<meta name=\"twitter:data1\" content=\"inclusivenews2024\" \/>\n\t<meta name=\"twitter:label2\" content=\"Tempo estimado de leitura\" \/>\n\t<meta name=\"twitter:data2\" content=\"3 minutos\" \/>\n<script type=\"application\/ld+json\" class=\"yoast-schema-graph\">{\"@context\":\"https:\\\/\\\/schema.org\",\"@graph\":[{\"@type\":\"Article\",\"@id\":\"https:\\\/\\\/inclusivenews.com.br\\\/?p=17065#article\",\"isPartOf\":{\"@id\":\"https:\\\/\\\/inclusivenews.com.br\\\/?p=17065\"},\"author\":{\"name\":\"inclusivenews2024\",\"@id\":\"https:\\\/\\\/inclusivenews.com.br\\\/#\\\/schema\\\/person\\\/ae4ec7087559b8692fb33b6fffd2273b\"},\"headline\":\"Agora por n\u00f3s mesmos\",\"datePublished\":\"2010-09-02T09:06:26+00:00\",\"mainEntityOfPage\":{\"@id\":\"https:\\\/\\\/inclusivenews.com.br\\\/?p=17065\"},\"wordCount\":663,\"commentCount\":0,\"publisher\":{\"@id\":\"https:\\\/\\\/inclusivenews.com.br\\\/#organization\"},\"image\":{\"@id\":\"https:\\\/\\\/inclusivenews.com.br\\\/?p=17065#primaryimage\"},\"thumbnailUrl\":\"http:\\\/\\\/www.5xfavela.com.br\\\/wp-content\\\/themes\\\/urban-elements\\\/images\\\/5xfavela.png\",\"articleSection\":[\"Cultura\",\"NOT\u00cdCIAS\"],\"inLanguage\":\"pt-PT\",\"potentialAction\":[{\"@type\":\"CommentAction\",\"name\":\"Comment\",\"target\":[\"https:\\\/\\\/inclusivenews.com.br\\\/?p=17065#respond\"]}]},{\"@type\":\"WebPage\",\"@id\":\"https:\\\/\\\/inclusivenews.com.br\\\/?p=17065\",\"url\":\"https:\\\/\\\/inclusivenews.com.br\\\/?p=17065\",\"name\":\"Agora por n\u00f3s mesmos -\",\"isPartOf\":{\"@id\":\"https:\\\/\\\/inclusivenews.com.br\\\/#website\"},\"primaryImageOfPage\":{\"@id\":\"https:\\\/\\\/inclusivenews.com.br\\\/?p=17065#primaryimage\"},\"image\":{\"@id\":\"https:\\\/\\\/inclusivenews.com.br\\\/?p=17065#primaryimage\"},\"thumbnailUrl\":\"http:\\\/\\\/www.5xfavela.com.br\\\/wp-content\\\/themes\\\/urban-elements\\\/images\\\/5xfavela.png\",\"datePublished\":\"2010-09-02T09:06:26+00:00\",\"breadcrumb\":{\"@id\":\"https:\\\/\\\/inclusivenews.com.br\\\/?p=17065#breadcrumb\"},\"inLanguage\":\"pt-PT\",\"potentialAction\":[{\"@type\":\"ReadAction\",\"target\":[\"https:\\\/\\\/inclusivenews.com.br\\\/?p=17065\"]}]},{\"@type\":\"ImageObject\",\"inLanguage\":\"pt-PT\",\"@id\":\"https:\\\/\\\/inclusivenews.com.br\\\/?p=17065#primaryimage\",\"url\":\"http:\\\/\\\/www.5xfavela.com.br\\\/wp-content\\\/themes\\\/urban-elements\\\/images\\\/5xfavela.png\",\"contentUrl\":\"http:\\\/\\\/www.5xfavela.com.br\\\/wp-content\\\/themes\\\/urban-elements\\\/images\\\/5xfavela.png\"},{\"@type\":\"BreadcrumbList\",\"@id\":\"https:\\\/\\\/inclusivenews.com.br\\\/?p=17065#breadcrumb\",\"itemListElement\":[{\"@type\":\"ListItem\",\"position\":1,\"name\":\"In\u00edcio\",\"item\":\"https:\\\/\\\/inclusivenews.com.br\\\/\"},{\"@type\":\"ListItem\",\"position\":2,\"name\":\"Agora por n\u00f3s mesmos\"}]},{\"@type\":\"WebSite\",\"@id\":\"https:\\\/\\\/inclusivenews.com.br\\\/#website\",\"url\":\"https:\\\/\\\/inclusivenews.com.br\\\/\",\"name\":\"Inclusive News\",\"description\":\"Inclusive News\",\"publisher\":{\"@id\":\"https:\\\/\\\/inclusivenews.com.br\\\/#organization\"},\"potentialAction\":[{\"@type\":\"SearchAction\",\"target\":{\"@type\":\"EntryPoint\",\"urlTemplate\":\"https:\\\/\\\/inclusivenews.com.br\\\/?s={search_term_string}\"},\"query-input\":{\"@type\":\"PropertyValueSpecification\",\"valueRequired\":true,\"valueName\":\"search_term_string\"}}],\"inLanguage\":\"pt-PT\"},{\"@type\":\"Organization\",\"@id\":\"https:\\\/\\\/inclusivenews.com.br\\\/#organization\",\"name\":\"Inclusive - inclus\u00e3o e cidadania\",\"url\":\"https:\\\/\\\/inclusivenews.com.br\\\/\",\"logo\":{\"@type\":\"ImageObject\",\"inLanguage\":\"pt-PT\",\"@id\":\"https:\\\/\\\/inclusivenews.com.br\\\/#\\\/schema\\\/logo\\\/image\\\/\",\"url\":\"https:\\\/\\\/inclusivenews.com.br\\\/wp-content\\\/uploads\\\/2024\\\/03\\\/@grandesite.png\",\"contentUrl\":\"https:\\\/\\\/inclusivenews.com.br\\\/wp-content\\\/uploads\\\/2024\\\/03\\\/@grandesite.png\",\"width\":1080,\"height\":1080,\"caption\":\"Inclusive - inclus\u00e3o e cidadania\"},\"image\":{\"@id\":\"https:\\\/\\\/inclusivenews.com.br\\\/#\\\/schema\\\/logo\\\/image\\\/\"},\"sameAs\":[\"https:\\\/\\\/www.facebook.com\\\/agenciainclusive\\\/\",\"https:\\\/\\\/www.instagram.com\\\/newsinclusive\\\/\"]},{\"@type\":\"Person\",\"@id\":\"https:\\\/\\\/inclusivenews.com.br\\\/#\\\/schema\\\/person\\\/ae4ec7087559b8692fb33b6fffd2273b\",\"name\":\"inclusivenews2024\",\"image\":{\"@type\":\"ImageObject\",\"inLanguage\":\"pt-PT\",\"@id\":\"https:\\\/\\\/secure.gravatar.com\\\/avatar\\\/c5a7ef84c66fa914f55bc4f7ce26cfa275a3b9a1c5568b907bd184fb4dde7b40?s=96&d=mm&r=g\",\"url\":\"https:\\\/\\\/secure.gravatar.com\\\/avatar\\\/c5a7ef84c66fa914f55bc4f7ce26cfa275a3b9a1c5568b907bd184fb4dde7b40?s=96&d=mm&r=g\",\"contentUrl\":\"https:\\\/\\\/secure.gravatar.com\\\/avatar\\\/c5a7ef84c66fa914f55bc4f7ce26cfa275a3b9a1c5568b907bd184fb4dde7b40?s=96&d=mm&r=g\",\"caption\":\"inclusivenews2024\"},\"sameAs\":[\"https:\\\/\\\/inclusivenews.com.br\"],\"url\":\"https:\\\/\\\/inclusivenews.com.br\\\/?author=1\"}]}<\/script>\n<!-- \/ Yoast SEO plugin. -->","yoast_head_json":{"title":"Agora por n\u00f3s mesmos -","robots":{"index":"index","follow":"follow","max-snippet":"max-snippet:-1","max-image-preview":"max-image-preview:large","max-video-preview":"max-video-preview:-1"},"canonical":"https:\/\/inclusivenews.com.br\/?p=17065","og_locale":"pt_PT","og_type":"article","og_title":"Agora por n\u00f3s mesmos -","og_description":"Desta vez, a dire\u00e7\u00e3o dos cinco epis\u00f3dios de 5x Favela \u2013 Agora por N\u00f3s Mesmos ficou a cargo de jovens cineastas moradores de comunidades pobres do Rio. Da Revista do Brasil.","og_url":"https:\/\/inclusivenews.com.br\/?p=17065","article_publisher":"https:\/\/www.facebook.com\/agenciainclusive\/","article_published_time":"2010-09-02T09:06:26+00:00","og_image":[{"url":"http:\/\/www.5xfavela.com.br\/wp-content\/themes\/urban-elements\/images\/5xfavela.png","type":"","width":"","height":""}],"author":"inclusivenews2024","twitter_card":"summary_large_image","twitter_misc":{"Escrito por":"inclusivenews2024","Tempo estimado de leitura":"3 minutos"},"schema":{"@context":"https:\/\/schema.org","@graph":[{"@type":"Article","@id":"https:\/\/inclusivenews.com.br\/?p=17065#article","isPartOf":{"@id":"https:\/\/inclusivenews.com.br\/?p=17065"},"author":{"name":"inclusivenews2024","@id":"https:\/\/inclusivenews.com.br\/#\/schema\/person\/ae4ec7087559b8692fb33b6fffd2273b"},"headline":"Agora por n\u00f3s mesmos","datePublished":"2010-09-02T09:06:26+00:00","mainEntityOfPage":{"@id":"https:\/\/inclusivenews.com.br\/?p=17065"},"wordCount":663,"commentCount":0,"publisher":{"@id":"https:\/\/inclusivenews.com.br\/#organization"},"image":{"@id":"https:\/\/inclusivenews.com.br\/?p=17065#primaryimage"},"thumbnailUrl":"http:\/\/www.5xfavela.com.br\/wp-content\/themes\/urban-elements\/images\/5xfavela.png","articleSection":["Cultura","NOT\u00cdCIAS"],"inLanguage":"pt-PT","potentialAction":[{"@type":"CommentAction","name":"Comment","target":["https:\/\/inclusivenews.com.br\/?p=17065#respond"]}]},{"@type":"WebPage","@id":"https:\/\/inclusivenews.com.br\/?p=17065","url":"https:\/\/inclusivenews.com.br\/?p=17065","name":"Agora por n\u00f3s mesmos -","isPartOf":{"@id":"https:\/\/inclusivenews.com.br\/#website"},"primaryImageOfPage":{"@id":"https:\/\/inclusivenews.com.br\/?p=17065#primaryimage"},"image":{"@id":"https:\/\/inclusivenews.com.br\/?p=17065#primaryimage"},"thumbnailUrl":"http:\/\/www.5xfavela.com.br\/wp-content\/themes\/urban-elements\/images\/5xfavela.png","datePublished":"2010-09-02T09:06:26+00:00","breadcrumb":{"@id":"https:\/\/inclusivenews.com.br\/?p=17065#breadcrumb"},"inLanguage":"pt-PT","potentialAction":[{"@type":"ReadAction","target":["https:\/\/inclusivenews.com.br\/?p=17065"]}]},{"@type":"ImageObject","inLanguage":"pt-PT","@id":"https:\/\/inclusivenews.com.br\/?p=17065#primaryimage","url":"http:\/\/www.5xfavela.com.br\/wp-content\/themes\/urban-elements\/images\/5xfavela.png","contentUrl":"http:\/\/www.5xfavela.com.br\/wp-content\/themes\/urban-elements\/images\/5xfavela.png"},{"@type":"BreadcrumbList","@id":"https:\/\/inclusivenews.com.br\/?p=17065#breadcrumb","itemListElement":[{"@type":"ListItem","position":1,"name":"In\u00edcio","item":"https:\/\/inclusivenews.com.br\/"},{"@type":"ListItem","position":2,"name":"Agora por n\u00f3s mesmos"}]},{"@type":"WebSite","@id":"https:\/\/inclusivenews.com.br\/#website","url":"https:\/\/inclusivenews.com.br\/","name":"Inclusive News","description":"Inclusive News","publisher":{"@id":"https:\/\/inclusivenews.com.br\/#organization"},"potentialAction":[{"@type":"SearchAction","target":{"@type":"EntryPoint","urlTemplate":"https:\/\/inclusivenews.com.br\/?s={search_term_string}"},"query-input":{"@type":"PropertyValueSpecification","valueRequired":true,"valueName":"search_term_string"}}],"inLanguage":"pt-PT"},{"@type":"Organization","@id":"https:\/\/inclusivenews.com.br\/#organization","name":"Inclusive - inclus\u00e3o e cidadania","url":"https:\/\/inclusivenews.com.br\/","logo":{"@type":"ImageObject","inLanguage":"pt-PT","@id":"https:\/\/inclusivenews.com.br\/#\/schema\/logo\/image\/","url":"https:\/\/inclusivenews.com.br\/wp-content\/uploads\/2024\/03\/@grandesite.png","contentUrl":"https:\/\/inclusivenews.com.br\/wp-content\/uploads\/2024\/03\/@grandesite.png","width":1080,"height":1080,"caption":"Inclusive - inclus\u00e3o e cidadania"},"image":{"@id":"https:\/\/inclusivenews.com.br\/#\/schema\/logo\/image\/"},"sameAs":["https:\/\/www.facebook.com\/agenciainclusive\/","https:\/\/www.instagram.com\/newsinclusive\/"]},{"@type":"Person","@id":"https:\/\/inclusivenews.com.br\/#\/schema\/person\/ae4ec7087559b8692fb33b6fffd2273b","name":"inclusivenews2024","image":{"@type":"ImageObject","inLanguage":"pt-PT","@id":"https:\/\/secure.gravatar.com\/avatar\/c5a7ef84c66fa914f55bc4f7ce26cfa275a3b9a1c5568b907bd184fb4dde7b40?s=96&d=mm&r=g","url":"https:\/\/secure.gravatar.com\/avatar\/c5a7ef84c66fa914f55bc4f7ce26cfa275a3b9a1c5568b907bd184fb4dde7b40?s=96&d=mm&r=g","contentUrl":"https:\/\/secure.gravatar.com\/avatar\/c5a7ef84c66fa914f55bc4f7ce26cfa275a3b9a1c5568b907bd184fb4dde7b40?s=96&d=mm&r=g","caption":"inclusivenews2024"},"sameAs":["https:\/\/inclusivenews.com.br"],"url":"https:\/\/inclusivenews.com.br\/?author=1"}]}},"_links":{"self":[{"href":"https:\/\/inclusivenews.com.br\/index.php?rest_route=\/wp\/v2\/posts\/17065","targetHints":{"allow":["GET"]}}],"collection":[{"href":"https:\/\/inclusivenews.com.br\/index.php?rest_route=\/wp\/v2\/posts"}],"about":[{"href":"https:\/\/inclusivenews.com.br\/index.php?rest_route=\/wp\/v2\/types\/post"}],"author":[{"embeddable":true,"href":"https:\/\/inclusivenews.com.br\/index.php?rest_route=\/wp\/v2\/users\/1"}],"replies":[{"embeddable":true,"href":"https:\/\/inclusivenews.com.br\/index.php?rest_route=%2Fwp%2Fv2%2Fcomments&post=17065"}],"version-history":[{"count":0,"href":"https:\/\/inclusivenews.com.br\/index.php?rest_route=\/wp\/v2\/posts\/17065\/revisions"}],"wp:attachment":[{"href":"https:\/\/inclusivenews.com.br\/index.php?rest_route=%2Fwp%2Fv2%2Fmedia&parent=17065"}],"wp:term":[{"taxonomy":"category","embeddable":true,"href":"https:\/\/inclusivenews.com.br\/index.php?rest_route=%2Fwp%2Fv2%2Fcategories&post=17065"},{"taxonomy":"post_tag","embeddable":true,"href":"https:\/\/inclusivenews.com.br\/index.php?rest_route=%2Fwp%2Fv2%2Ftags&post=17065"}],"curies":[{"name":"wp","href":"https:\/\/api.w.org\/{rel}","templated":true}]}}