{"id":17067,"date":"2010-09-02T06:08:30","date_gmt":"2010-09-02T09:08:30","guid":{"rendered":"http:\/\/www.inclusive.org.br\/?p=17067"},"modified":"2010-09-02T06:08:30","modified_gmt":"2010-09-02T09:08:30","slug":"curupira-o-protetor-das-florestas","status":"publish","type":"post","link":"https:\/\/inclusivenews.com.br\/?p=17067","title":{"rendered":"Curupira: o protetor das florestas"},"content":{"rendered":"<p><a class=\"moz-txt-link-freetext\" href=\"http:\/\/2.bp.blogspot.com\/_qAPfzcc1mdw\/THbJhfn0-wI\/AAAAAAAAAwo\/M2Ra18gaH9U\/s400\/img176.jpg\"><img loading=\"lazy\" decoding=\"async\" class=\"alignleft\" title=\"Imagem da publica\u00e7\u00e3o, onde aparece o Curupira e s\u00edmbolos pictogr\u00e1ficos\" src=\"http:\/\/2.bp.blogspot.com\/_qAPfzcc1mdw\/THbJhfn0-wI\/AAAAAAAAAwo\/M2Ra18gaH9U\/s400\/img176.jpg\" alt=\"\" width=\"163\" height=\"224\" \/><\/a><\/p>\n<p>O Ponto de Cultura Unimultiplicidade, em parceria com o Centro de Conviv\u00eancia Movimento e apoio cultural do Ponto de Cultura Olga Kos, celebra a publica\u00e7\u00e3o do primeiro livro da s\u00e9rie Contos e Lendas Brasileiros, baseado no M\u00e9todo Integral de Oscar O\u00f1at\u00edvia. O M\u00e9todo, originalmente surgiu para auxiliar no processo de alfabetiza\u00e7\u00e3o de crian\u00e7as em idade escolar com transtornos de aprendizagem. Ele se caracteriza pelo uso de cartelas pictogr\u00e1ficas, com cores diversas que representam as fun\u00e7\u00f5es gramaticais de nossa l\u00edngua.<\/p>\n<p>Os Pontos de Cultura s\u00e3o organiza\u00e7\u00f5es sem fins lucrativos que enviaram seus projetos \u00e0s Secretarias de Estado da Cultura de seus estados e foram aprovados para receber subs\u00eddios do Estado e do Minist\u00e9rio para executarem suas propostas. Hoje s\u00e3o mais de 3.000 pontos no Estado de S\u00e3o Paulo que disseminam a cultura de nosso Pa\u00eds.<\/p>\n<p>A s\u00e9rie Contos e Lendas Brasileiras, \u00e9 um trabalho realizado por jovens e adultos com defici\u00eancia intelectual e\/ou autismo, desenvolvido pela ONG Unimultiplicidade desde 2007.<\/p>\n<p>A s\u00e9rie prev\u00ea a publica\u00e7\u00e3o de seis (6) t\u00edtulos de nosso Folclore.<\/p>\n<p>Em Curupira: o protetor das florestas, os jovens passaram por diversas etapas de sensibiliza\u00e7\u00e3o e aproxima\u00e7\u00e3o ao conte\u00fado da hist\u00f3ria. Houve a proje\u00e7\u00e3o de filmes, jogos, imita\u00e7\u00f5es dos ru\u00eddos da mata e dos animais, al\u00e9m da confec\u00e7\u00e3o das cartelas e dos s\u00edmbolos utilizados para que a hist\u00f3ria pudesse ser recontada.<\/p>\n<p><strong>+ informa\u00e7\u00f5es em <a href=\"http:\/\/wwwoficinacultural.blogspot.com\/\">http:\/\/wwwoficinacultural.blogspot.com\/<\/a><\/strong><\/p>\n","protected":false},"excerpt":{"rendered":"<p>O livro \u00e9 baseado no M\u00e9todo Integral de Oscar O\u00f1at\u00edvia. O M\u00e9todo, originalmente surgiu para auxiliar no processo de alfabetiza\u00e7\u00e3o de crian\u00e7as em idade escolar com transtornos de aprendizagem. Ele se caracteriza pelo uso de cartelas pictogr\u00e1ficas, com cores diversas que representam as fun\u00e7\u00f5es gramaticais de nossa l\u00edngua.<\/p>\n","protected":false},"author":1,"featured_media":0,"comment_status":"open","ping_status":"open","sticky":false,"template":"","format":"standard","meta":{"site-container-style":"default","site-container-layout":"default","site-sidebar-layout":"default","disable-article-header":"default","disable-site-header":"default","disable-site-footer":"default","disable-content-area-spacing":"default","footnotes":""},"categories":[50,51,4,10],"tags":[],"class_list":["post-17067","post","type-post","status-publish","format-standard","hentry","category-lancamentos","category-livros","category-noticias","category-publicacoes"],"yoast_head":"<!-- This site is optimized with the Yoast SEO plugin v27.5 - https:\/\/yoast.com\/product\/yoast-seo-wordpress\/ -->\n<title>Curupira: o protetor das florestas -<\/title>\n<meta name=\"robots\" content=\"index, follow, max-snippet:-1, max-image-preview:large, max-video-preview:-1\" \/>\n<link rel=\"canonical\" href=\"https:\/\/inclusivenews.com.br\/?p=17067\" \/>\n<meta property=\"og:locale\" content=\"pt_PT\" \/>\n<meta property=\"og:type\" content=\"article\" \/>\n<meta property=\"og:title\" content=\"Curupira: o protetor das florestas -\" \/>\n<meta property=\"og:description\" content=\"O livro \u00e9 baseado no M\u00e9todo Integral de Oscar O\u00f1at\u00edvia. O M\u00e9todo, originalmente surgiu para auxiliar no processo de alfabetiza\u00e7\u00e3o de crian\u00e7as em idade escolar com transtornos de aprendizagem. Ele se caracteriza pelo uso de cartelas pictogr\u00e1ficas, com cores diversas que representam as fun\u00e7\u00f5es gramaticais de nossa l\u00edngua.\" \/>\n<meta property=\"og:url\" content=\"https:\/\/inclusivenews.com.br\/?p=17067\" \/>\n<meta property=\"article:publisher\" content=\"https:\/\/www.facebook.com\/agenciainclusive\/\" \/>\n<meta property=\"article:published_time\" content=\"2010-09-02T09:08:30+00:00\" \/>\n<meta property=\"og:image\" content=\"http:\/\/2.bp.blogspot.com\/_qAPfzcc1mdw\/THbJhfn0-wI\/AAAAAAAAAwo\/M2Ra18gaH9U\/s400\/img176.jpg\" \/>\n<meta name=\"author\" content=\"inclusivenews2024\" \/>\n<meta name=\"twitter:card\" content=\"summary_large_image\" \/>\n<meta name=\"twitter:label1\" content=\"Escrito por\" \/>\n\t<meta name=\"twitter:data1\" content=\"inclusivenews2024\" \/>\n\t<meta name=\"twitter:label2\" content=\"Tempo estimado de leitura\" \/>\n\t<meta name=\"twitter:data2\" content=\"1 minuto\" \/>\n<script type=\"application\/ld+json\" class=\"yoast-schema-graph\">{\"@context\":\"https:\\\/\\\/schema.org\",\"@graph\":[{\"@type\":\"Article\",\"@id\":\"https:\\\/\\\/inclusivenews.com.br\\\/?p=17067#article\",\"isPartOf\":{\"@id\":\"https:\\\/\\\/inclusivenews.com.br\\\/?p=17067\"},\"author\":{\"name\":\"inclusivenews2024\",\"@id\":\"https:\\\/\\\/inclusivenews.com.br\\\/#\\\/schema\\\/person\\\/ae4ec7087559b8692fb33b6fffd2273b\"},\"headline\":\"Curupira: o protetor das florestas\",\"datePublished\":\"2010-09-02T09:08:30+00:00\",\"mainEntityOfPage\":{\"@id\":\"https:\\\/\\\/inclusivenews.com.br\\\/?p=17067\"},\"wordCount\":265,\"commentCount\":3,\"publisher\":{\"@id\":\"https:\\\/\\\/inclusivenews.com.br\\\/#organization\"},\"image\":{\"@id\":\"https:\\\/\\\/inclusivenews.com.br\\\/?p=17067#primaryimage\"},\"thumbnailUrl\":\"http:\\\/\\\/2.bp.blogspot.com\\\/_qAPfzcc1mdw\\\/THbJhfn0-wI\\\/AAAAAAAAAwo\\\/M2Ra18gaH9U\\\/s400\\\/img176.jpg\",\"articleSection\":[\"Lan\u00e7amentos\",\"Livros\",\"NOT\u00cdCIAS\",\"PUBLICA\u00c7\u00d5ES\"],\"inLanguage\":\"pt-PT\",\"potentialAction\":[{\"@type\":\"CommentAction\",\"name\":\"Comment\",\"target\":[\"https:\\\/\\\/inclusivenews.com.br\\\/?p=17067#respond\"]}]},{\"@type\":\"WebPage\",\"@id\":\"https:\\\/\\\/inclusivenews.com.br\\\/?p=17067\",\"url\":\"https:\\\/\\\/inclusivenews.com.br\\\/?p=17067\",\"name\":\"Curupira: o protetor das florestas -\",\"isPartOf\":{\"@id\":\"https:\\\/\\\/inclusivenews.com.br\\\/#website\"},\"primaryImageOfPage\":{\"@id\":\"https:\\\/\\\/inclusivenews.com.br\\\/?p=17067#primaryimage\"},\"image\":{\"@id\":\"https:\\\/\\\/inclusivenews.com.br\\\/?p=17067#primaryimage\"},\"thumbnailUrl\":\"http:\\\/\\\/2.bp.blogspot.com\\\/_qAPfzcc1mdw\\\/THbJhfn0-wI\\\/AAAAAAAAAwo\\\/M2Ra18gaH9U\\\/s400\\\/img176.jpg\",\"datePublished\":\"2010-09-02T09:08:30+00:00\",\"breadcrumb\":{\"@id\":\"https:\\\/\\\/inclusivenews.com.br\\\/?p=17067#breadcrumb\"},\"inLanguage\":\"pt-PT\",\"potentialAction\":[{\"@type\":\"ReadAction\",\"target\":[\"https:\\\/\\\/inclusivenews.com.br\\\/?p=17067\"]}]},{\"@type\":\"ImageObject\",\"inLanguage\":\"pt-PT\",\"@id\":\"https:\\\/\\\/inclusivenews.com.br\\\/?p=17067#primaryimage\",\"url\":\"http:\\\/\\\/2.bp.blogspot.com\\\/_qAPfzcc1mdw\\\/THbJhfn0-wI\\\/AAAAAAAAAwo\\\/M2Ra18gaH9U\\\/s400\\\/img176.jpg\",\"contentUrl\":\"http:\\\/\\\/2.bp.blogspot.com\\\/_qAPfzcc1mdw\\\/THbJhfn0-wI\\\/AAAAAAAAAwo\\\/M2Ra18gaH9U\\\/s400\\\/img176.jpg\"},{\"@type\":\"BreadcrumbList\",\"@id\":\"https:\\\/\\\/inclusivenews.com.br\\\/?p=17067#breadcrumb\",\"itemListElement\":[{\"@type\":\"ListItem\",\"position\":1,\"name\":\"In\u00edcio\",\"item\":\"https:\\\/\\\/inclusivenews.com.br\\\/\"},{\"@type\":\"ListItem\",\"position\":2,\"name\":\"Curupira: o protetor das florestas\"}]},{\"@type\":\"WebSite\",\"@id\":\"https:\\\/\\\/inclusivenews.com.br\\\/#website\",\"url\":\"https:\\\/\\\/inclusivenews.com.br\\\/\",\"name\":\"Inclusive News\",\"description\":\"Inclusive News\",\"publisher\":{\"@id\":\"https:\\\/\\\/inclusivenews.com.br\\\/#organization\"},\"potentialAction\":[{\"@type\":\"SearchAction\",\"target\":{\"@type\":\"EntryPoint\",\"urlTemplate\":\"https:\\\/\\\/inclusivenews.com.br\\\/?s={search_term_string}\"},\"query-input\":{\"@type\":\"PropertyValueSpecification\",\"valueRequired\":true,\"valueName\":\"search_term_string\"}}],\"inLanguage\":\"pt-PT\"},{\"@type\":\"Organization\",\"@id\":\"https:\\\/\\\/inclusivenews.com.br\\\/#organization\",\"name\":\"Inclusive - inclus\u00e3o e cidadania\",\"url\":\"https:\\\/\\\/inclusivenews.com.br\\\/\",\"logo\":{\"@type\":\"ImageObject\",\"inLanguage\":\"pt-PT\",\"@id\":\"https:\\\/\\\/inclusivenews.com.br\\\/#\\\/schema\\\/logo\\\/image\\\/\",\"url\":\"https:\\\/\\\/inclusivenews.com.br\\\/wp-content\\\/uploads\\\/2024\\\/03\\\/@grandesite.png\",\"contentUrl\":\"https:\\\/\\\/inclusivenews.com.br\\\/wp-content\\\/uploads\\\/2024\\\/03\\\/@grandesite.png\",\"width\":1080,\"height\":1080,\"caption\":\"Inclusive - inclus\u00e3o e cidadania\"},\"image\":{\"@id\":\"https:\\\/\\\/inclusivenews.com.br\\\/#\\\/schema\\\/logo\\\/image\\\/\"},\"sameAs\":[\"https:\\\/\\\/www.facebook.com\\\/agenciainclusive\\\/\",\"https:\\\/\\\/www.instagram.com\\\/newsinclusive\\\/\"]},{\"@type\":\"Person\",\"@id\":\"https:\\\/\\\/inclusivenews.com.br\\\/#\\\/schema\\\/person\\\/ae4ec7087559b8692fb33b6fffd2273b\",\"name\":\"inclusivenews2024\",\"image\":{\"@type\":\"ImageObject\",\"inLanguage\":\"pt-PT\",\"@id\":\"https:\\\/\\\/secure.gravatar.com\\\/avatar\\\/c5a7ef84c66fa914f55bc4f7ce26cfa275a3b9a1c5568b907bd184fb4dde7b40?s=96&d=mm&r=g\",\"url\":\"https:\\\/\\\/secure.gravatar.com\\\/avatar\\\/c5a7ef84c66fa914f55bc4f7ce26cfa275a3b9a1c5568b907bd184fb4dde7b40?s=96&d=mm&r=g\",\"contentUrl\":\"https:\\\/\\\/secure.gravatar.com\\\/avatar\\\/c5a7ef84c66fa914f55bc4f7ce26cfa275a3b9a1c5568b907bd184fb4dde7b40?s=96&d=mm&r=g\",\"caption\":\"inclusivenews2024\"},\"sameAs\":[\"https:\\\/\\\/inclusivenews.com.br\"],\"url\":\"https:\\\/\\\/inclusivenews.com.br\\\/?author=1\"}]}<\/script>\n<!-- \/ Yoast SEO plugin. -->","yoast_head_json":{"title":"Curupira: o protetor das florestas -","robots":{"index":"index","follow":"follow","max-snippet":"max-snippet:-1","max-image-preview":"max-image-preview:large","max-video-preview":"max-video-preview:-1"},"canonical":"https:\/\/inclusivenews.com.br\/?p=17067","og_locale":"pt_PT","og_type":"article","og_title":"Curupira: o protetor das florestas -","og_description":"O livro \u00e9 baseado no M\u00e9todo Integral de Oscar O\u00f1at\u00edvia. O M\u00e9todo, originalmente surgiu para auxiliar no processo de alfabetiza\u00e7\u00e3o de crian\u00e7as em idade escolar com transtornos de aprendizagem. Ele se caracteriza pelo uso de cartelas pictogr\u00e1ficas, com cores diversas que representam as fun\u00e7\u00f5es gramaticais de nossa l\u00edngua.","og_url":"https:\/\/inclusivenews.com.br\/?p=17067","article_publisher":"https:\/\/www.facebook.com\/agenciainclusive\/","article_published_time":"2010-09-02T09:08:30+00:00","og_image":[{"url":"http:\/\/2.bp.blogspot.com\/_qAPfzcc1mdw\/THbJhfn0-wI\/AAAAAAAAAwo\/M2Ra18gaH9U\/s400\/img176.jpg","type":"","width":"","height":""}],"author":"inclusivenews2024","twitter_card":"summary_large_image","twitter_misc":{"Escrito por":"inclusivenews2024","Tempo estimado de leitura":"1 minuto"},"schema":{"@context":"https:\/\/schema.org","@graph":[{"@type":"Article","@id":"https:\/\/inclusivenews.com.br\/?p=17067#article","isPartOf":{"@id":"https:\/\/inclusivenews.com.br\/?p=17067"},"author":{"name":"inclusivenews2024","@id":"https:\/\/inclusivenews.com.br\/#\/schema\/person\/ae4ec7087559b8692fb33b6fffd2273b"},"headline":"Curupira: o protetor das florestas","datePublished":"2010-09-02T09:08:30+00:00","mainEntityOfPage":{"@id":"https:\/\/inclusivenews.com.br\/?p=17067"},"wordCount":265,"commentCount":3,"publisher":{"@id":"https:\/\/inclusivenews.com.br\/#organization"},"image":{"@id":"https:\/\/inclusivenews.com.br\/?p=17067#primaryimage"},"thumbnailUrl":"http:\/\/2.bp.blogspot.com\/_qAPfzcc1mdw\/THbJhfn0-wI\/AAAAAAAAAwo\/M2Ra18gaH9U\/s400\/img176.jpg","articleSection":["Lan\u00e7amentos","Livros","NOT\u00cdCIAS","PUBLICA\u00c7\u00d5ES"],"inLanguage":"pt-PT","potentialAction":[{"@type":"CommentAction","name":"Comment","target":["https:\/\/inclusivenews.com.br\/?p=17067#respond"]}]},{"@type":"WebPage","@id":"https:\/\/inclusivenews.com.br\/?p=17067","url":"https:\/\/inclusivenews.com.br\/?p=17067","name":"Curupira: o protetor das florestas -","isPartOf":{"@id":"https:\/\/inclusivenews.com.br\/#website"},"primaryImageOfPage":{"@id":"https:\/\/inclusivenews.com.br\/?p=17067#primaryimage"},"image":{"@id":"https:\/\/inclusivenews.com.br\/?p=17067#primaryimage"},"thumbnailUrl":"http:\/\/2.bp.blogspot.com\/_qAPfzcc1mdw\/THbJhfn0-wI\/AAAAAAAAAwo\/M2Ra18gaH9U\/s400\/img176.jpg","datePublished":"2010-09-02T09:08:30+00:00","breadcrumb":{"@id":"https:\/\/inclusivenews.com.br\/?p=17067#breadcrumb"},"inLanguage":"pt-PT","potentialAction":[{"@type":"ReadAction","target":["https:\/\/inclusivenews.com.br\/?p=17067"]}]},{"@type":"ImageObject","inLanguage":"pt-PT","@id":"https:\/\/inclusivenews.com.br\/?p=17067#primaryimage","url":"http:\/\/2.bp.blogspot.com\/_qAPfzcc1mdw\/THbJhfn0-wI\/AAAAAAAAAwo\/M2Ra18gaH9U\/s400\/img176.jpg","contentUrl":"http:\/\/2.bp.blogspot.com\/_qAPfzcc1mdw\/THbJhfn0-wI\/AAAAAAAAAwo\/M2Ra18gaH9U\/s400\/img176.jpg"},{"@type":"BreadcrumbList","@id":"https:\/\/inclusivenews.com.br\/?p=17067#breadcrumb","itemListElement":[{"@type":"ListItem","position":1,"name":"In\u00edcio","item":"https:\/\/inclusivenews.com.br\/"},{"@type":"ListItem","position":2,"name":"Curupira: o protetor das florestas"}]},{"@type":"WebSite","@id":"https:\/\/inclusivenews.com.br\/#website","url":"https:\/\/inclusivenews.com.br\/","name":"Inclusive News","description":"Inclusive News","publisher":{"@id":"https:\/\/inclusivenews.com.br\/#organization"},"potentialAction":[{"@type":"SearchAction","target":{"@type":"EntryPoint","urlTemplate":"https:\/\/inclusivenews.com.br\/?s={search_term_string}"},"query-input":{"@type":"PropertyValueSpecification","valueRequired":true,"valueName":"search_term_string"}}],"inLanguage":"pt-PT"},{"@type":"Organization","@id":"https:\/\/inclusivenews.com.br\/#organization","name":"Inclusive - inclus\u00e3o e cidadania","url":"https:\/\/inclusivenews.com.br\/","logo":{"@type":"ImageObject","inLanguage":"pt-PT","@id":"https:\/\/inclusivenews.com.br\/#\/schema\/logo\/image\/","url":"https:\/\/inclusivenews.com.br\/wp-content\/uploads\/2024\/03\/@grandesite.png","contentUrl":"https:\/\/inclusivenews.com.br\/wp-content\/uploads\/2024\/03\/@grandesite.png","width":1080,"height":1080,"caption":"Inclusive - inclus\u00e3o e cidadania"},"image":{"@id":"https:\/\/inclusivenews.com.br\/#\/schema\/logo\/image\/"},"sameAs":["https:\/\/www.facebook.com\/agenciainclusive\/","https:\/\/www.instagram.com\/newsinclusive\/"]},{"@type":"Person","@id":"https:\/\/inclusivenews.com.br\/#\/schema\/person\/ae4ec7087559b8692fb33b6fffd2273b","name":"inclusivenews2024","image":{"@type":"ImageObject","inLanguage":"pt-PT","@id":"https:\/\/secure.gravatar.com\/avatar\/c5a7ef84c66fa914f55bc4f7ce26cfa275a3b9a1c5568b907bd184fb4dde7b40?s=96&d=mm&r=g","url":"https:\/\/secure.gravatar.com\/avatar\/c5a7ef84c66fa914f55bc4f7ce26cfa275a3b9a1c5568b907bd184fb4dde7b40?s=96&d=mm&r=g","contentUrl":"https:\/\/secure.gravatar.com\/avatar\/c5a7ef84c66fa914f55bc4f7ce26cfa275a3b9a1c5568b907bd184fb4dde7b40?s=96&d=mm&r=g","caption":"inclusivenews2024"},"sameAs":["https:\/\/inclusivenews.com.br"],"url":"https:\/\/inclusivenews.com.br\/?author=1"}]}},"_links":{"self":[{"href":"https:\/\/inclusivenews.com.br\/index.php?rest_route=\/wp\/v2\/posts\/17067","targetHints":{"allow":["GET"]}}],"collection":[{"href":"https:\/\/inclusivenews.com.br\/index.php?rest_route=\/wp\/v2\/posts"}],"about":[{"href":"https:\/\/inclusivenews.com.br\/index.php?rest_route=\/wp\/v2\/types\/post"}],"author":[{"embeddable":true,"href":"https:\/\/inclusivenews.com.br\/index.php?rest_route=\/wp\/v2\/users\/1"}],"replies":[{"embeddable":true,"href":"https:\/\/inclusivenews.com.br\/index.php?rest_route=%2Fwp%2Fv2%2Fcomments&post=17067"}],"version-history":[{"count":0,"href":"https:\/\/inclusivenews.com.br\/index.php?rest_route=\/wp\/v2\/posts\/17067\/revisions"}],"wp:attachment":[{"href":"https:\/\/inclusivenews.com.br\/index.php?rest_route=%2Fwp%2Fv2%2Fmedia&parent=17067"}],"wp:term":[{"taxonomy":"category","embeddable":true,"href":"https:\/\/inclusivenews.com.br\/index.php?rest_route=%2Fwp%2Fv2%2Fcategories&post=17067"},{"taxonomy":"post_tag","embeddable":true,"href":"https:\/\/inclusivenews.com.br\/index.php?rest_route=%2Fwp%2Fv2%2Ftags&post=17067"}],"curies":[{"name":"wp","href":"https:\/\/api.w.org\/{rel}","templated":true}]}}