{"id":17069,"date":"2010-09-02T06:16:01","date_gmt":"2010-09-02T09:16:01","guid":{"rendered":"http:\/\/www.inclusive.org.br\/?p=17069"},"modified":"2010-09-02T06:16:01","modified_gmt":"2010-09-02T09:16:01","slug":"falar-de-sindrome-de-down-e-falar-em-capacidades-potencial-e-felicidade","status":"publish","type":"post","link":"https:\/\/inclusivenews.com.br\/?p=17069","title":{"rendered":"Falar de s\u00edndrome de Down \u00e9 falar em capacidades, potencial e felicidade"},"content":{"rendered":"<p><strong>Por Sandra Morato<\/strong><\/p>\n<p>S\u00edndrome Down (Down nome do m\u00e9dico ingl\u00eas Langdon Down que descobriu este S\u00edndrome). Ter S\u00edndrome Down significa que cada c\u00e9lula do corpo tem 47 cromossomas (\u00e9 assim que se chama aqueles pequenos pacotinhos que contem toda a nossa informa\u00e7\u00e3o gen\u00e9tica) em vez de 46 qualquer pessoa \u201cnormal\u201d.<\/p>\n<p>S\u00edndrome Down n\u00e3o \u00e9 uma doen\u00e7a (muito menos contagiosa), \u00e9 uma anomalia gen\u00e9tica, por isso n\u00e3o tem cura. \u00c9 como quando se est\u00e1 a fazer um bolo e ao bater as claras em castelo, cai um pouco de gema, as claras n\u00e3o sobem. Assim \u00e9 com a Trissomia 21, na divis\u00e3o das c\u00e9lulas quando o \u00f3vulo foi fecundado um dos pares de cromossoma em vez de ter 2, agarrou mais 1 e ficou um par de 3 cromossomas = trissomia 21. \u00c8 afinal de contas ter um cromossoma a mais no par 21 que tem tr\u00eas cromossomas, ou seja ou dois do pai e um da m\u00e3e, ou dois da m\u00e3e e um do pai.<\/p>\n<p>Pessoas com S\u00edndrome Down tamb\u00e9m n\u00e3o s\u00e3o mais perigosas ou loucas do que as pessoas sem S\u00edndrome. N\u00e3o s\u00e3o doentes. N\u00e3o s\u00e3o atrasados. Adoecem como as outras pessoas, algumas s\u00e3o mais sens\u00edveis que outras. S\u00e3o por norma crian\u00e7as mais sens\u00edveis ao frio e \u00e0s mudan\u00e7as bruscas de temperatura, em especial quando descem, arrefecem com muito mais facilidade e intensidade, podem nascer com outras patologias associadas, sendo a cardiopatia a mais comum, que pode ou n\u00e3o ser tratada e corrigida, de resto, brincam, riem, traquinam, aprendem, caiem, choram e reclamam, como ali\u00e1s qualquer crian\u00e7a. Devido a este quadro, s\u00e3o por vezes, mais lentos em certas coisas, aprendem tudo, tamb\u00e9m mais tarde na escola, aprendem a ler, a escrever e a fazer contas. Precisam, \u00e9 de mais tempo, persist\u00eancia e trabalho. Mas as crian\u00e7as, sendo todas iguais no seu estatuto de crian\u00e7a, ou deveriam, s\u00e3o todas diferentes entre si, e numa turma n\u00e3o h\u00e1 dois alunos iguais, (nem sendo g\u00e9meos)! Algumas s\u00e3o mais r\u00e1pidas que outras na aprendizagem e no desenvolvimento global, estas crian\u00e7as quase sempre s\u00e3o mais lentas nas aquisi\u00e7\u00f5es, aprendizagens e desenvolvimento em geral. As pessoas que v\u00e3o estar com estas crian\u00e7as, em casa, na escola, na vida pr\u00e1tica e activa \u00e9 que \u00e9 que t\u00eam de ter mais paci\u00eancia para ensinar e respeitar, que crian\u00e7as assim, por vezes aprendem mais devagar que os outros meninos, mas at\u00e9 h\u00e1 crian\u00e7as sem defici\u00eancia com muitas dificuldades de aprender e nem por isso deixam de ser crian\u00e7as.<\/p>\n<p>Tamb\u00e9m \u00e9 errado falar de Mongol\u00f3ides ou pessoas mongol\u00f3ides. Pessoas com S\u00edndrome Down t\u00eam por vezes os olhos mais rasgados, mas n\u00e3o pertencem, por isso, ao respeit\u00e1vel povo mongol. Muitas destas crian\u00e7as quando forem crescidas v\u00e3o querer e poder viajar muito, e talvez nessa altura, visitem a Republica Popular da Mong\u00f3lia e encontrem l\u00e1 mong\u00f3is com S\u00edndrome de Down.<\/p>\n<p>O conv\u00edvio entre crian\u00e7as com defici\u00eancia e sem defici\u00eancia, vai conduzir \u00e0 educa\u00e7\u00e3o na diferen\u00e7a, pois as que obt\u00e9m as aquisi\u00e7\u00f5es, aprendizagens e desenvolvimento mais r\u00e1pido v\u00e3o aprender a respeitar as que t\u00eam mais dificuldades e limita\u00e7\u00f5es em alcan\u00e7ar os mesmos patamares ou similares, e as crian\u00e7as com defici\u00eancia v\u00e3o constantemente a receber est\u00edmulos por parte das outras que v\u00e3o fazer com que a sua evolu\u00e7\u00e3o seja significativamente melhor, e mesmo as pequen\u00edssimas conquistas, ser\u00e3o grandiosas etapas respeitadas, valorizadas e aplaudidas pelo grupo. Acima de tudo v\u00e3o descobrir entre si, no seu grupo social, que s\u00e3o todos diferentes uns dos outros e o mais importante \u00e9 que todos, independentemente de se chamarem Sara, Francisca, Miguel ou um outro nome qualquer, podem-se divertir e interagir juntos, come\u00e7ando na fam\u00edlia, na ama, na creche, relacionando-se bem, aprenderem muito e serem grandes amigos para a vida.<\/p>\n<p>Falar de S\u00edndrome de Down, \u00e9 de facto falar de Capacidade, Potencial e Felicidade, n\u00e3o fechem as portas a estas crian\u00e7as, s\u00f3 porque t\u00eam a defici\u00eancia estampada no rosto, ali\u00e1s n\u00e3o fechem as portas a nenhuma crian\u00e7a com defici\u00eancia, vejam para al\u00e9m do que a vis\u00e3o alcan\u00e7a, e d\u00eaem uma oportunidade de igualdade, aceitando-as, com a normalidade, naturalidade, solidariedade e Respeito que merecem.<\/p>\n<p><strong>Fonte:<\/strong> <a href=\"http:\/\/www.vounascer.com\/?ref=sindrome_de_down\">http:\/\/www.vounascer.com\/?ref=sindrome_de_down<\/a><\/p>\n<p>________________________________________________<\/p>\n<p style=\"padding-left: 30px;\"><strong>Sara, a Luz<\/strong><\/p>\n<div class=\"mceTemp\" style=\"padding-left: 30px;\">\n<dl class=\"wp-caption alignnone\" style=\"width: 227px;\">\n<dt class=\"wp-caption-dt\"><a class=\"moz-txt-link-freetext\" href=\"http:\/\/www.primebooks.pt\/pt\/files\/produtos\/1278953808saraaluzsite.jpg\"><img loading=\"lazy\" decoding=\"async\" class=\" \" title=\"Capa da publica\u00e7\u00e3o, onde aparecem os rostos de Sandra e Sara\" src=\"http:\/\/www.primebooks.pt\/pt\/files\/produtos\/1278953808saraaluzsite.jpg\" alt=\"\" width=\"217\" height=\"333\" \/><\/a><\/dt>\n<dd class=\"wp-caption-dd\"> <\/dd>\n<\/dl>\n<\/div>\n<p style=\"padding-left: 30px;\"><a class=\"moz-txt-link-freetext\" href=\"http:\/\/www.primebooks.pt\/pt\/files\/produtos\/1278953808saraaluzsite.jpg\"><br \/>\n<\/a><\/p>\n<p style=\"padding-left: 30px;\">O relato da aventura \u00fanica de Sandra e Sara. O livro, que est\u00e1 repleto de dicas, t\u00e9cnicas, dados cl\u00ednicos e outros conselhos \u00fateis e baseados na experi\u00eancia, torna-se, assim, num verdadeiro manual para quem \u00e9 pai de uma crian\u00e7a com Trissomia 21. Mas tamb\u00e9m num documento inspirador para todos os que pensam que o nascimento de uma crian\u00e7a diferente\u00a0 &#8211; seja com Trissomia 21 ou com outra diferen\u00e7a qualquer &#8211; significa entrega e resigna\u00e7\u00e3o. &#8220;Sara, a Luz&#8221;, que \u00e9, de facto, uma extraordin\u00e1ria li\u00e7\u00e3o de vida, abre as portas da esperan\u00e7a para todos os que se julgam infortunados.<\/p>\n<p style=\"padding-left: 30px;\"><a href=\"http:\/\/www.primebooks.pt\/pt\/index.php?prod=233&amp;cat=66&amp;catnome=AUTO%20AJUDA\">Saiba como adquirir no PrimeBooks, neste link.<\/a><\/p>\n","protected":false},"excerpt":{"rendered":"<p>Leia para saber mais sobre o livro &#8216;Sara, a Luz&#8217;. &#8220;Pessoas com S\u00edndrome Down tamb\u00e9m n\u00e3o s\u00e3o mais perigosas ou loucas do que as pessoas sem S\u00edndrome. N\u00e3o s\u00e3o doentes. N\u00e3o s\u00e3o atrasados. Adoecem como as outras pessoas, algumas s\u00e3o mais sens\u00edveis que outras.&#8221; O artigo \u00e9 de Sandra Morato.<\/p>\n","protected":false},"author":1,"featured_media":0,"comment_status":"open","ping_status":"open","sticky":false,"template":"","format":"standard","meta":{"site-container-style":"default","site-container-layout":"default","site-sidebar-layout":"default","disable-article-header":"default","disable-site-header":"default","disable-site-footer":"default","disable-content-area-spacing":"default","footnotes":""},"categories":[38,48,51,8,10],"tags":[],"class_list":["post-17069","post","type-post","status-publish","format-standard","hentry","category-deficiencia","category-inclusao","category-livros","category-textos-e-artigos","category-publicacoes"],"yoast_head":"<!-- This site is optimized with the Yoast SEO plugin v27.4 - https:\/\/yoast.com\/product\/yoast-seo-wordpress\/ -->\n<title>Falar de s\u00edndrome de Down \u00e9 falar em capacidades, potencial e felicidade -<\/title>\n<meta name=\"robots\" content=\"index, follow, max-snippet:-1, max-image-preview:large, max-video-preview:-1\" \/>\n<link rel=\"canonical\" href=\"https:\/\/inclusivenews.com.br\/?p=17069\" \/>\n<meta property=\"og:locale\" content=\"pt_PT\" \/>\n<meta property=\"og:type\" content=\"article\" \/>\n<meta property=\"og:title\" content=\"Falar de s\u00edndrome de Down \u00e9 falar em capacidades, potencial e felicidade -\" \/>\n<meta property=\"og:description\" content=\"Leia para saber mais sobre o livro &#039;Sara, a Luz&#039;. &quot;Pessoas com S\u00edndrome Down tamb\u00e9m n\u00e3o s\u00e3o mais perigosas ou loucas do que as pessoas sem S\u00edndrome. N\u00e3o s\u00e3o doentes. N\u00e3o s\u00e3o atrasados. Adoecem como as outras pessoas, algumas s\u00e3o mais sens\u00edveis que outras.&quot; O artigo \u00e9 de Sandra Morato.\" \/>\n<meta property=\"og:url\" content=\"https:\/\/inclusivenews.com.br\/?p=17069\" \/>\n<meta property=\"article:publisher\" content=\"https:\/\/www.facebook.com\/agenciainclusive\/\" \/>\n<meta property=\"article:published_time\" content=\"2010-09-02T09:16:01+00:00\" \/>\n<meta property=\"og:image\" content=\"http:\/\/www.primebooks.pt\/pt\/files\/produtos\/1278953808saraaluzsite.jpg\" \/>\n<meta name=\"author\" content=\"inclusivenews2024\" \/>\n<meta name=\"twitter:card\" content=\"summary_large_image\" \/>\n<meta name=\"twitter:label1\" content=\"Escrito por\" \/>\n\t<meta name=\"twitter:data1\" content=\"inclusivenews2024\" \/>\n\t<meta name=\"twitter:label2\" content=\"Tempo estimado de leitura\" \/>\n\t<meta name=\"twitter:data2\" content=\"4 minutos\" \/>\n<script type=\"application\/ld+json\" class=\"yoast-schema-graph\">{\"@context\":\"https:\\\/\\\/schema.org\",\"@graph\":[{\"@type\":\"Article\",\"@id\":\"https:\\\/\\\/inclusivenews.com.br\\\/?p=17069#article\",\"isPartOf\":{\"@id\":\"https:\\\/\\\/inclusivenews.com.br\\\/?p=17069\"},\"author\":{\"name\":\"inclusivenews2024\",\"@id\":\"https:\\\/\\\/inclusivenews.com.br\\\/#\\\/schema\\\/person\\\/ae4ec7087559b8692fb33b6fffd2273b\"},\"headline\":\"Falar de s\u00edndrome de Down \u00e9 falar em capacidades, potencial e felicidade\",\"datePublished\":\"2010-09-02T09:16:01+00:00\",\"mainEntityOfPage\":{\"@id\":\"https:\\\/\\\/inclusivenews.com.br\\\/?p=17069\"},\"wordCount\":898,\"commentCount\":1,\"publisher\":{\"@id\":\"https:\\\/\\\/inclusivenews.com.br\\\/#organization\"},\"image\":{\"@id\":\"https:\\\/\\\/inclusivenews.com.br\\\/?p=17069#primaryimage\"},\"thumbnailUrl\":\"http:\\\/\\\/www.primebooks.pt\\\/pt\\\/files\\\/produtos\\\/1278953808saraaluzsite.jpg\",\"articleSection\":[\"Defici\u00eancia\",\"INCLUS\u00c3O SOCIAL\",\"Livros\",\"OPINI\u00c3O\",\"PUBLICA\u00c7\u00d5ES\"],\"inLanguage\":\"pt-PT\",\"potentialAction\":[{\"@type\":\"CommentAction\",\"name\":\"Comment\",\"target\":[\"https:\\\/\\\/inclusivenews.com.br\\\/?p=17069#respond\"]}]},{\"@type\":\"WebPage\",\"@id\":\"https:\\\/\\\/inclusivenews.com.br\\\/?p=17069\",\"url\":\"https:\\\/\\\/inclusivenews.com.br\\\/?p=17069\",\"name\":\"Falar de s\u00edndrome de Down \u00e9 falar em capacidades, potencial e felicidade -\",\"isPartOf\":{\"@id\":\"https:\\\/\\\/inclusivenews.com.br\\\/#website\"},\"primaryImageOfPage\":{\"@id\":\"https:\\\/\\\/inclusivenews.com.br\\\/?p=17069#primaryimage\"},\"image\":{\"@id\":\"https:\\\/\\\/inclusivenews.com.br\\\/?p=17069#primaryimage\"},\"thumbnailUrl\":\"http:\\\/\\\/www.primebooks.pt\\\/pt\\\/files\\\/produtos\\\/1278953808saraaluzsite.jpg\",\"datePublished\":\"2010-09-02T09:16:01+00:00\",\"breadcrumb\":{\"@id\":\"https:\\\/\\\/inclusivenews.com.br\\\/?p=17069#breadcrumb\"},\"inLanguage\":\"pt-PT\",\"potentialAction\":[{\"@type\":\"ReadAction\",\"target\":[\"https:\\\/\\\/inclusivenews.com.br\\\/?p=17069\"]}]},{\"@type\":\"ImageObject\",\"inLanguage\":\"pt-PT\",\"@id\":\"https:\\\/\\\/inclusivenews.com.br\\\/?p=17069#primaryimage\",\"url\":\"http:\\\/\\\/www.primebooks.pt\\\/pt\\\/files\\\/produtos\\\/1278953808saraaluzsite.jpg\",\"contentUrl\":\"http:\\\/\\\/www.primebooks.pt\\\/pt\\\/files\\\/produtos\\\/1278953808saraaluzsite.jpg\"},{\"@type\":\"BreadcrumbList\",\"@id\":\"https:\\\/\\\/inclusivenews.com.br\\\/?p=17069#breadcrumb\",\"itemListElement\":[{\"@type\":\"ListItem\",\"position\":1,\"name\":\"In\u00edcio\",\"item\":\"https:\\\/\\\/inclusivenews.com.br\\\/\"},{\"@type\":\"ListItem\",\"position\":2,\"name\":\"Falar de s\u00edndrome de Down \u00e9 falar em capacidades, potencial e felicidade\"}]},{\"@type\":\"WebSite\",\"@id\":\"https:\\\/\\\/inclusivenews.com.br\\\/#website\",\"url\":\"https:\\\/\\\/inclusivenews.com.br\\\/\",\"name\":\"Inclusive News\",\"description\":\"Inclusive News\",\"publisher\":{\"@id\":\"https:\\\/\\\/inclusivenews.com.br\\\/#organization\"},\"potentialAction\":[{\"@type\":\"SearchAction\",\"target\":{\"@type\":\"EntryPoint\",\"urlTemplate\":\"https:\\\/\\\/inclusivenews.com.br\\\/?s={search_term_string}\"},\"query-input\":{\"@type\":\"PropertyValueSpecification\",\"valueRequired\":true,\"valueName\":\"search_term_string\"}}],\"inLanguage\":\"pt-PT\"},{\"@type\":\"Organization\",\"@id\":\"https:\\\/\\\/inclusivenews.com.br\\\/#organization\",\"name\":\"Inclusive - inclus\u00e3o e cidadania\",\"url\":\"https:\\\/\\\/inclusivenews.com.br\\\/\",\"logo\":{\"@type\":\"ImageObject\",\"inLanguage\":\"pt-PT\",\"@id\":\"https:\\\/\\\/inclusivenews.com.br\\\/#\\\/schema\\\/logo\\\/image\\\/\",\"url\":\"https:\\\/\\\/inclusivenews.com.br\\\/wp-content\\\/uploads\\\/2024\\\/03\\\/@grandesite.png\",\"contentUrl\":\"https:\\\/\\\/inclusivenews.com.br\\\/wp-content\\\/uploads\\\/2024\\\/03\\\/@grandesite.png\",\"width\":1080,\"height\":1080,\"caption\":\"Inclusive - inclus\u00e3o e cidadania\"},\"image\":{\"@id\":\"https:\\\/\\\/inclusivenews.com.br\\\/#\\\/schema\\\/logo\\\/image\\\/\"},\"sameAs\":[\"https:\\\/\\\/www.facebook.com\\\/agenciainclusive\\\/\",\"https:\\\/\\\/www.instagram.com\\\/newsinclusive\\\/\"]},{\"@type\":\"Person\",\"@id\":\"https:\\\/\\\/inclusivenews.com.br\\\/#\\\/schema\\\/person\\\/ae4ec7087559b8692fb33b6fffd2273b\",\"name\":\"inclusivenews2024\",\"image\":{\"@type\":\"ImageObject\",\"inLanguage\":\"pt-PT\",\"@id\":\"https:\\\/\\\/secure.gravatar.com\\\/avatar\\\/c5a7ef84c66fa914f55bc4f7ce26cfa275a3b9a1c5568b907bd184fb4dde7b40?s=96&d=mm&r=g\",\"url\":\"https:\\\/\\\/secure.gravatar.com\\\/avatar\\\/c5a7ef84c66fa914f55bc4f7ce26cfa275a3b9a1c5568b907bd184fb4dde7b40?s=96&d=mm&r=g\",\"contentUrl\":\"https:\\\/\\\/secure.gravatar.com\\\/avatar\\\/c5a7ef84c66fa914f55bc4f7ce26cfa275a3b9a1c5568b907bd184fb4dde7b40?s=96&d=mm&r=g\",\"caption\":\"inclusivenews2024\"},\"sameAs\":[\"https:\\\/\\\/inclusivenews.com.br\"],\"url\":\"https:\\\/\\\/inclusivenews.com.br\\\/?author=1\"}]}<\/script>\n<!-- \/ Yoast SEO plugin. -->","yoast_head_json":{"title":"Falar de s\u00edndrome de Down \u00e9 falar em capacidades, potencial e felicidade -","robots":{"index":"index","follow":"follow","max-snippet":"max-snippet:-1","max-image-preview":"max-image-preview:large","max-video-preview":"max-video-preview:-1"},"canonical":"https:\/\/inclusivenews.com.br\/?p=17069","og_locale":"pt_PT","og_type":"article","og_title":"Falar de s\u00edndrome de Down \u00e9 falar em capacidades, potencial e felicidade -","og_description":"Leia para saber mais sobre o livro 'Sara, a Luz'. \"Pessoas com S\u00edndrome Down tamb\u00e9m n\u00e3o s\u00e3o mais perigosas ou loucas do que as pessoas sem S\u00edndrome. N\u00e3o s\u00e3o doentes. N\u00e3o s\u00e3o atrasados. Adoecem como as outras pessoas, algumas s\u00e3o mais sens\u00edveis que outras.\" O artigo \u00e9 de Sandra Morato.","og_url":"https:\/\/inclusivenews.com.br\/?p=17069","article_publisher":"https:\/\/www.facebook.com\/agenciainclusive\/","article_published_time":"2010-09-02T09:16:01+00:00","og_image":[{"url":"http:\/\/www.primebooks.pt\/pt\/files\/produtos\/1278953808saraaluzsite.jpg","type":"","width":"","height":""}],"author":"inclusivenews2024","twitter_card":"summary_large_image","twitter_misc":{"Escrito por":"inclusivenews2024","Tempo estimado de leitura":"4 minutos"},"schema":{"@context":"https:\/\/schema.org","@graph":[{"@type":"Article","@id":"https:\/\/inclusivenews.com.br\/?p=17069#article","isPartOf":{"@id":"https:\/\/inclusivenews.com.br\/?p=17069"},"author":{"name":"inclusivenews2024","@id":"https:\/\/inclusivenews.com.br\/#\/schema\/person\/ae4ec7087559b8692fb33b6fffd2273b"},"headline":"Falar de s\u00edndrome de Down \u00e9 falar em capacidades, potencial e felicidade","datePublished":"2010-09-02T09:16:01+00:00","mainEntityOfPage":{"@id":"https:\/\/inclusivenews.com.br\/?p=17069"},"wordCount":898,"commentCount":1,"publisher":{"@id":"https:\/\/inclusivenews.com.br\/#organization"},"image":{"@id":"https:\/\/inclusivenews.com.br\/?p=17069#primaryimage"},"thumbnailUrl":"http:\/\/www.primebooks.pt\/pt\/files\/produtos\/1278953808saraaluzsite.jpg","articleSection":["Defici\u00eancia","INCLUS\u00c3O SOCIAL","Livros","OPINI\u00c3O","PUBLICA\u00c7\u00d5ES"],"inLanguage":"pt-PT","potentialAction":[{"@type":"CommentAction","name":"Comment","target":["https:\/\/inclusivenews.com.br\/?p=17069#respond"]}]},{"@type":"WebPage","@id":"https:\/\/inclusivenews.com.br\/?p=17069","url":"https:\/\/inclusivenews.com.br\/?p=17069","name":"Falar de s\u00edndrome de Down \u00e9 falar em capacidades, potencial e felicidade -","isPartOf":{"@id":"https:\/\/inclusivenews.com.br\/#website"},"primaryImageOfPage":{"@id":"https:\/\/inclusivenews.com.br\/?p=17069#primaryimage"},"image":{"@id":"https:\/\/inclusivenews.com.br\/?p=17069#primaryimage"},"thumbnailUrl":"http:\/\/www.primebooks.pt\/pt\/files\/produtos\/1278953808saraaluzsite.jpg","datePublished":"2010-09-02T09:16:01+00:00","breadcrumb":{"@id":"https:\/\/inclusivenews.com.br\/?p=17069#breadcrumb"},"inLanguage":"pt-PT","potentialAction":[{"@type":"ReadAction","target":["https:\/\/inclusivenews.com.br\/?p=17069"]}]},{"@type":"ImageObject","inLanguage":"pt-PT","@id":"https:\/\/inclusivenews.com.br\/?p=17069#primaryimage","url":"http:\/\/www.primebooks.pt\/pt\/files\/produtos\/1278953808saraaluzsite.jpg","contentUrl":"http:\/\/www.primebooks.pt\/pt\/files\/produtos\/1278953808saraaluzsite.jpg"},{"@type":"BreadcrumbList","@id":"https:\/\/inclusivenews.com.br\/?p=17069#breadcrumb","itemListElement":[{"@type":"ListItem","position":1,"name":"In\u00edcio","item":"https:\/\/inclusivenews.com.br\/"},{"@type":"ListItem","position":2,"name":"Falar de s\u00edndrome de Down \u00e9 falar em capacidades, potencial e felicidade"}]},{"@type":"WebSite","@id":"https:\/\/inclusivenews.com.br\/#website","url":"https:\/\/inclusivenews.com.br\/","name":"Inclusive News","description":"Inclusive News","publisher":{"@id":"https:\/\/inclusivenews.com.br\/#organization"},"potentialAction":[{"@type":"SearchAction","target":{"@type":"EntryPoint","urlTemplate":"https:\/\/inclusivenews.com.br\/?s={search_term_string}"},"query-input":{"@type":"PropertyValueSpecification","valueRequired":true,"valueName":"search_term_string"}}],"inLanguage":"pt-PT"},{"@type":"Organization","@id":"https:\/\/inclusivenews.com.br\/#organization","name":"Inclusive - inclus\u00e3o e cidadania","url":"https:\/\/inclusivenews.com.br\/","logo":{"@type":"ImageObject","inLanguage":"pt-PT","@id":"https:\/\/inclusivenews.com.br\/#\/schema\/logo\/image\/","url":"https:\/\/inclusivenews.com.br\/wp-content\/uploads\/2024\/03\/@grandesite.png","contentUrl":"https:\/\/inclusivenews.com.br\/wp-content\/uploads\/2024\/03\/@grandesite.png","width":1080,"height":1080,"caption":"Inclusive - inclus\u00e3o e cidadania"},"image":{"@id":"https:\/\/inclusivenews.com.br\/#\/schema\/logo\/image\/"},"sameAs":["https:\/\/www.facebook.com\/agenciainclusive\/","https:\/\/www.instagram.com\/newsinclusive\/"]},{"@type":"Person","@id":"https:\/\/inclusivenews.com.br\/#\/schema\/person\/ae4ec7087559b8692fb33b6fffd2273b","name":"inclusivenews2024","image":{"@type":"ImageObject","inLanguage":"pt-PT","@id":"https:\/\/secure.gravatar.com\/avatar\/c5a7ef84c66fa914f55bc4f7ce26cfa275a3b9a1c5568b907bd184fb4dde7b40?s=96&d=mm&r=g","url":"https:\/\/secure.gravatar.com\/avatar\/c5a7ef84c66fa914f55bc4f7ce26cfa275a3b9a1c5568b907bd184fb4dde7b40?s=96&d=mm&r=g","contentUrl":"https:\/\/secure.gravatar.com\/avatar\/c5a7ef84c66fa914f55bc4f7ce26cfa275a3b9a1c5568b907bd184fb4dde7b40?s=96&d=mm&r=g","caption":"inclusivenews2024"},"sameAs":["https:\/\/inclusivenews.com.br"],"url":"https:\/\/inclusivenews.com.br\/?author=1"}]}},"_links":{"self":[{"href":"https:\/\/inclusivenews.com.br\/index.php?rest_route=\/wp\/v2\/posts\/17069","targetHints":{"allow":["GET"]}}],"collection":[{"href":"https:\/\/inclusivenews.com.br\/index.php?rest_route=\/wp\/v2\/posts"}],"about":[{"href":"https:\/\/inclusivenews.com.br\/index.php?rest_route=\/wp\/v2\/types\/post"}],"author":[{"embeddable":true,"href":"https:\/\/inclusivenews.com.br\/index.php?rest_route=\/wp\/v2\/users\/1"}],"replies":[{"embeddable":true,"href":"https:\/\/inclusivenews.com.br\/index.php?rest_route=%2Fwp%2Fv2%2Fcomments&post=17069"}],"version-history":[{"count":0,"href":"https:\/\/inclusivenews.com.br\/index.php?rest_route=\/wp\/v2\/posts\/17069\/revisions"}],"wp:attachment":[{"href":"https:\/\/inclusivenews.com.br\/index.php?rest_route=%2Fwp%2Fv2%2Fmedia&parent=17069"}],"wp:term":[{"taxonomy":"category","embeddable":true,"href":"https:\/\/inclusivenews.com.br\/index.php?rest_route=%2Fwp%2Fv2%2Fcategories&post=17069"},{"taxonomy":"post_tag","embeddable":true,"href":"https:\/\/inclusivenews.com.br\/index.php?rest_route=%2Fwp%2Fv2%2Ftags&post=17069"}],"curies":[{"name":"wp","href":"https:\/\/api.w.org\/{rel}","templated":true}]}}