{"id":17073,"date":"2010-09-02T06:15:09","date_gmt":"2010-09-02T09:15:09","guid":{"rendered":"http:\/\/www.inclusive.org.br\/?p=17073"},"modified":"2010-09-02T06:15:09","modified_gmt":"2010-09-02T09:15:09","slug":"o-controle-verbal-do-comportamento-um-estudo-exploratorio-acerca-da-legislacao-sobre-pessoas-com-necessidades-especiais","status":"publish","type":"post","link":"https:\/\/inclusivenews.com.br\/?p=17073","title":{"rendered":"O controle verbal do comportamento: um estudo explorat\u00f3rio acerca da legisla\u00e7\u00e3o sobre pessoas com necessidades especiais"},"content":{"rendered":"<figure id=\"attachment_12736\" aria-describedby=\"caption-attachment-12736\" style=\"width: 150px\" class=\"wp-caption alignnone\"><a href=\"http:\/\/www.inclusivenews.com.br\/wp-content\/uploads\/2009\/11\/corujinha2.jpg\"><img loading=\"lazy\" decoding=\"async\" class=\"size-full wp-image-12736 \" title=\"Inclusive - corujinha - produ\u00e7\u00e3o acad\u00eamica.\" src=\"http:\/\/inclusivenews.com.br\/wp-content\/uploads\/2009\/11\/corujinha2.jpg\" alt=\"\" width=\"150\" height=\"150\" \/><\/a><figcaption id=\"caption-attachment-12736\" class=\"wp-caption-text\"> <\/figcaption><\/figure>\n<p>O controle verbal do comportamento: um estudo explorat\u00f3rio acerca da legisla\u00e7\u00e3o sobre pessoas com necessidades especiais, por Ana Carolina Heise Furquim de Campos. Pontif\u00edcia Universidade Cat\u00f3lica de S\u00e3o Paulo.<\/p>\n<p><a href=\"http:\/\/www.sapientia.pucsp.br\/\/tde_busca\/arquivo.php?codArquivo=10252\">Link para download<\/a><\/p>\n<p><strong>RESUMO\/ABSTRACT<\/strong><\/p>\n<p>O grupo social \u00e9 o respons\u00e1vel por manter um indiv\u00edduo se comportando de dada maneira, atrav\u00e9s do refor\u00e7amento social. Quando uma conseq\u00fc\u00eancia a longo prazo deve ser alcan\u00e7ada, \u00e9 importante que o grupo sustente o indiv\u00edduo se comportando atrav\u00e9s de outras conting\u00eancias estabelecidas. Em situa\u00e7\u00f5es em que a conseq\u00fc\u00eancia \u00e9 muito atrasada e n\u00e3o possibilita a sele\u00e7\u00e3o e manuten\u00e7\u00e3o da resposta, \u00e9 necess\u00e1rio que haja regras para preencher essa lacuna. Considerando a lei uma regra, sua forma \u00e9 um aspecto a ser considerado em sua an\u00e1lise. Algumas regras podem descrever todas as rela\u00e7\u00f5es de uma conting\u00eancia, os eventos que antecedem uma resposta, a pr\u00f3pria resposta e sua conseq\u00fc\u00eancia. O objetivo deste trabalho \u00e9 analisar a rela\u00e7\u00e3o entre as caracter\u00edsticas da formula\u00e7\u00e3o das leis relativas aos direitos das pessoas com necessidades especiais (se s\u00e3o ou n\u00e3o formuladas como uma regra) e o impacto delas no comportamento dos cidad\u00e3os, atrav\u00e9s de reivindica\u00e7\u00f5es apresentadas ao Grupo de Atua\u00e7\u00e3o Especial de Prote\u00e7\u00e3o \u00e0s Pessoas com Defici\u00eancia (Pr\u00f3-PD). A legisla\u00e7\u00e3o sobre pessoas portadoras de necessidades especiais e as reivindica\u00e7\u00f5es feitas no Pr\u00f3-PD foram classificadas em seis temas: Acessibilidade, Educa\u00e7\u00e3o, Sa\u00fade, Trabalho, Isen\u00e7\u00f5es e Geral. Os artigos dos temas Acessibilidade e Educa\u00e7\u00e3o foram analisados de acordo com sua forma, sendo classificados em: comportamento verbal do legislador, regra, resposta espec\u00edfica, resposta gen\u00e9rica e ambiente a ser constru\u00eddo. Os resultados mostraram que a maior parte dos artigos, mais de 80% nos temas Educa\u00e7\u00e3o e Acessibilidade, n\u00e3o podem ser considerados uma regra, pois n\u00e3o descrevem uma rela\u00e7\u00e3o de conting\u00eancia entre dois eventos. Os resultados sugerem que, se a leis forem est\u00edmulos que evocam respostas, os artigos que s\u00e3o regra podem estar sendo cumpridos e haveria um menor n\u00famero de reivindica\u00e7\u00e3o em rela\u00e7\u00e3o a eles. E os artigos que n\u00e3o s\u00e3o regras n\u00e3o evocam as respostas que deveriam ser emitidas, e a falta dessas respostas evocaria a resposta de reivindicar os direitos relacionados ao tema do artigo numa ag\u00eancia de controle.<\/p>\n","protected":false},"excerpt":{"rendered":"<p>O objetivo deste trabalho \u00e9 analisar a rela\u00e7\u00e3o entre as caracter\u00edsticas da formula\u00e7\u00e3o das leis relativas aos direitos das pessoas com necessidades especiais (se s\u00e3o ou n\u00e3o formuladas como uma regra) e o impacto delas no comportamento dos cidad\u00e3os. (Produ\u00e7\u00e3o acad\u00eamica)<\/p>\n","protected":false},"author":1,"featured_media":0,"comment_status":"open","ping_status":"open","sticky":false,"template":"","format":"standard","meta":{"site-container-style":"default","site-container-layout":"default","site-sidebar-layout":"default","disable-article-header":"default","disable-site-header":"default","disable-site-footer":"default","disable-content-area-spacing":"default","footnotes":""},"categories":[24],"tags":[],"class_list":["post-17073","post","type-post","status-publish","format-standard","hentry","category-producao-academica"],"yoast_head":"<!-- This site is optimized with the Yoast SEO plugin v27.4 - https:\/\/yoast.com\/product\/yoast-seo-wordpress\/ -->\n<title>O controle verbal do comportamento: um estudo explorat\u00f3rio acerca da legisla\u00e7\u00e3o sobre pessoas com necessidades especiais -<\/title>\n<meta name=\"robots\" content=\"index, follow, max-snippet:-1, max-image-preview:large, max-video-preview:-1\" \/>\n<link rel=\"canonical\" href=\"https:\/\/inclusivenews.com.br\/?p=17073\" \/>\n<meta property=\"og:locale\" content=\"pt_PT\" \/>\n<meta property=\"og:type\" content=\"article\" \/>\n<meta property=\"og:title\" content=\"O controle verbal do comportamento: um estudo explorat\u00f3rio acerca da legisla\u00e7\u00e3o sobre pessoas com necessidades especiais -\" \/>\n<meta property=\"og:description\" content=\"O objetivo deste trabalho \u00e9 analisar a rela\u00e7\u00e3o entre as caracter\u00edsticas da formula\u00e7\u00e3o das leis relativas aos direitos das pessoas com necessidades especiais (se s\u00e3o ou n\u00e3o formuladas como uma regra) e o impacto delas no comportamento dos cidad\u00e3os. (Produ\u00e7\u00e3o acad\u00eamica)\" \/>\n<meta property=\"og:url\" content=\"https:\/\/inclusivenews.com.br\/?p=17073\" \/>\n<meta property=\"article:publisher\" content=\"https:\/\/www.facebook.com\/agenciainclusive\/\" \/>\n<meta property=\"article:published_time\" content=\"2010-09-02T09:15:09+00:00\" \/>\n<meta property=\"og:image\" content=\"http:\/\/inclusivenews.com.br\/wp-content\/uploads\/2009\/11\/corujinha2.jpg\" \/>\n<meta name=\"author\" content=\"inclusivenews2024\" \/>\n<meta name=\"twitter:card\" content=\"summary_large_image\" \/>\n<meta name=\"twitter:label1\" content=\"Escrito por\" \/>\n\t<meta name=\"twitter:data1\" content=\"inclusivenews2024\" \/>\n\t<meta name=\"twitter:label2\" content=\"Tempo estimado de leitura\" \/>\n\t<meta name=\"twitter:data2\" content=\"2 minutos\" \/>\n<script type=\"application\/ld+json\" class=\"yoast-schema-graph\">{\"@context\":\"https:\\\/\\\/schema.org\",\"@graph\":[{\"@type\":\"Article\",\"@id\":\"https:\\\/\\\/inclusivenews.com.br\\\/?p=17073#article\",\"isPartOf\":{\"@id\":\"https:\\\/\\\/inclusivenews.com.br\\\/?p=17073\"},\"author\":{\"name\":\"inclusivenews2024\",\"@id\":\"https:\\\/\\\/inclusivenews.com.br\\\/#\\\/schema\\\/person\\\/ae4ec7087559b8692fb33b6fffd2273b\"},\"headline\":\"O controle verbal do comportamento: um estudo explorat\u00f3rio acerca da legisla\u00e7\u00e3o sobre pessoas com necessidades especiais\",\"datePublished\":\"2010-09-02T09:15:09+00:00\",\"mainEntityOfPage\":{\"@id\":\"https:\\\/\\\/inclusivenews.com.br\\\/?p=17073\"},\"wordCount\":435,\"commentCount\":0,\"publisher\":{\"@id\":\"https:\\\/\\\/inclusivenews.com.br\\\/#organization\"},\"image\":{\"@id\":\"https:\\\/\\\/inclusivenews.com.br\\\/?p=17073#primaryimage\"},\"thumbnailUrl\":\"http:\\\/\\\/inclusivenews.com.br\\\/wp-content\\\/uploads\\\/2009\\\/11\\\/corujinha2.jpg\",\"articleSection\":[\"Produ\u00e7\u00e3o acad\u00eamica\"],\"inLanguage\":\"pt-PT\",\"potentialAction\":[{\"@type\":\"CommentAction\",\"name\":\"Comment\",\"target\":[\"https:\\\/\\\/inclusivenews.com.br\\\/?p=17073#respond\"]}]},{\"@type\":\"WebPage\",\"@id\":\"https:\\\/\\\/inclusivenews.com.br\\\/?p=17073\",\"url\":\"https:\\\/\\\/inclusivenews.com.br\\\/?p=17073\",\"name\":\"O controle verbal do comportamento: um estudo explorat\u00f3rio acerca da legisla\u00e7\u00e3o sobre pessoas com necessidades especiais -\",\"isPartOf\":{\"@id\":\"https:\\\/\\\/inclusivenews.com.br\\\/#website\"},\"primaryImageOfPage\":{\"@id\":\"https:\\\/\\\/inclusivenews.com.br\\\/?p=17073#primaryimage\"},\"image\":{\"@id\":\"https:\\\/\\\/inclusivenews.com.br\\\/?p=17073#primaryimage\"},\"thumbnailUrl\":\"http:\\\/\\\/inclusivenews.com.br\\\/wp-content\\\/uploads\\\/2009\\\/11\\\/corujinha2.jpg\",\"datePublished\":\"2010-09-02T09:15:09+00:00\",\"breadcrumb\":{\"@id\":\"https:\\\/\\\/inclusivenews.com.br\\\/?p=17073#breadcrumb\"},\"inLanguage\":\"pt-PT\",\"potentialAction\":[{\"@type\":\"ReadAction\",\"target\":[\"https:\\\/\\\/inclusivenews.com.br\\\/?p=17073\"]}]},{\"@type\":\"ImageObject\",\"inLanguage\":\"pt-PT\",\"@id\":\"https:\\\/\\\/inclusivenews.com.br\\\/?p=17073#primaryimage\",\"url\":\"https:\\\/\\\/inclusivenews.com.br\\\/wp-content\\\/uploads\\\/2009\\\/11\\\/corujinha2.jpg\",\"contentUrl\":\"https:\\\/\\\/inclusivenews.com.br\\\/wp-content\\\/uploads\\\/2009\\\/11\\\/corujinha2.jpg\",\"width\":150,\"height\":150},{\"@type\":\"BreadcrumbList\",\"@id\":\"https:\\\/\\\/inclusivenews.com.br\\\/?p=17073#breadcrumb\",\"itemListElement\":[{\"@type\":\"ListItem\",\"position\":1,\"name\":\"In\u00edcio\",\"item\":\"https:\\\/\\\/inclusivenews.com.br\\\/\"},{\"@type\":\"ListItem\",\"position\":2,\"name\":\"O controle verbal do comportamento: um estudo explorat\u00f3rio acerca da legisla\u00e7\u00e3o sobre pessoas com necessidades especiais\"}]},{\"@type\":\"WebSite\",\"@id\":\"https:\\\/\\\/inclusivenews.com.br\\\/#website\",\"url\":\"https:\\\/\\\/inclusivenews.com.br\\\/\",\"name\":\"Inclusive News\",\"description\":\"Inclusive News\",\"publisher\":{\"@id\":\"https:\\\/\\\/inclusivenews.com.br\\\/#organization\"},\"potentialAction\":[{\"@type\":\"SearchAction\",\"target\":{\"@type\":\"EntryPoint\",\"urlTemplate\":\"https:\\\/\\\/inclusivenews.com.br\\\/?s={search_term_string}\"},\"query-input\":{\"@type\":\"PropertyValueSpecification\",\"valueRequired\":true,\"valueName\":\"search_term_string\"}}],\"inLanguage\":\"pt-PT\"},{\"@type\":\"Organization\",\"@id\":\"https:\\\/\\\/inclusivenews.com.br\\\/#organization\",\"name\":\"Inclusive - inclus\u00e3o e cidadania\",\"url\":\"https:\\\/\\\/inclusivenews.com.br\\\/\",\"logo\":{\"@type\":\"ImageObject\",\"inLanguage\":\"pt-PT\",\"@id\":\"https:\\\/\\\/inclusivenews.com.br\\\/#\\\/schema\\\/logo\\\/image\\\/\",\"url\":\"https:\\\/\\\/inclusivenews.com.br\\\/wp-content\\\/uploads\\\/2024\\\/03\\\/@grandesite.png\",\"contentUrl\":\"https:\\\/\\\/inclusivenews.com.br\\\/wp-content\\\/uploads\\\/2024\\\/03\\\/@grandesite.png\",\"width\":1080,\"height\":1080,\"caption\":\"Inclusive - inclus\u00e3o e cidadania\"},\"image\":{\"@id\":\"https:\\\/\\\/inclusivenews.com.br\\\/#\\\/schema\\\/logo\\\/image\\\/\"},\"sameAs\":[\"https:\\\/\\\/www.facebook.com\\\/agenciainclusive\\\/\",\"https:\\\/\\\/www.instagram.com\\\/newsinclusive\\\/\"]},{\"@type\":\"Person\",\"@id\":\"https:\\\/\\\/inclusivenews.com.br\\\/#\\\/schema\\\/person\\\/ae4ec7087559b8692fb33b6fffd2273b\",\"name\":\"inclusivenews2024\",\"image\":{\"@type\":\"ImageObject\",\"inLanguage\":\"pt-PT\",\"@id\":\"https:\\\/\\\/secure.gravatar.com\\\/avatar\\\/c5a7ef84c66fa914f55bc4f7ce26cfa275a3b9a1c5568b907bd184fb4dde7b40?s=96&d=mm&r=g\",\"url\":\"https:\\\/\\\/secure.gravatar.com\\\/avatar\\\/c5a7ef84c66fa914f55bc4f7ce26cfa275a3b9a1c5568b907bd184fb4dde7b40?s=96&d=mm&r=g\",\"contentUrl\":\"https:\\\/\\\/secure.gravatar.com\\\/avatar\\\/c5a7ef84c66fa914f55bc4f7ce26cfa275a3b9a1c5568b907bd184fb4dde7b40?s=96&d=mm&r=g\",\"caption\":\"inclusivenews2024\"},\"sameAs\":[\"https:\\\/\\\/inclusivenews.com.br\"],\"url\":\"https:\\\/\\\/inclusivenews.com.br\\\/?author=1\"}]}<\/script>\n<!-- \/ Yoast SEO plugin. -->","yoast_head_json":{"title":"O controle verbal do comportamento: um estudo explorat\u00f3rio acerca da legisla\u00e7\u00e3o sobre pessoas com necessidades especiais -","robots":{"index":"index","follow":"follow","max-snippet":"max-snippet:-1","max-image-preview":"max-image-preview:large","max-video-preview":"max-video-preview:-1"},"canonical":"https:\/\/inclusivenews.com.br\/?p=17073","og_locale":"pt_PT","og_type":"article","og_title":"O controle verbal do comportamento: um estudo explorat\u00f3rio acerca da legisla\u00e7\u00e3o sobre pessoas com necessidades especiais -","og_description":"O objetivo deste trabalho \u00e9 analisar a rela\u00e7\u00e3o entre as caracter\u00edsticas da formula\u00e7\u00e3o das leis relativas aos direitos das pessoas com necessidades especiais (se s\u00e3o ou n\u00e3o formuladas como uma regra) e o impacto delas no comportamento dos cidad\u00e3os. (Produ\u00e7\u00e3o acad\u00eamica)","og_url":"https:\/\/inclusivenews.com.br\/?p=17073","article_publisher":"https:\/\/www.facebook.com\/agenciainclusive\/","article_published_time":"2010-09-02T09:15:09+00:00","og_image":[{"url":"http:\/\/inclusivenews.com.br\/wp-content\/uploads\/2009\/11\/corujinha2.jpg","type":"","width":"","height":""}],"author":"inclusivenews2024","twitter_card":"summary_large_image","twitter_misc":{"Escrito por":"inclusivenews2024","Tempo estimado de leitura":"2 minutos"},"schema":{"@context":"https:\/\/schema.org","@graph":[{"@type":"Article","@id":"https:\/\/inclusivenews.com.br\/?p=17073#article","isPartOf":{"@id":"https:\/\/inclusivenews.com.br\/?p=17073"},"author":{"name":"inclusivenews2024","@id":"https:\/\/inclusivenews.com.br\/#\/schema\/person\/ae4ec7087559b8692fb33b6fffd2273b"},"headline":"O controle verbal do comportamento: um estudo explorat\u00f3rio acerca da legisla\u00e7\u00e3o sobre pessoas com necessidades especiais","datePublished":"2010-09-02T09:15:09+00:00","mainEntityOfPage":{"@id":"https:\/\/inclusivenews.com.br\/?p=17073"},"wordCount":435,"commentCount":0,"publisher":{"@id":"https:\/\/inclusivenews.com.br\/#organization"},"image":{"@id":"https:\/\/inclusivenews.com.br\/?p=17073#primaryimage"},"thumbnailUrl":"http:\/\/inclusivenews.com.br\/wp-content\/uploads\/2009\/11\/corujinha2.jpg","articleSection":["Produ\u00e7\u00e3o acad\u00eamica"],"inLanguage":"pt-PT","potentialAction":[{"@type":"CommentAction","name":"Comment","target":["https:\/\/inclusivenews.com.br\/?p=17073#respond"]}]},{"@type":"WebPage","@id":"https:\/\/inclusivenews.com.br\/?p=17073","url":"https:\/\/inclusivenews.com.br\/?p=17073","name":"O controle verbal do comportamento: um estudo explorat\u00f3rio acerca da legisla\u00e7\u00e3o sobre pessoas com necessidades especiais -","isPartOf":{"@id":"https:\/\/inclusivenews.com.br\/#website"},"primaryImageOfPage":{"@id":"https:\/\/inclusivenews.com.br\/?p=17073#primaryimage"},"image":{"@id":"https:\/\/inclusivenews.com.br\/?p=17073#primaryimage"},"thumbnailUrl":"http:\/\/inclusivenews.com.br\/wp-content\/uploads\/2009\/11\/corujinha2.jpg","datePublished":"2010-09-02T09:15:09+00:00","breadcrumb":{"@id":"https:\/\/inclusivenews.com.br\/?p=17073#breadcrumb"},"inLanguage":"pt-PT","potentialAction":[{"@type":"ReadAction","target":["https:\/\/inclusivenews.com.br\/?p=17073"]}]},{"@type":"ImageObject","inLanguage":"pt-PT","@id":"https:\/\/inclusivenews.com.br\/?p=17073#primaryimage","url":"https:\/\/inclusivenews.com.br\/wp-content\/uploads\/2009\/11\/corujinha2.jpg","contentUrl":"https:\/\/inclusivenews.com.br\/wp-content\/uploads\/2009\/11\/corujinha2.jpg","width":150,"height":150},{"@type":"BreadcrumbList","@id":"https:\/\/inclusivenews.com.br\/?p=17073#breadcrumb","itemListElement":[{"@type":"ListItem","position":1,"name":"In\u00edcio","item":"https:\/\/inclusivenews.com.br\/"},{"@type":"ListItem","position":2,"name":"O controle verbal do comportamento: um estudo explorat\u00f3rio acerca da legisla\u00e7\u00e3o sobre pessoas com necessidades especiais"}]},{"@type":"WebSite","@id":"https:\/\/inclusivenews.com.br\/#website","url":"https:\/\/inclusivenews.com.br\/","name":"Inclusive News","description":"Inclusive News","publisher":{"@id":"https:\/\/inclusivenews.com.br\/#organization"},"potentialAction":[{"@type":"SearchAction","target":{"@type":"EntryPoint","urlTemplate":"https:\/\/inclusivenews.com.br\/?s={search_term_string}"},"query-input":{"@type":"PropertyValueSpecification","valueRequired":true,"valueName":"search_term_string"}}],"inLanguage":"pt-PT"},{"@type":"Organization","@id":"https:\/\/inclusivenews.com.br\/#organization","name":"Inclusive - inclus\u00e3o e cidadania","url":"https:\/\/inclusivenews.com.br\/","logo":{"@type":"ImageObject","inLanguage":"pt-PT","@id":"https:\/\/inclusivenews.com.br\/#\/schema\/logo\/image\/","url":"https:\/\/inclusivenews.com.br\/wp-content\/uploads\/2024\/03\/@grandesite.png","contentUrl":"https:\/\/inclusivenews.com.br\/wp-content\/uploads\/2024\/03\/@grandesite.png","width":1080,"height":1080,"caption":"Inclusive - inclus\u00e3o e cidadania"},"image":{"@id":"https:\/\/inclusivenews.com.br\/#\/schema\/logo\/image\/"},"sameAs":["https:\/\/www.facebook.com\/agenciainclusive\/","https:\/\/www.instagram.com\/newsinclusive\/"]},{"@type":"Person","@id":"https:\/\/inclusivenews.com.br\/#\/schema\/person\/ae4ec7087559b8692fb33b6fffd2273b","name":"inclusivenews2024","image":{"@type":"ImageObject","inLanguage":"pt-PT","@id":"https:\/\/secure.gravatar.com\/avatar\/c5a7ef84c66fa914f55bc4f7ce26cfa275a3b9a1c5568b907bd184fb4dde7b40?s=96&d=mm&r=g","url":"https:\/\/secure.gravatar.com\/avatar\/c5a7ef84c66fa914f55bc4f7ce26cfa275a3b9a1c5568b907bd184fb4dde7b40?s=96&d=mm&r=g","contentUrl":"https:\/\/secure.gravatar.com\/avatar\/c5a7ef84c66fa914f55bc4f7ce26cfa275a3b9a1c5568b907bd184fb4dde7b40?s=96&d=mm&r=g","caption":"inclusivenews2024"},"sameAs":["https:\/\/inclusivenews.com.br"],"url":"https:\/\/inclusivenews.com.br\/?author=1"}]}},"_links":{"self":[{"href":"https:\/\/inclusivenews.com.br\/index.php?rest_route=\/wp\/v2\/posts\/17073","targetHints":{"allow":["GET"]}}],"collection":[{"href":"https:\/\/inclusivenews.com.br\/index.php?rest_route=\/wp\/v2\/posts"}],"about":[{"href":"https:\/\/inclusivenews.com.br\/index.php?rest_route=\/wp\/v2\/types\/post"}],"author":[{"embeddable":true,"href":"https:\/\/inclusivenews.com.br\/index.php?rest_route=\/wp\/v2\/users\/1"}],"replies":[{"embeddable":true,"href":"https:\/\/inclusivenews.com.br\/index.php?rest_route=%2Fwp%2Fv2%2Fcomments&post=17073"}],"version-history":[{"count":0,"href":"https:\/\/inclusivenews.com.br\/index.php?rest_route=\/wp\/v2\/posts\/17073\/revisions"}],"wp:attachment":[{"href":"https:\/\/inclusivenews.com.br\/index.php?rest_route=%2Fwp%2Fv2%2Fmedia&parent=17073"}],"wp:term":[{"taxonomy":"category","embeddable":true,"href":"https:\/\/inclusivenews.com.br\/index.php?rest_route=%2Fwp%2Fv2%2Fcategories&post=17073"},{"taxonomy":"post_tag","embeddable":true,"href":"https:\/\/inclusivenews.com.br\/index.php?rest_route=%2Fwp%2Fv2%2Ftags&post=17073"}],"curies":[{"name":"wp","href":"https:\/\/api.w.org\/{rel}","templated":true}]}}