{"id":17075,"date":"2010-09-02T06:05:20","date_gmt":"2010-09-02T09:05:20","guid":{"rendered":"http:\/\/www.inclusive.org.br\/?p=17075"},"modified":"2010-09-02T06:05:20","modified_gmt":"2010-09-02T09:05:20","slug":"a-pastoral-carceraria-mostra-a-verdade","status":"publish","type":"post","link":"https:\/\/inclusivenews.com.br\/?p=17075","title":{"rendered":"A Pastoral Carcer\u00e1ria mostra a verdade"},"content":{"rendered":"<figure id=\"attachment_15004\" aria-describedby=\"caption-attachment-15004\" style=\"width: 200px\" class=\"wp-caption alignleft\"><a href=\"http:\/\/www.inclusivenews.com.br\/wp-content\/uploads\/2010\/04\/helio.jpg\"><img loading=\"lazy\" decoding=\"async\" class=\"size-full wp-image-15004\" title=\"Inclusive - fotografia de H\u00e9lio Bicudo\" src=\"http:\/\/inclusivenews.com.br\/wp-content\/uploads\/2010\/04\/helio.jpg\" alt=\"\" width=\"200\" height=\"202\" \/><\/a><figcaption id=\"caption-attachment-15004\" class=\"wp-caption-text\"> <\/figcaption><\/figure>\n<p><strong>Por H\u00e9lio Bicudo<\/strong><\/p>\n<p><em><a href=\"http:\/\/twitter.com\/Heliobicudo\">http:\/\/twitter.com\/Heliobicudo<\/a><br \/>\n<a href=\"http:\/\/pt-br.facebook.com\/people\/Helio-Bicudo\/100000805737553\">http:\/\/pt-br.facebook.com\/people\/Helio-Bicudo\/100000805737553<\/a><\/em><strong> <\/strong><\/p>\n<p>No in\u00edcio deste m\u00eas (dia 02.08), foi divulgado um extenso relat\u00f3rio, fruto de um estudo das condi\u00e7\u00f5es carcer\u00e1rias em todos os Estados do Pa\u00eds, onde ficaram bastante claras as car\u00eancias de nossas pris\u00f5es, onde uma popula\u00e7\u00e3o de cerca de aproximadamente 473 mil pessoas cumpre, em muitos casos, uma pena maior do que aquela que lhes foi imposta numa senten\u00e7a penal, a qual, por outro lado, nem sempre costuma seguir na dosagem das penas a sua individualiza\u00e7\u00e3o, tomando em considera\u00e7\u00e3o n\u00e3o apenas o delito e suas circunst\u00e2ncias, mas, sobretudo, a figura do r\u00e9u no contexto da sociedade em que vive.<\/p>\n<p>Na leitura do relat\u00f3rio encontramos, como se diz, de tudo: desde detentos que continuaram presos n\u00e3o obstante j\u00e1 tenham cumprido a pena que lhes foi imposta, como tortura, tratamento cruel, corrup\u00e7\u00e3o e desmandos menores, mas que tem sua parcela de influ\u00eancia no contexto de uma pena que deveria ter por finalidade a ressocializa\u00e7\u00e3o do delinq\u00fcente, tornando-o apto, uma vez cumprida a pena, a viver como um cidad\u00e3o comum, voltado ao trabalho e \u00e0 conviv\u00eancia social.<\/p>\n<p>O Brasil tem um sistema penal mais voltado para a repress\u00e3o do que para preven\u00e7\u00e3o e recupera\u00e7\u00e3o. A id\u00e9ia de que \u201clugar de bandido \u00e9 na cadeia\u201d, j\u00e1 contaminou a pol\u00edcia, minist\u00e9rios p\u00fablicos e a magistratura. Da\u00ed a constru\u00e7\u00e3o de pres\u00eddios com capacidade para mais de mil pessoas, s\u00f3 por esse fato ingovern\u00e1veis, caindo as r\u00e9deas de comando nas m\u00e3os de grupos criminosos, o que torna qualquer possibilidade de regenera\u00e7\u00e3o uma utopia.<\/p>\n<p>O preso, ao ingressar na penitenci\u00e1ria, j\u00e1 tem sua exist\u00eancia pr\u00e9-fixada, a fim de servir a esse ou \u00e0quele grupo. A figura do diretor do pres\u00eddio, considerada fundamental para a reeduca\u00e7\u00e3o do detento, foi substitu\u00edda pelo burocrata que n\u00e3o conhece ningu\u00e9m e que no dia a dia da pris\u00e3o est\u00e1 mergulhado na papelada que inunda sua mesa e que n\u00e3o tem nada a ver com as finalidades da pena.<\/p>\n<p>Da\u00ed a viol\u00eancia que corre solta nas celas, nos corredores e nas chamadas \u00e1reas de lazer, ocultada muitas vezes pelos servidores que o cercam. Mais preocupado com a seguran\u00e7a da casa, faz vista grossa a infra\u00e7\u00f5es que violam os direitos humanos, cometidas pelo pessoal carcer\u00e1rio.<\/p>\n<p>O relat\u00f3rio da Pastoral traz aos nossos olhos uma realidade que n\u00e3o queremos conhecer e que muitas vezes parece incompreendida at\u00e9 mesmo pela imprensa.<\/p>\n<p>N\u00e3o faz muito tempo, a \u201cFolha de S\u00e3o Paulo\u201d publicou em caderno separado uma reportagem sobre o pres\u00eddio de mulheres na capital de S\u00e3o Paulo. A leitura das considera\u00e7\u00f5es dos jornalistas que visitaram o pres\u00eddio casam muito mais com interesses do pessoal penitenci\u00e1rio respons\u00e1vel pela aplica\u00e7\u00e3o da pena, do que com as reais necessidades dos presos, em cujas palavras e atitudes n\u00e3o se pode confiar. Basta comparar as conclus\u00f5es dessa reportagem com aquelas da Pastoral, para verificar a dist\u00e2ncia existente entre uma not\u00edcia que vai direta ao p\u00fablico, desfigurando a pessoa da detenta, e um estudo sistem\u00e1tico de um \u00f3rg\u00e3o que conhece o ch\u00e3o onde est\u00e1 pisando.<\/p>\n<p>Diga-se, ali\u00e1s, de passagem, que o relat\u00f3rio lan\u00e7ado em cerim\u00f4nia p\u00fablica na Secretaria da Justi\u00e7a do Estado, n\u00e3o mereceu maior aten\u00e7\u00e3o da m\u00eddia.<\/p>\n<p>Entretanto, trata-se de estudo da maior relev\u00e2ncia, a descortinar a lament\u00e1vel maneira pela qual o assunto \u00e9 tratado no Brasil, onde os direitos das pessoas s\u00e3o ignorados, come\u00e7ando no processo judicial, e se agravando no est\u00e1gio do cumprimento da pena.<\/p>\n<p>Realmente, a legisla\u00e7\u00e3o penal brasileira que era voltada para a individualiza\u00e7\u00e3o e para a reinser\u00e7\u00e3o social, hoje em dia, pelo descaso geral dos legisladores, dos agentes respons\u00e1veis pelo processo e depois pela execu\u00e7\u00e3o da pena, estagnou-se para priorizar a pris\u00e3o e nada mais.<\/p>\n<p>Resta a esperan\u00e7a de que o governo que se instalar\u00e1 por efeito das elei\u00e7\u00f5es de outubro passe a olhar com bons olhos para a quest\u00e3o carcer\u00e1ria, cujos estudos da Pastoral mostram uma crise insustent\u00e1vel.<\/p>\n<p>____________<\/p>\n<p><strong>Fonte:<\/strong> <a href=\"http:\/\/helio-bicudo.blogspot.com\/2010\/08\/pastoral-carceraria-mostra-verdade.html\">O autor<\/a><\/p>\n","protected":false},"excerpt":{"rendered":"<p>Por H\u00e9lio Bicudo. &#8220;O Brasil tem um sistema penal mais voltado para a repress\u00e3o do que para preven\u00e7\u00e3o e recupera\u00e7\u00e3o. A id\u00e9ia de que \u201clugar de bandido \u00e9 na cadeia\u201d, j\u00e1 contaminou a pol\u00edcia, minist\u00e9rios p\u00fablicos e a magistratura. Da\u00ed a constru\u00e7\u00e3o de pres\u00eddios com capacidade para mais de mil pessoas, s\u00f3 por esse fato ingovern\u00e1veis, caindo as r\u00e9deas de comando nas m\u00e3os de grupos criminosos, o que torna qualquer possibilidade de regenera\u00e7\u00e3o uma utopia.&#8221;<\/p>\n","protected":false},"author":1,"featured_media":0,"comment_status":"open","ping_status":"open","sticky":false,"template":"","format":"standard","meta":{"site-container-style":"default","site-container-layout":"default","site-sidebar-layout":"default","disable-article-header":"default","disable-site-header":"default","disable-site-footer":"default","disable-content-area-spacing":"default","footnotes":""},"categories":[36,11],"tags":[],"class_list":["post-17075","post","type-post","status-publish","format-standard","hentry","category-colunas-especiais","category-direitos-humanos"],"yoast_head":"<!-- This site is optimized with the Yoast SEO plugin v27.5 - https:\/\/yoast.com\/product\/yoast-seo-wordpress\/ -->\n<title>A Pastoral Carcer\u00e1ria mostra a verdade -<\/title>\n<meta name=\"robots\" content=\"index, follow, max-snippet:-1, max-image-preview:large, max-video-preview:-1\" \/>\n<link rel=\"canonical\" href=\"https:\/\/inclusivenews.com.br\/?p=17075\" \/>\n<meta property=\"og:locale\" content=\"pt_PT\" \/>\n<meta property=\"og:type\" content=\"article\" \/>\n<meta property=\"og:title\" content=\"A Pastoral Carcer\u00e1ria mostra a verdade -\" \/>\n<meta property=\"og:description\" content=\"Por H\u00e9lio Bicudo. &quot;O Brasil tem um sistema penal mais voltado para a repress\u00e3o do que para preven\u00e7\u00e3o e recupera\u00e7\u00e3o. A id\u00e9ia de que \u201clugar de bandido \u00e9 na cadeia\u201d, j\u00e1 contaminou a pol\u00edcia, minist\u00e9rios p\u00fablicos e a magistratura. Da\u00ed a constru\u00e7\u00e3o de pres\u00eddios com capacidade para mais de mil pessoas, s\u00f3 por esse fato ingovern\u00e1veis, caindo as r\u00e9deas de comando nas m\u00e3os de grupos criminosos, o que torna qualquer possibilidade de regenera\u00e7\u00e3o uma utopia.&quot;\" \/>\n<meta property=\"og:url\" content=\"https:\/\/inclusivenews.com.br\/?p=17075\" \/>\n<meta property=\"article:publisher\" content=\"https:\/\/www.facebook.com\/agenciainclusive\/\" \/>\n<meta property=\"article:published_time\" content=\"2010-09-02T09:05:20+00:00\" \/>\n<meta property=\"og:image\" content=\"http:\/\/inclusivenews.com.br\/wp-content\/uploads\/2010\/04\/helio.jpg\" \/>\n<meta name=\"author\" content=\"inclusivenews2024\" \/>\n<meta name=\"twitter:card\" content=\"summary_large_image\" \/>\n<meta name=\"twitter:label1\" content=\"Escrito por\" \/>\n\t<meta name=\"twitter:data1\" content=\"inclusivenews2024\" \/>\n\t<meta name=\"twitter:label2\" content=\"Tempo estimado de leitura\" \/>\n\t<meta name=\"twitter:data2\" content=\"4 minutos\" \/>\n<script type=\"application\/ld+json\" class=\"yoast-schema-graph\">{\"@context\":\"https:\\\/\\\/schema.org\",\"@graph\":[{\"@type\":\"Article\",\"@id\":\"https:\\\/\\\/inclusivenews.com.br\\\/?p=17075#article\",\"isPartOf\":{\"@id\":\"https:\\\/\\\/inclusivenews.com.br\\\/?p=17075\"},\"author\":{\"name\":\"inclusivenews2024\",\"@id\":\"https:\\\/\\\/inclusivenews.com.br\\\/#\\\/schema\\\/person\\\/ae4ec7087559b8692fb33b6fffd2273b\"},\"headline\":\"A Pastoral Carcer\u00e1ria mostra a verdade\",\"datePublished\":\"2010-09-02T09:05:20+00:00\",\"mainEntityOfPage\":{\"@id\":\"https:\\\/\\\/inclusivenews.com.br\\\/?p=17075\"},\"wordCount\":752,\"commentCount\":1,\"publisher\":{\"@id\":\"https:\\\/\\\/inclusivenews.com.br\\\/#organization\"},\"image\":{\"@id\":\"https:\\\/\\\/inclusivenews.com.br\\\/?p=17075#primaryimage\"},\"thumbnailUrl\":\"http:\\\/\\\/inclusivenews.com.br\\\/wp-content\\\/uploads\\\/2010\\\/04\\\/helio.jpg\",\"articleSection\":[\"Colunas especiais\",\"DIREITOS HUMANOS\"],\"inLanguage\":\"pt-PT\",\"potentialAction\":[{\"@type\":\"CommentAction\",\"name\":\"Comment\",\"target\":[\"https:\\\/\\\/inclusivenews.com.br\\\/?p=17075#respond\"]}]},{\"@type\":\"WebPage\",\"@id\":\"https:\\\/\\\/inclusivenews.com.br\\\/?p=17075\",\"url\":\"https:\\\/\\\/inclusivenews.com.br\\\/?p=17075\",\"name\":\"A Pastoral Carcer\u00e1ria mostra a verdade -\",\"isPartOf\":{\"@id\":\"https:\\\/\\\/inclusivenews.com.br\\\/#website\"},\"primaryImageOfPage\":{\"@id\":\"https:\\\/\\\/inclusivenews.com.br\\\/?p=17075#primaryimage\"},\"image\":{\"@id\":\"https:\\\/\\\/inclusivenews.com.br\\\/?p=17075#primaryimage\"},\"thumbnailUrl\":\"http:\\\/\\\/inclusivenews.com.br\\\/wp-content\\\/uploads\\\/2010\\\/04\\\/helio.jpg\",\"datePublished\":\"2010-09-02T09:05:20+00:00\",\"breadcrumb\":{\"@id\":\"https:\\\/\\\/inclusivenews.com.br\\\/?p=17075#breadcrumb\"},\"inLanguage\":\"pt-PT\",\"potentialAction\":[{\"@type\":\"ReadAction\",\"target\":[\"https:\\\/\\\/inclusivenews.com.br\\\/?p=17075\"]}]},{\"@type\":\"ImageObject\",\"inLanguage\":\"pt-PT\",\"@id\":\"https:\\\/\\\/inclusivenews.com.br\\\/?p=17075#primaryimage\",\"url\":\"\",\"contentUrl\":\"\"},{\"@type\":\"BreadcrumbList\",\"@id\":\"https:\\\/\\\/inclusivenews.com.br\\\/?p=17075#breadcrumb\",\"itemListElement\":[{\"@type\":\"ListItem\",\"position\":1,\"name\":\"In\u00edcio\",\"item\":\"https:\\\/\\\/inclusivenews.com.br\\\/\"},{\"@type\":\"ListItem\",\"position\":2,\"name\":\"A Pastoral Carcer\u00e1ria mostra a verdade\"}]},{\"@type\":\"WebSite\",\"@id\":\"https:\\\/\\\/inclusivenews.com.br\\\/#website\",\"url\":\"https:\\\/\\\/inclusivenews.com.br\\\/\",\"name\":\"Inclusive News\",\"description\":\"Inclusive News\",\"publisher\":{\"@id\":\"https:\\\/\\\/inclusivenews.com.br\\\/#organization\"},\"potentialAction\":[{\"@type\":\"SearchAction\",\"target\":{\"@type\":\"EntryPoint\",\"urlTemplate\":\"https:\\\/\\\/inclusivenews.com.br\\\/?s={search_term_string}\"},\"query-input\":{\"@type\":\"PropertyValueSpecification\",\"valueRequired\":true,\"valueName\":\"search_term_string\"}}],\"inLanguage\":\"pt-PT\"},{\"@type\":\"Organization\",\"@id\":\"https:\\\/\\\/inclusivenews.com.br\\\/#organization\",\"name\":\"Inclusive - inclus\u00e3o e cidadania\",\"url\":\"https:\\\/\\\/inclusivenews.com.br\\\/\",\"logo\":{\"@type\":\"ImageObject\",\"inLanguage\":\"pt-PT\",\"@id\":\"https:\\\/\\\/inclusivenews.com.br\\\/#\\\/schema\\\/logo\\\/image\\\/\",\"url\":\"https:\\\/\\\/inclusivenews.com.br\\\/wp-content\\\/uploads\\\/2024\\\/03\\\/@grandesite.png\",\"contentUrl\":\"https:\\\/\\\/inclusivenews.com.br\\\/wp-content\\\/uploads\\\/2024\\\/03\\\/@grandesite.png\",\"width\":1080,\"height\":1080,\"caption\":\"Inclusive - inclus\u00e3o e cidadania\"},\"image\":{\"@id\":\"https:\\\/\\\/inclusivenews.com.br\\\/#\\\/schema\\\/logo\\\/image\\\/\"},\"sameAs\":[\"https:\\\/\\\/www.facebook.com\\\/agenciainclusive\\\/\",\"https:\\\/\\\/www.instagram.com\\\/newsinclusive\\\/\"]},{\"@type\":\"Person\",\"@id\":\"https:\\\/\\\/inclusivenews.com.br\\\/#\\\/schema\\\/person\\\/ae4ec7087559b8692fb33b6fffd2273b\",\"name\":\"inclusivenews2024\",\"image\":{\"@type\":\"ImageObject\",\"inLanguage\":\"pt-PT\",\"@id\":\"https:\\\/\\\/secure.gravatar.com\\\/avatar\\\/c5a7ef84c66fa914f55bc4f7ce26cfa275a3b9a1c5568b907bd184fb4dde7b40?s=96&d=mm&r=g\",\"url\":\"https:\\\/\\\/secure.gravatar.com\\\/avatar\\\/c5a7ef84c66fa914f55bc4f7ce26cfa275a3b9a1c5568b907bd184fb4dde7b40?s=96&d=mm&r=g\",\"contentUrl\":\"https:\\\/\\\/secure.gravatar.com\\\/avatar\\\/c5a7ef84c66fa914f55bc4f7ce26cfa275a3b9a1c5568b907bd184fb4dde7b40?s=96&d=mm&r=g\",\"caption\":\"inclusivenews2024\"},\"sameAs\":[\"https:\\\/\\\/inclusivenews.com.br\"],\"url\":\"https:\\\/\\\/inclusivenews.com.br\\\/?author=1\"}]}<\/script>\n<!-- \/ Yoast SEO plugin. -->","yoast_head_json":{"title":"A Pastoral Carcer\u00e1ria mostra a verdade -","robots":{"index":"index","follow":"follow","max-snippet":"max-snippet:-1","max-image-preview":"max-image-preview:large","max-video-preview":"max-video-preview:-1"},"canonical":"https:\/\/inclusivenews.com.br\/?p=17075","og_locale":"pt_PT","og_type":"article","og_title":"A Pastoral Carcer\u00e1ria mostra a verdade -","og_description":"Por H\u00e9lio Bicudo. \"O Brasil tem um sistema penal mais voltado para a repress\u00e3o do que para preven\u00e7\u00e3o e recupera\u00e7\u00e3o. A id\u00e9ia de que \u201clugar de bandido \u00e9 na cadeia\u201d, j\u00e1 contaminou a pol\u00edcia, minist\u00e9rios p\u00fablicos e a magistratura. Da\u00ed a constru\u00e7\u00e3o de pres\u00eddios com capacidade para mais de mil pessoas, s\u00f3 por esse fato ingovern\u00e1veis, caindo as r\u00e9deas de comando nas m\u00e3os de grupos criminosos, o que torna qualquer possibilidade de regenera\u00e7\u00e3o uma utopia.\"","og_url":"https:\/\/inclusivenews.com.br\/?p=17075","article_publisher":"https:\/\/www.facebook.com\/agenciainclusive\/","article_published_time":"2010-09-02T09:05:20+00:00","og_image":[{"url":"http:\/\/inclusivenews.com.br\/wp-content\/uploads\/2010\/04\/helio.jpg","type":"","width":"","height":""}],"author":"inclusivenews2024","twitter_card":"summary_large_image","twitter_misc":{"Escrito por":"inclusivenews2024","Tempo estimado de leitura":"4 minutos"},"schema":{"@context":"https:\/\/schema.org","@graph":[{"@type":"Article","@id":"https:\/\/inclusivenews.com.br\/?p=17075#article","isPartOf":{"@id":"https:\/\/inclusivenews.com.br\/?p=17075"},"author":{"name":"inclusivenews2024","@id":"https:\/\/inclusivenews.com.br\/#\/schema\/person\/ae4ec7087559b8692fb33b6fffd2273b"},"headline":"A Pastoral Carcer\u00e1ria mostra a verdade","datePublished":"2010-09-02T09:05:20+00:00","mainEntityOfPage":{"@id":"https:\/\/inclusivenews.com.br\/?p=17075"},"wordCount":752,"commentCount":1,"publisher":{"@id":"https:\/\/inclusivenews.com.br\/#organization"},"image":{"@id":"https:\/\/inclusivenews.com.br\/?p=17075#primaryimage"},"thumbnailUrl":"http:\/\/inclusivenews.com.br\/wp-content\/uploads\/2010\/04\/helio.jpg","articleSection":["Colunas especiais","DIREITOS HUMANOS"],"inLanguage":"pt-PT","potentialAction":[{"@type":"CommentAction","name":"Comment","target":["https:\/\/inclusivenews.com.br\/?p=17075#respond"]}]},{"@type":"WebPage","@id":"https:\/\/inclusivenews.com.br\/?p=17075","url":"https:\/\/inclusivenews.com.br\/?p=17075","name":"A Pastoral Carcer\u00e1ria mostra a verdade -","isPartOf":{"@id":"https:\/\/inclusivenews.com.br\/#website"},"primaryImageOfPage":{"@id":"https:\/\/inclusivenews.com.br\/?p=17075#primaryimage"},"image":{"@id":"https:\/\/inclusivenews.com.br\/?p=17075#primaryimage"},"thumbnailUrl":"http:\/\/inclusivenews.com.br\/wp-content\/uploads\/2010\/04\/helio.jpg","datePublished":"2010-09-02T09:05:20+00:00","breadcrumb":{"@id":"https:\/\/inclusivenews.com.br\/?p=17075#breadcrumb"},"inLanguage":"pt-PT","potentialAction":[{"@type":"ReadAction","target":["https:\/\/inclusivenews.com.br\/?p=17075"]}]},{"@type":"ImageObject","inLanguage":"pt-PT","@id":"https:\/\/inclusivenews.com.br\/?p=17075#primaryimage","url":"","contentUrl":""},{"@type":"BreadcrumbList","@id":"https:\/\/inclusivenews.com.br\/?p=17075#breadcrumb","itemListElement":[{"@type":"ListItem","position":1,"name":"In\u00edcio","item":"https:\/\/inclusivenews.com.br\/"},{"@type":"ListItem","position":2,"name":"A Pastoral Carcer\u00e1ria mostra a verdade"}]},{"@type":"WebSite","@id":"https:\/\/inclusivenews.com.br\/#website","url":"https:\/\/inclusivenews.com.br\/","name":"Inclusive News","description":"Inclusive News","publisher":{"@id":"https:\/\/inclusivenews.com.br\/#organization"},"potentialAction":[{"@type":"SearchAction","target":{"@type":"EntryPoint","urlTemplate":"https:\/\/inclusivenews.com.br\/?s={search_term_string}"},"query-input":{"@type":"PropertyValueSpecification","valueRequired":true,"valueName":"search_term_string"}}],"inLanguage":"pt-PT"},{"@type":"Organization","@id":"https:\/\/inclusivenews.com.br\/#organization","name":"Inclusive - inclus\u00e3o e cidadania","url":"https:\/\/inclusivenews.com.br\/","logo":{"@type":"ImageObject","inLanguage":"pt-PT","@id":"https:\/\/inclusivenews.com.br\/#\/schema\/logo\/image\/","url":"https:\/\/inclusivenews.com.br\/wp-content\/uploads\/2024\/03\/@grandesite.png","contentUrl":"https:\/\/inclusivenews.com.br\/wp-content\/uploads\/2024\/03\/@grandesite.png","width":1080,"height":1080,"caption":"Inclusive - inclus\u00e3o e cidadania"},"image":{"@id":"https:\/\/inclusivenews.com.br\/#\/schema\/logo\/image\/"},"sameAs":["https:\/\/www.facebook.com\/agenciainclusive\/","https:\/\/www.instagram.com\/newsinclusive\/"]},{"@type":"Person","@id":"https:\/\/inclusivenews.com.br\/#\/schema\/person\/ae4ec7087559b8692fb33b6fffd2273b","name":"inclusivenews2024","image":{"@type":"ImageObject","inLanguage":"pt-PT","@id":"https:\/\/secure.gravatar.com\/avatar\/c5a7ef84c66fa914f55bc4f7ce26cfa275a3b9a1c5568b907bd184fb4dde7b40?s=96&d=mm&r=g","url":"https:\/\/secure.gravatar.com\/avatar\/c5a7ef84c66fa914f55bc4f7ce26cfa275a3b9a1c5568b907bd184fb4dde7b40?s=96&d=mm&r=g","contentUrl":"https:\/\/secure.gravatar.com\/avatar\/c5a7ef84c66fa914f55bc4f7ce26cfa275a3b9a1c5568b907bd184fb4dde7b40?s=96&d=mm&r=g","caption":"inclusivenews2024"},"sameAs":["https:\/\/inclusivenews.com.br"],"url":"https:\/\/inclusivenews.com.br\/?author=1"}]}},"_links":{"self":[{"href":"https:\/\/inclusivenews.com.br\/index.php?rest_route=\/wp\/v2\/posts\/17075","targetHints":{"allow":["GET"]}}],"collection":[{"href":"https:\/\/inclusivenews.com.br\/index.php?rest_route=\/wp\/v2\/posts"}],"about":[{"href":"https:\/\/inclusivenews.com.br\/index.php?rest_route=\/wp\/v2\/types\/post"}],"author":[{"embeddable":true,"href":"https:\/\/inclusivenews.com.br\/index.php?rest_route=\/wp\/v2\/users\/1"}],"replies":[{"embeddable":true,"href":"https:\/\/inclusivenews.com.br\/index.php?rest_route=%2Fwp%2Fv2%2Fcomments&post=17075"}],"version-history":[{"count":0,"href":"https:\/\/inclusivenews.com.br\/index.php?rest_route=\/wp\/v2\/posts\/17075\/revisions"}],"wp:attachment":[{"href":"https:\/\/inclusivenews.com.br\/index.php?rest_route=%2Fwp%2Fv2%2Fmedia&parent=17075"}],"wp:term":[{"taxonomy":"category","embeddable":true,"href":"https:\/\/inclusivenews.com.br\/index.php?rest_route=%2Fwp%2Fv2%2Fcategories&post=17075"},{"taxonomy":"post_tag","embeddable":true,"href":"https:\/\/inclusivenews.com.br\/index.php?rest_route=%2Fwp%2Fv2%2Ftags&post=17075"}],"curies":[{"name":"wp","href":"https:\/\/api.w.org\/{rel}","templated":true}]}}