{"id":17081,"date":"2010-09-02T06:07:36","date_gmt":"2010-09-02T09:07:36","guid":{"rendered":"http:\/\/www.inclusive.org.br\/?p=17081"},"modified":"2010-09-02T06:07:36","modified_gmt":"2010-09-02T09:07:36","slug":"tse-garante-as-pessoas-com-deficiencia-autonomia-independencia-e-liberdade-para-fazer-as-proprias-escolhas","status":"publish","type":"post","link":"https:\/\/inclusivenews.com.br\/?p=17081","title":{"rendered":"TSE garante \u00e0s pessoas com defici\u00eancia autonomia, independ\u00eancia e liberdade para fazer as pr\u00f3prias escolhas"},"content":{"rendered":"<figure style=\"width: 240px\" class=\"wp-caption alignleft\"><img loading=\"lazy\" decoding=\"async\" title=\"Pessoa confrimando voto em urna eletr\u00f4nica\" src=\"http:\/\/www.bahianoticias.com.br\/fotos\/editor\/Image\/urna_eletronica_dedo.jpg\" alt=\"\" width=\"240\" height=\"180\" \/><figcaption class=\"wp-caption-text\"> <\/figcaption><\/figure>\n<p>H\u00e1 um ano, em 25 de agosto de 2009, os eleitores portadores de necessidades especiais brasileiros foram presenteados com a Conven\u00e7\u00e3o Internacional sobre os Direitos das Pessoas com Defici\u00eancia, assinada em Nova York. Este tratado, que versa sobre direitos fundamentais, foi aprovado pelo Congresso Nacional e integra os direitos e garantias individuais inscritos em nossa Constitui\u00e7\u00e3o Federal de 1988.<\/p>\n<p>Ao considerar que as pessoas com defici\u00eancia devem ter a oportunidade de participar ativamente das decis\u00f5es relativas a programas e pol\u00edticas, inclusive aos que lhes dizem respeito diretamente, o governo brasileiro atribuiu a este documento internacional o status de norma constitucional. Portanto, as pessoas com defici\u00eancia agora t\u00eam seus direito assegurados pela pr\u00f3pria Constitui\u00e7\u00e3o brasileira.<\/p>\n<p>Por sua vez, o Tribunal Superior Eleitoral tratou de garantir aos eleitores com defici\u00eancias o pleno exerc\u00edcio do direito ao voto. A resolu\u00e7\u00e3o 23.218\/2010 apresenta dois artigos que visam auxiliar na supera\u00e7\u00e3o das barreiras impostas pela defici\u00eancia.<\/p>\n<p>Auxilio de pessoa de confian\u00e7a<\/p>\n<p>No artigo 51 \u00e9 garantido ao eleitor com defici\u00eancia o aux\u00edlio de pessoa de sua confian\u00e7a para votar, ainda que n\u00e3o o tenha requerido antecipadamente ao juiz eleitoral. A pessoa que prestar o aux\u00edlio poder\u00e1, al\u00e9m de entrar na cabina de vota\u00e7\u00e3o, junto com o eleitor, digitar os n\u00fameros na urna.<\/p>\n<p>Recursos auxiliares<\/p>\n<p>Sistema de \u00e1udio, identifica\u00e7\u00e3o em braile e a marca de identifica\u00e7\u00e3o da tecla 5 s\u00e3o recursos auxiliares que a Justi\u00e7a eleitoral coloca a favor dos eleitores que possuem defici\u00eancia visual, conforme o artigo 52 da resolu\u00e7\u00e3o.<\/p>\n<p>Se\u00e7\u00f5es especiais<\/p>\n<p>Em 2002, o TSE editou a resolu\u00e7\u00e3o 21.008\/2002 que determinou a cria\u00e7\u00e3o de se\u00e7\u00f5es eleitorais especiais destinadas a eleitores com defici\u00eancia. Segundo a resolu\u00e7\u00e3o, estas se\u00e7\u00f5es devem ser instaladas em locais de f\u00e1cil acesso, com estacionamento pr\u00f3ximo e instala\u00e7\u00f5es, inclusive sanit\u00e1rias, que atendam \u00e0s normas da ABNT.<\/p>\n<p>Os eleitores que desejam votar nestas se\u00e7\u00f5es especiais tiveram at\u00e9 o dia 5 de maio para solicitar a transfer\u00eancia. Entretanto, os eleitores com defici\u00eancia que votar\u00e3o em se\u00e7\u00f5es n\u00e3o adaptadas podem informar sua condi\u00e7\u00e3o ao mes\u00e1rio de sua se\u00e7\u00e3o e solicitar aux\u00edlio.<\/p>\n<p>Direitos pol\u00edticos<\/p>\n<p>A conven\u00e7\u00e3o, assindada em Nova York, tem o intuito de assegurar que as pessoas com defici\u00eancia possam participar efetiva e plenamente na vida pol\u00edtica e p\u00fablica, em igualdade de oportunidades com as demais pessoas, diretamente ou por meio de representantes livremente escolhidos, incluindo o direito e a oportunidade de votarem e serem votadas.<\/p>\n<p>Para tanto, os estados signat\u00e1rios devem adotar procedimentos, instala\u00e7\u00f5es, materiais e equipamentos para vota\u00e7\u00e3o apropriados, acess\u00edveis e de f\u00e1cil compreens\u00e3o e uso.<\/p>\n<p>A garantia da livre express\u00e3o de vontade das pessoas com defici\u00eancia como eleitores e, para tanto, sempre que necess\u00e1rio e ao seu pedido, permiss\u00e3o para que elas sejam auxiliadas na vota\u00e7\u00e3o por uma pessoa de sua escolha tamb\u00e9m est\u00e3o resguardadas no texto que amplia o rol de direitos e garantias constitucionais.<\/p>\n<p>Outra importante considera\u00e7\u00e3o relevante constante no Tratado refere-se \u00e0 prote\u00e7\u00e3o do direito das pessoas com defici\u00eancia ao voto secreto em elei\u00e7\u00f5es e plebiscitos, sem intimida\u00e7\u00e3o, e a candidatar-se nas elei\u00e7\u00f5es, efetivamente ocupar cargos eletivos e desempenhar quaisquer fun\u00e7\u00f5es p\u00fablicas em todos os n\u00edveis de governo, com aux\u00edlio de novas tecnologias.<\/p>\n<p>Estatura constitucional<\/p>\n<p>A Emenda Constitucional 45 determinou que os tratados e conven\u00e7\u00f5es internacionais sobre direitos humanos que forem aprovados, em cada Casa do Congresso Nacional, em dois turnos, por tr\u00eas quintos dos votos dos respectivos membros, ser\u00e3o equivalentes \u00e0s emendas constitucionais.<\/p>\n<p>A Conven\u00e7\u00e3o Internacional sobre os Direitos das Pessoas com Defici\u00eancia, assinada em Nova York, \u00e9 o primeiro e \u00fanico, at\u00e9 ent\u00e3o, documento inserido no texto constitucional por meio deste dispositivo.<\/p>\n<p>Ao tratar de tema sens\u00edvel aos direitos humanos, a conven\u00e7\u00e3o reconhece que a defici\u00eancia resulta da intera\u00e7\u00e3o entre pessoas com defici\u00eancia e as barreiras devidas \u00e0s atitudes e ao ambiente que impedem a plena e efetiva participa\u00e7\u00e3o dessas pessoas na sociedade em igualdade de oportunidades com as demais pessoas.<\/p>\n<p>Ressalta ainda, a import\u00e2ncia de trazer quest\u00f5es relativas \u00e0 defici\u00eancia ao centro das preocupa\u00e7\u00f5es da sociedade como parte integrante das estrat\u00e9gias relevantes de desenvolvimento sustent\u00e1vel.<\/p>\n<p>Por fim, salienta as valiosas contribui\u00e7\u00f5es existentes e potenciais das pessoas com defici\u00eancia ao bem-estar comum e \u00e0 diversidade de suas comunidades, e que a promo\u00e7\u00e3o do pleno exerc\u00edcio, pelas pessoas com defici\u00eancia, de seus direitos humanos e liberdades fundamentais e de sua plena participa\u00e7\u00e3o na sociedade resultar\u00e1 no fortalecimento de seu senso de pertencimento \u00e0 sociedade e no significativo avan\u00e7o do desenvolvimento humano, social e econ\u00f4mico da sociedade, bem como na erradica\u00e7\u00e3o da pobreza.<\/p>\n<p>________________<\/p>\n<p><strong>Fonte:<\/strong> <a href=\"http:\/\/agencia.tse.gov.br\/sadAdmAgencia\/noticiaSearch.do?acao=get&amp;id=1325452\">Ag\u00eancia TSE<\/a><\/p>\n","protected":false},"excerpt":{"rendered":"<p>Outra importante considera\u00e7\u00e3o relevante constante na Conven\u00e7\u00e3o refere-se \u00e0 prote\u00e7\u00e3o do direito das pessoas com defici\u00eancia ao voto secreto em elei\u00e7\u00f5es e plebiscitos, sem intimida\u00e7\u00e3o, e a candidatar-se nas elei\u00e7\u00f5es, efetivamente ocupar cargos eletivos e desempenhar quaisquer fun\u00e7\u00f5es p\u00fablicas em todos os n\u00edveis de governo, com aux\u00edlio de novas tecnologias. Informa\u00e7\u00e3o \u00e9 do TSE e vale nestas elei\u00e7\u00f5es.<\/p>\n","protected":false},"author":1,"featured_media":0,"comment_status":"open","ping_status":"open","sticky":false,"template":"","format":"standard","meta":{"site-container-style":"default","site-container-layout":"default","site-sidebar-layout":"default","disable-article-header":"default","disable-site-header":"default","disable-site-footer":"default","disable-content-area-spacing":"default","footnotes":""},"categories":[5,38,48,26,4],"tags":[127,128],"class_list":["post-17081","post","type-post","status-publish","format-standard","hentry","category-convencao","category-deficiencia","category-inclusao","category-legislacao","category-noticias","tag-direito-eleitoral","tag-voto"],"yoast_head":"<!-- This site is optimized with the Yoast SEO plugin v27.5 - https:\/\/yoast.com\/product\/yoast-seo-wordpress\/ -->\n<title>TSE garante \u00e0s pessoas com defici\u00eancia autonomia, independ\u00eancia e liberdade para fazer as pr\u00f3prias escolhas -<\/title>\n<meta name=\"robots\" content=\"index, follow, max-snippet:-1, max-image-preview:large, max-video-preview:-1\" \/>\n<link rel=\"canonical\" href=\"https:\/\/inclusivenews.com.br\/?p=17081\" \/>\n<meta property=\"og:locale\" content=\"pt_PT\" \/>\n<meta property=\"og:type\" content=\"article\" \/>\n<meta property=\"og:title\" content=\"TSE garante \u00e0s pessoas com defici\u00eancia autonomia, independ\u00eancia e liberdade para fazer as pr\u00f3prias escolhas -\" \/>\n<meta property=\"og:description\" content=\"Outra importante considera\u00e7\u00e3o relevante constante na Conven\u00e7\u00e3o refere-se \u00e0 prote\u00e7\u00e3o do direito das pessoas com defici\u00eancia ao voto secreto em elei\u00e7\u00f5es e plebiscitos, sem intimida\u00e7\u00e3o, e a candidatar-se nas elei\u00e7\u00f5es, efetivamente ocupar cargos eletivos e desempenhar quaisquer fun\u00e7\u00f5es p\u00fablicas em todos os n\u00edveis de governo, com aux\u00edlio de novas tecnologias. Informa\u00e7\u00e3o \u00e9 do TSE e vale nestas elei\u00e7\u00f5es.\" \/>\n<meta property=\"og:url\" content=\"https:\/\/inclusivenews.com.br\/?p=17081\" \/>\n<meta property=\"article:publisher\" content=\"https:\/\/www.facebook.com\/agenciainclusive\/\" \/>\n<meta property=\"article:published_time\" content=\"2010-09-02T09:07:36+00:00\" \/>\n<meta property=\"og:image\" content=\"http:\/\/www.bahianoticias.com.br\/fotos\/editor\/Image\/urna_eletronica_dedo.jpg\" \/>\n<meta name=\"author\" content=\"inclusivenews2024\" \/>\n<meta name=\"twitter:card\" content=\"summary_large_image\" \/>\n<meta name=\"twitter:label1\" content=\"Escrito por\" \/>\n\t<meta name=\"twitter:data1\" content=\"inclusivenews2024\" \/>\n\t<meta name=\"twitter:label2\" content=\"Tempo estimado de leitura\" \/>\n\t<meta name=\"twitter:data2\" content=\"4 minutos\" \/>\n<script type=\"application\/ld+json\" class=\"yoast-schema-graph\">{\"@context\":\"https:\\\/\\\/schema.org\",\"@graph\":[{\"@type\":\"Article\",\"@id\":\"https:\\\/\\\/inclusivenews.com.br\\\/?p=17081#article\",\"isPartOf\":{\"@id\":\"https:\\\/\\\/inclusivenews.com.br\\\/?p=17081\"},\"author\":{\"name\":\"inclusivenews2024\",\"@id\":\"https:\\\/\\\/inclusivenews.com.br\\\/#\\\/schema\\\/person\\\/ae4ec7087559b8692fb33b6fffd2273b\"},\"headline\":\"TSE garante \u00e0s pessoas com defici\u00eancia autonomia, independ\u00eancia e liberdade para fazer as pr\u00f3prias escolhas\",\"datePublished\":\"2010-09-02T09:07:36+00:00\",\"mainEntityOfPage\":{\"@id\":\"https:\\\/\\\/inclusivenews.com.br\\\/?p=17081\"},\"wordCount\":852,\"commentCount\":0,\"publisher\":{\"@id\":\"https:\\\/\\\/inclusivenews.com.br\\\/#organization\"},\"image\":{\"@id\":\"https:\\\/\\\/inclusivenews.com.br\\\/?p=17081#primaryimage\"},\"thumbnailUrl\":\"http:\\\/\\\/www.bahianoticias.com.br\\\/fotos\\\/editor\\\/Image\\\/urna_eletronica_dedo.jpg\",\"keywords\":[\"Direito eleitoral\",\"voto\"],\"articleSection\":[\"Conven\u00e7\u00e3o\",\"Defici\u00eancia\",\"INCLUS\u00c3O SOCIAL\",\"Legisla\u00e7\u00e3o ...\",\"NOT\u00cdCIAS\"],\"inLanguage\":\"pt-PT\",\"potentialAction\":[{\"@type\":\"CommentAction\",\"name\":\"Comment\",\"target\":[\"https:\\\/\\\/inclusivenews.com.br\\\/?p=17081#respond\"]}]},{\"@type\":\"WebPage\",\"@id\":\"https:\\\/\\\/inclusivenews.com.br\\\/?p=17081\",\"url\":\"https:\\\/\\\/inclusivenews.com.br\\\/?p=17081\",\"name\":\"TSE garante \u00e0s pessoas com defici\u00eancia autonomia, independ\u00eancia e liberdade para fazer as pr\u00f3prias escolhas -\",\"isPartOf\":{\"@id\":\"https:\\\/\\\/inclusivenews.com.br\\\/#website\"},\"primaryImageOfPage\":{\"@id\":\"https:\\\/\\\/inclusivenews.com.br\\\/?p=17081#primaryimage\"},\"image\":{\"@id\":\"https:\\\/\\\/inclusivenews.com.br\\\/?p=17081#primaryimage\"},\"thumbnailUrl\":\"http:\\\/\\\/www.bahianoticias.com.br\\\/fotos\\\/editor\\\/Image\\\/urna_eletronica_dedo.jpg\",\"datePublished\":\"2010-09-02T09:07:36+00:00\",\"breadcrumb\":{\"@id\":\"https:\\\/\\\/inclusivenews.com.br\\\/?p=17081#breadcrumb\"},\"inLanguage\":\"pt-PT\",\"potentialAction\":[{\"@type\":\"ReadAction\",\"target\":[\"https:\\\/\\\/inclusivenews.com.br\\\/?p=17081\"]}]},{\"@type\":\"ImageObject\",\"inLanguage\":\"pt-PT\",\"@id\":\"https:\\\/\\\/inclusivenews.com.br\\\/?p=17081#primaryimage\",\"url\":\"http:\\\/\\\/www.bahianoticias.com.br\\\/fotos\\\/editor\\\/Image\\\/urna_eletronica_dedo.jpg\",\"contentUrl\":\"http:\\\/\\\/www.bahianoticias.com.br\\\/fotos\\\/editor\\\/Image\\\/urna_eletronica_dedo.jpg\"},{\"@type\":\"BreadcrumbList\",\"@id\":\"https:\\\/\\\/inclusivenews.com.br\\\/?p=17081#breadcrumb\",\"itemListElement\":[{\"@type\":\"ListItem\",\"position\":1,\"name\":\"In\u00edcio\",\"item\":\"https:\\\/\\\/inclusivenews.com.br\\\/\"},{\"@type\":\"ListItem\",\"position\":2,\"name\":\"TSE garante \u00e0s pessoas com defici\u00eancia autonomia, independ\u00eancia e liberdade para fazer as pr\u00f3prias escolhas\"}]},{\"@type\":\"WebSite\",\"@id\":\"https:\\\/\\\/inclusivenews.com.br\\\/#website\",\"url\":\"https:\\\/\\\/inclusivenews.com.br\\\/\",\"name\":\"Inclusive News\",\"description\":\"Inclusive News\",\"publisher\":{\"@id\":\"https:\\\/\\\/inclusivenews.com.br\\\/#organization\"},\"potentialAction\":[{\"@type\":\"SearchAction\",\"target\":{\"@type\":\"EntryPoint\",\"urlTemplate\":\"https:\\\/\\\/inclusivenews.com.br\\\/?s={search_term_string}\"},\"query-input\":{\"@type\":\"PropertyValueSpecification\",\"valueRequired\":true,\"valueName\":\"search_term_string\"}}],\"inLanguage\":\"pt-PT\"},{\"@type\":\"Organization\",\"@id\":\"https:\\\/\\\/inclusivenews.com.br\\\/#organization\",\"name\":\"Inclusive - inclus\u00e3o e cidadania\",\"url\":\"https:\\\/\\\/inclusivenews.com.br\\\/\",\"logo\":{\"@type\":\"ImageObject\",\"inLanguage\":\"pt-PT\",\"@id\":\"https:\\\/\\\/inclusivenews.com.br\\\/#\\\/schema\\\/logo\\\/image\\\/\",\"url\":\"https:\\\/\\\/inclusivenews.com.br\\\/wp-content\\\/uploads\\\/2024\\\/03\\\/@grandesite.png\",\"contentUrl\":\"https:\\\/\\\/inclusivenews.com.br\\\/wp-content\\\/uploads\\\/2024\\\/03\\\/@grandesite.png\",\"width\":1080,\"height\":1080,\"caption\":\"Inclusive - inclus\u00e3o e cidadania\"},\"image\":{\"@id\":\"https:\\\/\\\/inclusivenews.com.br\\\/#\\\/schema\\\/logo\\\/image\\\/\"},\"sameAs\":[\"https:\\\/\\\/www.facebook.com\\\/agenciainclusive\\\/\",\"https:\\\/\\\/www.instagram.com\\\/newsinclusive\\\/\"]},{\"@type\":\"Person\",\"@id\":\"https:\\\/\\\/inclusivenews.com.br\\\/#\\\/schema\\\/person\\\/ae4ec7087559b8692fb33b6fffd2273b\",\"name\":\"inclusivenews2024\",\"image\":{\"@type\":\"ImageObject\",\"inLanguage\":\"pt-PT\",\"@id\":\"https:\\\/\\\/secure.gravatar.com\\\/avatar\\\/c5a7ef84c66fa914f55bc4f7ce26cfa275a3b9a1c5568b907bd184fb4dde7b40?s=96&d=mm&r=g\",\"url\":\"https:\\\/\\\/secure.gravatar.com\\\/avatar\\\/c5a7ef84c66fa914f55bc4f7ce26cfa275a3b9a1c5568b907bd184fb4dde7b40?s=96&d=mm&r=g\",\"contentUrl\":\"https:\\\/\\\/secure.gravatar.com\\\/avatar\\\/c5a7ef84c66fa914f55bc4f7ce26cfa275a3b9a1c5568b907bd184fb4dde7b40?s=96&d=mm&r=g\",\"caption\":\"inclusivenews2024\"},\"sameAs\":[\"https:\\\/\\\/inclusivenews.com.br\"],\"url\":\"https:\\\/\\\/inclusivenews.com.br\\\/?author=1\"}]}<\/script>\n<!-- \/ Yoast SEO plugin. -->","yoast_head_json":{"title":"TSE garante \u00e0s pessoas com defici\u00eancia autonomia, independ\u00eancia e liberdade para fazer as pr\u00f3prias escolhas -","robots":{"index":"index","follow":"follow","max-snippet":"max-snippet:-1","max-image-preview":"max-image-preview:large","max-video-preview":"max-video-preview:-1"},"canonical":"https:\/\/inclusivenews.com.br\/?p=17081","og_locale":"pt_PT","og_type":"article","og_title":"TSE garante \u00e0s pessoas com defici\u00eancia autonomia, independ\u00eancia e liberdade para fazer as pr\u00f3prias escolhas -","og_description":"Outra importante considera\u00e7\u00e3o relevante constante na Conven\u00e7\u00e3o refere-se \u00e0 prote\u00e7\u00e3o do direito das pessoas com defici\u00eancia ao voto secreto em elei\u00e7\u00f5es e plebiscitos, sem intimida\u00e7\u00e3o, e a candidatar-se nas elei\u00e7\u00f5es, efetivamente ocupar cargos eletivos e desempenhar quaisquer fun\u00e7\u00f5es p\u00fablicas em todos os n\u00edveis de governo, com aux\u00edlio de novas tecnologias. Informa\u00e7\u00e3o \u00e9 do TSE e vale nestas elei\u00e7\u00f5es.","og_url":"https:\/\/inclusivenews.com.br\/?p=17081","article_publisher":"https:\/\/www.facebook.com\/agenciainclusive\/","article_published_time":"2010-09-02T09:07:36+00:00","og_image":[{"url":"http:\/\/www.bahianoticias.com.br\/fotos\/editor\/Image\/urna_eletronica_dedo.jpg","type":"","width":"","height":""}],"author":"inclusivenews2024","twitter_card":"summary_large_image","twitter_misc":{"Escrito por":"inclusivenews2024","Tempo estimado de leitura":"4 minutos"},"schema":{"@context":"https:\/\/schema.org","@graph":[{"@type":"Article","@id":"https:\/\/inclusivenews.com.br\/?p=17081#article","isPartOf":{"@id":"https:\/\/inclusivenews.com.br\/?p=17081"},"author":{"name":"inclusivenews2024","@id":"https:\/\/inclusivenews.com.br\/#\/schema\/person\/ae4ec7087559b8692fb33b6fffd2273b"},"headline":"TSE garante \u00e0s pessoas com defici\u00eancia autonomia, independ\u00eancia e liberdade para fazer as pr\u00f3prias escolhas","datePublished":"2010-09-02T09:07:36+00:00","mainEntityOfPage":{"@id":"https:\/\/inclusivenews.com.br\/?p=17081"},"wordCount":852,"commentCount":0,"publisher":{"@id":"https:\/\/inclusivenews.com.br\/#organization"},"image":{"@id":"https:\/\/inclusivenews.com.br\/?p=17081#primaryimage"},"thumbnailUrl":"http:\/\/www.bahianoticias.com.br\/fotos\/editor\/Image\/urna_eletronica_dedo.jpg","keywords":["Direito eleitoral","voto"],"articleSection":["Conven\u00e7\u00e3o","Defici\u00eancia","INCLUS\u00c3O SOCIAL","Legisla\u00e7\u00e3o ...","NOT\u00cdCIAS"],"inLanguage":"pt-PT","potentialAction":[{"@type":"CommentAction","name":"Comment","target":["https:\/\/inclusivenews.com.br\/?p=17081#respond"]}]},{"@type":"WebPage","@id":"https:\/\/inclusivenews.com.br\/?p=17081","url":"https:\/\/inclusivenews.com.br\/?p=17081","name":"TSE garante \u00e0s pessoas com defici\u00eancia autonomia, independ\u00eancia e liberdade para fazer as pr\u00f3prias escolhas -","isPartOf":{"@id":"https:\/\/inclusivenews.com.br\/#website"},"primaryImageOfPage":{"@id":"https:\/\/inclusivenews.com.br\/?p=17081#primaryimage"},"image":{"@id":"https:\/\/inclusivenews.com.br\/?p=17081#primaryimage"},"thumbnailUrl":"http:\/\/www.bahianoticias.com.br\/fotos\/editor\/Image\/urna_eletronica_dedo.jpg","datePublished":"2010-09-02T09:07:36+00:00","breadcrumb":{"@id":"https:\/\/inclusivenews.com.br\/?p=17081#breadcrumb"},"inLanguage":"pt-PT","potentialAction":[{"@type":"ReadAction","target":["https:\/\/inclusivenews.com.br\/?p=17081"]}]},{"@type":"ImageObject","inLanguage":"pt-PT","@id":"https:\/\/inclusivenews.com.br\/?p=17081#primaryimage","url":"http:\/\/www.bahianoticias.com.br\/fotos\/editor\/Image\/urna_eletronica_dedo.jpg","contentUrl":"http:\/\/www.bahianoticias.com.br\/fotos\/editor\/Image\/urna_eletronica_dedo.jpg"},{"@type":"BreadcrumbList","@id":"https:\/\/inclusivenews.com.br\/?p=17081#breadcrumb","itemListElement":[{"@type":"ListItem","position":1,"name":"In\u00edcio","item":"https:\/\/inclusivenews.com.br\/"},{"@type":"ListItem","position":2,"name":"TSE garante \u00e0s pessoas com defici\u00eancia autonomia, independ\u00eancia e liberdade para fazer as pr\u00f3prias escolhas"}]},{"@type":"WebSite","@id":"https:\/\/inclusivenews.com.br\/#website","url":"https:\/\/inclusivenews.com.br\/","name":"Inclusive News","description":"Inclusive News","publisher":{"@id":"https:\/\/inclusivenews.com.br\/#organization"},"potentialAction":[{"@type":"SearchAction","target":{"@type":"EntryPoint","urlTemplate":"https:\/\/inclusivenews.com.br\/?s={search_term_string}"},"query-input":{"@type":"PropertyValueSpecification","valueRequired":true,"valueName":"search_term_string"}}],"inLanguage":"pt-PT"},{"@type":"Organization","@id":"https:\/\/inclusivenews.com.br\/#organization","name":"Inclusive - inclus\u00e3o e cidadania","url":"https:\/\/inclusivenews.com.br\/","logo":{"@type":"ImageObject","inLanguage":"pt-PT","@id":"https:\/\/inclusivenews.com.br\/#\/schema\/logo\/image\/","url":"https:\/\/inclusivenews.com.br\/wp-content\/uploads\/2024\/03\/@grandesite.png","contentUrl":"https:\/\/inclusivenews.com.br\/wp-content\/uploads\/2024\/03\/@grandesite.png","width":1080,"height":1080,"caption":"Inclusive - inclus\u00e3o e cidadania"},"image":{"@id":"https:\/\/inclusivenews.com.br\/#\/schema\/logo\/image\/"},"sameAs":["https:\/\/www.facebook.com\/agenciainclusive\/","https:\/\/www.instagram.com\/newsinclusive\/"]},{"@type":"Person","@id":"https:\/\/inclusivenews.com.br\/#\/schema\/person\/ae4ec7087559b8692fb33b6fffd2273b","name":"inclusivenews2024","image":{"@type":"ImageObject","inLanguage":"pt-PT","@id":"https:\/\/secure.gravatar.com\/avatar\/c5a7ef84c66fa914f55bc4f7ce26cfa275a3b9a1c5568b907bd184fb4dde7b40?s=96&d=mm&r=g","url":"https:\/\/secure.gravatar.com\/avatar\/c5a7ef84c66fa914f55bc4f7ce26cfa275a3b9a1c5568b907bd184fb4dde7b40?s=96&d=mm&r=g","contentUrl":"https:\/\/secure.gravatar.com\/avatar\/c5a7ef84c66fa914f55bc4f7ce26cfa275a3b9a1c5568b907bd184fb4dde7b40?s=96&d=mm&r=g","caption":"inclusivenews2024"},"sameAs":["https:\/\/inclusivenews.com.br"],"url":"https:\/\/inclusivenews.com.br\/?author=1"}]}},"_links":{"self":[{"href":"https:\/\/inclusivenews.com.br\/index.php?rest_route=\/wp\/v2\/posts\/17081","targetHints":{"allow":["GET"]}}],"collection":[{"href":"https:\/\/inclusivenews.com.br\/index.php?rest_route=\/wp\/v2\/posts"}],"about":[{"href":"https:\/\/inclusivenews.com.br\/index.php?rest_route=\/wp\/v2\/types\/post"}],"author":[{"embeddable":true,"href":"https:\/\/inclusivenews.com.br\/index.php?rest_route=\/wp\/v2\/users\/1"}],"replies":[{"embeddable":true,"href":"https:\/\/inclusivenews.com.br\/index.php?rest_route=%2Fwp%2Fv2%2Fcomments&post=17081"}],"version-history":[{"count":0,"href":"https:\/\/inclusivenews.com.br\/index.php?rest_route=\/wp\/v2\/posts\/17081\/revisions"}],"wp:attachment":[{"href":"https:\/\/inclusivenews.com.br\/index.php?rest_route=%2Fwp%2Fv2%2Fmedia&parent=17081"}],"wp:term":[{"taxonomy":"category","embeddable":true,"href":"https:\/\/inclusivenews.com.br\/index.php?rest_route=%2Fwp%2Fv2%2Fcategories&post=17081"},{"taxonomy":"post_tag","embeddable":true,"href":"https:\/\/inclusivenews.com.br\/index.php?rest_route=%2Fwp%2Fv2%2Ftags&post=17081"}],"curies":[{"name":"wp","href":"https:\/\/api.w.org\/{rel}","templated":true}]}}