{"id":17090,"date":"2010-09-02T06:18:00","date_gmt":"2010-09-02T09:18:00","guid":{"rendered":"http:\/\/www.inclusive.org.br\/?p=17090"},"modified":"2010-09-02T06:18:00","modified_gmt":"2010-09-02T09:18:00","slug":"a-luta-da-pessoa-com-deficiencia-pela-emancipacao","status":"publish","type":"post","link":"https:\/\/inclusivenews.com.br\/?p=17090","title":{"rendered":"A luta da pessoa com defici\u00eancia pela emancipa\u00e7\u00e3o"},"content":{"rendered":"<figure style=\"width: 164px\" class=\"wp-caption alignnone\"><a href=\"http:\/\/www.consulex.com.br\/items\/capa_326.jpg\"><img loading=\"lazy\" decoding=\"async\" title=\"Capa da edi\u00e7\u00e3o 326 da Revista Jur\u00eddica Consulex, onde aparece a m\u00e3o de um leitor cego fazendo a leitura de material em braille\" src=\"http:\/\/www.consulex.com.br\/items\/capa_326.jpg\" alt=\"\" width=\"164\" height=\"222\" \/><\/a><figcaption class=\"wp-caption-text\"> <\/figcaption><\/figure>\n<p>A Conven\u00e7\u00e3o sobre os Direitos da Pessoa com Defici\u00eancia, adotada pela Assembleia Geral das Na\u00e7\u00f5es Unidas em 2006, e ratificada pelo Congresso Nacional, nos termos do \u00a7 3\u00ba do art. 5\u00ba da Constitui\u00e7\u00e3o, obriga o Governo a \u201cadotar seus princ\u00edpios e obriga\u00e7\u00f5es gerais e a acatar o direito de os cidad\u00e3os brasileiros apelarem para o Comit\u00ea da Conven\u00e7\u00e3o, se o pa\u00eds permitir a viola\u00e7\u00e3o de seus direitos\u201d. Essa conquista in\u00e9dita \u00e9 abordada com profi\u00adci\u00eancia pela Titular da Secretaria Nacional de Promo\u00e7\u00e3o dos Direitos da Pessoa com Defici\u00eancia, da Secretaria de Direitos Humanos da Presid\u00eancia da Rep\u00fablica, Izabel Maior na Revista Jur\u00eddica Consulex deste m\u00eas, seguindo-se um olhar especializado acerca do trabalho da pessoa com defici\u00eancia (por Ricardo Tadeu Marques da Fonseca) e, por fim, a prote\u00e7\u00e3o conferida \u00e0quelas que manifestam interesse em ingressar no servi\u00e7o p\u00fablico e ali desenvolver suas atividades, dentre outros aspectos imanentes a esse seguimento, num artigo de Palhares Moreira Reis. A Revista on-line \u00e9 dispon\u00edvel apenas para assimantes.<\/p>\n<p><a href=\"http:\/\/www.consulex.com.br\">Com informa\u00e7\u00f5es da Editora Consulex.<\/a><\/p>\n","protected":false},"excerpt":{"rendered":"<p>Com artigos de Izabel Maior, Ricardo Tadeu Marques da Fonseca e Palhares Moreira Reis, a Revista Jur\u00eddica Consulex debate &#8220;a luta da pessoa com defici\u00eancia pela emancipa\u00e7\u00e3o&#8221;.<\/p>\n","protected":false},"author":1,"featured_media":0,"comment_status":"open","ping_status":"open","sticky":false,"template":"","format":"standard","meta":{"site-container-style":"default","site-container-layout":"default","site-sidebar-layout":"default","disable-article-header":"default","disable-site-header":"default","disable-site-footer":"default","disable-content-area-spacing":"default","footnotes":""},"categories":[5,38,48,26,4,80],"tags":[],"class_list":["post-17090","post","type-post","status-publish","format-standard","hentry","category-convencao","category-deficiencia","category-inclusao","category-legislacao","category-noticias","category-revistas"],"yoast_head":"<!-- This site is optimized with the Yoast SEO plugin v27.4 - https:\/\/yoast.com\/product\/yoast-seo-wordpress\/ -->\n<title>A luta da pessoa com defici\u00eancia pela emancipa\u00e7\u00e3o -<\/title>\n<meta name=\"robots\" content=\"index, follow, max-snippet:-1, max-image-preview:large, max-video-preview:-1\" \/>\n<link rel=\"canonical\" href=\"https:\/\/inclusivenews.com.br\/?p=17090\" \/>\n<meta property=\"og:locale\" content=\"pt_PT\" \/>\n<meta property=\"og:type\" content=\"article\" \/>\n<meta property=\"og:title\" content=\"A luta da pessoa com defici\u00eancia pela emancipa\u00e7\u00e3o -\" \/>\n<meta property=\"og:description\" content=\"Com artigos de Izabel Maior, Ricardo Tadeu Marques da Fonseca e Palhares Moreira Reis, a Revista Jur\u00eddica Consulex debate &quot;a luta da pessoa com defici\u00eancia pela emancipa\u00e7\u00e3o&quot;.\" \/>\n<meta property=\"og:url\" content=\"https:\/\/inclusivenews.com.br\/?p=17090\" \/>\n<meta property=\"article:publisher\" content=\"https:\/\/www.facebook.com\/agenciainclusive\/\" \/>\n<meta property=\"article:published_time\" content=\"2010-09-02T09:18:00+00:00\" \/>\n<meta property=\"og:image\" content=\"http:\/\/www.consulex.com.br\/items\/capa_326.jpg\" \/>\n<meta name=\"author\" content=\"inclusivenews2024\" \/>\n<meta name=\"twitter:card\" content=\"summary_large_image\" \/>\n<meta name=\"twitter:label1\" content=\"Escrito por\" \/>\n\t<meta name=\"twitter:data1\" content=\"inclusivenews2024\" \/>\n\t<meta name=\"twitter:label2\" content=\"Tempo estimado de leitura\" \/>\n\t<meta name=\"twitter:data2\" content=\"1 minuto\" \/>\n<script type=\"application\/ld+json\" class=\"yoast-schema-graph\">{\"@context\":\"https:\\\/\\\/schema.org\",\"@graph\":[{\"@type\":\"Article\",\"@id\":\"https:\\\/\\\/inclusivenews.com.br\\\/?p=17090#article\",\"isPartOf\":{\"@id\":\"https:\\\/\\\/inclusivenews.com.br\\\/?p=17090\"},\"author\":{\"name\":\"inclusivenews2024\",\"@id\":\"https:\\\/\\\/inclusivenews.com.br\\\/#\\\/schema\\\/person\\\/ae4ec7087559b8692fb33b6fffd2273b\"},\"headline\":\"A luta da pessoa com defici\u00eancia pela emancipa\u00e7\u00e3o\",\"datePublished\":\"2010-09-02T09:18:00+00:00\",\"mainEntityOfPage\":{\"@id\":\"https:\\\/\\\/inclusivenews.com.br\\\/?p=17090\"},\"wordCount\":203,\"commentCount\":0,\"publisher\":{\"@id\":\"https:\\\/\\\/inclusivenews.com.br\\\/#organization\"},\"image\":{\"@id\":\"https:\\\/\\\/inclusivenews.com.br\\\/?p=17090#primaryimage\"},\"thumbnailUrl\":\"http:\\\/\\\/www.consulex.com.br\\\/items\\\/capa_326.jpg\",\"articleSection\":[\"Conven\u00e7\u00e3o\",\"Defici\u00eancia\",\"INCLUS\u00c3O SOCIAL\",\"Legisla\u00e7\u00e3o ...\",\"NOT\u00cdCIAS\",\"Revistas\"],\"inLanguage\":\"pt-PT\",\"potentialAction\":[{\"@type\":\"CommentAction\",\"name\":\"Comment\",\"target\":[\"https:\\\/\\\/inclusivenews.com.br\\\/?p=17090#respond\"]}]},{\"@type\":\"WebPage\",\"@id\":\"https:\\\/\\\/inclusivenews.com.br\\\/?p=17090\",\"url\":\"https:\\\/\\\/inclusivenews.com.br\\\/?p=17090\",\"name\":\"A luta da pessoa com defici\u00eancia pela emancipa\u00e7\u00e3o -\",\"isPartOf\":{\"@id\":\"https:\\\/\\\/inclusivenews.com.br\\\/#website\"},\"primaryImageOfPage\":{\"@id\":\"https:\\\/\\\/inclusivenews.com.br\\\/?p=17090#primaryimage\"},\"image\":{\"@id\":\"https:\\\/\\\/inclusivenews.com.br\\\/?p=17090#primaryimage\"},\"thumbnailUrl\":\"http:\\\/\\\/www.consulex.com.br\\\/items\\\/capa_326.jpg\",\"datePublished\":\"2010-09-02T09:18:00+00:00\",\"breadcrumb\":{\"@id\":\"https:\\\/\\\/inclusivenews.com.br\\\/?p=17090#breadcrumb\"},\"inLanguage\":\"pt-PT\",\"potentialAction\":[{\"@type\":\"ReadAction\",\"target\":[\"https:\\\/\\\/inclusivenews.com.br\\\/?p=17090\"]}]},{\"@type\":\"ImageObject\",\"inLanguage\":\"pt-PT\",\"@id\":\"https:\\\/\\\/inclusivenews.com.br\\\/?p=17090#primaryimage\",\"url\":\"http:\\\/\\\/www.consulex.com.br\\\/items\\\/capa_326.jpg\",\"contentUrl\":\"http:\\\/\\\/www.consulex.com.br\\\/items\\\/capa_326.jpg\"},{\"@type\":\"BreadcrumbList\",\"@id\":\"https:\\\/\\\/inclusivenews.com.br\\\/?p=17090#breadcrumb\",\"itemListElement\":[{\"@type\":\"ListItem\",\"position\":1,\"name\":\"In\u00edcio\",\"item\":\"https:\\\/\\\/inclusivenews.com.br\\\/\"},{\"@type\":\"ListItem\",\"position\":2,\"name\":\"A luta da pessoa com defici\u00eancia pela emancipa\u00e7\u00e3o\"}]},{\"@type\":\"WebSite\",\"@id\":\"https:\\\/\\\/inclusivenews.com.br\\\/#website\",\"url\":\"https:\\\/\\\/inclusivenews.com.br\\\/\",\"name\":\"Inclusive News\",\"description\":\"Inclusive News\",\"publisher\":{\"@id\":\"https:\\\/\\\/inclusivenews.com.br\\\/#organization\"},\"potentialAction\":[{\"@type\":\"SearchAction\",\"target\":{\"@type\":\"EntryPoint\",\"urlTemplate\":\"https:\\\/\\\/inclusivenews.com.br\\\/?s={search_term_string}\"},\"query-input\":{\"@type\":\"PropertyValueSpecification\",\"valueRequired\":true,\"valueName\":\"search_term_string\"}}],\"inLanguage\":\"pt-PT\"},{\"@type\":\"Organization\",\"@id\":\"https:\\\/\\\/inclusivenews.com.br\\\/#organization\",\"name\":\"Inclusive - inclus\u00e3o e cidadania\",\"url\":\"https:\\\/\\\/inclusivenews.com.br\\\/\",\"logo\":{\"@type\":\"ImageObject\",\"inLanguage\":\"pt-PT\",\"@id\":\"https:\\\/\\\/inclusivenews.com.br\\\/#\\\/schema\\\/logo\\\/image\\\/\",\"url\":\"https:\\\/\\\/inclusivenews.com.br\\\/wp-content\\\/uploads\\\/2024\\\/03\\\/@grandesite.png\",\"contentUrl\":\"https:\\\/\\\/inclusivenews.com.br\\\/wp-content\\\/uploads\\\/2024\\\/03\\\/@grandesite.png\",\"width\":1080,\"height\":1080,\"caption\":\"Inclusive - inclus\u00e3o e cidadania\"},\"image\":{\"@id\":\"https:\\\/\\\/inclusivenews.com.br\\\/#\\\/schema\\\/logo\\\/image\\\/\"},\"sameAs\":[\"https:\\\/\\\/www.facebook.com\\\/agenciainclusive\\\/\",\"https:\\\/\\\/www.instagram.com\\\/newsinclusive\\\/\"]},{\"@type\":\"Person\",\"@id\":\"https:\\\/\\\/inclusivenews.com.br\\\/#\\\/schema\\\/person\\\/ae4ec7087559b8692fb33b6fffd2273b\",\"name\":\"inclusivenews2024\",\"image\":{\"@type\":\"ImageObject\",\"inLanguage\":\"pt-PT\",\"@id\":\"https:\\\/\\\/secure.gravatar.com\\\/avatar\\\/c5a7ef84c66fa914f55bc4f7ce26cfa275a3b9a1c5568b907bd184fb4dde7b40?s=96&d=mm&r=g\",\"url\":\"https:\\\/\\\/secure.gravatar.com\\\/avatar\\\/c5a7ef84c66fa914f55bc4f7ce26cfa275a3b9a1c5568b907bd184fb4dde7b40?s=96&d=mm&r=g\",\"contentUrl\":\"https:\\\/\\\/secure.gravatar.com\\\/avatar\\\/c5a7ef84c66fa914f55bc4f7ce26cfa275a3b9a1c5568b907bd184fb4dde7b40?s=96&d=mm&r=g\",\"caption\":\"inclusivenews2024\"},\"sameAs\":[\"https:\\\/\\\/inclusivenews.com.br\"],\"url\":\"https:\\\/\\\/inclusivenews.com.br\\\/?author=1\"}]}<\/script>\n<!-- \/ Yoast SEO plugin. -->","yoast_head_json":{"title":"A luta da pessoa com defici\u00eancia pela emancipa\u00e7\u00e3o -","robots":{"index":"index","follow":"follow","max-snippet":"max-snippet:-1","max-image-preview":"max-image-preview:large","max-video-preview":"max-video-preview:-1"},"canonical":"https:\/\/inclusivenews.com.br\/?p=17090","og_locale":"pt_PT","og_type":"article","og_title":"A luta da pessoa com defici\u00eancia pela emancipa\u00e7\u00e3o -","og_description":"Com artigos de Izabel Maior, Ricardo Tadeu Marques da Fonseca e Palhares Moreira Reis, a Revista Jur\u00eddica Consulex debate \"a luta da pessoa com defici\u00eancia pela emancipa\u00e7\u00e3o\".","og_url":"https:\/\/inclusivenews.com.br\/?p=17090","article_publisher":"https:\/\/www.facebook.com\/agenciainclusive\/","article_published_time":"2010-09-02T09:18:00+00:00","og_image":[{"url":"http:\/\/www.consulex.com.br\/items\/capa_326.jpg","type":"","width":"","height":""}],"author":"inclusivenews2024","twitter_card":"summary_large_image","twitter_misc":{"Escrito por":"inclusivenews2024","Tempo estimado de leitura":"1 minuto"},"schema":{"@context":"https:\/\/schema.org","@graph":[{"@type":"Article","@id":"https:\/\/inclusivenews.com.br\/?p=17090#article","isPartOf":{"@id":"https:\/\/inclusivenews.com.br\/?p=17090"},"author":{"name":"inclusivenews2024","@id":"https:\/\/inclusivenews.com.br\/#\/schema\/person\/ae4ec7087559b8692fb33b6fffd2273b"},"headline":"A luta da pessoa com defici\u00eancia pela emancipa\u00e7\u00e3o","datePublished":"2010-09-02T09:18:00+00:00","mainEntityOfPage":{"@id":"https:\/\/inclusivenews.com.br\/?p=17090"},"wordCount":203,"commentCount":0,"publisher":{"@id":"https:\/\/inclusivenews.com.br\/#organization"},"image":{"@id":"https:\/\/inclusivenews.com.br\/?p=17090#primaryimage"},"thumbnailUrl":"http:\/\/www.consulex.com.br\/items\/capa_326.jpg","articleSection":["Conven\u00e7\u00e3o","Defici\u00eancia","INCLUS\u00c3O SOCIAL","Legisla\u00e7\u00e3o ...","NOT\u00cdCIAS","Revistas"],"inLanguage":"pt-PT","potentialAction":[{"@type":"CommentAction","name":"Comment","target":["https:\/\/inclusivenews.com.br\/?p=17090#respond"]}]},{"@type":"WebPage","@id":"https:\/\/inclusivenews.com.br\/?p=17090","url":"https:\/\/inclusivenews.com.br\/?p=17090","name":"A luta da pessoa com defici\u00eancia pela emancipa\u00e7\u00e3o -","isPartOf":{"@id":"https:\/\/inclusivenews.com.br\/#website"},"primaryImageOfPage":{"@id":"https:\/\/inclusivenews.com.br\/?p=17090#primaryimage"},"image":{"@id":"https:\/\/inclusivenews.com.br\/?p=17090#primaryimage"},"thumbnailUrl":"http:\/\/www.consulex.com.br\/items\/capa_326.jpg","datePublished":"2010-09-02T09:18:00+00:00","breadcrumb":{"@id":"https:\/\/inclusivenews.com.br\/?p=17090#breadcrumb"},"inLanguage":"pt-PT","potentialAction":[{"@type":"ReadAction","target":["https:\/\/inclusivenews.com.br\/?p=17090"]}]},{"@type":"ImageObject","inLanguage":"pt-PT","@id":"https:\/\/inclusivenews.com.br\/?p=17090#primaryimage","url":"http:\/\/www.consulex.com.br\/items\/capa_326.jpg","contentUrl":"http:\/\/www.consulex.com.br\/items\/capa_326.jpg"},{"@type":"BreadcrumbList","@id":"https:\/\/inclusivenews.com.br\/?p=17090#breadcrumb","itemListElement":[{"@type":"ListItem","position":1,"name":"In\u00edcio","item":"https:\/\/inclusivenews.com.br\/"},{"@type":"ListItem","position":2,"name":"A luta da pessoa com defici\u00eancia pela emancipa\u00e7\u00e3o"}]},{"@type":"WebSite","@id":"https:\/\/inclusivenews.com.br\/#website","url":"https:\/\/inclusivenews.com.br\/","name":"Inclusive News","description":"Inclusive News","publisher":{"@id":"https:\/\/inclusivenews.com.br\/#organization"},"potentialAction":[{"@type":"SearchAction","target":{"@type":"EntryPoint","urlTemplate":"https:\/\/inclusivenews.com.br\/?s={search_term_string}"},"query-input":{"@type":"PropertyValueSpecification","valueRequired":true,"valueName":"search_term_string"}}],"inLanguage":"pt-PT"},{"@type":"Organization","@id":"https:\/\/inclusivenews.com.br\/#organization","name":"Inclusive - inclus\u00e3o e cidadania","url":"https:\/\/inclusivenews.com.br\/","logo":{"@type":"ImageObject","inLanguage":"pt-PT","@id":"https:\/\/inclusivenews.com.br\/#\/schema\/logo\/image\/","url":"https:\/\/inclusivenews.com.br\/wp-content\/uploads\/2024\/03\/@grandesite.png","contentUrl":"https:\/\/inclusivenews.com.br\/wp-content\/uploads\/2024\/03\/@grandesite.png","width":1080,"height":1080,"caption":"Inclusive - inclus\u00e3o e cidadania"},"image":{"@id":"https:\/\/inclusivenews.com.br\/#\/schema\/logo\/image\/"},"sameAs":["https:\/\/www.facebook.com\/agenciainclusive\/","https:\/\/www.instagram.com\/newsinclusive\/"]},{"@type":"Person","@id":"https:\/\/inclusivenews.com.br\/#\/schema\/person\/ae4ec7087559b8692fb33b6fffd2273b","name":"inclusivenews2024","image":{"@type":"ImageObject","inLanguage":"pt-PT","@id":"https:\/\/secure.gravatar.com\/avatar\/c5a7ef84c66fa914f55bc4f7ce26cfa275a3b9a1c5568b907bd184fb4dde7b40?s=96&d=mm&r=g","url":"https:\/\/secure.gravatar.com\/avatar\/c5a7ef84c66fa914f55bc4f7ce26cfa275a3b9a1c5568b907bd184fb4dde7b40?s=96&d=mm&r=g","contentUrl":"https:\/\/secure.gravatar.com\/avatar\/c5a7ef84c66fa914f55bc4f7ce26cfa275a3b9a1c5568b907bd184fb4dde7b40?s=96&d=mm&r=g","caption":"inclusivenews2024"},"sameAs":["https:\/\/inclusivenews.com.br"],"url":"https:\/\/inclusivenews.com.br\/?author=1"}]}},"_links":{"self":[{"href":"https:\/\/inclusivenews.com.br\/index.php?rest_route=\/wp\/v2\/posts\/17090","targetHints":{"allow":["GET"]}}],"collection":[{"href":"https:\/\/inclusivenews.com.br\/index.php?rest_route=\/wp\/v2\/posts"}],"about":[{"href":"https:\/\/inclusivenews.com.br\/index.php?rest_route=\/wp\/v2\/types\/post"}],"author":[{"embeddable":true,"href":"https:\/\/inclusivenews.com.br\/index.php?rest_route=\/wp\/v2\/users\/1"}],"replies":[{"embeddable":true,"href":"https:\/\/inclusivenews.com.br\/index.php?rest_route=%2Fwp%2Fv2%2Fcomments&post=17090"}],"version-history":[{"count":0,"href":"https:\/\/inclusivenews.com.br\/index.php?rest_route=\/wp\/v2\/posts\/17090\/revisions"}],"wp:attachment":[{"href":"https:\/\/inclusivenews.com.br\/index.php?rest_route=%2Fwp%2Fv2%2Fmedia&parent=17090"}],"wp:term":[{"taxonomy":"category","embeddable":true,"href":"https:\/\/inclusivenews.com.br\/index.php?rest_route=%2Fwp%2Fv2%2Fcategories&post=17090"},{"taxonomy":"post_tag","embeddable":true,"href":"https:\/\/inclusivenews.com.br\/index.php?rest_route=%2Fwp%2Fv2%2Ftags&post=17090"}],"curies":[{"name":"wp","href":"https:\/\/api.w.org\/{rel}","templated":true}]}}