{"id":17115,"date":"2010-09-02T06:04:38","date_gmt":"2010-09-02T09:04:38","guid":{"rendered":"http:\/\/www.inclusive.org.br\/?p=17115"},"modified":"2010-09-02T06:04:38","modified_gmt":"2010-09-02T09:04:38","slug":"iv-seminario-nacional-de-educacao","status":"publish","type":"post","link":"https:\/\/inclusivenews.com.br\/?p=17115","title":{"rendered":"Quem come livro \u00e9 livre &#8211; IV Semin\u00e1rio Nacional de Educa\u00e7\u00e3o (11\/09)"},"content":{"rendered":"<figure style=\"width: 240px\" class=\"wp-caption alignnone\"><img loading=\"lazy\" decoding=\"async\" title=\"Convite para o IV Semin\u00e1rio Nacional de Educa\u00e7\u00e3o da A\u00e7\u00e3o da Cidadania - descri\u00e7\u00e3o no texto abaixo\" src=\"http:\/\/i276.photobucket.com\/albums\/kk1\/comiterio\/ConviteSeminrioNacionaldeEducao.jpg\" alt=\"\" width=\"240\" height=\"296\" \/><figcaption class=\"wp-caption-text\"> <\/figcaption><\/figure>\n<p>No dia 11 de setembro, mais uma vez buscando promover a educa\u00e7\u00e3o como o principal instrumento de constru\u00e7\u00e3o da cidadania, a A\u00e7\u00e3o da Cidadania promove o IV Semin\u00e1rio Nacional de Educa\u00e7\u00e3o \u2013 Quem Come Livro \u00e9 Livre.<\/p>\n<p>O Semin\u00e1rio reunir\u00e1 lideran\u00e7as comunit\u00e1rias de mais de 500 comunidades populares do estado do Rio de Janeiro, universit\u00e1rios, professores, educadores populares, estudantes, crian\u00e7as e jovens para um grande dia de est\u00edmulo \u00e0 leitura. Al\u00e9m da mesa de abertura, que mostra iniciativas populares de incentivo \u00e0 leitura, teremos oficinas direcionadas a mediadores de pr\u00e1ticas de leitura e atividades educativas com crian\u00e7as e jovens.<\/p>\n<p>Participe!<\/p>\n<p>&#8220;Uma na\u00e7\u00e3o se faz de homens e livros&#8221; (Monteiro Lobato)<\/p>\n<p><a href=\"https:\/\/spreadsheets.google.com\/viewform?formkey=dGhRLXFuVFY5WVdobzZuR0lPdXdCYUE6MQ\">Clique aqui para fazer sua inscri\u00e7\u00e3o.<\/a><\/p>\n<p>Programa\u00e7\u00e3o*<\/p>\n<p>10 \u00e0s 10h40 \u2013 Abertura<br \/>\nHist\u00f3ria Cantada, Prof. Jos\u00e9 Raymundo Rom\u00eao (Presidente do Conselho Diretor da A\u00e7\u00e3o da Cidadania) e Fabiano dos Santos (Diretor de Livro, Leitura e Literatura do Minist\u00e9rio da Cultura).<\/p>\n<p>10h40 \u00e0s 12h30 \u2013 Pr\u00e1ticas de incentivo \u00e0 leitura<br \/>\nOs Espa\u00e7os de Leitura &#8211; Comit\u00eas da A\u00e7\u00e3o da Cidadania<br \/>\nProjeto Sarau Bem Legal: Nelson Maka (Salvador\/BA)<br \/>\nOs Tapetes Contadores de Hist\u00f3rias: Helena Contente (a confirmar)<br \/>\nO Homem Livro: Evando dos Santos<\/p>\n<p>12h30 \u00e0s 13h30 \u2013 Almo\u00e7o<\/p>\n<p>13h30 \u00e0s 16h \u2013 Trocando experi\u00eancias<\/p>\n<p>Oficinas com adultos<\/p>\n<p>Mediadores de Leitura (C\u00e1tedra da PUC)<br \/>\nReda\u00e7\u00e3o de Cordel (Academia Brasileira de Literatura de Cordel)<br \/>\nOutras a confirmar<\/p>\n<p>Atividades educativas com crian\u00e7as e jovens<\/p>\n<p>Pr\u00e1ticas de Incentivo \u00e0 Leitura: Espa\u00e7os de Leitura da A\u00e7\u00e3o da Cidadania<br \/>\nSarau de Poesia: Sarau Bem Legal<br \/>\nOutras a confirmar<\/p>\n<p>* sujeita a altera\u00e7\u00f5es<\/p>\n","protected":false},"excerpt":{"rendered":"<p>A A\u00e7\u00e3o da Cidadania promove, no dia 11 de setembro, o IV Semin\u00e1rio Nacional de Educa\u00e7\u00e3o \u2013 Quem Come Livro \u00e9 Livre. Saiba mais.<\/p>\n","protected":false},"author":1,"featured_media":0,"comment_status":"open","ping_status":"open","sticky":false,"template":"","format":"standard","meta":{"site-container-style":"default","site-container-layout":"default","site-sidebar-layout":"default","disable-article-header":"default","disable-site-header":"default","disable-site-footer":"default","disable-content-area-spacing":"default","footnotes":""},"categories":[12,6,4],"tags":[125],"class_list":["post-17115","post","type-post","status-publish","format-standard","hentry","category-cursos-e-eventos","category-educacao","category-noticias","tag-leitura"],"yoast_head":"<!-- This site is optimized with the Yoast SEO plugin v27.5 - https:\/\/yoast.com\/product\/yoast-seo-wordpress\/ -->\n<title>Quem come livro \u00e9 livre - IV Semin\u00e1rio Nacional de Educa\u00e7\u00e3o (11\/09) -<\/title>\n<meta name=\"robots\" content=\"index, follow, max-snippet:-1, max-image-preview:large, max-video-preview:-1\" \/>\n<link rel=\"canonical\" href=\"https:\/\/inclusivenews.com.br\/?p=17115\" \/>\n<meta property=\"og:locale\" content=\"pt_PT\" \/>\n<meta property=\"og:type\" content=\"article\" \/>\n<meta property=\"og:title\" content=\"Quem come livro \u00e9 livre - IV Semin\u00e1rio Nacional de Educa\u00e7\u00e3o (11\/09) -\" \/>\n<meta property=\"og:description\" content=\"A A\u00e7\u00e3o da Cidadania promove, no dia 11 de setembro, o IV Semin\u00e1rio Nacional de Educa\u00e7\u00e3o \u2013 Quem Come Livro \u00e9 Livre. Saiba mais.\" \/>\n<meta property=\"og:url\" content=\"https:\/\/inclusivenews.com.br\/?p=17115\" \/>\n<meta property=\"article:publisher\" content=\"https:\/\/www.facebook.com\/agenciainclusive\/\" \/>\n<meta property=\"article:published_time\" content=\"2010-09-02T09:04:38+00:00\" \/>\n<meta property=\"og:image\" content=\"http:\/\/i276.photobucket.com\/albums\/kk1\/comiterio\/ConviteSeminrioNacionaldeEducao.jpg\" \/>\n<meta name=\"author\" content=\"inclusivenews2024\" \/>\n<meta name=\"twitter:card\" content=\"summary_large_image\" \/>\n<meta name=\"twitter:label1\" content=\"Escrito por\" \/>\n\t<meta name=\"twitter:data1\" content=\"inclusivenews2024\" \/>\n\t<meta name=\"twitter:label2\" content=\"Tempo estimado de leitura\" \/>\n\t<meta name=\"twitter:data2\" content=\"1 minuto\" \/>\n<script type=\"application\/ld+json\" class=\"yoast-schema-graph\">{\"@context\":\"https:\\\/\\\/schema.org\",\"@graph\":[{\"@type\":\"Article\",\"@id\":\"https:\\\/\\\/inclusivenews.com.br\\\/?p=17115#article\",\"isPartOf\":{\"@id\":\"https:\\\/\\\/inclusivenews.com.br\\\/?p=17115\"},\"author\":{\"name\":\"inclusivenews2024\",\"@id\":\"https:\\\/\\\/inclusivenews.com.br\\\/#\\\/schema\\\/person\\\/ae4ec7087559b8692fb33b6fffd2273b\"},\"headline\":\"Quem come livro \u00e9 livre &#8211; IV Semin\u00e1rio Nacional de Educa\u00e7\u00e3o (11\\\/09)\",\"datePublished\":\"2010-09-02T09:04:38+00:00\",\"mainEntityOfPage\":{\"@id\":\"https:\\\/\\\/inclusivenews.com.br\\\/?p=17115\"},\"wordCount\":295,\"commentCount\":0,\"publisher\":{\"@id\":\"https:\\\/\\\/inclusivenews.com.br\\\/#organization\"},\"image\":{\"@id\":\"https:\\\/\\\/inclusivenews.com.br\\\/?p=17115#primaryimage\"},\"thumbnailUrl\":\"http:\\\/\\\/i276.photobucket.com\\\/albums\\\/kk1\\\/comiterio\\\/ConviteSeminrioNacionaldeEducao.jpg\",\"keywords\":[\"Leitura\"],\"articleSection\":[\"Cursos e eventos\",\"EDUCA\u00c7\u00c3O\",\"NOT\u00cdCIAS\"],\"inLanguage\":\"pt-PT\",\"potentialAction\":[{\"@type\":\"CommentAction\",\"name\":\"Comment\",\"target\":[\"https:\\\/\\\/inclusivenews.com.br\\\/?p=17115#respond\"]}]},{\"@type\":\"WebPage\",\"@id\":\"https:\\\/\\\/inclusivenews.com.br\\\/?p=17115\",\"url\":\"https:\\\/\\\/inclusivenews.com.br\\\/?p=17115\",\"name\":\"Quem come livro \u00e9 livre - IV Semin\u00e1rio Nacional de Educa\u00e7\u00e3o (11\\\/09) -\",\"isPartOf\":{\"@id\":\"https:\\\/\\\/inclusivenews.com.br\\\/#website\"},\"primaryImageOfPage\":{\"@id\":\"https:\\\/\\\/inclusivenews.com.br\\\/?p=17115#primaryimage\"},\"image\":{\"@id\":\"https:\\\/\\\/inclusivenews.com.br\\\/?p=17115#primaryimage\"},\"thumbnailUrl\":\"http:\\\/\\\/i276.photobucket.com\\\/albums\\\/kk1\\\/comiterio\\\/ConviteSeminrioNacionaldeEducao.jpg\",\"datePublished\":\"2010-09-02T09:04:38+00:00\",\"breadcrumb\":{\"@id\":\"https:\\\/\\\/inclusivenews.com.br\\\/?p=17115#breadcrumb\"},\"inLanguage\":\"pt-PT\",\"potentialAction\":[{\"@type\":\"ReadAction\",\"target\":[\"https:\\\/\\\/inclusivenews.com.br\\\/?p=17115\"]}]},{\"@type\":\"ImageObject\",\"inLanguage\":\"pt-PT\",\"@id\":\"https:\\\/\\\/inclusivenews.com.br\\\/?p=17115#primaryimage\",\"url\":\"http:\\\/\\\/i276.photobucket.com\\\/albums\\\/kk1\\\/comiterio\\\/ConviteSeminrioNacionaldeEducao.jpg\",\"contentUrl\":\"http:\\\/\\\/i276.photobucket.com\\\/albums\\\/kk1\\\/comiterio\\\/ConviteSeminrioNacionaldeEducao.jpg\"},{\"@type\":\"BreadcrumbList\",\"@id\":\"https:\\\/\\\/inclusivenews.com.br\\\/?p=17115#breadcrumb\",\"itemListElement\":[{\"@type\":\"ListItem\",\"position\":1,\"name\":\"In\u00edcio\",\"item\":\"https:\\\/\\\/inclusivenews.com.br\\\/\"},{\"@type\":\"ListItem\",\"position\":2,\"name\":\"Quem come livro \u00e9 livre &#8211; IV Semin\u00e1rio Nacional de Educa\u00e7\u00e3o (11\\\/09)\"}]},{\"@type\":\"WebSite\",\"@id\":\"https:\\\/\\\/inclusivenews.com.br\\\/#website\",\"url\":\"https:\\\/\\\/inclusivenews.com.br\\\/\",\"name\":\"Inclusive News\",\"description\":\"Inclusive News\",\"publisher\":{\"@id\":\"https:\\\/\\\/inclusivenews.com.br\\\/#organization\"},\"potentialAction\":[{\"@type\":\"SearchAction\",\"target\":{\"@type\":\"EntryPoint\",\"urlTemplate\":\"https:\\\/\\\/inclusivenews.com.br\\\/?s={search_term_string}\"},\"query-input\":{\"@type\":\"PropertyValueSpecification\",\"valueRequired\":true,\"valueName\":\"search_term_string\"}}],\"inLanguage\":\"pt-PT\"},{\"@type\":\"Organization\",\"@id\":\"https:\\\/\\\/inclusivenews.com.br\\\/#organization\",\"name\":\"Inclusive - inclus\u00e3o e cidadania\",\"url\":\"https:\\\/\\\/inclusivenews.com.br\\\/\",\"logo\":{\"@type\":\"ImageObject\",\"inLanguage\":\"pt-PT\",\"@id\":\"https:\\\/\\\/inclusivenews.com.br\\\/#\\\/schema\\\/logo\\\/image\\\/\",\"url\":\"https:\\\/\\\/inclusivenews.com.br\\\/wp-content\\\/uploads\\\/2024\\\/03\\\/@grandesite.png\",\"contentUrl\":\"https:\\\/\\\/inclusivenews.com.br\\\/wp-content\\\/uploads\\\/2024\\\/03\\\/@grandesite.png\",\"width\":1080,\"height\":1080,\"caption\":\"Inclusive - inclus\u00e3o e cidadania\"},\"image\":{\"@id\":\"https:\\\/\\\/inclusivenews.com.br\\\/#\\\/schema\\\/logo\\\/image\\\/\"},\"sameAs\":[\"https:\\\/\\\/www.facebook.com\\\/agenciainclusive\\\/\",\"https:\\\/\\\/www.instagram.com\\\/newsinclusive\\\/\"]},{\"@type\":\"Person\",\"@id\":\"https:\\\/\\\/inclusivenews.com.br\\\/#\\\/schema\\\/person\\\/ae4ec7087559b8692fb33b6fffd2273b\",\"name\":\"inclusivenews2024\",\"image\":{\"@type\":\"ImageObject\",\"inLanguage\":\"pt-PT\",\"@id\":\"https:\\\/\\\/secure.gravatar.com\\\/avatar\\\/c5a7ef84c66fa914f55bc4f7ce26cfa275a3b9a1c5568b907bd184fb4dde7b40?s=96&d=mm&r=g\",\"url\":\"https:\\\/\\\/secure.gravatar.com\\\/avatar\\\/c5a7ef84c66fa914f55bc4f7ce26cfa275a3b9a1c5568b907bd184fb4dde7b40?s=96&d=mm&r=g\",\"contentUrl\":\"https:\\\/\\\/secure.gravatar.com\\\/avatar\\\/c5a7ef84c66fa914f55bc4f7ce26cfa275a3b9a1c5568b907bd184fb4dde7b40?s=96&d=mm&r=g\",\"caption\":\"inclusivenews2024\"},\"sameAs\":[\"https:\\\/\\\/inclusivenews.com.br\"],\"url\":\"https:\\\/\\\/inclusivenews.com.br\\\/?author=1\"}]}<\/script>\n<!-- \/ Yoast SEO plugin. -->","yoast_head_json":{"title":"Quem come livro \u00e9 livre - IV Semin\u00e1rio Nacional de Educa\u00e7\u00e3o (11\/09) -","robots":{"index":"index","follow":"follow","max-snippet":"max-snippet:-1","max-image-preview":"max-image-preview:large","max-video-preview":"max-video-preview:-1"},"canonical":"https:\/\/inclusivenews.com.br\/?p=17115","og_locale":"pt_PT","og_type":"article","og_title":"Quem come livro \u00e9 livre - IV Semin\u00e1rio Nacional de Educa\u00e7\u00e3o (11\/09) -","og_description":"A A\u00e7\u00e3o da Cidadania promove, no dia 11 de setembro, o IV Semin\u00e1rio Nacional de Educa\u00e7\u00e3o \u2013 Quem Come Livro \u00e9 Livre. Saiba mais.","og_url":"https:\/\/inclusivenews.com.br\/?p=17115","article_publisher":"https:\/\/www.facebook.com\/agenciainclusive\/","article_published_time":"2010-09-02T09:04:38+00:00","og_image":[{"url":"http:\/\/i276.photobucket.com\/albums\/kk1\/comiterio\/ConviteSeminrioNacionaldeEducao.jpg","type":"","width":"","height":""}],"author":"inclusivenews2024","twitter_card":"summary_large_image","twitter_misc":{"Escrito por":"inclusivenews2024","Tempo estimado de leitura":"1 minuto"},"schema":{"@context":"https:\/\/schema.org","@graph":[{"@type":"Article","@id":"https:\/\/inclusivenews.com.br\/?p=17115#article","isPartOf":{"@id":"https:\/\/inclusivenews.com.br\/?p=17115"},"author":{"name":"inclusivenews2024","@id":"https:\/\/inclusivenews.com.br\/#\/schema\/person\/ae4ec7087559b8692fb33b6fffd2273b"},"headline":"Quem come livro \u00e9 livre &#8211; IV Semin\u00e1rio Nacional de Educa\u00e7\u00e3o (11\/09)","datePublished":"2010-09-02T09:04:38+00:00","mainEntityOfPage":{"@id":"https:\/\/inclusivenews.com.br\/?p=17115"},"wordCount":295,"commentCount":0,"publisher":{"@id":"https:\/\/inclusivenews.com.br\/#organization"},"image":{"@id":"https:\/\/inclusivenews.com.br\/?p=17115#primaryimage"},"thumbnailUrl":"http:\/\/i276.photobucket.com\/albums\/kk1\/comiterio\/ConviteSeminrioNacionaldeEducao.jpg","keywords":["Leitura"],"articleSection":["Cursos e eventos","EDUCA\u00c7\u00c3O","NOT\u00cdCIAS"],"inLanguage":"pt-PT","potentialAction":[{"@type":"CommentAction","name":"Comment","target":["https:\/\/inclusivenews.com.br\/?p=17115#respond"]}]},{"@type":"WebPage","@id":"https:\/\/inclusivenews.com.br\/?p=17115","url":"https:\/\/inclusivenews.com.br\/?p=17115","name":"Quem come livro \u00e9 livre - IV Semin\u00e1rio Nacional de Educa\u00e7\u00e3o (11\/09) -","isPartOf":{"@id":"https:\/\/inclusivenews.com.br\/#website"},"primaryImageOfPage":{"@id":"https:\/\/inclusivenews.com.br\/?p=17115#primaryimage"},"image":{"@id":"https:\/\/inclusivenews.com.br\/?p=17115#primaryimage"},"thumbnailUrl":"http:\/\/i276.photobucket.com\/albums\/kk1\/comiterio\/ConviteSeminrioNacionaldeEducao.jpg","datePublished":"2010-09-02T09:04:38+00:00","breadcrumb":{"@id":"https:\/\/inclusivenews.com.br\/?p=17115#breadcrumb"},"inLanguage":"pt-PT","potentialAction":[{"@type":"ReadAction","target":["https:\/\/inclusivenews.com.br\/?p=17115"]}]},{"@type":"ImageObject","inLanguage":"pt-PT","@id":"https:\/\/inclusivenews.com.br\/?p=17115#primaryimage","url":"http:\/\/i276.photobucket.com\/albums\/kk1\/comiterio\/ConviteSeminrioNacionaldeEducao.jpg","contentUrl":"http:\/\/i276.photobucket.com\/albums\/kk1\/comiterio\/ConviteSeminrioNacionaldeEducao.jpg"},{"@type":"BreadcrumbList","@id":"https:\/\/inclusivenews.com.br\/?p=17115#breadcrumb","itemListElement":[{"@type":"ListItem","position":1,"name":"In\u00edcio","item":"https:\/\/inclusivenews.com.br\/"},{"@type":"ListItem","position":2,"name":"Quem come livro \u00e9 livre &#8211; IV Semin\u00e1rio Nacional de Educa\u00e7\u00e3o (11\/09)"}]},{"@type":"WebSite","@id":"https:\/\/inclusivenews.com.br\/#website","url":"https:\/\/inclusivenews.com.br\/","name":"Inclusive News","description":"Inclusive News","publisher":{"@id":"https:\/\/inclusivenews.com.br\/#organization"},"potentialAction":[{"@type":"SearchAction","target":{"@type":"EntryPoint","urlTemplate":"https:\/\/inclusivenews.com.br\/?s={search_term_string}"},"query-input":{"@type":"PropertyValueSpecification","valueRequired":true,"valueName":"search_term_string"}}],"inLanguage":"pt-PT"},{"@type":"Organization","@id":"https:\/\/inclusivenews.com.br\/#organization","name":"Inclusive - inclus\u00e3o e cidadania","url":"https:\/\/inclusivenews.com.br\/","logo":{"@type":"ImageObject","inLanguage":"pt-PT","@id":"https:\/\/inclusivenews.com.br\/#\/schema\/logo\/image\/","url":"https:\/\/inclusivenews.com.br\/wp-content\/uploads\/2024\/03\/@grandesite.png","contentUrl":"https:\/\/inclusivenews.com.br\/wp-content\/uploads\/2024\/03\/@grandesite.png","width":1080,"height":1080,"caption":"Inclusive - inclus\u00e3o e cidadania"},"image":{"@id":"https:\/\/inclusivenews.com.br\/#\/schema\/logo\/image\/"},"sameAs":["https:\/\/www.facebook.com\/agenciainclusive\/","https:\/\/www.instagram.com\/newsinclusive\/"]},{"@type":"Person","@id":"https:\/\/inclusivenews.com.br\/#\/schema\/person\/ae4ec7087559b8692fb33b6fffd2273b","name":"inclusivenews2024","image":{"@type":"ImageObject","inLanguage":"pt-PT","@id":"https:\/\/secure.gravatar.com\/avatar\/c5a7ef84c66fa914f55bc4f7ce26cfa275a3b9a1c5568b907bd184fb4dde7b40?s=96&d=mm&r=g","url":"https:\/\/secure.gravatar.com\/avatar\/c5a7ef84c66fa914f55bc4f7ce26cfa275a3b9a1c5568b907bd184fb4dde7b40?s=96&d=mm&r=g","contentUrl":"https:\/\/secure.gravatar.com\/avatar\/c5a7ef84c66fa914f55bc4f7ce26cfa275a3b9a1c5568b907bd184fb4dde7b40?s=96&d=mm&r=g","caption":"inclusivenews2024"},"sameAs":["https:\/\/inclusivenews.com.br"],"url":"https:\/\/inclusivenews.com.br\/?author=1"}]}},"_links":{"self":[{"href":"https:\/\/inclusivenews.com.br\/index.php?rest_route=\/wp\/v2\/posts\/17115","targetHints":{"allow":["GET"]}}],"collection":[{"href":"https:\/\/inclusivenews.com.br\/index.php?rest_route=\/wp\/v2\/posts"}],"about":[{"href":"https:\/\/inclusivenews.com.br\/index.php?rest_route=\/wp\/v2\/types\/post"}],"author":[{"embeddable":true,"href":"https:\/\/inclusivenews.com.br\/index.php?rest_route=\/wp\/v2\/users\/1"}],"replies":[{"embeddable":true,"href":"https:\/\/inclusivenews.com.br\/index.php?rest_route=%2Fwp%2Fv2%2Fcomments&post=17115"}],"version-history":[{"count":0,"href":"https:\/\/inclusivenews.com.br\/index.php?rest_route=\/wp\/v2\/posts\/17115\/revisions"}],"wp:attachment":[{"href":"https:\/\/inclusivenews.com.br\/index.php?rest_route=%2Fwp%2Fv2%2Fmedia&parent=17115"}],"wp:term":[{"taxonomy":"category","embeddable":true,"href":"https:\/\/inclusivenews.com.br\/index.php?rest_route=%2Fwp%2Fv2%2Fcategories&post=17115"},{"taxonomy":"post_tag","embeddable":true,"href":"https:\/\/inclusivenews.com.br\/index.php?rest_route=%2Fwp%2Fv2%2Ftags&post=17115"}],"curies":[{"name":"wp","href":"https:\/\/api.w.org\/{rel}","templated":true}]}}