{"id":17126,"date":"2010-09-02T20:04:51","date_gmt":"2010-09-02T23:04:51","guid":{"rendered":"http:\/\/www.inclusive.org.br\/?p=17126"},"modified":"2010-09-02T20:04:51","modified_gmt":"2010-09-02T23:04:51","slug":"brasil-apresenta-seus-esforcos-na-iii-conferencia-da-convencao-da-onu-sobre-deficiencia","status":"publish","type":"post","link":"https:\/\/inclusivenews.com.br\/?p=17126","title":{"rendered":"Brasil apresenta seus esfor\u00e7os na III Confer\u00eancia da Conven\u00e7\u00e3o da ONU sobre Defici\u00eancia"},"content":{"rendered":"<figure id=\"attachment_17127\" aria-describedby=\"caption-attachment-17127\" style=\"width: 331px\" class=\"wp-caption alignleft\"><a href=\"http:\/\/www.inclusivenews.com.br\/wp-content\/uploads\/2010\/09\/DDSC00259.jpg\"><img loading=\"lazy\" decoding=\"async\" class=\"size-full wp-image-17127     \" src=\"http:\/\/inclusivenews.com.br\/wp-content\/uploads\/2010\/09\/DDSC00259.jpg\" alt=\"Sala de reunioes em u, com pessoas sentadas a volta e dois teloes ao fundo.\" width=\"331\" height=\"248\" \/><\/a><figcaption id=\"caption-attachment-17127\" class=\"wp-caption-text\">Sala de reunioes em u, com pessoas sentadas a volta e dois tel\u00f5es ao fundo.<\/figcaption><\/figure>\n<p>Por Patricia Almeida<\/p>\n<p>Nova York, 1\/9 &#8211; No primeiro dia de trabalhos da III Confer\u00eancia dos pa\u00edses que ratificaram a Conven\u00e7\u00e3o sobre os Direitos das Pessoas com Defici\u00eancia, o Brasil apresentou em painel paralelo os esfor\u00e7os do governo brasileiro no sentido de promover a inclus\u00e3o das pessoas com defici\u00eancia a luz da Conven\u00e7\u00e3o. A Ministra Maria Teresa Mesquita Pessoa, da Miss\u00e3o do Brasil junto a ONU, que presidiu a mesa, apresentou a delega\u00e7\u00e3o formada por representantes da Secretaria Especial dos Direitos Humanos, Minist\u00e9rios da Educa\u00e7\u00e3o, Assist\u00eancia Social e Combate a Fome, Cidades e Trabalho e Emprego que expuseram os programas espec\u00edficos e transversais para atingir em especial aqueles que se encontram abaixo da linha da pobreza e tem defici\u00eancia.<\/p>\n<p>Flavia Vital, da Subsecretaria dos Direitos das Pessoas com Defici\u00eancia, \u00f3rg\u00e3o da Secretaria dos Direitos Humanos da Presid\u00eancia da Republica, explicou as atribui\u00e7\u00f5es de coordena\u00e7\u00e3o de a\u00e7\u00f5es voltadas para as pessoas com defici\u00eancia desempenhada pela Subsecretaria e que no processo de ratifica\u00e7\u00e3o, a Conven\u00e7\u00e3o assumiu status constitucional, o que da mais forca ao documento no Brasil.<\/p>\n<p>A representante do MDS, Valeria Gorelli, falou sobre o BPC, Beneficio de Presta\u00e7\u00e3o Continuada que atende idosos e pessoas com defici\u00eancia de baixa renda. Segundo ela, 72 por cento do beneficio vai para familias em situacao de pobreza e extrema pobreza. O Programa BPC na Escola interage ainda com o Minist\u00e9rio de Educa\u00e7\u00e3o, identificando crian\u00e7as com defici\u00eancia entre 4 e 17 anos que est\u00e3o fora da sala de aula e criando as condi\u00e7\u00f5es para que o aluno seja matriculado e permane\u00e7a na escola.<\/p>\n<p>Martinha Clarete, do MEC, destacou as principais a\u00e7\u00f5es para permitir a entrada e progress\u00e3o dos alunos com defici\u00eancia desde a pr\u00e9-escola ate a p\u00f3s-gradua\u00e7\u00e3o. Entre elas, forma\u00e7\u00e3o continuada de professores, implanta\u00e7\u00e3o de salas de recursos multifuncionais nas escolas e adequa\u00e7\u00e3o arquitet\u00f4nica dos pr\u00e9dios.<\/p>\n<p>A Conselheira do Conade, Lais Lopes, representante da Ordem dos Advogados do Brasil no \u00f3rg\u00e3o, falou do papel da sociedade civil no monitoramento do cumprimento da Conven\u00e7\u00e3o? citou a campanha da Acessibilidade, promovida em est\u00e1dios de futebol, pelo Conade, que, segundo ela, tem permitido levar a conscientiza\u00e7\u00e3o sobre a import\u00e2ncia do acesso a todos a um publico grande e heterog\u00eaneo, a baixo custo.<\/p>\n<p>Os preparativos para a Copa do Mundo foram destacados pelo representante do Minist\u00e9rio das Cidades, uma vez que as cidades sede dos jogos ter\u00e3o que ter instala\u00e7\u00f5es e entorno acess\u00edveis. Falou ainda sobre o programa Minha Casa Minha Vida que vai passar a oferecer casas com desenho universal.<\/p>\n<p>O Minist\u00e9rio do Trabalho e Emprego citou as a\u00e7\u00f5es afirmativas do governo no sentido de estimular a contrata\u00e7\u00e3o de pessoas com defici\u00eancia, entre elas a Lei de Cotas, que garante um numero de vagas para trabalhadores com defici\u00eancia, variando de acordo com o tamanho da empresa e a reserva de vagas nos concursos p\u00fablicos.<\/p>\n<p>Apos as exposi\u00e7\u00f5es os esfor\u00e7os brasileiros foram elogiados por alguns participantes. Um deles disse que &#8220;o Brasil n\u00e3o se limitou a ratificar a Conven\u00e7\u00e3o, mas e um dos poucos pa\u00edses que esta fazendo grande esfor\u00e7o para implement\u00e1-la&#8221;. Foi indagado ainda sobre a cria\u00e7\u00e3o de um \u00f3rg\u00e3o independente para monitorar o cumprimento da Conven\u00e7\u00e3o, como prev\u00ea o tratado. Os representantes brasileiros informaram que, devido as elei\u00e7\u00f5es, este \u00f3rg\u00e3o s\u00f3 poder\u00e1 ser instalado apos a vota\u00e7\u00e3o, mas que os planos para sua implanta\u00e7\u00e3o j\u00e1 est\u00e3o sendo feitos.<\/p>\n<p>______________<\/p>\n<p><strong>Fonte:<\/strong> Inclusive<\/p>\n","protected":false},"excerpt":{"rendered":"<p>No primeiro dia de trabalhos da III Confer\u00eancia dos pa\u00edses que ratificaram a Conven\u00e7\u00e3o sobre os Direitos das Pessoas com Defici\u00eancia, o Brasil apresentou em painel paralelo os esfor\u00e7os do governo brasileiro no sentido de promover a inclus\u00e3o das pessoas com defici\u00eancia a luz da Conven\u00e7\u00e3o.<\/p>\n","protected":false},"author":1,"featured_media":0,"comment_status":"open","ping_status":"open","sticky":false,"template":"","format":"standard","meta":{"site-container-style":"default","site-container-layout":"default","site-sidebar-layout":"default","disable-article-header":"default","disable-site-header":"default","disable-site-footer":"default","disable-content-area-spacing":"default","footnotes":""},"categories":[35,5,38,48,26,4],"tags":[],"class_list":["post-17126","post","type-post","status-publish","format-standard","hentry","category-de-nossa-parte","category-convencao","category-deficiencia","category-inclusao","category-legislacao","category-noticias"],"yoast_head":"<!-- This site is optimized with the Yoast SEO plugin v27.4 - https:\/\/yoast.com\/product\/yoast-seo-wordpress\/ -->\n<title>Brasil apresenta seus esfor\u00e7os na III Confer\u00eancia da Conven\u00e7\u00e3o da ONU sobre Defici\u00eancia -<\/title>\n<meta name=\"robots\" content=\"index, follow, max-snippet:-1, max-image-preview:large, max-video-preview:-1\" \/>\n<link rel=\"canonical\" href=\"https:\/\/inclusivenews.com.br\/?p=17126\" \/>\n<meta property=\"og:locale\" content=\"pt_PT\" \/>\n<meta property=\"og:type\" content=\"article\" \/>\n<meta property=\"og:title\" content=\"Brasil apresenta seus esfor\u00e7os na III Confer\u00eancia da Conven\u00e7\u00e3o da ONU sobre Defici\u00eancia -\" \/>\n<meta property=\"og:description\" content=\"No primeiro dia de trabalhos da III Confer\u00eancia dos pa\u00edses que ratificaram a Conven\u00e7\u00e3o sobre os Direitos das Pessoas com Defici\u00eancia, o Brasil apresentou em painel paralelo os esfor\u00e7os do governo brasileiro no sentido de promover a inclus\u00e3o das pessoas com defici\u00eancia a luz da Conven\u00e7\u00e3o.\" \/>\n<meta property=\"og:url\" content=\"https:\/\/inclusivenews.com.br\/?p=17126\" \/>\n<meta property=\"article:publisher\" content=\"https:\/\/www.facebook.com\/agenciainclusive\/\" \/>\n<meta property=\"article:published_time\" content=\"2010-09-02T23:04:51+00:00\" \/>\n<meta property=\"og:image\" content=\"http:\/\/inclusivenews.com.br\/wp-content\/uploads\/2010\/09\/DDSC00259.jpg\" \/>\n<meta name=\"author\" content=\"inclusivenews2024\" \/>\n<meta name=\"twitter:card\" content=\"summary_large_image\" \/>\n<meta name=\"twitter:label1\" content=\"Escrito por\" \/>\n\t<meta name=\"twitter:data1\" content=\"inclusivenews2024\" \/>\n\t<meta name=\"twitter:label2\" content=\"Tempo estimado de leitura\" \/>\n\t<meta name=\"twitter:data2\" content=\"3 minutos\" \/>\n<script type=\"application\/ld+json\" class=\"yoast-schema-graph\">{\"@context\":\"https:\\\/\\\/schema.org\",\"@graph\":[{\"@type\":\"Article\",\"@id\":\"https:\\\/\\\/inclusivenews.com.br\\\/?p=17126#article\",\"isPartOf\":{\"@id\":\"https:\\\/\\\/inclusivenews.com.br\\\/?p=17126\"},\"author\":{\"name\":\"inclusivenews2024\",\"@id\":\"https:\\\/\\\/inclusivenews.com.br\\\/#\\\/schema\\\/person\\\/ae4ec7087559b8692fb33b6fffd2273b\"},\"headline\":\"Brasil apresenta seus esfor\u00e7os na III Confer\u00eancia da Conven\u00e7\u00e3o da ONU sobre Defici\u00eancia\",\"datePublished\":\"2010-09-02T23:04:51+00:00\",\"mainEntityOfPage\":{\"@id\":\"https:\\\/\\\/inclusivenews.com.br\\\/?p=17126\"},\"wordCount\":665,\"commentCount\":6,\"publisher\":{\"@id\":\"https:\\\/\\\/inclusivenews.com.br\\\/#organization\"},\"image\":{\"@id\":\"https:\\\/\\\/inclusivenews.com.br\\\/?p=17126#primaryimage\"},\"thumbnailUrl\":\"http:\\\/\\\/inclusivenews.com.br\\\/wp-content\\\/uploads\\\/2010\\\/09\\\/DDSC00259.jpg\",\"articleSection\":[\"+ De nossa parte\",\"Conven\u00e7\u00e3o\",\"Defici\u00eancia\",\"INCLUS\u00c3O SOCIAL\",\"Legisla\u00e7\u00e3o ...\",\"NOT\u00cdCIAS\"],\"inLanguage\":\"pt-PT\",\"potentialAction\":[{\"@type\":\"CommentAction\",\"name\":\"Comment\",\"target\":[\"https:\\\/\\\/inclusivenews.com.br\\\/?p=17126#respond\"]}]},{\"@type\":\"WebPage\",\"@id\":\"https:\\\/\\\/inclusivenews.com.br\\\/?p=17126\",\"url\":\"https:\\\/\\\/inclusivenews.com.br\\\/?p=17126\",\"name\":\"Brasil apresenta seus esfor\u00e7os na III Confer\u00eancia da Conven\u00e7\u00e3o da ONU sobre Defici\u00eancia -\",\"isPartOf\":{\"@id\":\"https:\\\/\\\/inclusivenews.com.br\\\/#website\"},\"primaryImageOfPage\":{\"@id\":\"https:\\\/\\\/inclusivenews.com.br\\\/?p=17126#primaryimage\"},\"image\":{\"@id\":\"https:\\\/\\\/inclusivenews.com.br\\\/?p=17126#primaryimage\"},\"thumbnailUrl\":\"http:\\\/\\\/inclusivenews.com.br\\\/wp-content\\\/uploads\\\/2010\\\/09\\\/DDSC00259.jpg\",\"datePublished\":\"2010-09-02T23:04:51+00:00\",\"breadcrumb\":{\"@id\":\"https:\\\/\\\/inclusivenews.com.br\\\/?p=17126#breadcrumb\"},\"inLanguage\":\"pt-PT\",\"potentialAction\":[{\"@type\":\"ReadAction\",\"target\":[\"https:\\\/\\\/inclusivenews.com.br\\\/?p=17126\"]}]},{\"@type\":\"ImageObject\",\"inLanguage\":\"pt-PT\",\"@id\":\"https:\\\/\\\/inclusivenews.com.br\\\/?p=17126#primaryimage\",\"url\":\"\",\"contentUrl\":\"\"},{\"@type\":\"BreadcrumbList\",\"@id\":\"https:\\\/\\\/inclusivenews.com.br\\\/?p=17126#breadcrumb\",\"itemListElement\":[{\"@type\":\"ListItem\",\"position\":1,\"name\":\"In\u00edcio\",\"item\":\"https:\\\/\\\/inclusivenews.com.br\\\/\"},{\"@type\":\"ListItem\",\"position\":2,\"name\":\"Brasil apresenta seus esfor\u00e7os na III Confer\u00eancia da Conven\u00e7\u00e3o da ONU sobre Defici\u00eancia\"}]},{\"@type\":\"WebSite\",\"@id\":\"https:\\\/\\\/inclusivenews.com.br\\\/#website\",\"url\":\"https:\\\/\\\/inclusivenews.com.br\\\/\",\"name\":\"Inclusive News\",\"description\":\"Inclusive News\",\"publisher\":{\"@id\":\"https:\\\/\\\/inclusivenews.com.br\\\/#organization\"},\"potentialAction\":[{\"@type\":\"SearchAction\",\"target\":{\"@type\":\"EntryPoint\",\"urlTemplate\":\"https:\\\/\\\/inclusivenews.com.br\\\/?s={search_term_string}\"},\"query-input\":{\"@type\":\"PropertyValueSpecification\",\"valueRequired\":true,\"valueName\":\"search_term_string\"}}],\"inLanguage\":\"pt-PT\"},{\"@type\":\"Organization\",\"@id\":\"https:\\\/\\\/inclusivenews.com.br\\\/#organization\",\"name\":\"Inclusive - inclus\u00e3o e cidadania\",\"url\":\"https:\\\/\\\/inclusivenews.com.br\\\/\",\"logo\":{\"@type\":\"ImageObject\",\"inLanguage\":\"pt-PT\",\"@id\":\"https:\\\/\\\/inclusivenews.com.br\\\/#\\\/schema\\\/logo\\\/image\\\/\",\"url\":\"https:\\\/\\\/inclusivenews.com.br\\\/wp-content\\\/uploads\\\/2024\\\/03\\\/@grandesite.png\",\"contentUrl\":\"https:\\\/\\\/inclusivenews.com.br\\\/wp-content\\\/uploads\\\/2024\\\/03\\\/@grandesite.png\",\"width\":1080,\"height\":1080,\"caption\":\"Inclusive - inclus\u00e3o e cidadania\"},\"image\":{\"@id\":\"https:\\\/\\\/inclusivenews.com.br\\\/#\\\/schema\\\/logo\\\/image\\\/\"},\"sameAs\":[\"https:\\\/\\\/www.facebook.com\\\/agenciainclusive\\\/\",\"https:\\\/\\\/www.instagram.com\\\/newsinclusive\\\/\"]},{\"@type\":\"Person\",\"@id\":\"https:\\\/\\\/inclusivenews.com.br\\\/#\\\/schema\\\/person\\\/ae4ec7087559b8692fb33b6fffd2273b\",\"name\":\"inclusivenews2024\",\"image\":{\"@type\":\"ImageObject\",\"inLanguage\":\"pt-PT\",\"@id\":\"https:\\\/\\\/secure.gravatar.com\\\/avatar\\\/c5a7ef84c66fa914f55bc4f7ce26cfa275a3b9a1c5568b907bd184fb4dde7b40?s=96&d=mm&r=g\",\"url\":\"https:\\\/\\\/secure.gravatar.com\\\/avatar\\\/c5a7ef84c66fa914f55bc4f7ce26cfa275a3b9a1c5568b907bd184fb4dde7b40?s=96&d=mm&r=g\",\"contentUrl\":\"https:\\\/\\\/secure.gravatar.com\\\/avatar\\\/c5a7ef84c66fa914f55bc4f7ce26cfa275a3b9a1c5568b907bd184fb4dde7b40?s=96&d=mm&r=g\",\"caption\":\"inclusivenews2024\"},\"sameAs\":[\"https:\\\/\\\/inclusivenews.com.br\"],\"url\":\"https:\\\/\\\/inclusivenews.com.br\\\/?author=1\"}]}<\/script>\n<!-- \/ Yoast SEO plugin. -->","yoast_head_json":{"title":"Brasil apresenta seus esfor\u00e7os na III Confer\u00eancia da Conven\u00e7\u00e3o da ONU sobre Defici\u00eancia -","robots":{"index":"index","follow":"follow","max-snippet":"max-snippet:-1","max-image-preview":"max-image-preview:large","max-video-preview":"max-video-preview:-1"},"canonical":"https:\/\/inclusivenews.com.br\/?p=17126","og_locale":"pt_PT","og_type":"article","og_title":"Brasil apresenta seus esfor\u00e7os na III Confer\u00eancia da Conven\u00e7\u00e3o da ONU sobre Defici\u00eancia -","og_description":"No primeiro dia de trabalhos da III Confer\u00eancia dos pa\u00edses que ratificaram a Conven\u00e7\u00e3o sobre os Direitos das Pessoas com Defici\u00eancia, o Brasil apresentou em painel paralelo os esfor\u00e7os do governo brasileiro no sentido de promover a inclus\u00e3o das pessoas com defici\u00eancia a luz da Conven\u00e7\u00e3o.","og_url":"https:\/\/inclusivenews.com.br\/?p=17126","article_publisher":"https:\/\/www.facebook.com\/agenciainclusive\/","article_published_time":"2010-09-02T23:04:51+00:00","og_image":[{"url":"http:\/\/inclusivenews.com.br\/wp-content\/uploads\/2010\/09\/DDSC00259.jpg","type":"","width":"","height":""}],"author":"inclusivenews2024","twitter_card":"summary_large_image","twitter_misc":{"Escrito por":"inclusivenews2024","Tempo estimado de leitura":"3 minutos"},"schema":{"@context":"https:\/\/schema.org","@graph":[{"@type":"Article","@id":"https:\/\/inclusivenews.com.br\/?p=17126#article","isPartOf":{"@id":"https:\/\/inclusivenews.com.br\/?p=17126"},"author":{"name":"inclusivenews2024","@id":"https:\/\/inclusivenews.com.br\/#\/schema\/person\/ae4ec7087559b8692fb33b6fffd2273b"},"headline":"Brasil apresenta seus esfor\u00e7os na III Confer\u00eancia da Conven\u00e7\u00e3o da ONU sobre Defici\u00eancia","datePublished":"2010-09-02T23:04:51+00:00","mainEntityOfPage":{"@id":"https:\/\/inclusivenews.com.br\/?p=17126"},"wordCount":665,"commentCount":6,"publisher":{"@id":"https:\/\/inclusivenews.com.br\/#organization"},"image":{"@id":"https:\/\/inclusivenews.com.br\/?p=17126#primaryimage"},"thumbnailUrl":"http:\/\/inclusivenews.com.br\/wp-content\/uploads\/2010\/09\/DDSC00259.jpg","articleSection":["+ De nossa parte","Conven\u00e7\u00e3o","Defici\u00eancia","INCLUS\u00c3O SOCIAL","Legisla\u00e7\u00e3o ...","NOT\u00cdCIAS"],"inLanguage":"pt-PT","potentialAction":[{"@type":"CommentAction","name":"Comment","target":["https:\/\/inclusivenews.com.br\/?p=17126#respond"]}]},{"@type":"WebPage","@id":"https:\/\/inclusivenews.com.br\/?p=17126","url":"https:\/\/inclusivenews.com.br\/?p=17126","name":"Brasil apresenta seus esfor\u00e7os na III Confer\u00eancia da Conven\u00e7\u00e3o da ONU sobre Defici\u00eancia -","isPartOf":{"@id":"https:\/\/inclusivenews.com.br\/#website"},"primaryImageOfPage":{"@id":"https:\/\/inclusivenews.com.br\/?p=17126#primaryimage"},"image":{"@id":"https:\/\/inclusivenews.com.br\/?p=17126#primaryimage"},"thumbnailUrl":"http:\/\/inclusivenews.com.br\/wp-content\/uploads\/2010\/09\/DDSC00259.jpg","datePublished":"2010-09-02T23:04:51+00:00","breadcrumb":{"@id":"https:\/\/inclusivenews.com.br\/?p=17126#breadcrumb"},"inLanguage":"pt-PT","potentialAction":[{"@type":"ReadAction","target":["https:\/\/inclusivenews.com.br\/?p=17126"]}]},{"@type":"ImageObject","inLanguage":"pt-PT","@id":"https:\/\/inclusivenews.com.br\/?p=17126#primaryimage","url":"","contentUrl":""},{"@type":"BreadcrumbList","@id":"https:\/\/inclusivenews.com.br\/?p=17126#breadcrumb","itemListElement":[{"@type":"ListItem","position":1,"name":"In\u00edcio","item":"https:\/\/inclusivenews.com.br\/"},{"@type":"ListItem","position":2,"name":"Brasil apresenta seus esfor\u00e7os na III Confer\u00eancia da Conven\u00e7\u00e3o da ONU sobre Defici\u00eancia"}]},{"@type":"WebSite","@id":"https:\/\/inclusivenews.com.br\/#website","url":"https:\/\/inclusivenews.com.br\/","name":"Inclusive News","description":"Inclusive News","publisher":{"@id":"https:\/\/inclusivenews.com.br\/#organization"},"potentialAction":[{"@type":"SearchAction","target":{"@type":"EntryPoint","urlTemplate":"https:\/\/inclusivenews.com.br\/?s={search_term_string}"},"query-input":{"@type":"PropertyValueSpecification","valueRequired":true,"valueName":"search_term_string"}}],"inLanguage":"pt-PT"},{"@type":"Organization","@id":"https:\/\/inclusivenews.com.br\/#organization","name":"Inclusive - inclus\u00e3o e cidadania","url":"https:\/\/inclusivenews.com.br\/","logo":{"@type":"ImageObject","inLanguage":"pt-PT","@id":"https:\/\/inclusivenews.com.br\/#\/schema\/logo\/image\/","url":"https:\/\/inclusivenews.com.br\/wp-content\/uploads\/2024\/03\/@grandesite.png","contentUrl":"https:\/\/inclusivenews.com.br\/wp-content\/uploads\/2024\/03\/@grandesite.png","width":1080,"height":1080,"caption":"Inclusive - inclus\u00e3o e cidadania"},"image":{"@id":"https:\/\/inclusivenews.com.br\/#\/schema\/logo\/image\/"},"sameAs":["https:\/\/www.facebook.com\/agenciainclusive\/","https:\/\/www.instagram.com\/newsinclusive\/"]},{"@type":"Person","@id":"https:\/\/inclusivenews.com.br\/#\/schema\/person\/ae4ec7087559b8692fb33b6fffd2273b","name":"inclusivenews2024","image":{"@type":"ImageObject","inLanguage":"pt-PT","@id":"https:\/\/secure.gravatar.com\/avatar\/c5a7ef84c66fa914f55bc4f7ce26cfa275a3b9a1c5568b907bd184fb4dde7b40?s=96&d=mm&r=g","url":"https:\/\/secure.gravatar.com\/avatar\/c5a7ef84c66fa914f55bc4f7ce26cfa275a3b9a1c5568b907bd184fb4dde7b40?s=96&d=mm&r=g","contentUrl":"https:\/\/secure.gravatar.com\/avatar\/c5a7ef84c66fa914f55bc4f7ce26cfa275a3b9a1c5568b907bd184fb4dde7b40?s=96&d=mm&r=g","caption":"inclusivenews2024"},"sameAs":["https:\/\/inclusivenews.com.br"],"url":"https:\/\/inclusivenews.com.br\/?author=1"}]}},"_links":{"self":[{"href":"https:\/\/inclusivenews.com.br\/index.php?rest_route=\/wp\/v2\/posts\/17126","targetHints":{"allow":["GET"]}}],"collection":[{"href":"https:\/\/inclusivenews.com.br\/index.php?rest_route=\/wp\/v2\/posts"}],"about":[{"href":"https:\/\/inclusivenews.com.br\/index.php?rest_route=\/wp\/v2\/types\/post"}],"author":[{"embeddable":true,"href":"https:\/\/inclusivenews.com.br\/index.php?rest_route=\/wp\/v2\/users\/1"}],"replies":[{"embeddable":true,"href":"https:\/\/inclusivenews.com.br\/index.php?rest_route=%2Fwp%2Fv2%2Fcomments&post=17126"}],"version-history":[{"count":0,"href":"https:\/\/inclusivenews.com.br\/index.php?rest_route=\/wp\/v2\/posts\/17126\/revisions"}],"wp:attachment":[{"href":"https:\/\/inclusivenews.com.br\/index.php?rest_route=%2Fwp%2Fv2%2Fmedia&parent=17126"}],"wp:term":[{"taxonomy":"category","embeddable":true,"href":"https:\/\/inclusivenews.com.br\/index.php?rest_route=%2Fwp%2Fv2%2Fcategories&post=17126"},{"taxonomy":"post_tag","embeddable":true,"href":"https:\/\/inclusivenews.com.br\/index.php?rest_route=%2Fwp%2Fv2%2Ftags&post=17126"}],"curies":[{"name":"wp","href":"https:\/\/api.w.org\/{rel}","templated":true}]}}