{"id":17146,"date":"2010-09-05T09:23:59","date_gmt":"2010-09-05T12:23:59","guid":{"rendered":"http:\/\/www.inclusive.org.br\/?p=17146"},"modified":"2010-09-05T09:23:59","modified_gmt":"2010-09-05T12:23:59","slug":"conheca-a-historia-dos-rapazes-e-mocas-com-sindrome-de-down-que-trabalham-no-stj","status":"publish","type":"post","link":"https:\/\/inclusivenews.com.br\/?p=17146","title":{"rendered":"Conhe\u00e7a a hist\u00f3ria dos rapazes e mo\u00e7as com S\u00edndrome de Down que trabalham no STJ"},"content":{"rendered":"<figure id=\"attachment_17149\" aria-describedby=\"caption-attachment-17149\" style=\"width: 300px\" class=\"wp-caption alignleft\"><a href=\"http:\/\/www.inclusivenews.com.br\/wp-content\/uploads\/2010\/09\/stj.jpg\"><img loading=\"lazy\" decoding=\"async\" class=\"size-full wp-image-17149\" title=\"stj\" src=\"http:\/\/inclusivenews.com.br\/wp-content\/uploads\/2010\/09\/stj.jpg\" alt=\"3 mo\u00e7as e 3 rapazes de terno preto em primeiro plano caminhando para frente com o predio do Superior Tribunal de Justi\u00e7a ao fundo\" width=\"300\" height=\"199\" \/><\/a><figcaption id=\"caption-attachment-17149\" class=\"wp-caption-text\">3 mo\u00e7as e 3 rapazes de terno preto em primeiro plano caminhando para frente com o predio do Superior Tribunal de Justi\u00e7a ao fundo<\/figcaption><\/figure>\n<p>Um deles virou assessor. Os outros cinco, agentes de portaria. Desde que chegaram, com verdade e alegria, mudaram as rela\u00e7\u00f5es interpessoais naquela Casa de corredores largos e leis implac\u00e1veis<\/p>\n<p>Marcelo Abreu<\/p>\n<p>Publica\u00e7\u00e3o: 04\/09\/2010 09:51 Atualiza\u00e7\u00e3o: 04\/09\/2010 10:23<br \/>\nEra pra ser apenas inclus\u00e3o. O nome \u00e9 bonito. Est\u00e1 na moda. \u00c9 politicamente correto, at\u00e9. Foi mais que isso. Foi melhor que isso. Virou hist\u00f3rias de vida. De renascimentos, de encontros e de emo\u00e7\u00e3o. Dif\u00edcil esconder a l\u00e1grima que \u00e9 engolida para que o choro n\u00e3o molhe o terno preto do magistrado. S\u00e3o 11h, estamos no Superior Tribunal de Justi\u00e7a (STJ), lugar onde homens andam de toga e mulheres, de vestidos e saias bem-cortados e salto alto. Os corredores s\u00e3o largos. Os gabinetes, climatizados. Ali, julga-se a legalidade das decis\u00f5es tomadas em inst\u00e2ncias inferiores.<\/p>\n<p>Aline, Renan, Paula, Wagner, Liane e Fernando s\u00e3o os seis mais novos funcion\u00e1rios da Casa. O que os diferencia das outras pessoas \u00e9 exatamente a capacidade de transforma\u00e7\u00e3o e de supera\u00e7\u00e3o de limites e preconceitos<\/p>\n<p>Nas v\u00e1rias portarias internas do pr\u00e9dio gigantesco nota-se, trabalhando, uma gente que comumente n\u00e3o estaria ali. N\u00e3o, n\u00e3o s\u00e3o os seguran\u00e7as. S\u00e3o os seis novos funcion\u00e1rios. Mo\u00e7as e rapazes educados, sorridentes e muito dispostos a ajudar. Eles vestem impec\u00e1veis ternos pretos. Elas, terninhos \u2014 da mesma cor. Um deles n\u00e3o est\u00e1 na portaria. \u00c9 assessor especial. At\u00e9 ontem, trabalhava no gabinete da presid\u00eancia. A partir da semana que vem, trabalhar\u00e1 no terceiro andar, na sala do mesmo ministro, o homem que humanizou aquele lugar de corredores largos e gabinetes abarrotados de leis.<\/p>\n<p>Mas, afinal, quem s\u00e3o esses seis novos funcion\u00e1rios do STJ? \u00c9 uma gente especial mesmo. T\u00e3o especial que, em menos de um ano, arrebatou a simpatia e o carinho de todos os outros funcion\u00e1rios da Casa. At\u00e9 daquela gente de toga. Esses rapazes e essas mo\u00e7as s\u00e3o portadores da S\u00edndrome de Down. Sim, e a \u00fanica coisa que os torna diferentes daquela outra gente s\u00e3o os olhos puxadinhos. O resto \u00e9 detalhe. Puro detalhe.<\/p>\n<p>Eles levaram o sorriso, uma certa inoc\u00eancia e muita verdade \u2014 nunca mentem, n\u00e3o dissimulam e s\u00f3 dizem o que pensam e sentem. Levaram leveza a um lugar que nem sempre \u00e9 leve. E fizeram aquela outra gente pensar em si mesma. Sem imaginar, esses rapazes e mo\u00e7as de olhos puxadinhos quebraram a sisudez do STJ. E ratificaram que ainda \u00e9 bom sorrir e ser feliz. E como fizeram isso? Sorrindo, apenas sorrindo. Lei nenhuma seria capaz de ensinar isso.<\/p>\n<p>Na manh\u00e3 de ontem, o Correio teve o privil\u00e9gio de conhecer essas seis pessoas. E ver como trabalham. Como se situam e est\u00e3o inseridas naquele lugar. Chega-se \u00e0 primeira portaria. \u00c9 a que d\u00e1 acesso ao gabinete da presid\u00eancia. L\u00e1, somos atendidos por um rapaz de terno escuro, sapatos da mesma cor, camisa branca e gravata vermelha. Est\u00e1 impec\u00e1vel. Senta-se \u00e0 mesa onde trabalha, ao lado do gabinete do homem mais importante daquela Casa e um dos mais poderosos do pa\u00eds.<\/p>\n<p>O rapaz se apresenta: \u201cMeu nome \u00e9 Renan de Castro Mota\u201d. E faz quest\u00e3o de dizer que o Mota dele \u00e9 apenas com um t. Conta mais. Revela sua grande paix\u00e3o, o Corinthians. E nos mostra, no computador que usa, o bras\u00e3o do tim\u00e3o. \u201cQuero ser jogador de futebol\u201d, revela. Passava das 11h. O homem de quem ele \u00e9 assessor, dali a algumas horas, deixar\u00e1 a presid\u00eancia. Passar\u00e1 a ser um dos 33 ministros daquela Casa.<\/p>\n<p>Leia o restante no linka abaixo:<\/p>\n<p><a href=\"http:\/\/www.correiobraziliense.com.br\/app\/noticia182\/2010\/09\/04\/cidades,i=211491\/CONHECA+A+HISTORIA+DOS+RAPAZES+E+MOCAS+COM+SINDROME+DE+DOWN+QUE+TRABALHAM+NO+STJ.shtml\">http:\/\/www.correiobraziliense.com.br\/app\/noticia182\/2010\/09\/04\/cidades,i=211491\/CONHECA+A+HISTORIA+DOS+RAPAZES+E+MOCAS+COM+SINDROME+DE+DOWN+QUE+TRABALHAM+NO+STJ.shtml<\/a><\/p>\n<p>Fonte: Correio Braziliense<\/p>\n","protected":false},"excerpt":{"rendered":"<p>Sim, e a \u00fanica coisa que os torna diferentes daquela outra gente s\u00e3o os olhos puxadinhos. O resto \u00e9 detalhe. Puro detalhe.<\/p>\n","protected":false},"author":1,"featured_media":0,"comment_status":"open","ping_status":"open","sticky":false,"template":"","format":"standard","meta":{"site-container-style":"default","site-container-layout":"default","site-sidebar-layout":"default","disable-article-header":"default","disable-site-header":"default","disable-site-footer":"default","disable-content-area-spacing":"default","footnotes":""},"categories":[56,38,48,46,4,41],"tags":[],"class_list":["post-17146","post","type-post","status-publish","format-standard","hentry","category-acoes-afirmativas","category-deficiencia","category-inclusao","category-mercado-de-trabalho","category-noticias","category-preconceito"],"yoast_head":"<!-- This site is optimized with the Yoast SEO plugin v27.4 - https:\/\/yoast.com\/product\/yoast-seo-wordpress\/ -->\n<title>Conhe\u00e7a a hist\u00f3ria dos rapazes e mo\u00e7as com S\u00edndrome de Down que trabalham no STJ -<\/title>\n<meta name=\"robots\" content=\"index, follow, max-snippet:-1, max-image-preview:large, max-video-preview:-1\" \/>\n<link rel=\"canonical\" href=\"https:\/\/inclusivenews.com.br\/?p=17146\" \/>\n<meta property=\"og:locale\" content=\"pt_PT\" \/>\n<meta property=\"og:type\" content=\"article\" \/>\n<meta property=\"og:title\" content=\"Conhe\u00e7a a hist\u00f3ria dos rapazes e mo\u00e7as com S\u00edndrome de Down que trabalham no STJ -\" \/>\n<meta property=\"og:description\" content=\"Sim, e a \u00fanica coisa que os torna diferentes daquela outra gente s\u00e3o os olhos puxadinhos. O resto \u00e9 detalhe. Puro detalhe.\" \/>\n<meta property=\"og:url\" content=\"https:\/\/inclusivenews.com.br\/?p=17146\" \/>\n<meta property=\"article:publisher\" content=\"https:\/\/www.facebook.com\/agenciainclusive\/\" \/>\n<meta property=\"article:published_time\" content=\"2010-09-05T12:23:59+00:00\" \/>\n<meta property=\"og:image\" content=\"http:\/\/inclusivenews.com.br\/wp-content\/uploads\/2010\/09\/stj.jpg\" \/>\n<meta name=\"author\" content=\"inclusivenews2024\" \/>\n<meta name=\"twitter:card\" content=\"summary_large_image\" \/>\n<meta name=\"twitter:label1\" content=\"Escrito por\" \/>\n\t<meta name=\"twitter:data1\" content=\"inclusivenews2024\" \/>\n\t<meta name=\"twitter:label2\" content=\"Tempo estimado de leitura\" \/>\n\t<meta name=\"twitter:data2\" content=\"3 minutos\" \/>\n<script type=\"application\/ld+json\" class=\"yoast-schema-graph\">{\"@context\":\"https:\\\/\\\/schema.org\",\"@graph\":[{\"@type\":\"Article\",\"@id\":\"https:\\\/\\\/inclusivenews.com.br\\\/?p=17146#article\",\"isPartOf\":{\"@id\":\"https:\\\/\\\/inclusivenews.com.br\\\/?p=17146\"},\"author\":{\"name\":\"inclusivenews2024\",\"@id\":\"https:\\\/\\\/inclusivenews.com.br\\\/#\\\/schema\\\/person\\\/ae4ec7087559b8692fb33b6fffd2273b\"},\"headline\":\"Conhe\u00e7a a hist\u00f3ria dos rapazes e mo\u00e7as com S\u00edndrome de Down que trabalham no STJ\",\"datePublished\":\"2010-09-05T12:23:59+00:00\",\"mainEntityOfPage\":{\"@id\":\"https:\\\/\\\/inclusivenews.com.br\\\/?p=17146\"},\"wordCount\":686,\"commentCount\":6,\"publisher\":{\"@id\":\"https:\\\/\\\/inclusivenews.com.br\\\/#organization\"},\"image\":{\"@id\":\"https:\\\/\\\/inclusivenews.com.br\\\/?p=17146#primaryimage\"},\"thumbnailUrl\":\"http:\\\/\\\/inclusivenews.com.br\\\/wp-content\\\/uploads\\\/2010\\\/09\\\/stj.jpg\",\"articleSection\":[\"A\u00e7\u00f5es afirmativas\",\"Defici\u00eancia\",\"INCLUS\u00c3O SOCIAL\",\"Mercado de Trabalho\",\"NOT\u00cdCIAS\",\"Preconceito\"],\"inLanguage\":\"pt-PT\",\"potentialAction\":[{\"@type\":\"CommentAction\",\"name\":\"Comment\",\"target\":[\"https:\\\/\\\/inclusivenews.com.br\\\/?p=17146#respond\"]}]},{\"@type\":\"WebPage\",\"@id\":\"https:\\\/\\\/inclusivenews.com.br\\\/?p=17146\",\"url\":\"https:\\\/\\\/inclusivenews.com.br\\\/?p=17146\",\"name\":\"Conhe\u00e7a a hist\u00f3ria dos rapazes e mo\u00e7as com S\u00edndrome de Down que trabalham no STJ -\",\"isPartOf\":{\"@id\":\"https:\\\/\\\/inclusivenews.com.br\\\/#website\"},\"primaryImageOfPage\":{\"@id\":\"https:\\\/\\\/inclusivenews.com.br\\\/?p=17146#primaryimage\"},\"image\":{\"@id\":\"https:\\\/\\\/inclusivenews.com.br\\\/?p=17146#primaryimage\"},\"thumbnailUrl\":\"http:\\\/\\\/inclusivenews.com.br\\\/wp-content\\\/uploads\\\/2010\\\/09\\\/stj.jpg\",\"datePublished\":\"2010-09-05T12:23:59+00:00\",\"breadcrumb\":{\"@id\":\"https:\\\/\\\/inclusivenews.com.br\\\/?p=17146#breadcrumb\"},\"inLanguage\":\"pt-PT\",\"potentialAction\":[{\"@type\":\"ReadAction\",\"target\":[\"https:\\\/\\\/inclusivenews.com.br\\\/?p=17146\"]}]},{\"@type\":\"ImageObject\",\"inLanguage\":\"pt-PT\",\"@id\":\"https:\\\/\\\/inclusivenews.com.br\\\/?p=17146#primaryimage\",\"url\":\"\",\"contentUrl\":\"\"},{\"@type\":\"BreadcrumbList\",\"@id\":\"https:\\\/\\\/inclusivenews.com.br\\\/?p=17146#breadcrumb\",\"itemListElement\":[{\"@type\":\"ListItem\",\"position\":1,\"name\":\"In\u00edcio\",\"item\":\"https:\\\/\\\/inclusivenews.com.br\\\/\"},{\"@type\":\"ListItem\",\"position\":2,\"name\":\"Conhe\u00e7a a hist\u00f3ria dos rapazes e mo\u00e7as com S\u00edndrome de Down que trabalham no STJ\"}]},{\"@type\":\"WebSite\",\"@id\":\"https:\\\/\\\/inclusivenews.com.br\\\/#website\",\"url\":\"https:\\\/\\\/inclusivenews.com.br\\\/\",\"name\":\"Inclusive News\",\"description\":\"Inclusive News\",\"publisher\":{\"@id\":\"https:\\\/\\\/inclusivenews.com.br\\\/#organization\"},\"potentialAction\":[{\"@type\":\"SearchAction\",\"target\":{\"@type\":\"EntryPoint\",\"urlTemplate\":\"https:\\\/\\\/inclusivenews.com.br\\\/?s={search_term_string}\"},\"query-input\":{\"@type\":\"PropertyValueSpecification\",\"valueRequired\":true,\"valueName\":\"search_term_string\"}}],\"inLanguage\":\"pt-PT\"},{\"@type\":\"Organization\",\"@id\":\"https:\\\/\\\/inclusivenews.com.br\\\/#organization\",\"name\":\"Inclusive - inclus\u00e3o e cidadania\",\"url\":\"https:\\\/\\\/inclusivenews.com.br\\\/\",\"logo\":{\"@type\":\"ImageObject\",\"inLanguage\":\"pt-PT\",\"@id\":\"https:\\\/\\\/inclusivenews.com.br\\\/#\\\/schema\\\/logo\\\/image\\\/\",\"url\":\"https:\\\/\\\/inclusivenews.com.br\\\/wp-content\\\/uploads\\\/2024\\\/03\\\/@grandesite.png\",\"contentUrl\":\"https:\\\/\\\/inclusivenews.com.br\\\/wp-content\\\/uploads\\\/2024\\\/03\\\/@grandesite.png\",\"width\":1080,\"height\":1080,\"caption\":\"Inclusive - inclus\u00e3o e cidadania\"},\"image\":{\"@id\":\"https:\\\/\\\/inclusivenews.com.br\\\/#\\\/schema\\\/logo\\\/image\\\/\"},\"sameAs\":[\"https:\\\/\\\/www.facebook.com\\\/agenciainclusive\\\/\",\"https:\\\/\\\/www.instagram.com\\\/newsinclusive\\\/\"]},{\"@type\":\"Person\",\"@id\":\"https:\\\/\\\/inclusivenews.com.br\\\/#\\\/schema\\\/person\\\/ae4ec7087559b8692fb33b6fffd2273b\",\"name\":\"inclusivenews2024\",\"image\":{\"@type\":\"ImageObject\",\"inLanguage\":\"pt-PT\",\"@id\":\"https:\\\/\\\/secure.gravatar.com\\\/avatar\\\/c5a7ef84c66fa914f55bc4f7ce26cfa275a3b9a1c5568b907bd184fb4dde7b40?s=96&d=mm&r=g\",\"url\":\"https:\\\/\\\/secure.gravatar.com\\\/avatar\\\/c5a7ef84c66fa914f55bc4f7ce26cfa275a3b9a1c5568b907bd184fb4dde7b40?s=96&d=mm&r=g\",\"contentUrl\":\"https:\\\/\\\/secure.gravatar.com\\\/avatar\\\/c5a7ef84c66fa914f55bc4f7ce26cfa275a3b9a1c5568b907bd184fb4dde7b40?s=96&d=mm&r=g\",\"caption\":\"inclusivenews2024\"},\"sameAs\":[\"https:\\\/\\\/inclusivenews.com.br\"],\"url\":\"https:\\\/\\\/inclusivenews.com.br\\\/?author=1\"}]}<\/script>\n<!-- \/ Yoast SEO plugin. -->","yoast_head_json":{"title":"Conhe\u00e7a a hist\u00f3ria dos rapazes e mo\u00e7as com S\u00edndrome de Down que trabalham no STJ -","robots":{"index":"index","follow":"follow","max-snippet":"max-snippet:-1","max-image-preview":"max-image-preview:large","max-video-preview":"max-video-preview:-1"},"canonical":"https:\/\/inclusivenews.com.br\/?p=17146","og_locale":"pt_PT","og_type":"article","og_title":"Conhe\u00e7a a hist\u00f3ria dos rapazes e mo\u00e7as com S\u00edndrome de Down que trabalham no STJ -","og_description":"Sim, e a \u00fanica coisa que os torna diferentes daquela outra gente s\u00e3o os olhos puxadinhos. O resto \u00e9 detalhe. Puro detalhe.","og_url":"https:\/\/inclusivenews.com.br\/?p=17146","article_publisher":"https:\/\/www.facebook.com\/agenciainclusive\/","article_published_time":"2010-09-05T12:23:59+00:00","og_image":[{"url":"http:\/\/inclusivenews.com.br\/wp-content\/uploads\/2010\/09\/stj.jpg","type":"","width":"","height":""}],"author":"inclusivenews2024","twitter_card":"summary_large_image","twitter_misc":{"Escrito por":"inclusivenews2024","Tempo estimado de leitura":"3 minutos"},"schema":{"@context":"https:\/\/schema.org","@graph":[{"@type":"Article","@id":"https:\/\/inclusivenews.com.br\/?p=17146#article","isPartOf":{"@id":"https:\/\/inclusivenews.com.br\/?p=17146"},"author":{"name":"inclusivenews2024","@id":"https:\/\/inclusivenews.com.br\/#\/schema\/person\/ae4ec7087559b8692fb33b6fffd2273b"},"headline":"Conhe\u00e7a a hist\u00f3ria dos rapazes e mo\u00e7as com S\u00edndrome de Down que trabalham no STJ","datePublished":"2010-09-05T12:23:59+00:00","mainEntityOfPage":{"@id":"https:\/\/inclusivenews.com.br\/?p=17146"},"wordCount":686,"commentCount":6,"publisher":{"@id":"https:\/\/inclusivenews.com.br\/#organization"},"image":{"@id":"https:\/\/inclusivenews.com.br\/?p=17146#primaryimage"},"thumbnailUrl":"http:\/\/inclusivenews.com.br\/wp-content\/uploads\/2010\/09\/stj.jpg","articleSection":["A\u00e7\u00f5es afirmativas","Defici\u00eancia","INCLUS\u00c3O SOCIAL","Mercado de Trabalho","NOT\u00cdCIAS","Preconceito"],"inLanguage":"pt-PT","potentialAction":[{"@type":"CommentAction","name":"Comment","target":["https:\/\/inclusivenews.com.br\/?p=17146#respond"]}]},{"@type":"WebPage","@id":"https:\/\/inclusivenews.com.br\/?p=17146","url":"https:\/\/inclusivenews.com.br\/?p=17146","name":"Conhe\u00e7a a hist\u00f3ria dos rapazes e mo\u00e7as com S\u00edndrome de Down que trabalham no STJ -","isPartOf":{"@id":"https:\/\/inclusivenews.com.br\/#website"},"primaryImageOfPage":{"@id":"https:\/\/inclusivenews.com.br\/?p=17146#primaryimage"},"image":{"@id":"https:\/\/inclusivenews.com.br\/?p=17146#primaryimage"},"thumbnailUrl":"http:\/\/inclusivenews.com.br\/wp-content\/uploads\/2010\/09\/stj.jpg","datePublished":"2010-09-05T12:23:59+00:00","breadcrumb":{"@id":"https:\/\/inclusivenews.com.br\/?p=17146#breadcrumb"},"inLanguage":"pt-PT","potentialAction":[{"@type":"ReadAction","target":["https:\/\/inclusivenews.com.br\/?p=17146"]}]},{"@type":"ImageObject","inLanguage":"pt-PT","@id":"https:\/\/inclusivenews.com.br\/?p=17146#primaryimage","url":"","contentUrl":""},{"@type":"BreadcrumbList","@id":"https:\/\/inclusivenews.com.br\/?p=17146#breadcrumb","itemListElement":[{"@type":"ListItem","position":1,"name":"In\u00edcio","item":"https:\/\/inclusivenews.com.br\/"},{"@type":"ListItem","position":2,"name":"Conhe\u00e7a a hist\u00f3ria dos rapazes e mo\u00e7as com S\u00edndrome de Down que trabalham no STJ"}]},{"@type":"WebSite","@id":"https:\/\/inclusivenews.com.br\/#website","url":"https:\/\/inclusivenews.com.br\/","name":"Inclusive News","description":"Inclusive News","publisher":{"@id":"https:\/\/inclusivenews.com.br\/#organization"},"potentialAction":[{"@type":"SearchAction","target":{"@type":"EntryPoint","urlTemplate":"https:\/\/inclusivenews.com.br\/?s={search_term_string}"},"query-input":{"@type":"PropertyValueSpecification","valueRequired":true,"valueName":"search_term_string"}}],"inLanguage":"pt-PT"},{"@type":"Organization","@id":"https:\/\/inclusivenews.com.br\/#organization","name":"Inclusive - inclus\u00e3o e cidadania","url":"https:\/\/inclusivenews.com.br\/","logo":{"@type":"ImageObject","inLanguage":"pt-PT","@id":"https:\/\/inclusivenews.com.br\/#\/schema\/logo\/image\/","url":"https:\/\/inclusivenews.com.br\/wp-content\/uploads\/2024\/03\/@grandesite.png","contentUrl":"https:\/\/inclusivenews.com.br\/wp-content\/uploads\/2024\/03\/@grandesite.png","width":1080,"height":1080,"caption":"Inclusive - inclus\u00e3o e cidadania"},"image":{"@id":"https:\/\/inclusivenews.com.br\/#\/schema\/logo\/image\/"},"sameAs":["https:\/\/www.facebook.com\/agenciainclusive\/","https:\/\/www.instagram.com\/newsinclusive\/"]},{"@type":"Person","@id":"https:\/\/inclusivenews.com.br\/#\/schema\/person\/ae4ec7087559b8692fb33b6fffd2273b","name":"inclusivenews2024","image":{"@type":"ImageObject","inLanguage":"pt-PT","@id":"https:\/\/secure.gravatar.com\/avatar\/c5a7ef84c66fa914f55bc4f7ce26cfa275a3b9a1c5568b907bd184fb4dde7b40?s=96&d=mm&r=g","url":"https:\/\/secure.gravatar.com\/avatar\/c5a7ef84c66fa914f55bc4f7ce26cfa275a3b9a1c5568b907bd184fb4dde7b40?s=96&d=mm&r=g","contentUrl":"https:\/\/secure.gravatar.com\/avatar\/c5a7ef84c66fa914f55bc4f7ce26cfa275a3b9a1c5568b907bd184fb4dde7b40?s=96&d=mm&r=g","caption":"inclusivenews2024"},"sameAs":["https:\/\/inclusivenews.com.br"],"url":"https:\/\/inclusivenews.com.br\/?author=1"}]}},"_links":{"self":[{"href":"https:\/\/inclusivenews.com.br\/index.php?rest_route=\/wp\/v2\/posts\/17146","targetHints":{"allow":["GET"]}}],"collection":[{"href":"https:\/\/inclusivenews.com.br\/index.php?rest_route=\/wp\/v2\/posts"}],"about":[{"href":"https:\/\/inclusivenews.com.br\/index.php?rest_route=\/wp\/v2\/types\/post"}],"author":[{"embeddable":true,"href":"https:\/\/inclusivenews.com.br\/index.php?rest_route=\/wp\/v2\/users\/1"}],"replies":[{"embeddable":true,"href":"https:\/\/inclusivenews.com.br\/index.php?rest_route=%2Fwp%2Fv2%2Fcomments&post=17146"}],"version-history":[{"count":0,"href":"https:\/\/inclusivenews.com.br\/index.php?rest_route=\/wp\/v2\/posts\/17146\/revisions"}],"wp:attachment":[{"href":"https:\/\/inclusivenews.com.br\/index.php?rest_route=%2Fwp%2Fv2%2Fmedia&parent=17146"}],"wp:term":[{"taxonomy":"category","embeddable":true,"href":"https:\/\/inclusivenews.com.br\/index.php?rest_route=%2Fwp%2Fv2%2Fcategories&post=17146"},{"taxonomy":"post_tag","embeddable":true,"href":"https:\/\/inclusivenews.com.br\/index.php?rest_route=%2Fwp%2Fv2%2Ftags&post=17146"}],"curies":[{"name":"wp","href":"https:\/\/api.w.org\/{rel}","templated":true}]}}