{"id":17157,"date":"2010-09-09T05:59:23","date_gmt":"2010-09-09T08:59:23","guid":{"rendered":"http:\/\/www.inclusive.org.br\/?p=17157"},"modified":"2010-09-09T05:59:23","modified_gmt":"2010-09-09T08:59:23","slug":"aberta-consulta-publica-para-revisao-do-sistema-unico-de-assistencia-social","status":"publish","type":"post","link":"https:\/\/inclusivenews.com.br\/?p=17157","title":{"rendered":"Aberta consulta p\u00fablica para revis\u00e3o do Sistema \u00danico de Assist\u00eancia Social"},"content":{"rendered":"<figure style=\"width: 190px\" class=\"wp-caption alignleft\"><img loading=\"lazy\" decoding=\"async\" class=\" \" title=\"V\u00e1rias m\u00e3os sobrepostas\" src=\"http:\/\/www.bcshafm.com.br\/sites\/default\/files\/hands_jpg2.jpg\" alt=\"\" width=\"190\" height=\"190\" \/><figcaption class=\"wp-caption-text\"> <\/figcaption><\/figure>\n<p>Est\u00e1 aberta \u00e0 consulta p\u00fablica, at\u00e9 13 de setembro, a revis\u00e3o da Norma Operacional B\u00e1sica do Sistema \u00danico de Assist\u00eancia Social (NOB\/Suas). A consulta foi aberta em 4 de agosto e as contribui\u00e7\u00f5es poder\u00e3o ser enviadas at\u00e9 13 de setembro para o e-mail consultapublica@mds.gov.br.<\/p>\n<p>O documento preliminar da NOB\/Suas 2010 est\u00e1 \u00e0 disposi\u00e7\u00e3o das Comiss\u00f5es Intergestores Bipartites (CIB), de gestores, de t\u00e9cnicos, de conselheiros, de pesquisadores da \u00e1rea, de usu\u00e1rios, do F\u00f3rum Nacional de Secret\u00e1rios de Estados de Assist\u00eancia Social (Fonseas), do Colegiado Nacional de Gestores Municipais da Assist\u00eancia Social (Congemas) e do Colegiado Estadual de Gestores de Assist\u00eancia Social (Coegemas) para consulta e colabora\u00e7\u00f5es.<\/p>\n<p><a href=\"http:\/\/www.mds.gov.br\/assistenciasocial\/mural\/arquivos\/nob-suas-2010-minuta-consulta-publica-final.pdf\">Acesse aqui a minuta da NOB\/Suas 2010<\/a><\/p>\n<p>__________<\/p>\n<p><strong>Fonte:<\/strong> <a href=\"http:\/\/www.mds.gov.br\/\">MDS<\/a><\/p>\n","protected":false},"excerpt":{"rendered":"<p>Est\u00e1 aberta \u00e0 consulta p\u00fablica, at\u00e9 13 de setembro, a revis\u00e3o da Norma Operacional B\u00e1sica do Sistema \u00danico de Assist\u00eancia Social (NOB\/Suas). <\/p>\n","protected":false},"author":1,"featured_media":0,"comment_status":"open","ping_status":"open","sticky":false,"template":"","format":"standard","meta":{"site-container-style":"default","site-container-layout":"default","site-sidebar-layout":"default","disable-article-header":"default","disable-site-header":"default","disable-site-footer":"default","disable-content-area-spacing":"default","footnotes":""},"categories":[4],"tags":[],"class_list":["post-17157","post","type-post","status-publish","format-standard","hentry","category-noticias"],"yoast_head":"<!-- This site is optimized with the Yoast SEO plugin v27.4 - https:\/\/yoast.com\/product\/yoast-seo-wordpress\/ -->\n<title>Aberta consulta p\u00fablica para revis\u00e3o do Sistema \u00danico de Assist\u00eancia Social -<\/title>\n<meta name=\"robots\" content=\"index, follow, max-snippet:-1, max-image-preview:large, max-video-preview:-1\" \/>\n<link rel=\"canonical\" href=\"https:\/\/inclusivenews.com.br\/?p=17157\" \/>\n<meta property=\"og:locale\" content=\"pt_PT\" \/>\n<meta property=\"og:type\" content=\"article\" \/>\n<meta property=\"og:title\" content=\"Aberta consulta p\u00fablica para revis\u00e3o do Sistema \u00danico de Assist\u00eancia Social -\" \/>\n<meta property=\"og:description\" content=\"Est\u00e1 aberta \u00e0 consulta p\u00fablica, at\u00e9 13 de setembro, a revis\u00e3o da Norma Operacional B\u00e1sica do Sistema \u00danico de Assist\u00eancia Social (NOB\/Suas).\" \/>\n<meta property=\"og:url\" content=\"https:\/\/inclusivenews.com.br\/?p=17157\" \/>\n<meta property=\"article:publisher\" content=\"https:\/\/www.facebook.com\/agenciainclusive\/\" \/>\n<meta property=\"article:published_time\" content=\"2010-09-09T08:59:23+00:00\" \/>\n<meta property=\"og:image\" content=\"http:\/\/www.bcshafm.com.br\/sites\/default\/files\/hands_jpg2.jpg\" \/>\n<meta name=\"author\" content=\"inclusivenews2024\" \/>\n<meta name=\"twitter:card\" content=\"summary_large_image\" \/>\n<meta name=\"twitter:label1\" content=\"Escrito por\" \/>\n\t<meta name=\"twitter:data1\" content=\"inclusivenews2024\" \/>\n\t<meta name=\"twitter:label2\" content=\"Tempo estimado de leitura\" \/>\n\t<meta name=\"twitter:data2\" content=\"1 minuto\" \/>\n<script type=\"application\/ld+json\" class=\"yoast-schema-graph\">{\"@context\":\"https:\\\/\\\/schema.org\",\"@graph\":[{\"@type\":\"Article\",\"@id\":\"https:\\\/\\\/inclusivenews.com.br\\\/?p=17157#article\",\"isPartOf\":{\"@id\":\"https:\\\/\\\/inclusivenews.com.br\\\/?p=17157\"},\"author\":{\"name\":\"inclusivenews2024\",\"@id\":\"https:\\\/\\\/inclusivenews.com.br\\\/#\\\/schema\\\/person\\\/ae4ec7087559b8692fb33b6fffd2273b\"},\"headline\":\"Aberta consulta p\u00fablica para revis\u00e3o do Sistema \u00danico de Assist\u00eancia Social\",\"datePublished\":\"2010-09-09T08:59:23+00:00\",\"mainEntityOfPage\":{\"@id\":\"https:\\\/\\\/inclusivenews.com.br\\\/?p=17157\"},\"wordCount\":150,\"commentCount\":0,\"publisher\":{\"@id\":\"https:\\\/\\\/inclusivenews.com.br\\\/#organization\"},\"image\":{\"@id\":\"https:\\\/\\\/inclusivenews.com.br\\\/?p=17157#primaryimage\"},\"thumbnailUrl\":\"http:\\\/\\\/www.bcshafm.com.br\\\/sites\\\/default\\\/files\\\/hands_jpg2.jpg\",\"articleSection\":[\"NOT\u00cdCIAS\"],\"inLanguage\":\"pt-PT\",\"potentialAction\":[{\"@type\":\"CommentAction\",\"name\":\"Comment\",\"target\":[\"https:\\\/\\\/inclusivenews.com.br\\\/?p=17157#respond\"]}]},{\"@type\":\"WebPage\",\"@id\":\"https:\\\/\\\/inclusivenews.com.br\\\/?p=17157\",\"url\":\"https:\\\/\\\/inclusivenews.com.br\\\/?p=17157\",\"name\":\"Aberta consulta p\u00fablica para revis\u00e3o do Sistema \u00danico de Assist\u00eancia Social -\",\"isPartOf\":{\"@id\":\"https:\\\/\\\/inclusivenews.com.br\\\/#website\"},\"primaryImageOfPage\":{\"@id\":\"https:\\\/\\\/inclusivenews.com.br\\\/?p=17157#primaryimage\"},\"image\":{\"@id\":\"https:\\\/\\\/inclusivenews.com.br\\\/?p=17157#primaryimage\"},\"thumbnailUrl\":\"http:\\\/\\\/www.bcshafm.com.br\\\/sites\\\/default\\\/files\\\/hands_jpg2.jpg\",\"datePublished\":\"2010-09-09T08:59:23+00:00\",\"breadcrumb\":{\"@id\":\"https:\\\/\\\/inclusivenews.com.br\\\/?p=17157#breadcrumb\"},\"inLanguage\":\"pt-PT\",\"potentialAction\":[{\"@type\":\"ReadAction\",\"target\":[\"https:\\\/\\\/inclusivenews.com.br\\\/?p=17157\"]}]},{\"@type\":\"ImageObject\",\"inLanguage\":\"pt-PT\",\"@id\":\"https:\\\/\\\/inclusivenews.com.br\\\/?p=17157#primaryimage\",\"url\":\"http:\\\/\\\/www.bcshafm.com.br\\\/sites\\\/default\\\/files\\\/hands_jpg2.jpg\",\"contentUrl\":\"http:\\\/\\\/www.bcshafm.com.br\\\/sites\\\/default\\\/files\\\/hands_jpg2.jpg\"},{\"@type\":\"BreadcrumbList\",\"@id\":\"https:\\\/\\\/inclusivenews.com.br\\\/?p=17157#breadcrumb\",\"itemListElement\":[{\"@type\":\"ListItem\",\"position\":1,\"name\":\"In\u00edcio\",\"item\":\"https:\\\/\\\/inclusivenews.com.br\\\/\"},{\"@type\":\"ListItem\",\"position\":2,\"name\":\"Aberta consulta p\u00fablica para revis\u00e3o do Sistema \u00danico de Assist\u00eancia Social\"}]},{\"@type\":\"WebSite\",\"@id\":\"https:\\\/\\\/inclusivenews.com.br\\\/#website\",\"url\":\"https:\\\/\\\/inclusivenews.com.br\\\/\",\"name\":\"Inclusive News\",\"description\":\"Inclusive News\",\"publisher\":{\"@id\":\"https:\\\/\\\/inclusivenews.com.br\\\/#organization\"},\"potentialAction\":[{\"@type\":\"SearchAction\",\"target\":{\"@type\":\"EntryPoint\",\"urlTemplate\":\"https:\\\/\\\/inclusivenews.com.br\\\/?s={search_term_string}\"},\"query-input\":{\"@type\":\"PropertyValueSpecification\",\"valueRequired\":true,\"valueName\":\"search_term_string\"}}],\"inLanguage\":\"pt-PT\"},{\"@type\":\"Organization\",\"@id\":\"https:\\\/\\\/inclusivenews.com.br\\\/#organization\",\"name\":\"Inclusive - inclus\u00e3o e cidadania\",\"url\":\"https:\\\/\\\/inclusivenews.com.br\\\/\",\"logo\":{\"@type\":\"ImageObject\",\"inLanguage\":\"pt-PT\",\"@id\":\"https:\\\/\\\/inclusivenews.com.br\\\/#\\\/schema\\\/logo\\\/image\\\/\",\"url\":\"https:\\\/\\\/inclusivenews.com.br\\\/wp-content\\\/uploads\\\/2024\\\/03\\\/@grandesite.png\",\"contentUrl\":\"https:\\\/\\\/inclusivenews.com.br\\\/wp-content\\\/uploads\\\/2024\\\/03\\\/@grandesite.png\",\"width\":1080,\"height\":1080,\"caption\":\"Inclusive - inclus\u00e3o e cidadania\"},\"image\":{\"@id\":\"https:\\\/\\\/inclusivenews.com.br\\\/#\\\/schema\\\/logo\\\/image\\\/\"},\"sameAs\":[\"https:\\\/\\\/www.facebook.com\\\/agenciainclusive\\\/\",\"https:\\\/\\\/www.instagram.com\\\/newsinclusive\\\/\"]},{\"@type\":\"Person\",\"@id\":\"https:\\\/\\\/inclusivenews.com.br\\\/#\\\/schema\\\/person\\\/ae4ec7087559b8692fb33b6fffd2273b\",\"name\":\"inclusivenews2024\",\"image\":{\"@type\":\"ImageObject\",\"inLanguage\":\"pt-PT\",\"@id\":\"https:\\\/\\\/secure.gravatar.com\\\/avatar\\\/c5a7ef84c66fa914f55bc4f7ce26cfa275a3b9a1c5568b907bd184fb4dde7b40?s=96&d=mm&r=g\",\"url\":\"https:\\\/\\\/secure.gravatar.com\\\/avatar\\\/c5a7ef84c66fa914f55bc4f7ce26cfa275a3b9a1c5568b907bd184fb4dde7b40?s=96&d=mm&r=g\",\"contentUrl\":\"https:\\\/\\\/secure.gravatar.com\\\/avatar\\\/c5a7ef84c66fa914f55bc4f7ce26cfa275a3b9a1c5568b907bd184fb4dde7b40?s=96&d=mm&r=g\",\"caption\":\"inclusivenews2024\"},\"sameAs\":[\"https:\\\/\\\/inclusivenews.com.br\"],\"url\":\"https:\\\/\\\/inclusivenews.com.br\\\/?author=1\"}]}<\/script>\n<!-- \/ Yoast SEO plugin. -->","yoast_head_json":{"title":"Aberta consulta p\u00fablica para revis\u00e3o do Sistema \u00danico de Assist\u00eancia Social -","robots":{"index":"index","follow":"follow","max-snippet":"max-snippet:-1","max-image-preview":"max-image-preview:large","max-video-preview":"max-video-preview:-1"},"canonical":"https:\/\/inclusivenews.com.br\/?p=17157","og_locale":"pt_PT","og_type":"article","og_title":"Aberta consulta p\u00fablica para revis\u00e3o do Sistema \u00danico de Assist\u00eancia Social -","og_description":"Est\u00e1 aberta \u00e0 consulta p\u00fablica, at\u00e9 13 de setembro, a revis\u00e3o da Norma Operacional B\u00e1sica do Sistema \u00danico de Assist\u00eancia Social (NOB\/Suas).","og_url":"https:\/\/inclusivenews.com.br\/?p=17157","article_publisher":"https:\/\/www.facebook.com\/agenciainclusive\/","article_published_time":"2010-09-09T08:59:23+00:00","og_image":[{"url":"http:\/\/www.bcshafm.com.br\/sites\/default\/files\/hands_jpg2.jpg","type":"","width":"","height":""}],"author":"inclusivenews2024","twitter_card":"summary_large_image","twitter_misc":{"Escrito por":"inclusivenews2024","Tempo estimado de leitura":"1 minuto"},"schema":{"@context":"https:\/\/schema.org","@graph":[{"@type":"Article","@id":"https:\/\/inclusivenews.com.br\/?p=17157#article","isPartOf":{"@id":"https:\/\/inclusivenews.com.br\/?p=17157"},"author":{"name":"inclusivenews2024","@id":"https:\/\/inclusivenews.com.br\/#\/schema\/person\/ae4ec7087559b8692fb33b6fffd2273b"},"headline":"Aberta consulta p\u00fablica para revis\u00e3o do Sistema \u00danico de Assist\u00eancia Social","datePublished":"2010-09-09T08:59:23+00:00","mainEntityOfPage":{"@id":"https:\/\/inclusivenews.com.br\/?p=17157"},"wordCount":150,"commentCount":0,"publisher":{"@id":"https:\/\/inclusivenews.com.br\/#organization"},"image":{"@id":"https:\/\/inclusivenews.com.br\/?p=17157#primaryimage"},"thumbnailUrl":"http:\/\/www.bcshafm.com.br\/sites\/default\/files\/hands_jpg2.jpg","articleSection":["NOT\u00cdCIAS"],"inLanguage":"pt-PT","potentialAction":[{"@type":"CommentAction","name":"Comment","target":["https:\/\/inclusivenews.com.br\/?p=17157#respond"]}]},{"@type":"WebPage","@id":"https:\/\/inclusivenews.com.br\/?p=17157","url":"https:\/\/inclusivenews.com.br\/?p=17157","name":"Aberta consulta p\u00fablica para revis\u00e3o do Sistema \u00danico de Assist\u00eancia Social -","isPartOf":{"@id":"https:\/\/inclusivenews.com.br\/#website"},"primaryImageOfPage":{"@id":"https:\/\/inclusivenews.com.br\/?p=17157#primaryimage"},"image":{"@id":"https:\/\/inclusivenews.com.br\/?p=17157#primaryimage"},"thumbnailUrl":"http:\/\/www.bcshafm.com.br\/sites\/default\/files\/hands_jpg2.jpg","datePublished":"2010-09-09T08:59:23+00:00","breadcrumb":{"@id":"https:\/\/inclusivenews.com.br\/?p=17157#breadcrumb"},"inLanguage":"pt-PT","potentialAction":[{"@type":"ReadAction","target":["https:\/\/inclusivenews.com.br\/?p=17157"]}]},{"@type":"ImageObject","inLanguage":"pt-PT","@id":"https:\/\/inclusivenews.com.br\/?p=17157#primaryimage","url":"http:\/\/www.bcshafm.com.br\/sites\/default\/files\/hands_jpg2.jpg","contentUrl":"http:\/\/www.bcshafm.com.br\/sites\/default\/files\/hands_jpg2.jpg"},{"@type":"BreadcrumbList","@id":"https:\/\/inclusivenews.com.br\/?p=17157#breadcrumb","itemListElement":[{"@type":"ListItem","position":1,"name":"In\u00edcio","item":"https:\/\/inclusivenews.com.br\/"},{"@type":"ListItem","position":2,"name":"Aberta consulta p\u00fablica para revis\u00e3o do Sistema \u00danico de Assist\u00eancia Social"}]},{"@type":"WebSite","@id":"https:\/\/inclusivenews.com.br\/#website","url":"https:\/\/inclusivenews.com.br\/","name":"Inclusive News","description":"Inclusive News","publisher":{"@id":"https:\/\/inclusivenews.com.br\/#organization"},"potentialAction":[{"@type":"SearchAction","target":{"@type":"EntryPoint","urlTemplate":"https:\/\/inclusivenews.com.br\/?s={search_term_string}"},"query-input":{"@type":"PropertyValueSpecification","valueRequired":true,"valueName":"search_term_string"}}],"inLanguage":"pt-PT"},{"@type":"Organization","@id":"https:\/\/inclusivenews.com.br\/#organization","name":"Inclusive - inclus\u00e3o e cidadania","url":"https:\/\/inclusivenews.com.br\/","logo":{"@type":"ImageObject","inLanguage":"pt-PT","@id":"https:\/\/inclusivenews.com.br\/#\/schema\/logo\/image\/","url":"https:\/\/inclusivenews.com.br\/wp-content\/uploads\/2024\/03\/@grandesite.png","contentUrl":"https:\/\/inclusivenews.com.br\/wp-content\/uploads\/2024\/03\/@grandesite.png","width":1080,"height":1080,"caption":"Inclusive - inclus\u00e3o e cidadania"},"image":{"@id":"https:\/\/inclusivenews.com.br\/#\/schema\/logo\/image\/"},"sameAs":["https:\/\/www.facebook.com\/agenciainclusive\/","https:\/\/www.instagram.com\/newsinclusive\/"]},{"@type":"Person","@id":"https:\/\/inclusivenews.com.br\/#\/schema\/person\/ae4ec7087559b8692fb33b6fffd2273b","name":"inclusivenews2024","image":{"@type":"ImageObject","inLanguage":"pt-PT","@id":"https:\/\/secure.gravatar.com\/avatar\/c5a7ef84c66fa914f55bc4f7ce26cfa275a3b9a1c5568b907bd184fb4dde7b40?s=96&d=mm&r=g","url":"https:\/\/secure.gravatar.com\/avatar\/c5a7ef84c66fa914f55bc4f7ce26cfa275a3b9a1c5568b907bd184fb4dde7b40?s=96&d=mm&r=g","contentUrl":"https:\/\/secure.gravatar.com\/avatar\/c5a7ef84c66fa914f55bc4f7ce26cfa275a3b9a1c5568b907bd184fb4dde7b40?s=96&d=mm&r=g","caption":"inclusivenews2024"},"sameAs":["https:\/\/inclusivenews.com.br"],"url":"https:\/\/inclusivenews.com.br\/?author=1"}]}},"_links":{"self":[{"href":"https:\/\/inclusivenews.com.br\/index.php?rest_route=\/wp\/v2\/posts\/17157","targetHints":{"allow":["GET"]}}],"collection":[{"href":"https:\/\/inclusivenews.com.br\/index.php?rest_route=\/wp\/v2\/posts"}],"about":[{"href":"https:\/\/inclusivenews.com.br\/index.php?rest_route=\/wp\/v2\/types\/post"}],"author":[{"embeddable":true,"href":"https:\/\/inclusivenews.com.br\/index.php?rest_route=\/wp\/v2\/users\/1"}],"replies":[{"embeddable":true,"href":"https:\/\/inclusivenews.com.br\/index.php?rest_route=%2Fwp%2Fv2%2Fcomments&post=17157"}],"version-history":[{"count":0,"href":"https:\/\/inclusivenews.com.br\/index.php?rest_route=\/wp\/v2\/posts\/17157\/revisions"}],"wp:attachment":[{"href":"https:\/\/inclusivenews.com.br\/index.php?rest_route=%2Fwp%2Fv2%2Fmedia&parent=17157"}],"wp:term":[{"taxonomy":"category","embeddable":true,"href":"https:\/\/inclusivenews.com.br\/index.php?rest_route=%2Fwp%2Fv2%2Fcategories&post=17157"},{"taxonomy":"post_tag","embeddable":true,"href":"https:\/\/inclusivenews.com.br\/index.php?rest_route=%2Fwp%2Fv2%2Ftags&post=17157"}],"curies":[{"name":"wp","href":"https:\/\/api.w.org\/{rel}","templated":true}]}}