{"id":17164,"date":"2010-09-09T06:02:27","date_gmt":"2010-09-09T09:02:27","guid":{"rendered":"http:\/\/www.inclusive.org.br\/?p=17164"},"modified":"2010-09-09T06:02:27","modified_gmt":"2010-09-09T09:02:27","slug":"encontro-discutira-discriminacao-criminalizacao-direitos-humanos-e-saude","status":"publish","type":"post","link":"https:\/\/inclusivenews.com.br\/?p=17164","title":{"rendered":"Encontro discutir\u00e1 discrimina\u00e7\u00e3o, criminaliza\u00e7\u00e3o, direitos humanos e sa\u00fade"},"content":{"rendered":"<figure style=\"width: 200px\" class=\"wp-caption alignleft\"><img loading=\"lazy\" decoding=\"async\" title=\"Logotipo da ENSP, ilustra\u00e7\u00e3o estilizada de 3 pessoas\" src=\"http:\/\/157.86.160.20\/info\/index\/Janeiro_Abri_2008l\/noticias\/Janeiro_Abri_2008l\/ensp.jpg\" alt=\"\" width=\"200\" height=\"198\" \/><figcaption class=\"wp-caption-text\"> <\/figcaption><\/figure>\n<p>Com o objetivo de ampliar nacionalmente as discuss\u00f5es sobre o aumento das a\u00e7\u00f5es judiciais no que se refere \u00e0 criminaliza\u00e7\u00e3o pela transmiss\u00e3o do v\u00edrus HIV, resultando na culpabiliza\u00e7\u00e3o do cidad\u00e3o portador do v\u00edrus e no est\u00edmulo a potencializa\u00e7\u00e3o e estigmatiza\u00e7\u00e3o da discrimina\u00e7\u00e3o dessas pessoas, ser\u00e1 realizado no Rio de Janeiro, entre os dias 7 e 8 de outubro, o I Semin\u00e1rio Nacional de Enfrentamento da Discrimina\u00e7\u00e3o, Criminaliza\u00e7\u00e3o e Viola\u00e7\u00e3o de Direitos no Contexto do HIV e Aids. As inscri\u00e7\u00f5es v\u00e3o at\u00e9 o dia 3 de setembro.<\/p>\n<p>Na programa\u00e7\u00e3o est\u00e3o previstas discuss\u00f5es sobre direitos humanos, sa\u00fade, discriminaliza\u00e7\u00e3o, cidadania, criminaliza\u00e7\u00e3o, e outros. A pesquisadora da ENSP e coordenadora do Grupo de Direitos Humanos Helena Besserman, Maria Helena Barros estar\u00e1 presenta na mesa: O que Direitos Humanos tem a ver com Cidadania e Sa\u00fade?, que acontecer\u00e1 no dia 7\/9, \u00e0s 15h30.<\/p>\n<p>O evento, promovido pelos Grupos Pela Vidda Rio de Janeiro e Pela Vidda Niter\u00f3i &#8211; Valoriza\u00e7\u00e3o, Integra\u00e7\u00e3o e Dignidade do Doente de Aids, em parceria com o Departamento Nacional de DST\/Aids, do Minist\u00e9rio da Sa\u00fade, a Ordem dos Advogados do Brasil (OAB-RJ), a Associa\u00e7\u00e3o Brasileira Interdisciplinar de Aids (Abia) e o Grupo de Incentivo a Vida (GIV\/SP), ser\u00e1 realizado no Audit\u00f3rio da Ordem dos Advogados do Brasil OAB), no Centro do Rio.<\/p>\n<p>Este encontro ser\u00e1 destinado aos ativistas e integrantes de organiza\u00e7\u00f5es n\u00e3o-governamentais, gestores p\u00fablicos da sa\u00fade, operadores do direito e profissionais das ci\u00eancias sociais e humanas, objetivando a troca de informa\u00e7\u00f5es sobre a tem\u00e1tica HIV\/AIDS e Direitos Humanos, especificamente em rela\u00e7\u00e3o \u00e0 responsabilidade compartilhada na preven\u00e7\u00e3o ao HIV e a viola\u00e7\u00e3o de direitos no contexto do HIV e Aids.<\/p>\n<p>Em uma tentativa de conter a tend\u00eancia crescente de criminaliza\u00e7\u00e3o da transmiss\u00e3o ou exposi\u00e7\u00e3o ao HIV, a UNAIDS ( Joint United Nations Program on HIV\/AIDS) &#8211; programa das Na\u00e7\u00f5es Unidas criado em 1996, que tem a fun\u00e7\u00e3o de criar solu\u00e7\u00f5es e ajudar na\u00e7\u00f5es no combate \u00e0 Aids -, publicou um documento que censura fortemente todas as acusa\u00e7\u00f5es de transmiss\u00e3o ou exposi\u00e7\u00e3o ao HIV, com a exce\u00e7\u00e3o dos &#8216;casos de transmiss\u00e3o intencional, isto \u00e9, quando uma pessoa sabe o seu estatuto sorol\u00f3gico para o HIV e atua com a inten\u00e7\u00e3o de transmitir o HIV, e acaba por transmitir de fato&#8217;.<\/p>\n<p>O documento declara que &#8216;n\u00e3o existem dados que demonstrem que a aplica\u00e7\u00e3o generalizada da lei criminal \u00e0 transmiss\u00e3o do HIV sirva para se fazer justi\u00e7a ou para prevenir a transmiss\u00e3o. Pelo contr\u00e1rio, este tipo de aplica\u00e7\u00e3o da lei arrisca minar a sa\u00fade p\u00fablica e os direitos humanos&#8217;.<\/p>\n<p>O Documento da UNAIDS Argumenta, ainda, que se devem explorar alternativas \u00e0s san\u00e7\u00f5es criminais: &#8216;Em vez de aplicar a lei \u00e0 transmiss\u00e3o do HIV, os governos deviam expandir programas que tenham provado reduzir a transmiss\u00e3o do HIV, protegendo, ao mesmo tempo, os direitos humanos das pessoas que vivem com HIV e daquelas que s\u00e3o Soronegativas para o HIV&#8217;.<\/p>\n<p>Tendo em vista a manifesta\u00e7\u00e3o do Departamento de DST e Aids dirigida ao Ministro Marco Aur\u00e9lio Mello sobre a\u00e7\u00e3o criminal contra pessoa acusada de transmitir o HIV, a tramita\u00e7\u00e3o de outros processos judiciais envolvendo a criminaliza\u00e7\u00e3o da transmiss\u00e3o e exposi\u00e7\u00e3o ao HIV e as v\u00e1rias solicita\u00e7\u00f5es de manifesta\u00e7\u00e3o a este respeito, demonstrado est\u00e1 a necessidade dos profissionais do campo do direito se aprofundarem sob esta perspectiva, lan\u00e7ando luzes sobre o tema.<\/p>\n<p>As inscri\u00e7\u00f5es podem ser feitas at\u00e9 o sia 3 de setembro atraves do e-mail: hillard@bol.com.br ou marcio@pelavidda.org.br. Os dois endere\u00e7os de e-mail est\u00e3o protegidos contra spambots. Voc\u00ea deve habilitar o JavaScript para visualiz\u00e1-lo.<\/p>\n<p><a href=\"http:\/\/www.ensp.fiocruz.br\/portal-ensp\/informe\/materia\/index.php?origem=2&amp;matid=22901 \">Mais informa\u00e7\u00f5es neste link.<\/a><\/p>\n","protected":false},"excerpt":{"rendered":"<p>Na programa\u00e7\u00e3o est\u00e3o previstas discuss\u00f5es sobre direitos humanos, sa\u00fade, discriminaliza\u00e7\u00e3o, cidadania, criminaliza\u00e7\u00e3o, e outros.<\/p>\n","protected":false},"author":1,"featured_media":0,"comment_status":"open","ping_status":"open","sticky":false,"template":"","format":"standard","meta":{"site-container-style":"default","site-container-layout":"default","site-sidebar-layout":"default","disable-article-header":"default","disable-site-header":"default","disable-site-footer":"default","disable-content-area-spacing":"default","footnotes":""},"categories":[12,11,4],"tags":[],"class_list":["post-17164","post","type-post","status-publish","format-standard","hentry","category-cursos-e-eventos","category-direitos-humanos","category-noticias"],"yoast_head":"<!-- This site is optimized with the Yoast SEO plugin v27.4 - https:\/\/yoast.com\/product\/yoast-seo-wordpress\/ -->\n<title>Encontro discutir\u00e1 discrimina\u00e7\u00e3o, criminaliza\u00e7\u00e3o, direitos humanos e sa\u00fade -<\/title>\n<meta name=\"robots\" content=\"index, follow, max-snippet:-1, max-image-preview:large, max-video-preview:-1\" \/>\n<link rel=\"canonical\" href=\"https:\/\/inclusivenews.com.br\/?p=17164\" \/>\n<meta property=\"og:locale\" content=\"pt_PT\" \/>\n<meta property=\"og:type\" content=\"article\" \/>\n<meta property=\"og:title\" content=\"Encontro discutir\u00e1 discrimina\u00e7\u00e3o, criminaliza\u00e7\u00e3o, direitos humanos e sa\u00fade -\" \/>\n<meta property=\"og:description\" content=\"Na programa\u00e7\u00e3o est\u00e3o previstas discuss\u00f5es sobre direitos humanos, sa\u00fade, discriminaliza\u00e7\u00e3o, cidadania, criminaliza\u00e7\u00e3o, e outros.\" \/>\n<meta property=\"og:url\" content=\"https:\/\/inclusivenews.com.br\/?p=17164\" \/>\n<meta property=\"article:publisher\" content=\"https:\/\/www.facebook.com\/agenciainclusive\/\" \/>\n<meta property=\"article:published_time\" content=\"2010-09-09T09:02:27+00:00\" \/>\n<meta property=\"og:image\" content=\"http:\/\/157.86.160.20\/info\/index\/Janeiro_Abri_2008l\/noticias\/Janeiro_Abri_2008l\/ensp.jpg\" \/>\n<meta name=\"author\" content=\"inclusivenews2024\" \/>\n<meta name=\"twitter:card\" content=\"summary_large_image\" \/>\n<meta name=\"twitter:label1\" content=\"Escrito por\" \/>\n\t<meta name=\"twitter:data1\" content=\"inclusivenews2024\" \/>\n\t<meta name=\"twitter:label2\" content=\"Tempo estimado de leitura\" \/>\n\t<meta name=\"twitter:data2\" content=\"3 minutos\" \/>\n<script type=\"application\/ld+json\" class=\"yoast-schema-graph\">{\"@context\":\"https:\\\/\\\/schema.org\",\"@graph\":[{\"@type\":\"Article\",\"@id\":\"https:\\\/\\\/inclusivenews.com.br\\\/?p=17164#article\",\"isPartOf\":{\"@id\":\"https:\\\/\\\/inclusivenews.com.br\\\/?p=17164\"},\"author\":{\"name\":\"inclusivenews2024\",\"@id\":\"https:\\\/\\\/inclusivenews.com.br\\\/#\\\/schema\\\/person\\\/ae4ec7087559b8692fb33b6fffd2273b\"},\"headline\":\"Encontro discutir\u00e1 discrimina\u00e7\u00e3o, criminaliza\u00e7\u00e3o, direitos humanos e sa\u00fade\",\"datePublished\":\"2010-09-09T09:02:27+00:00\",\"mainEntityOfPage\":{\"@id\":\"https:\\\/\\\/inclusivenews.com.br\\\/?p=17164\"},\"wordCount\":681,\"commentCount\":0,\"publisher\":{\"@id\":\"https:\\\/\\\/inclusivenews.com.br\\\/#organization\"},\"image\":{\"@id\":\"https:\\\/\\\/inclusivenews.com.br\\\/?p=17164#primaryimage\"},\"thumbnailUrl\":\"http:\\\/\\\/157.86.160.20\\\/info\\\/index\\\/Janeiro_Abri_2008l\\\/noticias\\\/Janeiro_Abri_2008l\\\/ensp.jpg\",\"articleSection\":[\"Cursos e eventos\",\"DIREITOS HUMANOS\",\"NOT\u00cdCIAS\"],\"inLanguage\":\"pt-PT\",\"potentialAction\":[{\"@type\":\"CommentAction\",\"name\":\"Comment\",\"target\":[\"https:\\\/\\\/inclusivenews.com.br\\\/?p=17164#respond\"]}]},{\"@type\":\"WebPage\",\"@id\":\"https:\\\/\\\/inclusivenews.com.br\\\/?p=17164\",\"url\":\"https:\\\/\\\/inclusivenews.com.br\\\/?p=17164\",\"name\":\"Encontro discutir\u00e1 discrimina\u00e7\u00e3o, criminaliza\u00e7\u00e3o, direitos humanos e sa\u00fade -\",\"isPartOf\":{\"@id\":\"https:\\\/\\\/inclusivenews.com.br\\\/#website\"},\"primaryImageOfPage\":{\"@id\":\"https:\\\/\\\/inclusivenews.com.br\\\/?p=17164#primaryimage\"},\"image\":{\"@id\":\"https:\\\/\\\/inclusivenews.com.br\\\/?p=17164#primaryimage\"},\"thumbnailUrl\":\"http:\\\/\\\/157.86.160.20\\\/info\\\/index\\\/Janeiro_Abri_2008l\\\/noticias\\\/Janeiro_Abri_2008l\\\/ensp.jpg\",\"datePublished\":\"2010-09-09T09:02:27+00:00\",\"breadcrumb\":{\"@id\":\"https:\\\/\\\/inclusivenews.com.br\\\/?p=17164#breadcrumb\"},\"inLanguage\":\"pt-PT\",\"potentialAction\":[{\"@type\":\"ReadAction\",\"target\":[\"https:\\\/\\\/inclusivenews.com.br\\\/?p=17164\"]}]},{\"@type\":\"ImageObject\",\"inLanguage\":\"pt-PT\",\"@id\":\"https:\\\/\\\/inclusivenews.com.br\\\/?p=17164#primaryimage\",\"url\":\"http:\\\/\\\/157.86.160.20\\\/info\\\/index\\\/Janeiro_Abri_2008l\\\/noticias\\\/Janeiro_Abri_2008l\\\/ensp.jpg\",\"contentUrl\":\"http:\\\/\\\/157.86.160.20\\\/info\\\/index\\\/Janeiro_Abri_2008l\\\/noticias\\\/Janeiro_Abri_2008l\\\/ensp.jpg\"},{\"@type\":\"BreadcrumbList\",\"@id\":\"https:\\\/\\\/inclusivenews.com.br\\\/?p=17164#breadcrumb\",\"itemListElement\":[{\"@type\":\"ListItem\",\"position\":1,\"name\":\"In\u00edcio\",\"item\":\"https:\\\/\\\/inclusivenews.com.br\\\/\"},{\"@type\":\"ListItem\",\"position\":2,\"name\":\"Encontro discutir\u00e1 discrimina\u00e7\u00e3o, criminaliza\u00e7\u00e3o, direitos humanos e sa\u00fade\"}]},{\"@type\":\"WebSite\",\"@id\":\"https:\\\/\\\/inclusivenews.com.br\\\/#website\",\"url\":\"https:\\\/\\\/inclusivenews.com.br\\\/\",\"name\":\"Inclusive News\",\"description\":\"Inclusive News\",\"publisher\":{\"@id\":\"https:\\\/\\\/inclusivenews.com.br\\\/#organization\"},\"potentialAction\":[{\"@type\":\"SearchAction\",\"target\":{\"@type\":\"EntryPoint\",\"urlTemplate\":\"https:\\\/\\\/inclusivenews.com.br\\\/?s={search_term_string}\"},\"query-input\":{\"@type\":\"PropertyValueSpecification\",\"valueRequired\":true,\"valueName\":\"search_term_string\"}}],\"inLanguage\":\"pt-PT\"},{\"@type\":\"Organization\",\"@id\":\"https:\\\/\\\/inclusivenews.com.br\\\/#organization\",\"name\":\"Inclusive - inclus\u00e3o e cidadania\",\"url\":\"https:\\\/\\\/inclusivenews.com.br\\\/\",\"logo\":{\"@type\":\"ImageObject\",\"inLanguage\":\"pt-PT\",\"@id\":\"https:\\\/\\\/inclusivenews.com.br\\\/#\\\/schema\\\/logo\\\/image\\\/\",\"url\":\"https:\\\/\\\/inclusivenews.com.br\\\/wp-content\\\/uploads\\\/2024\\\/03\\\/@grandesite.png\",\"contentUrl\":\"https:\\\/\\\/inclusivenews.com.br\\\/wp-content\\\/uploads\\\/2024\\\/03\\\/@grandesite.png\",\"width\":1080,\"height\":1080,\"caption\":\"Inclusive - inclus\u00e3o e cidadania\"},\"image\":{\"@id\":\"https:\\\/\\\/inclusivenews.com.br\\\/#\\\/schema\\\/logo\\\/image\\\/\"},\"sameAs\":[\"https:\\\/\\\/www.facebook.com\\\/agenciainclusive\\\/\",\"https:\\\/\\\/www.instagram.com\\\/newsinclusive\\\/\"]},{\"@type\":\"Person\",\"@id\":\"https:\\\/\\\/inclusivenews.com.br\\\/#\\\/schema\\\/person\\\/ae4ec7087559b8692fb33b6fffd2273b\",\"name\":\"inclusivenews2024\",\"image\":{\"@type\":\"ImageObject\",\"inLanguage\":\"pt-PT\",\"@id\":\"https:\\\/\\\/secure.gravatar.com\\\/avatar\\\/c5a7ef84c66fa914f55bc4f7ce26cfa275a3b9a1c5568b907bd184fb4dde7b40?s=96&d=mm&r=g\",\"url\":\"https:\\\/\\\/secure.gravatar.com\\\/avatar\\\/c5a7ef84c66fa914f55bc4f7ce26cfa275a3b9a1c5568b907bd184fb4dde7b40?s=96&d=mm&r=g\",\"contentUrl\":\"https:\\\/\\\/secure.gravatar.com\\\/avatar\\\/c5a7ef84c66fa914f55bc4f7ce26cfa275a3b9a1c5568b907bd184fb4dde7b40?s=96&d=mm&r=g\",\"caption\":\"inclusivenews2024\"},\"sameAs\":[\"https:\\\/\\\/inclusivenews.com.br\"],\"url\":\"https:\\\/\\\/inclusivenews.com.br\\\/?author=1\"}]}<\/script>\n<!-- \/ Yoast SEO plugin. -->","yoast_head_json":{"title":"Encontro discutir\u00e1 discrimina\u00e7\u00e3o, criminaliza\u00e7\u00e3o, direitos humanos e sa\u00fade -","robots":{"index":"index","follow":"follow","max-snippet":"max-snippet:-1","max-image-preview":"max-image-preview:large","max-video-preview":"max-video-preview:-1"},"canonical":"https:\/\/inclusivenews.com.br\/?p=17164","og_locale":"pt_PT","og_type":"article","og_title":"Encontro discutir\u00e1 discrimina\u00e7\u00e3o, criminaliza\u00e7\u00e3o, direitos humanos e sa\u00fade -","og_description":"Na programa\u00e7\u00e3o est\u00e3o previstas discuss\u00f5es sobre direitos humanos, sa\u00fade, discriminaliza\u00e7\u00e3o, cidadania, criminaliza\u00e7\u00e3o, e outros.","og_url":"https:\/\/inclusivenews.com.br\/?p=17164","article_publisher":"https:\/\/www.facebook.com\/agenciainclusive\/","article_published_time":"2010-09-09T09:02:27+00:00","og_image":[{"url":"http:\/\/157.86.160.20\/info\/index\/Janeiro_Abri_2008l\/noticias\/Janeiro_Abri_2008l\/ensp.jpg","type":"","width":"","height":""}],"author":"inclusivenews2024","twitter_card":"summary_large_image","twitter_misc":{"Escrito por":"inclusivenews2024","Tempo estimado de leitura":"3 minutos"},"schema":{"@context":"https:\/\/schema.org","@graph":[{"@type":"Article","@id":"https:\/\/inclusivenews.com.br\/?p=17164#article","isPartOf":{"@id":"https:\/\/inclusivenews.com.br\/?p=17164"},"author":{"name":"inclusivenews2024","@id":"https:\/\/inclusivenews.com.br\/#\/schema\/person\/ae4ec7087559b8692fb33b6fffd2273b"},"headline":"Encontro discutir\u00e1 discrimina\u00e7\u00e3o, criminaliza\u00e7\u00e3o, direitos humanos e sa\u00fade","datePublished":"2010-09-09T09:02:27+00:00","mainEntityOfPage":{"@id":"https:\/\/inclusivenews.com.br\/?p=17164"},"wordCount":681,"commentCount":0,"publisher":{"@id":"https:\/\/inclusivenews.com.br\/#organization"},"image":{"@id":"https:\/\/inclusivenews.com.br\/?p=17164#primaryimage"},"thumbnailUrl":"http:\/\/157.86.160.20\/info\/index\/Janeiro_Abri_2008l\/noticias\/Janeiro_Abri_2008l\/ensp.jpg","articleSection":["Cursos e eventos","DIREITOS HUMANOS","NOT\u00cdCIAS"],"inLanguage":"pt-PT","potentialAction":[{"@type":"CommentAction","name":"Comment","target":["https:\/\/inclusivenews.com.br\/?p=17164#respond"]}]},{"@type":"WebPage","@id":"https:\/\/inclusivenews.com.br\/?p=17164","url":"https:\/\/inclusivenews.com.br\/?p=17164","name":"Encontro discutir\u00e1 discrimina\u00e7\u00e3o, criminaliza\u00e7\u00e3o, direitos humanos e sa\u00fade -","isPartOf":{"@id":"https:\/\/inclusivenews.com.br\/#website"},"primaryImageOfPage":{"@id":"https:\/\/inclusivenews.com.br\/?p=17164#primaryimage"},"image":{"@id":"https:\/\/inclusivenews.com.br\/?p=17164#primaryimage"},"thumbnailUrl":"http:\/\/157.86.160.20\/info\/index\/Janeiro_Abri_2008l\/noticias\/Janeiro_Abri_2008l\/ensp.jpg","datePublished":"2010-09-09T09:02:27+00:00","breadcrumb":{"@id":"https:\/\/inclusivenews.com.br\/?p=17164#breadcrumb"},"inLanguage":"pt-PT","potentialAction":[{"@type":"ReadAction","target":["https:\/\/inclusivenews.com.br\/?p=17164"]}]},{"@type":"ImageObject","inLanguage":"pt-PT","@id":"https:\/\/inclusivenews.com.br\/?p=17164#primaryimage","url":"http:\/\/157.86.160.20\/info\/index\/Janeiro_Abri_2008l\/noticias\/Janeiro_Abri_2008l\/ensp.jpg","contentUrl":"http:\/\/157.86.160.20\/info\/index\/Janeiro_Abri_2008l\/noticias\/Janeiro_Abri_2008l\/ensp.jpg"},{"@type":"BreadcrumbList","@id":"https:\/\/inclusivenews.com.br\/?p=17164#breadcrumb","itemListElement":[{"@type":"ListItem","position":1,"name":"In\u00edcio","item":"https:\/\/inclusivenews.com.br\/"},{"@type":"ListItem","position":2,"name":"Encontro discutir\u00e1 discrimina\u00e7\u00e3o, criminaliza\u00e7\u00e3o, direitos humanos e sa\u00fade"}]},{"@type":"WebSite","@id":"https:\/\/inclusivenews.com.br\/#website","url":"https:\/\/inclusivenews.com.br\/","name":"Inclusive News","description":"Inclusive News","publisher":{"@id":"https:\/\/inclusivenews.com.br\/#organization"},"potentialAction":[{"@type":"SearchAction","target":{"@type":"EntryPoint","urlTemplate":"https:\/\/inclusivenews.com.br\/?s={search_term_string}"},"query-input":{"@type":"PropertyValueSpecification","valueRequired":true,"valueName":"search_term_string"}}],"inLanguage":"pt-PT"},{"@type":"Organization","@id":"https:\/\/inclusivenews.com.br\/#organization","name":"Inclusive - inclus\u00e3o e cidadania","url":"https:\/\/inclusivenews.com.br\/","logo":{"@type":"ImageObject","inLanguage":"pt-PT","@id":"https:\/\/inclusivenews.com.br\/#\/schema\/logo\/image\/","url":"https:\/\/inclusivenews.com.br\/wp-content\/uploads\/2024\/03\/@grandesite.png","contentUrl":"https:\/\/inclusivenews.com.br\/wp-content\/uploads\/2024\/03\/@grandesite.png","width":1080,"height":1080,"caption":"Inclusive - inclus\u00e3o e cidadania"},"image":{"@id":"https:\/\/inclusivenews.com.br\/#\/schema\/logo\/image\/"},"sameAs":["https:\/\/www.facebook.com\/agenciainclusive\/","https:\/\/www.instagram.com\/newsinclusive\/"]},{"@type":"Person","@id":"https:\/\/inclusivenews.com.br\/#\/schema\/person\/ae4ec7087559b8692fb33b6fffd2273b","name":"inclusivenews2024","image":{"@type":"ImageObject","inLanguage":"pt-PT","@id":"https:\/\/secure.gravatar.com\/avatar\/c5a7ef84c66fa914f55bc4f7ce26cfa275a3b9a1c5568b907bd184fb4dde7b40?s=96&d=mm&r=g","url":"https:\/\/secure.gravatar.com\/avatar\/c5a7ef84c66fa914f55bc4f7ce26cfa275a3b9a1c5568b907bd184fb4dde7b40?s=96&d=mm&r=g","contentUrl":"https:\/\/secure.gravatar.com\/avatar\/c5a7ef84c66fa914f55bc4f7ce26cfa275a3b9a1c5568b907bd184fb4dde7b40?s=96&d=mm&r=g","caption":"inclusivenews2024"},"sameAs":["https:\/\/inclusivenews.com.br"],"url":"https:\/\/inclusivenews.com.br\/?author=1"}]}},"_links":{"self":[{"href":"https:\/\/inclusivenews.com.br\/index.php?rest_route=\/wp\/v2\/posts\/17164","targetHints":{"allow":["GET"]}}],"collection":[{"href":"https:\/\/inclusivenews.com.br\/index.php?rest_route=\/wp\/v2\/posts"}],"about":[{"href":"https:\/\/inclusivenews.com.br\/index.php?rest_route=\/wp\/v2\/types\/post"}],"author":[{"embeddable":true,"href":"https:\/\/inclusivenews.com.br\/index.php?rest_route=\/wp\/v2\/users\/1"}],"replies":[{"embeddable":true,"href":"https:\/\/inclusivenews.com.br\/index.php?rest_route=%2Fwp%2Fv2%2Fcomments&post=17164"}],"version-history":[{"count":0,"href":"https:\/\/inclusivenews.com.br\/index.php?rest_route=\/wp\/v2\/posts\/17164\/revisions"}],"wp:attachment":[{"href":"https:\/\/inclusivenews.com.br\/index.php?rest_route=%2Fwp%2Fv2%2Fmedia&parent=17164"}],"wp:term":[{"taxonomy":"category","embeddable":true,"href":"https:\/\/inclusivenews.com.br\/index.php?rest_route=%2Fwp%2Fv2%2Fcategories&post=17164"},{"taxonomy":"post_tag","embeddable":true,"href":"https:\/\/inclusivenews.com.br\/index.php?rest_route=%2Fwp%2Fv2%2Ftags&post=17164"}],"curies":[{"name":"wp","href":"https:\/\/api.w.org\/{rel}","templated":true}]}}