{"id":17167,"date":"2010-09-09T06:00:26","date_gmt":"2010-09-09T09:00:26","guid":{"rendered":"http:\/\/www.inclusive.org.br\/?p=17167"},"modified":"2010-09-09T06:00:26","modified_gmt":"2010-09-09T09:00:26","slug":"a-inclusao-educacional-de-pessoas-com-surdocegueira-e-deficiencia-multipla-sensorial","status":"publish","type":"post","link":"https:\/\/inclusivenews.com.br\/?p=17167","title":{"rendered":"A inclus\u00e3o educacional de pessoas com surdocegueira e defici\u00eancia m\u00faltipla sensorial"},"content":{"rendered":"<p><a href=\"http:\/\/www.ahimsa.org.br\/images\/CONVITE%20SEMIN\u00c1RIO.jpg\"><img loading=\"lazy\" decoding=\"async\" class=\"alignnone\" title=\"Cartaz do semin\u00e1rio, para leitura seguir o link na imagem\" src=\"http:\/\/www.ahimsa.org.br\/images\/CONVITE%20SEMIN\u00c1RIO.jpg\" alt=\"\" width=\"178\" height=\"262\" \/><\/a><\/p>\n<p><strong>Data: <\/strong>18\/09\/2010<br \/>\n<strong>Local:<\/strong> UniSant\u2019anna<br \/>\nRua Volunt\u00e1rios da P\u00e1tria, 257, Santana<br \/>\n<strong>Publico Alvo: <\/strong>Educadores, Psic\u00f3logos, Fisioterapeutas e \u00e1reas afins<br \/>\n<strong>Objetivo: <\/strong>Proporcionar uma reflex\u00e3o sobre o atendimento as pessoas com surdocegueira no \u00e2mbito educacional<br \/>\n<strong>Inscri\u00e7\u00f5es gratuitas:<\/strong> <a href=\"http:\/\/www.ahimsa.org.br\/eventos.html\">www.ahimsa.org.br\/eventos.html<\/a><br \/>\n<strong>Informa\u00e7\u00f5es:<\/strong> <a href=\"mailto:ines.igino@ahimsa.org.br\">ines.igino@ahimsa.org.br<\/a><\/p>\n<p><strong>PROGRAMA\u00c7\u00c3O<\/strong><\/p>\n<p>8h00 \u2013 Recep\u00e7\u00e3o e Credenciamento dos participantes<br \/>\n8h30 &#8211; Coffee Break<br \/>\n9h00 \u2013 Abertura<br \/>\n9h00 &#8211; Dr. Marcos Beliz\u00e1rio Secret\u00e1rio da SMPED \u2013 Secretaria Municipal da Pessoa com Defici\u00eancia e Mobilidade Reduzida<br \/>\nSra. Shirley Rodrigues Maia &#8211; Diretora Educacional da AHIMSA \u2013 Associa\u00e7\u00e3o Educacional para M\u00faltipla Defici\u00eancia<br \/>\nMediador: Roberto Rios &#8211; Jornalista Radialista, e Consultor da Campos Gest\u00e3o pelos Direitos da Pessoa com defici\u00eancia<br \/>\n09h30 &#8211; O Planejamento educacional individualizado &#8211; Como trabalhar em equipe.<br \/>\nAna M\u00e1rcia Fernandes Chavez de Jesus<br \/>\nADEFAV &#8211; Centro de Recursos em Defici\u00eancia M\u00faltipla, Surdocegueira e Defici\u00eancia Visual.<br \/>\n10h00 &#8211; Equipes colaborativas &#8211; A necessidade de forma\u00e7\u00e3o profissional<br \/>\nVula Maria Ikonomidis<br \/>\nAHIMSA &#8211; Associa\u00e7\u00e3o Educacional para M\u00faltipla Defici\u00eancia.<br \/>\n10h30 &#8211; Educa\u00e7\u00e3o sem limites &#8211; Ampliando a vis\u00e3o do professor na educa\u00e7\u00e3o de crian\u00e7as com baixa vis\u00e3o<br \/>\nAna L\u00facia Rago<br \/>\nSanta Casa de Miseric\u00f3rdia de S\u00e3o Paulo<br \/>\n11h00 &#8211; Fam\u00edlias &#8211; Como promover sua participa\u00e7\u00e3o no processo de inclus\u00e3o e membro da equipe<br \/>\nM\u00e1rcia Maur\u00edlio Souza<br \/>\nABRAPASCEM &#8211; Associa\u00e7\u00e3o Brasileira de Pais e Amigos dos Surdocegos e dos M\u00faltiplos Deficientes Sensoriais<br \/>\n11h30 &#8211; Desenho universal de aprendizagem &#8211; Uma vis\u00e3o ampla para inclus\u00e3o e diversidade<br \/>\nShirley Rodrigues Maia<br \/>\nAHIMSA &#8211; Associa\u00e7\u00e3o Educacional para M\u00faltipla Defici\u00eancia<br \/>\n12h00 \u2013 Apresenta\u00e7\u00e3o de projetos da SMPED \u2013 Secretaria Municipal da Pessoa com Defici\u00eancia e Mobilidade Reduzida<br \/>\nMarcia Regina Marolo de Oliveira<br \/>\n12h30 &#8211; Intervalo para almo\u00e7o<\/p>\n<p>14h00- 18h00 \u2013 Oficinas<br \/>\nConfec\u00e7\u00e3o de recursos acess\u00edveis para apoio \u00e0 inclus\u00e3o &#8211; Materiais e Mob\u00edlia em Papel\u00e3o Sandra Regina S. H. Mesquita.<br \/>\nAHIMSA &#8211; Associa\u00e7\u00e3o Educacional para M\u00faltipla Defici\u00eancia.<br \/>\n1. Confec\u00e7\u00e3o de pranchas de comunica\u00e7\u00e3o<br \/>\nMaria Aparecida Cormedi<br \/>\nADEFAV &#8211; Centro de Recursos em Defici\u00eancia M\u00faltipla, Surdocegueira<br \/>\ne Defici\u00eancia Visual.<br \/>\n2. Confec\u00e7\u00e3o de brinquedos para estimula\u00e7\u00e3o visual<br \/>\nLuciana P. Cardoso<br \/>\nGrupo Brasil de Apoio ao Surdocego e ao M\u00faltiplo Deficiente.<br \/>\n3. Comunica\u00e7\u00e3o de pessoas com surdocegueira adquirida<br \/>\nDalva Rosa Watanabe<br \/>\nABRASC &#8211; Associa\u00e7\u00e3o Brasileira de Surdocegos.<br \/>\n4. Comunica\u00e7\u00e3o de pessoas com surdocegueira cong\u00eanita<br \/>\nVula Maria Ikonomidis<br \/>\nAHIMSA &#8211; Associa\u00e7\u00e3o Educacional para M\u00faltipla Defici\u00eancia<br \/>\n5. Orienta\u00e7\u00e3o e Mobilidade<br \/>\nL\u00edlia Giacomini<br \/>\nGrupo Brasil de Apoio ao Surdocego e ao M\u00faltiplo Deficiente<br \/>\nSensorial<br \/>\n6. Avalia\u00e7\u00e3o: alfabetiza\u00e7\u00e3o do deficiente visual &#8211; Braille ou<br \/>\nTinta?<br \/>\nAna L\u00facia Rago<br \/>\nSanta Casa de Miseric\u00f3rdia de S\u00e3o Paulo.<br \/>\n16h30 &#8211; Intervalo para Coffee Break<br \/>\n18h00 &#8211; Encerramento e entrega de Certificados nos termos do Comunicado n\u00b042\/SME\/2009, publicado nas p\u00e1ginas 25 e 26 do Di\u00e1rio Oficial de<br \/>\n04\/02\/2009, ser\u00e1 ao termino das Oficinas.<\/p>\n","protected":false},"excerpt":{"rendered":"<p>O objetivo do semin\u00e1rio \u00e9 proporcionar uma reflex\u00e3o sobre o atendimento as pessoas com surdocegueira no \u00e2mbito educacional. Inscri\u00e7\u00f5es gratuitas.<\/p>\n","protected":false},"author":1,"featured_media":0,"comment_status":"open","ping_status":"open","sticky":false,"template":"","format":"standard","meta":{"site-container-style":"default","site-container-layout":"default","site-sidebar-layout":"default","disable-article-header":"default","disable-site-header":"default","disable-site-footer":"default","disable-content-area-spacing":"default","footnotes":""},"categories":[12],"tags":[],"class_list":["post-17167","post","type-post","status-publish","format-standard","hentry","category-cursos-e-eventos"],"yoast_head":"<!-- This site is optimized with the Yoast SEO plugin v27.4 - https:\/\/yoast.com\/product\/yoast-seo-wordpress\/ -->\n<title>A inclus\u00e3o educacional de pessoas com surdocegueira e defici\u00eancia m\u00faltipla sensorial -<\/title>\n<meta name=\"robots\" content=\"index, follow, max-snippet:-1, max-image-preview:large, max-video-preview:-1\" \/>\n<link rel=\"canonical\" href=\"https:\/\/inclusivenews.com.br\/?p=17167\" \/>\n<meta property=\"og:locale\" content=\"pt_PT\" \/>\n<meta property=\"og:type\" content=\"article\" \/>\n<meta property=\"og:title\" content=\"A inclus\u00e3o educacional de pessoas com surdocegueira e defici\u00eancia m\u00faltipla sensorial -\" \/>\n<meta property=\"og:description\" content=\"O objetivo do semin\u00e1rio \u00e9 proporcionar uma reflex\u00e3o sobre o atendimento as pessoas com surdocegueira no \u00e2mbito educacional. Inscri\u00e7\u00f5es gratuitas.\" \/>\n<meta property=\"og:url\" content=\"https:\/\/inclusivenews.com.br\/?p=17167\" \/>\n<meta property=\"article:publisher\" content=\"https:\/\/www.facebook.com\/agenciainclusive\/\" \/>\n<meta property=\"article:published_time\" content=\"2010-09-09T09:00:26+00:00\" \/>\n<meta name=\"author\" content=\"inclusivenews2024\" \/>\n<meta name=\"twitter:card\" content=\"summary_large_image\" \/>\n<meta name=\"twitter:label1\" content=\"Escrito por\" \/>\n\t<meta name=\"twitter:data1\" content=\"inclusivenews2024\" \/>\n\t<meta name=\"twitter:label2\" content=\"Tempo estimado de leitura\" \/>\n\t<meta name=\"twitter:data2\" content=\"3 minutos\" \/>\n<script type=\"application\/ld+json\" class=\"yoast-schema-graph\">{\"@context\":\"https:\\\/\\\/schema.org\",\"@graph\":[{\"@type\":\"Article\",\"@id\":\"https:\\\/\\\/inclusivenews.com.br\\\/?p=17167#article\",\"isPartOf\":{\"@id\":\"https:\\\/\\\/inclusivenews.com.br\\\/?p=17167\"},\"author\":{\"name\":\"inclusivenews2024\",\"@id\":\"https:\\\/\\\/inclusivenews.com.br\\\/#\\\/schema\\\/person\\\/ae4ec7087559b8692fb33b6fffd2273b\"},\"headline\":\"A inclus\u00e3o educacional de pessoas com surdocegueira e defici\u00eancia m\u00faltipla sensorial\",\"datePublished\":\"2010-09-09T09:00:26+00:00\",\"mainEntityOfPage\":{\"@id\":\"https:\\\/\\\/inclusivenews.com.br\\\/?p=17167\"},\"wordCount\":526,\"commentCount\":0,\"publisher\":{\"@id\":\"https:\\\/\\\/inclusivenews.com.br\\\/#organization\"},\"articleSection\":[\"Cursos e eventos\"],\"inLanguage\":\"pt-PT\",\"potentialAction\":[{\"@type\":\"CommentAction\",\"name\":\"Comment\",\"target\":[\"https:\\\/\\\/inclusivenews.com.br\\\/?p=17167#respond\"]}]},{\"@type\":\"WebPage\",\"@id\":\"https:\\\/\\\/inclusivenews.com.br\\\/?p=17167\",\"url\":\"https:\\\/\\\/inclusivenews.com.br\\\/?p=17167\",\"name\":\"A inclus\u00e3o educacional de pessoas com surdocegueira e defici\u00eancia m\u00faltipla sensorial -\",\"isPartOf\":{\"@id\":\"https:\\\/\\\/inclusivenews.com.br\\\/#website\"},\"datePublished\":\"2010-09-09T09:00:26+00:00\",\"breadcrumb\":{\"@id\":\"https:\\\/\\\/inclusivenews.com.br\\\/?p=17167#breadcrumb\"},\"inLanguage\":\"pt-PT\",\"potentialAction\":[{\"@type\":\"ReadAction\",\"target\":[\"https:\\\/\\\/inclusivenews.com.br\\\/?p=17167\"]}]},{\"@type\":\"BreadcrumbList\",\"@id\":\"https:\\\/\\\/inclusivenews.com.br\\\/?p=17167#breadcrumb\",\"itemListElement\":[{\"@type\":\"ListItem\",\"position\":1,\"name\":\"In\u00edcio\",\"item\":\"https:\\\/\\\/inclusivenews.com.br\\\/\"},{\"@type\":\"ListItem\",\"position\":2,\"name\":\"A inclus\u00e3o educacional de pessoas com surdocegueira e defici\u00eancia m\u00faltipla sensorial\"}]},{\"@type\":\"WebSite\",\"@id\":\"https:\\\/\\\/inclusivenews.com.br\\\/#website\",\"url\":\"https:\\\/\\\/inclusivenews.com.br\\\/\",\"name\":\"Inclusive News\",\"description\":\"Inclusive News\",\"publisher\":{\"@id\":\"https:\\\/\\\/inclusivenews.com.br\\\/#organization\"},\"potentialAction\":[{\"@type\":\"SearchAction\",\"target\":{\"@type\":\"EntryPoint\",\"urlTemplate\":\"https:\\\/\\\/inclusivenews.com.br\\\/?s={search_term_string}\"},\"query-input\":{\"@type\":\"PropertyValueSpecification\",\"valueRequired\":true,\"valueName\":\"search_term_string\"}}],\"inLanguage\":\"pt-PT\"},{\"@type\":\"Organization\",\"@id\":\"https:\\\/\\\/inclusivenews.com.br\\\/#organization\",\"name\":\"Inclusive - inclus\u00e3o e cidadania\",\"url\":\"https:\\\/\\\/inclusivenews.com.br\\\/\",\"logo\":{\"@type\":\"ImageObject\",\"inLanguage\":\"pt-PT\",\"@id\":\"https:\\\/\\\/inclusivenews.com.br\\\/#\\\/schema\\\/logo\\\/image\\\/\",\"url\":\"https:\\\/\\\/inclusivenews.com.br\\\/wp-content\\\/uploads\\\/2024\\\/03\\\/@grandesite.png\",\"contentUrl\":\"https:\\\/\\\/inclusivenews.com.br\\\/wp-content\\\/uploads\\\/2024\\\/03\\\/@grandesite.png\",\"width\":1080,\"height\":1080,\"caption\":\"Inclusive - inclus\u00e3o e cidadania\"},\"image\":{\"@id\":\"https:\\\/\\\/inclusivenews.com.br\\\/#\\\/schema\\\/logo\\\/image\\\/\"},\"sameAs\":[\"https:\\\/\\\/www.facebook.com\\\/agenciainclusive\\\/\",\"https:\\\/\\\/www.instagram.com\\\/newsinclusive\\\/\"]},{\"@type\":\"Person\",\"@id\":\"https:\\\/\\\/inclusivenews.com.br\\\/#\\\/schema\\\/person\\\/ae4ec7087559b8692fb33b6fffd2273b\",\"name\":\"inclusivenews2024\",\"image\":{\"@type\":\"ImageObject\",\"inLanguage\":\"pt-PT\",\"@id\":\"https:\\\/\\\/secure.gravatar.com\\\/avatar\\\/c5a7ef84c66fa914f55bc4f7ce26cfa275a3b9a1c5568b907bd184fb4dde7b40?s=96&d=mm&r=g\",\"url\":\"https:\\\/\\\/secure.gravatar.com\\\/avatar\\\/c5a7ef84c66fa914f55bc4f7ce26cfa275a3b9a1c5568b907bd184fb4dde7b40?s=96&d=mm&r=g\",\"contentUrl\":\"https:\\\/\\\/secure.gravatar.com\\\/avatar\\\/c5a7ef84c66fa914f55bc4f7ce26cfa275a3b9a1c5568b907bd184fb4dde7b40?s=96&d=mm&r=g\",\"caption\":\"inclusivenews2024\"},\"sameAs\":[\"https:\\\/\\\/inclusivenews.com.br\"],\"url\":\"https:\\\/\\\/inclusivenews.com.br\\\/?author=1\"}]}<\/script>\n<!-- \/ Yoast SEO plugin. -->","yoast_head_json":{"title":"A inclus\u00e3o educacional de pessoas com surdocegueira e defici\u00eancia m\u00faltipla sensorial -","robots":{"index":"index","follow":"follow","max-snippet":"max-snippet:-1","max-image-preview":"max-image-preview:large","max-video-preview":"max-video-preview:-1"},"canonical":"https:\/\/inclusivenews.com.br\/?p=17167","og_locale":"pt_PT","og_type":"article","og_title":"A inclus\u00e3o educacional de pessoas com surdocegueira e defici\u00eancia m\u00faltipla sensorial -","og_description":"O objetivo do semin\u00e1rio \u00e9 proporcionar uma reflex\u00e3o sobre o atendimento as pessoas com surdocegueira no \u00e2mbito educacional. Inscri\u00e7\u00f5es gratuitas.","og_url":"https:\/\/inclusivenews.com.br\/?p=17167","article_publisher":"https:\/\/www.facebook.com\/agenciainclusive\/","article_published_time":"2010-09-09T09:00:26+00:00","author":"inclusivenews2024","twitter_card":"summary_large_image","twitter_misc":{"Escrito por":"inclusivenews2024","Tempo estimado de leitura":"3 minutos"},"schema":{"@context":"https:\/\/schema.org","@graph":[{"@type":"Article","@id":"https:\/\/inclusivenews.com.br\/?p=17167#article","isPartOf":{"@id":"https:\/\/inclusivenews.com.br\/?p=17167"},"author":{"name":"inclusivenews2024","@id":"https:\/\/inclusivenews.com.br\/#\/schema\/person\/ae4ec7087559b8692fb33b6fffd2273b"},"headline":"A inclus\u00e3o educacional de pessoas com surdocegueira e defici\u00eancia m\u00faltipla sensorial","datePublished":"2010-09-09T09:00:26+00:00","mainEntityOfPage":{"@id":"https:\/\/inclusivenews.com.br\/?p=17167"},"wordCount":526,"commentCount":0,"publisher":{"@id":"https:\/\/inclusivenews.com.br\/#organization"},"articleSection":["Cursos e eventos"],"inLanguage":"pt-PT","potentialAction":[{"@type":"CommentAction","name":"Comment","target":["https:\/\/inclusivenews.com.br\/?p=17167#respond"]}]},{"@type":"WebPage","@id":"https:\/\/inclusivenews.com.br\/?p=17167","url":"https:\/\/inclusivenews.com.br\/?p=17167","name":"A inclus\u00e3o educacional de pessoas com surdocegueira e defici\u00eancia m\u00faltipla sensorial -","isPartOf":{"@id":"https:\/\/inclusivenews.com.br\/#website"},"datePublished":"2010-09-09T09:00:26+00:00","breadcrumb":{"@id":"https:\/\/inclusivenews.com.br\/?p=17167#breadcrumb"},"inLanguage":"pt-PT","potentialAction":[{"@type":"ReadAction","target":["https:\/\/inclusivenews.com.br\/?p=17167"]}]},{"@type":"BreadcrumbList","@id":"https:\/\/inclusivenews.com.br\/?p=17167#breadcrumb","itemListElement":[{"@type":"ListItem","position":1,"name":"In\u00edcio","item":"https:\/\/inclusivenews.com.br\/"},{"@type":"ListItem","position":2,"name":"A inclus\u00e3o educacional de pessoas com surdocegueira e defici\u00eancia m\u00faltipla sensorial"}]},{"@type":"WebSite","@id":"https:\/\/inclusivenews.com.br\/#website","url":"https:\/\/inclusivenews.com.br\/","name":"Inclusive News","description":"Inclusive News","publisher":{"@id":"https:\/\/inclusivenews.com.br\/#organization"},"potentialAction":[{"@type":"SearchAction","target":{"@type":"EntryPoint","urlTemplate":"https:\/\/inclusivenews.com.br\/?s={search_term_string}"},"query-input":{"@type":"PropertyValueSpecification","valueRequired":true,"valueName":"search_term_string"}}],"inLanguage":"pt-PT"},{"@type":"Organization","@id":"https:\/\/inclusivenews.com.br\/#organization","name":"Inclusive - inclus\u00e3o e cidadania","url":"https:\/\/inclusivenews.com.br\/","logo":{"@type":"ImageObject","inLanguage":"pt-PT","@id":"https:\/\/inclusivenews.com.br\/#\/schema\/logo\/image\/","url":"https:\/\/inclusivenews.com.br\/wp-content\/uploads\/2024\/03\/@grandesite.png","contentUrl":"https:\/\/inclusivenews.com.br\/wp-content\/uploads\/2024\/03\/@grandesite.png","width":1080,"height":1080,"caption":"Inclusive - inclus\u00e3o e cidadania"},"image":{"@id":"https:\/\/inclusivenews.com.br\/#\/schema\/logo\/image\/"},"sameAs":["https:\/\/www.facebook.com\/agenciainclusive\/","https:\/\/www.instagram.com\/newsinclusive\/"]},{"@type":"Person","@id":"https:\/\/inclusivenews.com.br\/#\/schema\/person\/ae4ec7087559b8692fb33b6fffd2273b","name":"inclusivenews2024","image":{"@type":"ImageObject","inLanguage":"pt-PT","@id":"https:\/\/secure.gravatar.com\/avatar\/c5a7ef84c66fa914f55bc4f7ce26cfa275a3b9a1c5568b907bd184fb4dde7b40?s=96&d=mm&r=g","url":"https:\/\/secure.gravatar.com\/avatar\/c5a7ef84c66fa914f55bc4f7ce26cfa275a3b9a1c5568b907bd184fb4dde7b40?s=96&d=mm&r=g","contentUrl":"https:\/\/secure.gravatar.com\/avatar\/c5a7ef84c66fa914f55bc4f7ce26cfa275a3b9a1c5568b907bd184fb4dde7b40?s=96&d=mm&r=g","caption":"inclusivenews2024"},"sameAs":["https:\/\/inclusivenews.com.br"],"url":"https:\/\/inclusivenews.com.br\/?author=1"}]}},"_links":{"self":[{"href":"https:\/\/inclusivenews.com.br\/index.php?rest_route=\/wp\/v2\/posts\/17167","targetHints":{"allow":["GET"]}}],"collection":[{"href":"https:\/\/inclusivenews.com.br\/index.php?rest_route=\/wp\/v2\/posts"}],"about":[{"href":"https:\/\/inclusivenews.com.br\/index.php?rest_route=\/wp\/v2\/types\/post"}],"author":[{"embeddable":true,"href":"https:\/\/inclusivenews.com.br\/index.php?rest_route=\/wp\/v2\/users\/1"}],"replies":[{"embeddable":true,"href":"https:\/\/inclusivenews.com.br\/index.php?rest_route=%2Fwp%2Fv2%2Fcomments&post=17167"}],"version-history":[{"count":0,"href":"https:\/\/inclusivenews.com.br\/index.php?rest_route=\/wp\/v2\/posts\/17167\/revisions"}],"wp:attachment":[{"href":"https:\/\/inclusivenews.com.br\/index.php?rest_route=%2Fwp%2Fv2%2Fmedia&parent=17167"}],"wp:term":[{"taxonomy":"category","embeddable":true,"href":"https:\/\/inclusivenews.com.br\/index.php?rest_route=%2Fwp%2Fv2%2Fcategories&post=17167"},{"taxonomy":"post_tag","embeddable":true,"href":"https:\/\/inclusivenews.com.br\/index.php?rest_route=%2Fwp%2Fv2%2Ftags&post=17167"}],"curies":[{"name":"wp","href":"https:\/\/api.w.org\/{rel}","templated":true}]}}