{"id":17193,"date":"2010-09-16T06:09:49","date_gmt":"2010-09-16T09:09:49","guid":{"rendered":"http:\/\/www.inclusive.org.br\/?p=17193"},"modified":"2010-09-16T06:09:49","modified_gmt":"2010-09-16T09:09:49","slug":"morar-com-dignidade-viver-na-fraternidade-2509","status":"publish","type":"post","link":"https:\/\/inclusivenews.com.br\/?p=17193","title":{"rendered":"Morar com dignidade, viver na fraternidade (25\/09)"},"content":{"rendered":"<figure id=\"attachment_17229\" aria-describedby=\"caption-attachment-17229\" style=\"width: 300px\" class=\"wp-caption alignleft\"><a href=\"http:\/\/www.inclusivenews.com.br\/wp-content\/uploads\/2010\/09\/convite_tuca.jpg\"><img loading=\"lazy\" decoding=\"async\" class=\"size-medium wp-image-17229\" title=\"Convite para o encontro - conte\u00fado no texto abaixo\" src=\"http:\/\/inclusivenews.com.br\/wp-content\/uploads\/2010\/09\/convite_tuca-300x211.jpg\" alt=\"\" width=\"300\" height=\"211\" \/><\/a><figcaption id=\"caption-attachment-17229\" class=\"wp-caption-text\"> <\/figcaption><\/figure>\n<p><strong>IV Encontro Fraternidade E Pessoas Com Defici\u00eancia Da Arquidiocese De S\u00e3o Paulo<\/strong><\/p>\n<p>25 de Setembro, S\u00e1bado, das 8h00 \u00e0s 17h00<\/p>\n<p>O IV Encontro Fraternidade e Pessoas com Defici\u00eancia \u00e9 uma iniciativa da Pastoral das Pessoas com Defici\u00eancia da Arquidiocese de S\u00e3o Paulo com o objetivo de propiciar  interc\u00e2mbio, debates e propostas sobre uma das quest\u00f5es mais pungentes e esquecidas das pol\u00edticas publicas voltadas para esse segmento, pelos militantes e ativistas em prol dos direitos humanos e do pr\u00f3prio movimento de pessoas com defici\u00eancia:<\/p>\n<p>\u2022\tPor que tantas pessoas com defici\u00eancia moram em institui\u00e7\u00f5es segregadas, separadas de suas fam\u00edlias, longe de seus locais de origem e comunidades?<\/p>\n<p>\u2022\tPor que tantas pessoas com defici\u00eancia moram nas ruas, ou nelas pedem esmolas?<\/p>\n<p>\u2022\tComo ficam, onde ficam as pessoas com defici\u00eancia que dependem de seus pais para viverem com qualidade de vida, o que acontece com essas pessoas quando faltam seus pais?<\/p>\n<p>Precisamos levantar o v\u00e9u que encobre essa realidade. Precisamos mudar essa realidade!<\/p>\n<p>O que pretendemos alcan\u00e7ar<\/p>\n<p>SUSCITAR debates em rela\u00e7\u00e3o ao tema; MELHOR informar os participantes sobre a quest\u00e3o do asilamento de pessoas com defici\u00eancia e suas alternativas; COMPROMETIMENTO dos participantes por uma pol\u00edtica de Resid\u00eancias Inclusivas e de alternativas de moradia para pessoas com defici\u00eancia institucionalizadas ou em risco de institucionaliza\u00e7\u00e3o; LAN\u00c7AR bases para a cria\u00e7\u00e3o de um Grupo Ecum\u00eanico de Reflex\u00e3o Teol\u00f3gica para uma Teologia da Inclus\u00e3o; CARTA DOCUMENTO elaborada, redigida e aprovada em plen\u00e1ria, que denuncie a quest\u00e3o asilar e promova a luta por uma forma digna de moradia e de vida para todas as pessoas com defici\u00eancia.<\/p>\n<p>Programa\u00e7\u00e3o Anima\u00e7\u00e3o e servi\u00e7os: &#8211; Coral de Pessoas Cegas da ADEVA \u2013 Associa\u00e7\u00e3o de Deficientes Visuais e Amigos. &#8211; Cantoria &#8211; Xico Esvael. &#8211; Espa\u00e7o l\u00fadico, para crian\u00e7as, com monitores. (gratuito)<\/p>\n<p>08h00 \u2013 Credenciamento e recep\u00e7\u00e3o 08h30 &#8211; Caf\u00e9 da manh\u00e3 09h00 \u2013 In\u00edcio dos Trabalhos Composi\u00e7\u00e3o da mesa de abertura: \u2022\tDom Edmar Peron, Bispo auxiliar da Regi\u00e3o Episcopal Bel\u00e9m \u2022\tDra. Izabel Maior \u2013 Subsecretaria de Promo\u00e7\u00e3o dos Direitos das Pessoas com Defici\u00eancia da Secretaria de Direitos Humanos do Governo Federal \u2022\tDra. Linamara Batistella \u2013 Secretaria de Estado dos Direitos das \u2022\tPessoas com Defici\u00eancia de S\u00e3o Paulo \u2022\tSr. Marcos Beliz\u00e1rio \u2013 Secretaria Especial da Pessoa com Defici\u00eancia do Munic\u00edpio de S\u00e3o Paulo \u2022\tDr. Eduardo Dias &#8211; Minist\u00e9rio P\u00fablico do Estado de S\u00e3o Paulo \u2022\tProf. Carlos Ferrari \u2013 Presidente do Conselho Nacional de Assist\u00eancia Social \u2022\tProf. Luiz Antonio do Amaral \u2013 F\u00f3rum Fraternidade e Pessoas com Defici\u00eancia<\/p>\n<p>Representante de honra da problem\u00e1tica abordada \u2013 Dna. Maria Am\u00e9lia Vampr\u00e9 Xavier. \u2022\tSilvio Souza \u2013 Mestre de cerim\u00f4nia \u2022\tPe. Marcelo Mar\u00f3stica \u2013 Coordenador do Conselho Arquidiocesano de Pastoral Coordenador da mesa.<\/p>\n<p>Palestras e debate: Tema: Morar com dignidade, viver na comunidade. o\tFernando Sfair Kinker \u2013 Professor do Curso de Terapia Ocupacional da UNIFESP, Consultor do Minist\u00e9rio da Sa\u00fade na \u00e1rea tem\u00e1tica Sa\u00fade Mental. Militante da Reforma Psiqui\u00e1trica. o\tLais Figueiredo Lopes \u2013 Advogada. Mestre em Direito pela PUC\/SP. Conselheira da OAB e do Conselho Nacional dos Direitos das Pessoas com Defici\u00eancia &#8211; CONADE. Professora da PUC\/Cogeae, Senac e Unisantos. A Conven\u00e7\u00e3o sobre os Direitos da Pessoa com Defici\u00eancia da ONU. o\tIracema de Abrantes Souto \u2013 Coordenadora Geral de Servi\u00e7os de Acolhimento do Departamento de Prote\u00e7\u00e3o Social Especial \u2013 Secretaria Nacional de Assist\u00eancia Social do Minist\u00e9rio de Desenvolvimento Social e Combate \u00e0 Fome.<\/p>\n<p>12h30 \u2013 Lanche refor\u00e7ado (gratuito) 14h00 \u2013 Rein\u00edcio dos trabalhos<\/p>\n<p>\u201calarga o espa\u00e7o da tua tenda; estenda-se o toldo da tua habita\u00e7\u00e3o, para que haja espa\u00e7o para todos\u201d (Is. 54.2)<\/p>\n<p>Mesa Redonda: Reflex\u00f5es para uma Teologia da Inclus\u00e3o Coordena\u00e7\u00e3o: Pe. Jos\u00e9 Bizon \u2013 Casa da Reconcilia\u00e7\u00e3o \u2013 Igreja Cat\u00f3lica \u2022\tPast\u00aa. Elizabete Costa \u2013 Igreja Metodista. \u2022\tRev.  Carlos Musskopf &#8211; Igreja Luterana \u2022\tRev. Fernando Bortolleto \u2013 Igreja Presbiteriana \u2022\tRev. Levi Ara\u00fajo \u2013 Igreja Batista \u2022\tSr. Luiz Antonio Rodrigues \u2013 Fraternidade Crist\u00e3 de Pessoas com Defici\u00eancia<\/p>\n<p>Leitura em plen\u00e1ria e aprova\u00e7\u00e3o da carta \u201cmorar com dignidade, viver na comunidade\u201d Leitura: Dra. Ana Rita de Paula, autora do livro: Pessoas com defici\u00eancia institucionalizadas, a incapacidade social. (Ed.Memnon) 17h00 &#8211; Caf\u00e9 de encerramento. (gratuito) Parceiros \u2022\tF\u00f3rum Fraternidade e Pessoas com Defici\u00eancia \u2022\tCol\u00e9gio Esp\u00edrito Santo \u2022\tPastoral HIV\/AIDS \u2022\tCasa da Reconcilia\u00e7\u00e3o \u2022\tConselho Latino Americano de Igrejas \u2013 Escrit\u00f3rio Brasil. \u2022\tFaculdade de Teologia da Universidade Metodista de S\u00e3o Paulo \u2022\tPastoral Universit\u00e1ria da Pontif\u00edcia Universidade Cat\u00f3lica \u2022\tComiss\u00e3o Nacional de Catequese \u2022\tAssocia\u00e7\u00e3o de Semin\u00e1rios Teol\u00f3gicos Evang\u00e9licos \u2013 ASTE \u2022\tEd. Paulus<\/p>\n<p>Patroc\u00ednio \u2022\tMinist\u00e9rio do Desenvolvimento Social e Combate \u00e0 Fome \u2013 Governo Federal<\/p>\n<p>25 de Setembro, S\u00e1bado, das 8h00 \u00e0s 17h00<\/p>\n<p>Local<\/p>\n<p>Col\u00e9gio Espirito Santo Rua Tuiuti, 1442 Metro Tatuap\u00e9 (entrada lateral Rua Martins Penna s\/n) Ao lado do shopping Boulevard Mais informa\u00e7\u00f5es: \ue201 2675-0816 \/ 6735-2095 com Am\u00e9lia. <a href=\"mailto:ameliagalan@ig.com.br\">ameliagalan@ig.com.br<\/a><\/p>\n<p>Caf\u00e9 da manh\u00e3, lanche refor\u00e7ado no almo\u00e7o e caf\u00e9 da tarde gratuitos.<\/p>\n<p>COMPARE\u00c7A! SUA PRESEN\u00c7A \u00c9 MUITO IMPORTANTE<\/p>\n","protected":false},"excerpt":{"rendered":"<p>O IV Encontro Fraternidade e Pessoas com Defici\u00eancia \u00e9 uma iniciativa da Pastoral das Pessoas com Defici\u00eancia da Arquidiocese de S\u00e3o Paulo com o objetivo de propiciar interc\u00e2mbio, debates e propostas.<\/p>\n","protected":false},"author":1,"featured_media":0,"comment_status":"open","ping_status":"open","sticky":false,"template":"","format":"standard","meta":{"site-container-style":"default","site-container-layout":"default","site-sidebar-layout":"default","disable-article-header":"default","disable-site-header":"default","disable-site-footer":"default","disable-content-area-spacing":"default","footnotes":""},"categories":[12,38,48,4],"tags":[],"class_list":["post-17193","post","type-post","status-publish","format-standard","hentry","category-cursos-e-eventos","category-deficiencia","category-inclusao","category-noticias"],"yoast_head":"<!-- This site is optimized with the Yoast SEO plugin v27.4 - https:\/\/yoast.com\/product\/yoast-seo-wordpress\/ -->\n<title>Morar com dignidade, viver na fraternidade (25\/09) -<\/title>\n<meta name=\"robots\" content=\"index, follow, max-snippet:-1, max-image-preview:large, max-video-preview:-1\" \/>\n<link rel=\"canonical\" href=\"https:\/\/inclusivenews.com.br\/?p=17193\" \/>\n<meta property=\"og:locale\" content=\"pt_PT\" \/>\n<meta property=\"og:type\" content=\"article\" \/>\n<meta property=\"og:title\" content=\"Morar com dignidade, viver na fraternidade (25\/09) -\" \/>\n<meta property=\"og:description\" content=\"O IV Encontro Fraternidade e Pessoas com Defici\u00eancia \u00e9 uma iniciativa da Pastoral das Pessoas com Defici\u00eancia da Arquidiocese de S\u00e3o Paulo com o objetivo de propiciar interc\u00e2mbio, debates e propostas.\" \/>\n<meta property=\"og:url\" content=\"https:\/\/inclusivenews.com.br\/?p=17193\" \/>\n<meta property=\"article:publisher\" content=\"https:\/\/www.facebook.com\/agenciainclusive\/\" \/>\n<meta property=\"article:published_time\" content=\"2010-09-16T09:09:49+00:00\" \/>\n<meta property=\"og:image\" content=\"http:\/\/inclusivenews.com.br\/wp-content\/uploads\/2010\/09\/convite_tuca-300x211.jpg\" \/>\n<meta name=\"author\" content=\"inclusivenews2024\" \/>\n<meta name=\"twitter:card\" content=\"summary_large_image\" \/>\n<meta name=\"twitter:label1\" content=\"Escrito por\" \/>\n\t<meta name=\"twitter:data1\" content=\"inclusivenews2024\" \/>\n\t<meta name=\"twitter:label2\" content=\"Tempo estimado de leitura\" \/>\n\t<meta name=\"twitter:data2\" content=\"4 minutos\" \/>\n<script type=\"application\/ld+json\" class=\"yoast-schema-graph\">{\"@context\":\"https:\\\/\\\/schema.org\",\"@graph\":[{\"@type\":\"Article\",\"@id\":\"https:\\\/\\\/inclusivenews.com.br\\\/?p=17193#article\",\"isPartOf\":{\"@id\":\"https:\\\/\\\/inclusivenews.com.br\\\/?p=17193\"},\"author\":{\"name\":\"inclusivenews2024\",\"@id\":\"https:\\\/\\\/inclusivenews.com.br\\\/#\\\/schema\\\/person\\\/ae4ec7087559b8692fb33b6fffd2273b\"},\"headline\":\"Morar com dignidade, viver na fraternidade (25\\\/09)\",\"datePublished\":\"2010-09-16T09:09:49+00:00\",\"mainEntityOfPage\":{\"@id\":\"https:\\\/\\\/inclusivenews.com.br\\\/?p=17193\"},\"wordCount\":888,\"commentCount\":0,\"publisher\":{\"@id\":\"https:\\\/\\\/inclusivenews.com.br\\\/#organization\"},\"image\":{\"@id\":\"https:\\\/\\\/inclusivenews.com.br\\\/?p=17193#primaryimage\"},\"thumbnailUrl\":\"http:\\\/\\\/inclusivenews.com.br\\\/wp-content\\\/uploads\\\/2010\\\/09\\\/convite_tuca-300x211.jpg\",\"articleSection\":[\"Cursos e eventos\",\"Defici\u00eancia\",\"INCLUS\u00c3O SOCIAL\",\"NOT\u00cdCIAS\"],\"inLanguage\":\"pt-PT\",\"potentialAction\":[{\"@type\":\"CommentAction\",\"name\":\"Comment\",\"target\":[\"https:\\\/\\\/inclusivenews.com.br\\\/?p=17193#respond\"]}]},{\"@type\":\"WebPage\",\"@id\":\"https:\\\/\\\/inclusivenews.com.br\\\/?p=17193\",\"url\":\"https:\\\/\\\/inclusivenews.com.br\\\/?p=17193\",\"name\":\"Morar com dignidade, viver na fraternidade (25\\\/09) -\",\"isPartOf\":{\"@id\":\"https:\\\/\\\/inclusivenews.com.br\\\/#website\"},\"primaryImageOfPage\":{\"@id\":\"https:\\\/\\\/inclusivenews.com.br\\\/?p=17193#primaryimage\"},\"image\":{\"@id\":\"https:\\\/\\\/inclusivenews.com.br\\\/?p=17193#primaryimage\"},\"thumbnailUrl\":\"http:\\\/\\\/inclusivenews.com.br\\\/wp-content\\\/uploads\\\/2010\\\/09\\\/convite_tuca-300x211.jpg\",\"datePublished\":\"2010-09-16T09:09:49+00:00\",\"breadcrumb\":{\"@id\":\"https:\\\/\\\/inclusivenews.com.br\\\/?p=17193#breadcrumb\"},\"inLanguage\":\"pt-PT\",\"potentialAction\":[{\"@type\":\"ReadAction\",\"target\":[\"https:\\\/\\\/inclusivenews.com.br\\\/?p=17193\"]}]},{\"@type\":\"ImageObject\",\"inLanguage\":\"pt-PT\",\"@id\":\"https:\\\/\\\/inclusivenews.com.br\\\/?p=17193#primaryimage\",\"url\":\"\",\"contentUrl\":\"\"},{\"@type\":\"BreadcrumbList\",\"@id\":\"https:\\\/\\\/inclusivenews.com.br\\\/?p=17193#breadcrumb\",\"itemListElement\":[{\"@type\":\"ListItem\",\"position\":1,\"name\":\"In\u00edcio\",\"item\":\"https:\\\/\\\/inclusivenews.com.br\\\/\"},{\"@type\":\"ListItem\",\"position\":2,\"name\":\"Morar com dignidade, viver na fraternidade (25\\\/09)\"}]},{\"@type\":\"WebSite\",\"@id\":\"https:\\\/\\\/inclusivenews.com.br\\\/#website\",\"url\":\"https:\\\/\\\/inclusivenews.com.br\\\/\",\"name\":\"Inclusive News\",\"description\":\"Inclusive News\",\"publisher\":{\"@id\":\"https:\\\/\\\/inclusivenews.com.br\\\/#organization\"},\"potentialAction\":[{\"@type\":\"SearchAction\",\"target\":{\"@type\":\"EntryPoint\",\"urlTemplate\":\"https:\\\/\\\/inclusivenews.com.br\\\/?s={search_term_string}\"},\"query-input\":{\"@type\":\"PropertyValueSpecification\",\"valueRequired\":true,\"valueName\":\"search_term_string\"}}],\"inLanguage\":\"pt-PT\"},{\"@type\":\"Organization\",\"@id\":\"https:\\\/\\\/inclusivenews.com.br\\\/#organization\",\"name\":\"Inclusive - inclus\u00e3o e cidadania\",\"url\":\"https:\\\/\\\/inclusivenews.com.br\\\/\",\"logo\":{\"@type\":\"ImageObject\",\"inLanguage\":\"pt-PT\",\"@id\":\"https:\\\/\\\/inclusivenews.com.br\\\/#\\\/schema\\\/logo\\\/image\\\/\",\"url\":\"https:\\\/\\\/inclusivenews.com.br\\\/wp-content\\\/uploads\\\/2024\\\/03\\\/@grandesite.png\",\"contentUrl\":\"https:\\\/\\\/inclusivenews.com.br\\\/wp-content\\\/uploads\\\/2024\\\/03\\\/@grandesite.png\",\"width\":1080,\"height\":1080,\"caption\":\"Inclusive - inclus\u00e3o e cidadania\"},\"image\":{\"@id\":\"https:\\\/\\\/inclusivenews.com.br\\\/#\\\/schema\\\/logo\\\/image\\\/\"},\"sameAs\":[\"https:\\\/\\\/www.facebook.com\\\/agenciainclusive\\\/\",\"https:\\\/\\\/www.instagram.com\\\/newsinclusive\\\/\"]},{\"@type\":\"Person\",\"@id\":\"https:\\\/\\\/inclusivenews.com.br\\\/#\\\/schema\\\/person\\\/ae4ec7087559b8692fb33b6fffd2273b\",\"name\":\"inclusivenews2024\",\"image\":{\"@type\":\"ImageObject\",\"inLanguage\":\"pt-PT\",\"@id\":\"https:\\\/\\\/secure.gravatar.com\\\/avatar\\\/c5a7ef84c66fa914f55bc4f7ce26cfa275a3b9a1c5568b907bd184fb4dde7b40?s=96&d=mm&r=g\",\"url\":\"https:\\\/\\\/secure.gravatar.com\\\/avatar\\\/c5a7ef84c66fa914f55bc4f7ce26cfa275a3b9a1c5568b907bd184fb4dde7b40?s=96&d=mm&r=g\",\"contentUrl\":\"https:\\\/\\\/secure.gravatar.com\\\/avatar\\\/c5a7ef84c66fa914f55bc4f7ce26cfa275a3b9a1c5568b907bd184fb4dde7b40?s=96&d=mm&r=g\",\"caption\":\"inclusivenews2024\"},\"sameAs\":[\"https:\\\/\\\/inclusivenews.com.br\"],\"url\":\"https:\\\/\\\/inclusivenews.com.br\\\/?author=1\"}]}<\/script>\n<!-- \/ Yoast SEO plugin. -->","yoast_head_json":{"title":"Morar com dignidade, viver na fraternidade (25\/09) -","robots":{"index":"index","follow":"follow","max-snippet":"max-snippet:-1","max-image-preview":"max-image-preview:large","max-video-preview":"max-video-preview:-1"},"canonical":"https:\/\/inclusivenews.com.br\/?p=17193","og_locale":"pt_PT","og_type":"article","og_title":"Morar com dignidade, viver na fraternidade (25\/09) -","og_description":"O IV Encontro Fraternidade e Pessoas com Defici\u00eancia \u00e9 uma iniciativa da Pastoral das Pessoas com Defici\u00eancia da Arquidiocese de S\u00e3o Paulo com o objetivo de propiciar interc\u00e2mbio, debates e propostas.","og_url":"https:\/\/inclusivenews.com.br\/?p=17193","article_publisher":"https:\/\/www.facebook.com\/agenciainclusive\/","article_published_time":"2010-09-16T09:09:49+00:00","og_image":[{"url":"http:\/\/inclusivenews.com.br\/wp-content\/uploads\/2010\/09\/convite_tuca-300x211.jpg","type":"","width":"","height":""}],"author":"inclusivenews2024","twitter_card":"summary_large_image","twitter_misc":{"Escrito por":"inclusivenews2024","Tempo estimado de leitura":"4 minutos"},"schema":{"@context":"https:\/\/schema.org","@graph":[{"@type":"Article","@id":"https:\/\/inclusivenews.com.br\/?p=17193#article","isPartOf":{"@id":"https:\/\/inclusivenews.com.br\/?p=17193"},"author":{"name":"inclusivenews2024","@id":"https:\/\/inclusivenews.com.br\/#\/schema\/person\/ae4ec7087559b8692fb33b6fffd2273b"},"headline":"Morar com dignidade, viver na fraternidade (25\/09)","datePublished":"2010-09-16T09:09:49+00:00","mainEntityOfPage":{"@id":"https:\/\/inclusivenews.com.br\/?p=17193"},"wordCount":888,"commentCount":0,"publisher":{"@id":"https:\/\/inclusivenews.com.br\/#organization"},"image":{"@id":"https:\/\/inclusivenews.com.br\/?p=17193#primaryimage"},"thumbnailUrl":"http:\/\/inclusivenews.com.br\/wp-content\/uploads\/2010\/09\/convite_tuca-300x211.jpg","articleSection":["Cursos e eventos","Defici\u00eancia","INCLUS\u00c3O SOCIAL","NOT\u00cdCIAS"],"inLanguage":"pt-PT","potentialAction":[{"@type":"CommentAction","name":"Comment","target":["https:\/\/inclusivenews.com.br\/?p=17193#respond"]}]},{"@type":"WebPage","@id":"https:\/\/inclusivenews.com.br\/?p=17193","url":"https:\/\/inclusivenews.com.br\/?p=17193","name":"Morar com dignidade, viver na fraternidade (25\/09) -","isPartOf":{"@id":"https:\/\/inclusivenews.com.br\/#website"},"primaryImageOfPage":{"@id":"https:\/\/inclusivenews.com.br\/?p=17193#primaryimage"},"image":{"@id":"https:\/\/inclusivenews.com.br\/?p=17193#primaryimage"},"thumbnailUrl":"http:\/\/inclusivenews.com.br\/wp-content\/uploads\/2010\/09\/convite_tuca-300x211.jpg","datePublished":"2010-09-16T09:09:49+00:00","breadcrumb":{"@id":"https:\/\/inclusivenews.com.br\/?p=17193#breadcrumb"},"inLanguage":"pt-PT","potentialAction":[{"@type":"ReadAction","target":["https:\/\/inclusivenews.com.br\/?p=17193"]}]},{"@type":"ImageObject","inLanguage":"pt-PT","@id":"https:\/\/inclusivenews.com.br\/?p=17193#primaryimage","url":"","contentUrl":""},{"@type":"BreadcrumbList","@id":"https:\/\/inclusivenews.com.br\/?p=17193#breadcrumb","itemListElement":[{"@type":"ListItem","position":1,"name":"In\u00edcio","item":"https:\/\/inclusivenews.com.br\/"},{"@type":"ListItem","position":2,"name":"Morar com dignidade, viver na fraternidade (25\/09)"}]},{"@type":"WebSite","@id":"https:\/\/inclusivenews.com.br\/#website","url":"https:\/\/inclusivenews.com.br\/","name":"Inclusive News","description":"Inclusive News","publisher":{"@id":"https:\/\/inclusivenews.com.br\/#organization"},"potentialAction":[{"@type":"SearchAction","target":{"@type":"EntryPoint","urlTemplate":"https:\/\/inclusivenews.com.br\/?s={search_term_string}"},"query-input":{"@type":"PropertyValueSpecification","valueRequired":true,"valueName":"search_term_string"}}],"inLanguage":"pt-PT"},{"@type":"Organization","@id":"https:\/\/inclusivenews.com.br\/#organization","name":"Inclusive - inclus\u00e3o e cidadania","url":"https:\/\/inclusivenews.com.br\/","logo":{"@type":"ImageObject","inLanguage":"pt-PT","@id":"https:\/\/inclusivenews.com.br\/#\/schema\/logo\/image\/","url":"https:\/\/inclusivenews.com.br\/wp-content\/uploads\/2024\/03\/@grandesite.png","contentUrl":"https:\/\/inclusivenews.com.br\/wp-content\/uploads\/2024\/03\/@grandesite.png","width":1080,"height":1080,"caption":"Inclusive - inclus\u00e3o e cidadania"},"image":{"@id":"https:\/\/inclusivenews.com.br\/#\/schema\/logo\/image\/"},"sameAs":["https:\/\/www.facebook.com\/agenciainclusive\/","https:\/\/www.instagram.com\/newsinclusive\/"]},{"@type":"Person","@id":"https:\/\/inclusivenews.com.br\/#\/schema\/person\/ae4ec7087559b8692fb33b6fffd2273b","name":"inclusivenews2024","image":{"@type":"ImageObject","inLanguage":"pt-PT","@id":"https:\/\/secure.gravatar.com\/avatar\/c5a7ef84c66fa914f55bc4f7ce26cfa275a3b9a1c5568b907bd184fb4dde7b40?s=96&d=mm&r=g","url":"https:\/\/secure.gravatar.com\/avatar\/c5a7ef84c66fa914f55bc4f7ce26cfa275a3b9a1c5568b907bd184fb4dde7b40?s=96&d=mm&r=g","contentUrl":"https:\/\/secure.gravatar.com\/avatar\/c5a7ef84c66fa914f55bc4f7ce26cfa275a3b9a1c5568b907bd184fb4dde7b40?s=96&d=mm&r=g","caption":"inclusivenews2024"},"sameAs":["https:\/\/inclusivenews.com.br"],"url":"https:\/\/inclusivenews.com.br\/?author=1"}]}},"_links":{"self":[{"href":"https:\/\/inclusivenews.com.br\/index.php?rest_route=\/wp\/v2\/posts\/17193","targetHints":{"allow":["GET"]}}],"collection":[{"href":"https:\/\/inclusivenews.com.br\/index.php?rest_route=\/wp\/v2\/posts"}],"about":[{"href":"https:\/\/inclusivenews.com.br\/index.php?rest_route=\/wp\/v2\/types\/post"}],"author":[{"embeddable":true,"href":"https:\/\/inclusivenews.com.br\/index.php?rest_route=\/wp\/v2\/users\/1"}],"replies":[{"embeddable":true,"href":"https:\/\/inclusivenews.com.br\/index.php?rest_route=%2Fwp%2Fv2%2Fcomments&post=17193"}],"version-history":[{"count":0,"href":"https:\/\/inclusivenews.com.br\/index.php?rest_route=\/wp\/v2\/posts\/17193\/revisions"}],"wp:attachment":[{"href":"https:\/\/inclusivenews.com.br\/index.php?rest_route=%2Fwp%2Fv2%2Fmedia&parent=17193"}],"wp:term":[{"taxonomy":"category","embeddable":true,"href":"https:\/\/inclusivenews.com.br\/index.php?rest_route=%2Fwp%2Fv2%2Fcategories&post=17193"},{"taxonomy":"post_tag","embeddable":true,"href":"https:\/\/inclusivenews.com.br\/index.php?rest_route=%2Fwp%2Fv2%2Ftags&post=17193"}],"curies":[{"name":"wp","href":"https:\/\/api.w.org\/{rel}","templated":true}]}}