{"id":17222,"date":"2010-09-16T06:01:00","date_gmt":"2010-09-16T09:01:00","guid":{"rendered":"http:\/\/www.inclusive.org.br\/?p=17222"},"modified":"2010-09-16T06:01:00","modified_gmt":"2010-09-16T09:01:00","slug":"projeto-que-permite-aos-transexuais-mudar-o-nome-no-registro-civil-e-tema-de-enquete","status":"publish","type":"post","link":"https:\/\/inclusivenews.com.br\/?p=17222","title":{"rendered":"Projeto que permite aos transexuais mudar o nome no registro civil \u00e9 tema de  enquete"},"content":{"rendered":"<p class=\"perguntaenquete\"><img loading=\"lazy\" decoding=\"async\" class=\"alignleft\" title=\"Impress\u00e3o digital\" src=\"http:\/\/blig.ig.com.br\/opiniaoturno2\/files\/2009\/05\/impressao-digital.jpg\" alt=\"\" width=\"210\" height=\"210\" \/>A <strong>Ag\u00eancia Senado<\/strong> quer saber a opini\u00e3o dos leitores a respeito do projeto (<a class=\"we_frase\" href=\"http:\/\/www.senado.gov.br\/atividade\/materia\/detalhes.asp?p_cod_mate=82449\" target=\"_blank\" rel=\"noopener\">PLC 72\/07<\/a>) que permite aos transexuais alterar o registro civil para que o nome usado socialmente conste na certid\u00e3o. Este \u00e9 o tema da enquete promovida durante o m\u00eas de setembro em parceria com a Secretaria de Pesquisa e Opini\u00e3o do Senado (Senado).<\/p>\n<p class=\"perguntaenquete\">O projeto de lei 72\/2007 da C\u00e2mara dos Deputados tramita no Senado desde setembro de 2007. Ele j\u00e1 tem <a class=\"we_frase\" href=\"http:\/\/www.senado.gov.br\/noticias\/verNoticia.aspx?codNoticia=103546&amp;codAplicativo=2\" target=\"_blank\" rel=\"noopener\">voto favor\u00e1vel da relatora<\/a>, senadora F\u00e1tima Cleide (PT-RO), na Comiss\u00e3o de Direitos Humanos e Legisla\u00e7\u00e3o Participativa (CDH), mas ainda n\u00e3o foi votado no colegiado. Depois de receber parecer na CDH, a mat\u00e9ria seguir\u00e1 para a Comiss\u00e3o de Constitui\u00e7\u00e3o, Justi\u00e7a e Cidadania (CCJ).<\/p>\n<p class=\"perguntaenquete\">A proposta altera o art. 58 da Lei de Registros P\u00fablicos (6.015\/73) para tornar poss\u00edvel a substitui\u00e7\u00e3o do prenome quando a pessoa for reconhecida como transexual, mesmo sem ter sido operada para mudar de sexo. Atualmente, a Lei de Registros P\u00fablicos permite a troca de nomes quando a pessoa estiver sendo amea\u00e7ada por ter colaborado na apura\u00e7\u00e3o de crime ou quando \u00e9 conhecida por apelido p\u00fablico not\u00f3rio.<\/p>\n<p class=\"MsoNormal\">O ent\u00e3o deputado Luciano Zica, autor da proposta na C\u00e2mara, argumenta que h\u00e1 diferen\u00e7as entre a homossexuais e transexuais. &#8220;A homossexualidade e bissexualidade, assim como heterossexualidade, se referem apenas \u00e0 orienta\u00e7\u00e3o sexual do indiv\u00edduo. A transexualidade se refere \u00e0 identidade de g\u00eanero&#8221;, diz.<\/p>\n<p class=\"MsoNormal\"><strong>Participa\u00e7\u00e3o<\/strong><\/p>\n<p class=\"MsoNormal\">Temas pol\u00eamicos provocam a intensa participa\u00e7\u00e3o dos internautas nas enquetes da <strong>Ag\u00eancia Senado<\/strong>. <a class=\"we_frase\" href=\"http:\/\/www.senado.gov.br\/noticias\/vernoticia.aspx?codNoticia=97900&amp;codAplicativo=2\" target=\"_blank\" rel=\"noopener\">Foi o caso do projeto que pune a discrimina\u00e7\u00e3o de homossexuais<\/a>, que recebeu mais de 465 mil votos, 52% contr\u00e1rios \u00e0 proposta.<\/p>\n<p>J\u00e1 a proposta que acaba com o exame da Ordem dos Advogados do Brasil (OAB) como condi\u00e7\u00e3o para o exerc\u00edcio da profiss\u00e3o teve mais de 167 mil votos, sendo 94,3% deles favor\u00e1veis ao fim da prova. Neste ano tamb\u00e9m foram realizadas enquetes sobre proibi\u00e7\u00e3o de fumo em locais fechados, progress\u00e3o de pena em crimes hediondos, extens\u00e3o da CLT para dom\u00e9sticos, doa\u00e7\u00f5es eleitorais, libera\u00e7\u00e3o da ortotan\u00e1sia e fim do desconto do vale-transporte. <a class=\"we_frase\" href=\"http:\/\/www.senado.gov.br\/noticias\/opiniaoPublica\/enquetes.asp?ano=2010\" target=\"_blank\" rel=\"noopener\">Veja os resultados<\/a>.<br \/>\n___________________<\/p>\n<p><strong>Fonte:<\/strong> <a href=\"http:\/\/www.senado.gov.br\/noticias\/verNoticia.aspx?codNoticia=%20104217&amp;codAplicativo=2\">Ag\u00eancia Senado<\/a><\/p>\n","protected":false},"excerpt":{"rendered":"<p>A proposta altera o art. 58 da Lei de Registros P\u00fablicos (6.015\/73) para tornar poss\u00edvel a substitui\u00e7\u00e3o do prenome quando a pessoa for reconhecida como transexual, mesmo sem ter sido operada para mudar de sexo. Da Ag\u00eancia Senado.<\/p>\n","protected":false},"author":1,"featured_media":0,"comment_status":"open","ping_status":"open","sticky":false,"template":"","format":"standard","meta":{"site-container-style":"default","site-container-layout":"default","site-sidebar-layout":"default","disable-article-header":"default","disable-site-header":"default","disable-site-footer":"default","disable-content-area-spacing":"default","footnotes":""},"categories":[36,4],"tags":[],"class_list":["post-17222","post","type-post","status-publish","format-standard","hentry","category-colunas-especiais","category-noticias"],"yoast_head":"<!-- This site is optimized with the Yoast SEO plugin v27.4 - https:\/\/yoast.com\/product\/yoast-seo-wordpress\/ -->\n<title>Projeto que permite aos transexuais mudar o nome no registro civil \u00e9 tema de enquete -<\/title>\n<meta name=\"robots\" content=\"index, follow, max-snippet:-1, max-image-preview:large, max-video-preview:-1\" \/>\n<link rel=\"canonical\" href=\"https:\/\/inclusivenews.com.br\/?p=17222\" \/>\n<meta property=\"og:locale\" content=\"pt_PT\" \/>\n<meta property=\"og:type\" content=\"article\" \/>\n<meta property=\"og:title\" content=\"Projeto que permite aos transexuais mudar o nome no registro civil \u00e9 tema de enquete -\" \/>\n<meta property=\"og:description\" content=\"A proposta altera o art. 58 da Lei de Registros P\u00fablicos (6.015\/73) para tornar poss\u00edvel a substitui\u00e7\u00e3o do prenome quando a pessoa for reconhecida como transexual, mesmo sem ter sido operada para mudar de sexo. Da Ag\u00eancia Senado.\" \/>\n<meta property=\"og:url\" content=\"https:\/\/inclusivenews.com.br\/?p=17222\" \/>\n<meta property=\"article:publisher\" content=\"https:\/\/www.facebook.com\/agenciainclusive\/\" \/>\n<meta property=\"article:published_time\" content=\"2010-09-16T09:01:00+00:00\" \/>\n<meta property=\"og:image\" content=\"http:\/\/blig.ig.com.br\/opiniaoturno2\/files\/2009\/05\/impressao-digital.jpg\" \/>\n<meta name=\"author\" content=\"inclusivenews2024\" \/>\n<meta name=\"twitter:card\" content=\"summary_large_image\" \/>\n<meta name=\"twitter:label1\" content=\"Escrito por\" \/>\n\t<meta name=\"twitter:data1\" content=\"inclusivenews2024\" \/>\n\t<meta name=\"twitter:label2\" content=\"Tempo estimado de leitura\" \/>\n\t<meta name=\"twitter:data2\" content=\"2 minutos\" \/>\n<script type=\"application\/ld+json\" class=\"yoast-schema-graph\">{\"@context\":\"https:\\\/\\\/schema.org\",\"@graph\":[{\"@type\":\"Article\",\"@id\":\"https:\\\/\\\/inclusivenews.com.br\\\/?p=17222#article\",\"isPartOf\":{\"@id\":\"https:\\\/\\\/inclusivenews.com.br\\\/?p=17222\"},\"author\":{\"name\":\"inclusivenews2024\",\"@id\":\"https:\\\/\\\/inclusivenews.com.br\\\/#\\\/schema\\\/person\\\/ae4ec7087559b8692fb33b6fffd2273b\"},\"headline\":\"Projeto que permite aos transexuais mudar o nome no registro civil \u00e9 tema de enquete\",\"datePublished\":\"2010-09-16T09:01:00+00:00\",\"mainEntityOfPage\":{\"@id\":\"https:\\\/\\\/inclusivenews.com.br\\\/?p=17222\"},\"wordCount\":388,\"commentCount\":0,\"publisher\":{\"@id\":\"https:\\\/\\\/inclusivenews.com.br\\\/#organization\"},\"image\":{\"@id\":\"https:\\\/\\\/inclusivenews.com.br\\\/?p=17222#primaryimage\"},\"thumbnailUrl\":\"http:\\\/\\\/blig.ig.com.br\\\/opiniaoturno2\\\/files\\\/2009\\\/05\\\/impressao-digital.jpg\",\"articleSection\":[\"Colunas especiais\",\"NOT\u00cdCIAS\"],\"inLanguage\":\"pt-PT\",\"potentialAction\":[{\"@type\":\"CommentAction\",\"name\":\"Comment\",\"target\":[\"https:\\\/\\\/inclusivenews.com.br\\\/?p=17222#respond\"]}]},{\"@type\":\"WebPage\",\"@id\":\"https:\\\/\\\/inclusivenews.com.br\\\/?p=17222\",\"url\":\"https:\\\/\\\/inclusivenews.com.br\\\/?p=17222\",\"name\":\"Projeto que permite aos transexuais mudar o nome no registro civil \u00e9 tema de enquete -\",\"isPartOf\":{\"@id\":\"https:\\\/\\\/inclusivenews.com.br\\\/#website\"},\"primaryImageOfPage\":{\"@id\":\"https:\\\/\\\/inclusivenews.com.br\\\/?p=17222#primaryimage\"},\"image\":{\"@id\":\"https:\\\/\\\/inclusivenews.com.br\\\/?p=17222#primaryimage\"},\"thumbnailUrl\":\"http:\\\/\\\/blig.ig.com.br\\\/opiniaoturno2\\\/files\\\/2009\\\/05\\\/impressao-digital.jpg\",\"datePublished\":\"2010-09-16T09:01:00+00:00\",\"breadcrumb\":{\"@id\":\"https:\\\/\\\/inclusivenews.com.br\\\/?p=17222#breadcrumb\"},\"inLanguage\":\"pt-PT\",\"potentialAction\":[{\"@type\":\"ReadAction\",\"target\":[\"https:\\\/\\\/inclusivenews.com.br\\\/?p=17222\"]}]},{\"@type\":\"ImageObject\",\"inLanguage\":\"pt-PT\",\"@id\":\"https:\\\/\\\/inclusivenews.com.br\\\/?p=17222#primaryimage\",\"url\":\"http:\\\/\\\/blig.ig.com.br\\\/opiniaoturno2\\\/files\\\/2009\\\/05\\\/impressao-digital.jpg\",\"contentUrl\":\"http:\\\/\\\/blig.ig.com.br\\\/opiniaoturno2\\\/files\\\/2009\\\/05\\\/impressao-digital.jpg\"},{\"@type\":\"BreadcrumbList\",\"@id\":\"https:\\\/\\\/inclusivenews.com.br\\\/?p=17222#breadcrumb\",\"itemListElement\":[{\"@type\":\"ListItem\",\"position\":1,\"name\":\"In\u00edcio\",\"item\":\"https:\\\/\\\/inclusivenews.com.br\\\/\"},{\"@type\":\"ListItem\",\"position\":2,\"name\":\"Projeto que permite aos transexuais mudar o nome no registro civil \u00e9 tema de enquete\"}]},{\"@type\":\"WebSite\",\"@id\":\"https:\\\/\\\/inclusivenews.com.br\\\/#website\",\"url\":\"https:\\\/\\\/inclusivenews.com.br\\\/\",\"name\":\"Inclusive News\",\"description\":\"Inclusive News\",\"publisher\":{\"@id\":\"https:\\\/\\\/inclusivenews.com.br\\\/#organization\"},\"potentialAction\":[{\"@type\":\"SearchAction\",\"target\":{\"@type\":\"EntryPoint\",\"urlTemplate\":\"https:\\\/\\\/inclusivenews.com.br\\\/?s={search_term_string}\"},\"query-input\":{\"@type\":\"PropertyValueSpecification\",\"valueRequired\":true,\"valueName\":\"search_term_string\"}}],\"inLanguage\":\"pt-PT\"},{\"@type\":\"Organization\",\"@id\":\"https:\\\/\\\/inclusivenews.com.br\\\/#organization\",\"name\":\"Inclusive - inclus\u00e3o e cidadania\",\"url\":\"https:\\\/\\\/inclusivenews.com.br\\\/\",\"logo\":{\"@type\":\"ImageObject\",\"inLanguage\":\"pt-PT\",\"@id\":\"https:\\\/\\\/inclusivenews.com.br\\\/#\\\/schema\\\/logo\\\/image\\\/\",\"url\":\"https:\\\/\\\/inclusivenews.com.br\\\/wp-content\\\/uploads\\\/2024\\\/03\\\/@grandesite.png\",\"contentUrl\":\"https:\\\/\\\/inclusivenews.com.br\\\/wp-content\\\/uploads\\\/2024\\\/03\\\/@grandesite.png\",\"width\":1080,\"height\":1080,\"caption\":\"Inclusive - inclus\u00e3o e cidadania\"},\"image\":{\"@id\":\"https:\\\/\\\/inclusivenews.com.br\\\/#\\\/schema\\\/logo\\\/image\\\/\"},\"sameAs\":[\"https:\\\/\\\/www.facebook.com\\\/agenciainclusive\\\/\",\"https:\\\/\\\/www.instagram.com\\\/newsinclusive\\\/\"]},{\"@type\":\"Person\",\"@id\":\"https:\\\/\\\/inclusivenews.com.br\\\/#\\\/schema\\\/person\\\/ae4ec7087559b8692fb33b6fffd2273b\",\"name\":\"inclusivenews2024\",\"image\":{\"@type\":\"ImageObject\",\"inLanguage\":\"pt-PT\",\"@id\":\"https:\\\/\\\/secure.gravatar.com\\\/avatar\\\/c5a7ef84c66fa914f55bc4f7ce26cfa275a3b9a1c5568b907bd184fb4dde7b40?s=96&d=mm&r=g\",\"url\":\"https:\\\/\\\/secure.gravatar.com\\\/avatar\\\/c5a7ef84c66fa914f55bc4f7ce26cfa275a3b9a1c5568b907bd184fb4dde7b40?s=96&d=mm&r=g\",\"contentUrl\":\"https:\\\/\\\/secure.gravatar.com\\\/avatar\\\/c5a7ef84c66fa914f55bc4f7ce26cfa275a3b9a1c5568b907bd184fb4dde7b40?s=96&d=mm&r=g\",\"caption\":\"inclusivenews2024\"},\"sameAs\":[\"https:\\\/\\\/inclusivenews.com.br\"],\"url\":\"https:\\\/\\\/inclusivenews.com.br\\\/?author=1\"}]}<\/script>\n<!-- \/ Yoast SEO plugin. -->","yoast_head_json":{"title":"Projeto que permite aos transexuais mudar o nome no registro civil \u00e9 tema de enquete -","robots":{"index":"index","follow":"follow","max-snippet":"max-snippet:-1","max-image-preview":"max-image-preview:large","max-video-preview":"max-video-preview:-1"},"canonical":"https:\/\/inclusivenews.com.br\/?p=17222","og_locale":"pt_PT","og_type":"article","og_title":"Projeto que permite aos transexuais mudar o nome no registro civil \u00e9 tema de enquete -","og_description":"A proposta altera o art. 58 da Lei de Registros P\u00fablicos (6.015\/73) para tornar poss\u00edvel a substitui\u00e7\u00e3o do prenome quando a pessoa for reconhecida como transexual, mesmo sem ter sido operada para mudar de sexo. Da Ag\u00eancia Senado.","og_url":"https:\/\/inclusivenews.com.br\/?p=17222","article_publisher":"https:\/\/www.facebook.com\/agenciainclusive\/","article_published_time":"2010-09-16T09:01:00+00:00","og_image":[{"url":"http:\/\/blig.ig.com.br\/opiniaoturno2\/files\/2009\/05\/impressao-digital.jpg","type":"","width":"","height":""}],"author":"inclusivenews2024","twitter_card":"summary_large_image","twitter_misc":{"Escrito por":"inclusivenews2024","Tempo estimado de leitura":"2 minutos"},"schema":{"@context":"https:\/\/schema.org","@graph":[{"@type":"Article","@id":"https:\/\/inclusivenews.com.br\/?p=17222#article","isPartOf":{"@id":"https:\/\/inclusivenews.com.br\/?p=17222"},"author":{"name":"inclusivenews2024","@id":"https:\/\/inclusivenews.com.br\/#\/schema\/person\/ae4ec7087559b8692fb33b6fffd2273b"},"headline":"Projeto que permite aos transexuais mudar o nome no registro civil \u00e9 tema de enquete","datePublished":"2010-09-16T09:01:00+00:00","mainEntityOfPage":{"@id":"https:\/\/inclusivenews.com.br\/?p=17222"},"wordCount":388,"commentCount":0,"publisher":{"@id":"https:\/\/inclusivenews.com.br\/#organization"},"image":{"@id":"https:\/\/inclusivenews.com.br\/?p=17222#primaryimage"},"thumbnailUrl":"http:\/\/blig.ig.com.br\/opiniaoturno2\/files\/2009\/05\/impressao-digital.jpg","articleSection":["Colunas especiais","NOT\u00cdCIAS"],"inLanguage":"pt-PT","potentialAction":[{"@type":"CommentAction","name":"Comment","target":["https:\/\/inclusivenews.com.br\/?p=17222#respond"]}]},{"@type":"WebPage","@id":"https:\/\/inclusivenews.com.br\/?p=17222","url":"https:\/\/inclusivenews.com.br\/?p=17222","name":"Projeto que permite aos transexuais mudar o nome no registro civil \u00e9 tema de enquete -","isPartOf":{"@id":"https:\/\/inclusivenews.com.br\/#website"},"primaryImageOfPage":{"@id":"https:\/\/inclusivenews.com.br\/?p=17222#primaryimage"},"image":{"@id":"https:\/\/inclusivenews.com.br\/?p=17222#primaryimage"},"thumbnailUrl":"http:\/\/blig.ig.com.br\/opiniaoturno2\/files\/2009\/05\/impressao-digital.jpg","datePublished":"2010-09-16T09:01:00+00:00","breadcrumb":{"@id":"https:\/\/inclusivenews.com.br\/?p=17222#breadcrumb"},"inLanguage":"pt-PT","potentialAction":[{"@type":"ReadAction","target":["https:\/\/inclusivenews.com.br\/?p=17222"]}]},{"@type":"ImageObject","inLanguage":"pt-PT","@id":"https:\/\/inclusivenews.com.br\/?p=17222#primaryimage","url":"http:\/\/blig.ig.com.br\/opiniaoturno2\/files\/2009\/05\/impressao-digital.jpg","contentUrl":"http:\/\/blig.ig.com.br\/opiniaoturno2\/files\/2009\/05\/impressao-digital.jpg"},{"@type":"BreadcrumbList","@id":"https:\/\/inclusivenews.com.br\/?p=17222#breadcrumb","itemListElement":[{"@type":"ListItem","position":1,"name":"In\u00edcio","item":"https:\/\/inclusivenews.com.br\/"},{"@type":"ListItem","position":2,"name":"Projeto que permite aos transexuais mudar o nome no registro civil \u00e9 tema de enquete"}]},{"@type":"WebSite","@id":"https:\/\/inclusivenews.com.br\/#website","url":"https:\/\/inclusivenews.com.br\/","name":"Inclusive News","description":"Inclusive News","publisher":{"@id":"https:\/\/inclusivenews.com.br\/#organization"},"potentialAction":[{"@type":"SearchAction","target":{"@type":"EntryPoint","urlTemplate":"https:\/\/inclusivenews.com.br\/?s={search_term_string}"},"query-input":{"@type":"PropertyValueSpecification","valueRequired":true,"valueName":"search_term_string"}}],"inLanguage":"pt-PT"},{"@type":"Organization","@id":"https:\/\/inclusivenews.com.br\/#organization","name":"Inclusive - inclus\u00e3o e cidadania","url":"https:\/\/inclusivenews.com.br\/","logo":{"@type":"ImageObject","inLanguage":"pt-PT","@id":"https:\/\/inclusivenews.com.br\/#\/schema\/logo\/image\/","url":"https:\/\/inclusivenews.com.br\/wp-content\/uploads\/2024\/03\/@grandesite.png","contentUrl":"https:\/\/inclusivenews.com.br\/wp-content\/uploads\/2024\/03\/@grandesite.png","width":1080,"height":1080,"caption":"Inclusive - inclus\u00e3o e cidadania"},"image":{"@id":"https:\/\/inclusivenews.com.br\/#\/schema\/logo\/image\/"},"sameAs":["https:\/\/www.facebook.com\/agenciainclusive\/","https:\/\/www.instagram.com\/newsinclusive\/"]},{"@type":"Person","@id":"https:\/\/inclusivenews.com.br\/#\/schema\/person\/ae4ec7087559b8692fb33b6fffd2273b","name":"inclusivenews2024","image":{"@type":"ImageObject","inLanguage":"pt-PT","@id":"https:\/\/secure.gravatar.com\/avatar\/c5a7ef84c66fa914f55bc4f7ce26cfa275a3b9a1c5568b907bd184fb4dde7b40?s=96&d=mm&r=g","url":"https:\/\/secure.gravatar.com\/avatar\/c5a7ef84c66fa914f55bc4f7ce26cfa275a3b9a1c5568b907bd184fb4dde7b40?s=96&d=mm&r=g","contentUrl":"https:\/\/secure.gravatar.com\/avatar\/c5a7ef84c66fa914f55bc4f7ce26cfa275a3b9a1c5568b907bd184fb4dde7b40?s=96&d=mm&r=g","caption":"inclusivenews2024"},"sameAs":["https:\/\/inclusivenews.com.br"],"url":"https:\/\/inclusivenews.com.br\/?author=1"}]}},"_links":{"self":[{"href":"https:\/\/inclusivenews.com.br\/index.php?rest_route=\/wp\/v2\/posts\/17222","targetHints":{"allow":["GET"]}}],"collection":[{"href":"https:\/\/inclusivenews.com.br\/index.php?rest_route=\/wp\/v2\/posts"}],"about":[{"href":"https:\/\/inclusivenews.com.br\/index.php?rest_route=\/wp\/v2\/types\/post"}],"author":[{"embeddable":true,"href":"https:\/\/inclusivenews.com.br\/index.php?rest_route=\/wp\/v2\/users\/1"}],"replies":[{"embeddable":true,"href":"https:\/\/inclusivenews.com.br\/index.php?rest_route=%2Fwp%2Fv2%2Fcomments&post=17222"}],"version-history":[{"count":0,"href":"https:\/\/inclusivenews.com.br\/index.php?rest_route=\/wp\/v2\/posts\/17222\/revisions"}],"wp:attachment":[{"href":"https:\/\/inclusivenews.com.br\/index.php?rest_route=%2Fwp%2Fv2%2Fmedia&parent=17222"}],"wp:term":[{"taxonomy":"category","embeddable":true,"href":"https:\/\/inclusivenews.com.br\/index.php?rest_route=%2Fwp%2Fv2%2Fcategories&post=17222"},{"taxonomy":"post_tag","embeddable":true,"href":"https:\/\/inclusivenews.com.br\/index.php?rest_route=%2Fwp%2Fv2%2Ftags&post=17222"}],"curies":[{"name":"wp","href":"https:\/\/api.w.org\/{rel}","templated":true}]}}