{"id":17241,"date":"2010-09-16T06:00:41","date_gmt":"2010-09-16T09:00:41","guid":{"rendered":"http:\/\/www.inclusive.org.br\/?p=17241"},"modified":"2010-09-16T06:00:41","modified_gmt":"2010-09-16T09:00:41","slug":"campina-grande-do-sul-se-torna-modelo-em-educacao-inclusiva","status":"publish","type":"post","link":"https:\/\/inclusivenews.com.br\/?p=17241","title":{"rendered":"Campina Grande do Sul se torna modelo em educa\u00e7\u00e3o inclusiva"},"content":{"rendered":"<p><a class=\"moz-txt-link-freetext\" href=\"http:\/\/agoraparana.uol.com.br\/images\/stories\/2009\/campina.jpg\"><\/a><a href=\"http:\/\/www.inclusivenews.com.br\/wp-content\/uploads\/2009\/12\/participacao.jpg\"><img loading=\"lazy\" decoding=\"async\" class=\"alignleft size-full wp-image-12981\" title=\"Inclusive - alunos fazendo arte e pinturas no ch\u00e3o.\" src=\"http:\/\/inclusivenews.com.br\/wp-content\/uploads\/2009\/12\/participacao.jpg\" alt=\"\" width=\"198\" height=\"147\" \/><\/a><\/p>\n<p>O princ\u00edpio democr\u00e1tico da educa\u00e7\u00e3o para todos s\u00f3 acontece nos sistemas educacionais que se especializam nos alunos de acordo com suas singularidades. Em Campina Grande do Sul, este desafio \u00e9 cumprido de forma exemplar. Com o segundo melhor \u00edndice de educa\u00e7\u00e3o inclusiva entre as cidades da \u00e1rea metropolitana norte, o trabalho desenvolvido no munic\u00edpio tem servido de modelo para a regi\u00e3o. \u201cEsta marca mostra a moderniza\u00e7\u00e3o do nosso ensino municipal, que tem se adaptado rapidamente \u00e0s diretrizes estabelecidas pelo Minist\u00e9rio da Educa\u00e7\u00e3o\u201d, aponta a secret\u00e1ria de Educa\u00e7\u00e3o, Eliane Zanetti.<\/p>\n<p>O sucesso da educa\u00e7\u00e3o inclusiva \u2013 coloca\u00e7\u00e3o de alunos com defici\u00eancia nas escolas regulares &#8211; decorre dos investimentos na adequa\u00e7\u00e3o das pr\u00e1ticas pedag\u00f3gicas \u00e0 diversidade dos estudantes, como explica a coordenadora da educa\u00e7\u00e3o inclusiva, Luize dos Santos. \u201cEste novo posicionamento implica em um esfor\u00e7o de atualiza\u00e7\u00e3o e reestrutura\u00e7\u00e3o das condi\u00e7\u00f5es atuais da maioria de nossas escolas. Temos alcan\u00e7ado essas adapta\u00e7\u00f5es de forma progressiva, dia ap\u00f3s dia\u201d.<\/p>\n<p>As escolas est\u00e3o cada vez mais aptas para responder \u00e0s necessidades de cada aluno. Os investimentos do munic\u00edpio s\u00e3o nos seguintes eixos: 1) capacita\u00e7\u00e3o de professores \u2013 as forma\u00e7\u00f5es continuadas t\u00eam abordado com frequ\u00eancia a tem\u00e1tica da educa\u00e7\u00e3o inclusiva; 2) \u00e1rea f\u00edsica \u2013 o programa de reforma das escolas est\u00e1 focado na quest\u00e3o da acessibilidade, e 3) estrutura pedag\u00f3gica \u2013 cinco das 12 escolas regulares possuem salas multifuncionais, devidamente equipadas para receber os alunos do Atendimento Educacional Especializado; e tr\u00eas Professores de Apoio Permanente (PAP), que acompanham exclusivamente as crian\u00e7as portadoras de autismo ou com defici\u00eancia f\u00edsica e comportamental.<\/p>\n<p><strong>Kit inclus\u00e3o<\/strong><br \/>\nA \u00faltima novidade que chegou para apoiar as atividades voltadas \u00e0 educa\u00e7\u00e3o inclusiva foi o chamado &#8216;kit inclus\u00e3o&#8217;, material pioneiro entregue pela Secretaria de Educa\u00e7\u00e3o nesta semana. O kit conta com importantes recursos pedag\u00f3gicos para crian\u00e7as com diferentes d\u00e9ficits &#8211; desde problemas de linguagem e dificuldades na escrita at\u00e9 defici\u00eancia auditiva e visual. Tudo de forma l\u00fadica, com livros de hist\u00f3rias e jogos. A assinatura da revista peri\u00f3dica &#8216;Inclus\u00e3o&#8217; tamb\u00e9m faz parte do kit.<\/p>\n<p>O prefeito Luiz Assun\u00e7\u00e3o destaca a necessidade de viabilizar a educa\u00e7\u00e3o inclusiva. \u201cPara atender aos princ\u00edpios deste novo modelo educacional, que \u00e9 inclusive exigido pela constitui\u00e7\u00e3o, sustentamos a luta pela inclus\u00e3o como uma nova perspectiva para as pessoas com defici\u00eancia. \u00c9, indiscutivelmente, um grande avan\u00e7o na qualidade de ensino\u201d.<br \/>\n_________________<\/p>\n<p><strong>Fonte:<\/strong> <a href=\"http:\/\/agoraparana.uol.com.br\/index.php\/cidade\/campina-grande-do-sul\/2077-campina-grande-do-sul-se-torna-modelo-em-educacao-inclusiva-.html\">Agora Paran\u00e1<\/a><\/p>\n","protected":false},"excerpt":{"rendered":"<p>Com o segundo melhor \u00edndice de educa\u00e7\u00e3o inclusiva entre as cidades da \u00e1rea metropolitana norte, o trabalho desenvolvido no munic\u00edpio tem servido de modelo para a regi\u00e3o. Do Agora Paran\u00e1.<\/p>\n","protected":false},"author":1,"featured_media":0,"comment_status":"open","ping_status":"open","sticky":false,"template":"","format":"standard","meta":{"site-container-style":"default","site-container-layout":"default","site-sidebar-layout":"default","disable-article-header":"default","disable-site-header":"default","disable-site-footer":"default","disable-content-area-spacing":"default","footnotes":""},"categories":[6,48,4],"tags":[],"class_list":["post-17241","post","type-post","status-publish","format-standard","hentry","category-educacao","category-inclusao","category-noticias"],"yoast_head":"<!-- This site is optimized with the Yoast SEO plugin v27.4 - https:\/\/yoast.com\/product\/yoast-seo-wordpress\/ -->\n<title>Campina Grande do Sul se torna modelo em educa\u00e7\u00e3o inclusiva -<\/title>\n<meta name=\"robots\" content=\"index, follow, max-snippet:-1, max-image-preview:large, max-video-preview:-1\" \/>\n<link rel=\"canonical\" href=\"https:\/\/inclusivenews.com.br\/?p=17241\" \/>\n<meta property=\"og:locale\" content=\"pt_PT\" \/>\n<meta property=\"og:type\" content=\"article\" \/>\n<meta property=\"og:title\" content=\"Campina Grande do Sul se torna modelo em educa\u00e7\u00e3o inclusiva -\" \/>\n<meta property=\"og:description\" content=\"Com o segundo melhor \u00edndice de educa\u00e7\u00e3o inclusiva entre as cidades da \u00e1rea metropolitana norte, o trabalho desenvolvido no munic\u00edpio tem servido de modelo para a regi\u00e3o. Do Agora Paran\u00e1.\" \/>\n<meta property=\"og:url\" content=\"https:\/\/inclusivenews.com.br\/?p=17241\" \/>\n<meta property=\"article:publisher\" content=\"https:\/\/www.facebook.com\/agenciainclusive\/\" \/>\n<meta property=\"article:published_time\" content=\"2010-09-16T09:00:41+00:00\" \/>\n<meta property=\"og:image\" content=\"http:\/\/inclusivenews.com.br\/wp-content\/uploads\/2009\/12\/participacao.jpg\" \/>\n<meta name=\"author\" content=\"inclusivenews2024\" \/>\n<meta name=\"twitter:card\" content=\"summary_large_image\" \/>\n<meta name=\"twitter:label1\" content=\"Escrito por\" \/>\n\t<meta name=\"twitter:data1\" content=\"inclusivenews2024\" \/>\n\t<meta name=\"twitter:label2\" content=\"Tempo estimado de leitura\" \/>\n\t<meta name=\"twitter:data2\" content=\"2 minutos\" \/>\n<script type=\"application\/ld+json\" class=\"yoast-schema-graph\">{\"@context\":\"https:\\\/\\\/schema.org\",\"@graph\":[{\"@type\":\"Article\",\"@id\":\"https:\\\/\\\/inclusivenews.com.br\\\/?p=17241#article\",\"isPartOf\":{\"@id\":\"https:\\\/\\\/inclusivenews.com.br\\\/?p=17241\"},\"author\":{\"name\":\"inclusivenews2024\",\"@id\":\"https:\\\/\\\/inclusivenews.com.br\\\/#\\\/schema\\\/person\\\/ae4ec7087559b8692fb33b6fffd2273b\"},\"headline\":\"Campina Grande do Sul se torna modelo em educa\u00e7\u00e3o inclusiva\",\"datePublished\":\"2010-09-16T09:00:41+00:00\",\"mainEntityOfPage\":{\"@id\":\"https:\\\/\\\/inclusivenews.com.br\\\/?p=17241\"},\"wordCount\":441,\"commentCount\":1,\"publisher\":{\"@id\":\"https:\\\/\\\/inclusivenews.com.br\\\/#organization\"},\"image\":{\"@id\":\"https:\\\/\\\/inclusivenews.com.br\\\/?p=17241#primaryimage\"},\"thumbnailUrl\":\"http:\\\/\\\/inclusivenews.com.br\\\/wp-content\\\/uploads\\\/2009\\\/12\\\/participacao.jpg\",\"articleSection\":[\"EDUCA\u00c7\u00c3O\",\"INCLUS\u00c3O SOCIAL\",\"NOT\u00cdCIAS\"],\"inLanguage\":\"pt-PT\",\"potentialAction\":[{\"@type\":\"CommentAction\",\"name\":\"Comment\",\"target\":[\"https:\\\/\\\/inclusivenews.com.br\\\/?p=17241#respond\"]}]},{\"@type\":\"WebPage\",\"@id\":\"https:\\\/\\\/inclusivenews.com.br\\\/?p=17241\",\"url\":\"https:\\\/\\\/inclusivenews.com.br\\\/?p=17241\",\"name\":\"Campina Grande do Sul se torna modelo em educa\u00e7\u00e3o inclusiva -\",\"isPartOf\":{\"@id\":\"https:\\\/\\\/inclusivenews.com.br\\\/#website\"},\"primaryImageOfPage\":{\"@id\":\"https:\\\/\\\/inclusivenews.com.br\\\/?p=17241#primaryimage\"},\"image\":{\"@id\":\"https:\\\/\\\/inclusivenews.com.br\\\/?p=17241#primaryimage\"},\"thumbnailUrl\":\"http:\\\/\\\/inclusivenews.com.br\\\/wp-content\\\/uploads\\\/2009\\\/12\\\/participacao.jpg\",\"datePublished\":\"2010-09-16T09:00:41+00:00\",\"breadcrumb\":{\"@id\":\"https:\\\/\\\/inclusivenews.com.br\\\/?p=17241#breadcrumb\"},\"inLanguage\":\"pt-PT\",\"potentialAction\":[{\"@type\":\"ReadAction\",\"target\":[\"https:\\\/\\\/inclusivenews.com.br\\\/?p=17241\"]}]},{\"@type\":\"ImageObject\",\"inLanguage\":\"pt-PT\",\"@id\":\"https:\\\/\\\/inclusivenews.com.br\\\/?p=17241#primaryimage\",\"url\":\"\",\"contentUrl\":\"\"},{\"@type\":\"BreadcrumbList\",\"@id\":\"https:\\\/\\\/inclusivenews.com.br\\\/?p=17241#breadcrumb\",\"itemListElement\":[{\"@type\":\"ListItem\",\"position\":1,\"name\":\"In\u00edcio\",\"item\":\"https:\\\/\\\/inclusivenews.com.br\\\/\"},{\"@type\":\"ListItem\",\"position\":2,\"name\":\"Campina Grande do Sul se torna modelo em educa\u00e7\u00e3o inclusiva\"}]},{\"@type\":\"WebSite\",\"@id\":\"https:\\\/\\\/inclusivenews.com.br\\\/#website\",\"url\":\"https:\\\/\\\/inclusivenews.com.br\\\/\",\"name\":\"Inclusive News\",\"description\":\"Inclusive News\",\"publisher\":{\"@id\":\"https:\\\/\\\/inclusivenews.com.br\\\/#organization\"},\"potentialAction\":[{\"@type\":\"SearchAction\",\"target\":{\"@type\":\"EntryPoint\",\"urlTemplate\":\"https:\\\/\\\/inclusivenews.com.br\\\/?s={search_term_string}\"},\"query-input\":{\"@type\":\"PropertyValueSpecification\",\"valueRequired\":true,\"valueName\":\"search_term_string\"}}],\"inLanguage\":\"pt-PT\"},{\"@type\":\"Organization\",\"@id\":\"https:\\\/\\\/inclusivenews.com.br\\\/#organization\",\"name\":\"Inclusive - inclus\u00e3o e cidadania\",\"url\":\"https:\\\/\\\/inclusivenews.com.br\\\/\",\"logo\":{\"@type\":\"ImageObject\",\"inLanguage\":\"pt-PT\",\"@id\":\"https:\\\/\\\/inclusivenews.com.br\\\/#\\\/schema\\\/logo\\\/image\\\/\",\"url\":\"https:\\\/\\\/inclusivenews.com.br\\\/wp-content\\\/uploads\\\/2024\\\/03\\\/@grandesite.png\",\"contentUrl\":\"https:\\\/\\\/inclusivenews.com.br\\\/wp-content\\\/uploads\\\/2024\\\/03\\\/@grandesite.png\",\"width\":1080,\"height\":1080,\"caption\":\"Inclusive - inclus\u00e3o e cidadania\"},\"image\":{\"@id\":\"https:\\\/\\\/inclusivenews.com.br\\\/#\\\/schema\\\/logo\\\/image\\\/\"},\"sameAs\":[\"https:\\\/\\\/www.facebook.com\\\/agenciainclusive\\\/\",\"https:\\\/\\\/www.instagram.com\\\/newsinclusive\\\/\"]},{\"@type\":\"Person\",\"@id\":\"https:\\\/\\\/inclusivenews.com.br\\\/#\\\/schema\\\/person\\\/ae4ec7087559b8692fb33b6fffd2273b\",\"name\":\"inclusivenews2024\",\"image\":{\"@type\":\"ImageObject\",\"inLanguage\":\"pt-PT\",\"@id\":\"https:\\\/\\\/secure.gravatar.com\\\/avatar\\\/c5a7ef84c66fa914f55bc4f7ce26cfa275a3b9a1c5568b907bd184fb4dde7b40?s=96&d=mm&r=g\",\"url\":\"https:\\\/\\\/secure.gravatar.com\\\/avatar\\\/c5a7ef84c66fa914f55bc4f7ce26cfa275a3b9a1c5568b907bd184fb4dde7b40?s=96&d=mm&r=g\",\"contentUrl\":\"https:\\\/\\\/secure.gravatar.com\\\/avatar\\\/c5a7ef84c66fa914f55bc4f7ce26cfa275a3b9a1c5568b907bd184fb4dde7b40?s=96&d=mm&r=g\",\"caption\":\"inclusivenews2024\"},\"sameAs\":[\"https:\\\/\\\/inclusivenews.com.br\"],\"url\":\"https:\\\/\\\/inclusivenews.com.br\\\/?author=1\"}]}<\/script>\n<!-- \/ Yoast SEO plugin. -->","yoast_head_json":{"title":"Campina Grande do Sul se torna modelo em educa\u00e7\u00e3o inclusiva -","robots":{"index":"index","follow":"follow","max-snippet":"max-snippet:-1","max-image-preview":"max-image-preview:large","max-video-preview":"max-video-preview:-1"},"canonical":"https:\/\/inclusivenews.com.br\/?p=17241","og_locale":"pt_PT","og_type":"article","og_title":"Campina Grande do Sul se torna modelo em educa\u00e7\u00e3o inclusiva -","og_description":"Com o segundo melhor \u00edndice de educa\u00e7\u00e3o inclusiva entre as cidades da \u00e1rea metropolitana norte, o trabalho desenvolvido no munic\u00edpio tem servido de modelo para a regi\u00e3o. Do Agora Paran\u00e1.","og_url":"https:\/\/inclusivenews.com.br\/?p=17241","article_publisher":"https:\/\/www.facebook.com\/agenciainclusive\/","article_published_time":"2010-09-16T09:00:41+00:00","og_image":[{"url":"http:\/\/inclusivenews.com.br\/wp-content\/uploads\/2009\/12\/participacao.jpg","type":"","width":"","height":""}],"author":"inclusivenews2024","twitter_card":"summary_large_image","twitter_misc":{"Escrito por":"inclusivenews2024","Tempo estimado de leitura":"2 minutos"},"schema":{"@context":"https:\/\/schema.org","@graph":[{"@type":"Article","@id":"https:\/\/inclusivenews.com.br\/?p=17241#article","isPartOf":{"@id":"https:\/\/inclusivenews.com.br\/?p=17241"},"author":{"name":"inclusivenews2024","@id":"https:\/\/inclusivenews.com.br\/#\/schema\/person\/ae4ec7087559b8692fb33b6fffd2273b"},"headline":"Campina Grande do Sul se torna modelo em educa\u00e7\u00e3o inclusiva","datePublished":"2010-09-16T09:00:41+00:00","mainEntityOfPage":{"@id":"https:\/\/inclusivenews.com.br\/?p=17241"},"wordCount":441,"commentCount":1,"publisher":{"@id":"https:\/\/inclusivenews.com.br\/#organization"},"image":{"@id":"https:\/\/inclusivenews.com.br\/?p=17241#primaryimage"},"thumbnailUrl":"http:\/\/inclusivenews.com.br\/wp-content\/uploads\/2009\/12\/participacao.jpg","articleSection":["EDUCA\u00c7\u00c3O","INCLUS\u00c3O SOCIAL","NOT\u00cdCIAS"],"inLanguage":"pt-PT","potentialAction":[{"@type":"CommentAction","name":"Comment","target":["https:\/\/inclusivenews.com.br\/?p=17241#respond"]}]},{"@type":"WebPage","@id":"https:\/\/inclusivenews.com.br\/?p=17241","url":"https:\/\/inclusivenews.com.br\/?p=17241","name":"Campina Grande do Sul se torna modelo em educa\u00e7\u00e3o inclusiva -","isPartOf":{"@id":"https:\/\/inclusivenews.com.br\/#website"},"primaryImageOfPage":{"@id":"https:\/\/inclusivenews.com.br\/?p=17241#primaryimage"},"image":{"@id":"https:\/\/inclusivenews.com.br\/?p=17241#primaryimage"},"thumbnailUrl":"http:\/\/inclusivenews.com.br\/wp-content\/uploads\/2009\/12\/participacao.jpg","datePublished":"2010-09-16T09:00:41+00:00","breadcrumb":{"@id":"https:\/\/inclusivenews.com.br\/?p=17241#breadcrumb"},"inLanguage":"pt-PT","potentialAction":[{"@type":"ReadAction","target":["https:\/\/inclusivenews.com.br\/?p=17241"]}]},{"@type":"ImageObject","inLanguage":"pt-PT","@id":"https:\/\/inclusivenews.com.br\/?p=17241#primaryimage","url":"","contentUrl":""},{"@type":"BreadcrumbList","@id":"https:\/\/inclusivenews.com.br\/?p=17241#breadcrumb","itemListElement":[{"@type":"ListItem","position":1,"name":"In\u00edcio","item":"https:\/\/inclusivenews.com.br\/"},{"@type":"ListItem","position":2,"name":"Campina Grande do Sul se torna modelo em educa\u00e7\u00e3o inclusiva"}]},{"@type":"WebSite","@id":"https:\/\/inclusivenews.com.br\/#website","url":"https:\/\/inclusivenews.com.br\/","name":"Inclusive News","description":"Inclusive News","publisher":{"@id":"https:\/\/inclusivenews.com.br\/#organization"},"potentialAction":[{"@type":"SearchAction","target":{"@type":"EntryPoint","urlTemplate":"https:\/\/inclusivenews.com.br\/?s={search_term_string}"},"query-input":{"@type":"PropertyValueSpecification","valueRequired":true,"valueName":"search_term_string"}}],"inLanguage":"pt-PT"},{"@type":"Organization","@id":"https:\/\/inclusivenews.com.br\/#organization","name":"Inclusive - inclus\u00e3o e cidadania","url":"https:\/\/inclusivenews.com.br\/","logo":{"@type":"ImageObject","inLanguage":"pt-PT","@id":"https:\/\/inclusivenews.com.br\/#\/schema\/logo\/image\/","url":"https:\/\/inclusivenews.com.br\/wp-content\/uploads\/2024\/03\/@grandesite.png","contentUrl":"https:\/\/inclusivenews.com.br\/wp-content\/uploads\/2024\/03\/@grandesite.png","width":1080,"height":1080,"caption":"Inclusive - inclus\u00e3o e cidadania"},"image":{"@id":"https:\/\/inclusivenews.com.br\/#\/schema\/logo\/image\/"},"sameAs":["https:\/\/www.facebook.com\/agenciainclusive\/","https:\/\/www.instagram.com\/newsinclusive\/"]},{"@type":"Person","@id":"https:\/\/inclusivenews.com.br\/#\/schema\/person\/ae4ec7087559b8692fb33b6fffd2273b","name":"inclusivenews2024","image":{"@type":"ImageObject","inLanguage":"pt-PT","@id":"https:\/\/secure.gravatar.com\/avatar\/c5a7ef84c66fa914f55bc4f7ce26cfa275a3b9a1c5568b907bd184fb4dde7b40?s=96&d=mm&r=g","url":"https:\/\/secure.gravatar.com\/avatar\/c5a7ef84c66fa914f55bc4f7ce26cfa275a3b9a1c5568b907bd184fb4dde7b40?s=96&d=mm&r=g","contentUrl":"https:\/\/secure.gravatar.com\/avatar\/c5a7ef84c66fa914f55bc4f7ce26cfa275a3b9a1c5568b907bd184fb4dde7b40?s=96&d=mm&r=g","caption":"inclusivenews2024"},"sameAs":["https:\/\/inclusivenews.com.br"],"url":"https:\/\/inclusivenews.com.br\/?author=1"}]}},"_links":{"self":[{"href":"https:\/\/inclusivenews.com.br\/index.php?rest_route=\/wp\/v2\/posts\/17241","targetHints":{"allow":["GET"]}}],"collection":[{"href":"https:\/\/inclusivenews.com.br\/index.php?rest_route=\/wp\/v2\/posts"}],"about":[{"href":"https:\/\/inclusivenews.com.br\/index.php?rest_route=\/wp\/v2\/types\/post"}],"author":[{"embeddable":true,"href":"https:\/\/inclusivenews.com.br\/index.php?rest_route=\/wp\/v2\/users\/1"}],"replies":[{"embeddable":true,"href":"https:\/\/inclusivenews.com.br\/index.php?rest_route=%2Fwp%2Fv2%2Fcomments&post=17241"}],"version-history":[{"count":0,"href":"https:\/\/inclusivenews.com.br\/index.php?rest_route=\/wp\/v2\/posts\/17241\/revisions"}],"wp:attachment":[{"href":"https:\/\/inclusivenews.com.br\/index.php?rest_route=%2Fwp%2Fv2%2Fmedia&parent=17241"}],"wp:term":[{"taxonomy":"category","embeddable":true,"href":"https:\/\/inclusivenews.com.br\/index.php?rest_route=%2Fwp%2Fv2%2Fcategories&post=17241"},{"taxonomy":"post_tag","embeddable":true,"href":"https:\/\/inclusivenews.com.br\/index.php?rest_route=%2Fwp%2Fv2%2Ftags&post=17241"}],"curies":[{"name":"wp","href":"https:\/\/api.w.org\/{rel}","templated":true}]}}