{"id":17243,"date":"2010-09-16T06:13:46","date_gmt":"2010-09-16T09:13:46","guid":{"rendered":"http:\/\/www.inclusive.org.br\/?p=17243"},"modified":"2010-09-16T06:13:46","modified_gmt":"2010-09-16T09:13:46","slug":"dicionario-de-direitos-humanos","status":"publish","type":"post","link":"https:\/\/inclusivenews.com.br\/?p=17243","title":{"rendered":"Dicion\u00e1rio de Direitos Humanos"},"content":{"rendered":"<figure id=\"attachment_17272\" aria-describedby=\"caption-attachment-17272\" style=\"width: 219px\" class=\"wp-caption alignleft\"><a href=\"http:\/\/www.inclusivenews.com.br\/wp-content\/uploads\/2010\/09\/dicionario_esmpu.jpg\"><img loading=\"lazy\" decoding=\"async\" class=\"size-full wp-image-17272\" title=\"Logo do dicion\u00e1rio, ilustra\u00e7\u00e3o de pessoas de m\u00e3os dadas\" src=\"http:\/\/inclusivenews.com.br\/wp-content\/uploads\/2010\/09\/dicionario_esmpu.jpg\" alt=\"\" width=\"219\" height=\"140\" \/><\/a><figcaption id=\"caption-attachment-17272\" class=\"wp-caption-text\"> <\/figcaption><\/figure>\n<p><em>Organizado sobre uma plataforma wiki, o Dicion\u00e1rio de Direitos Humanos da ESMPU &#8211; Escola Superior do Minist\u00e9rio P\u00fablico da Uni\u00e3o resulta de um esfor\u00e7o colaborativo in\u00e9dito no Brasil. \u00c9 a dica de navega\u00e7\u00e3o da Inclusive desta semana.<\/em><\/p>\n<p><a href=\"http:\/\/www.esmpu.gov.br\/dicionario\/tiki-index.php\"><\/a>Dicion\u00e1rio \u00e9 cole\u00e7\u00e3o de palavras, como ensinam os pr\u00f3prios dicion\u00e1rios. Este Dicion\u00e1rio de Direitos Humanos apresenta defini\u00e7\u00f5es e informa\u00e7\u00f5es sobre os termos que possibilitam a articula\u00e7\u00e3o de id\u00e9ias utilizadas na concretiza\u00e7\u00e3o dos direitos humanos. Embora os direitos sejam inerentes ao ser humano, o processo que os concretiza, na hist\u00f3ria, \u00e9 cont\u00ednuo e, constantemente, aperfei\u00e7oado. E cria-se, assim, cada vez mais, um repert\u00f3rio de linguagem para a aplica\u00e7\u00e3o dos direitos humanos, nas diversas esferas da sociedade.<\/p>\n<p>Nesse processo cont\u00ednuo de constru\u00e7\u00e3o social dos diversos e poss\u00edveis significados que possam estar contidos no termo &#8220;direitos humanos&#8221;, a relev\u00e2ncia do pr\u00f3prio objeto do estudo \u00e9 refor\u00e7ada seja pela abordagem que se faz dele por meio da indica\u00e7\u00e3o de seu conceito em obra como esta, seja pela necessidade de se estar sempre e sempre a escrever sobre direitos humanos. A vigil\u00e2ncia para que sua efic\u00e1cia n\u00e3o seja combalida, ou mesmo questionada, decorre desse processo de escritura e registro de seus incont\u00e1veis significados, vale dizer, ao Minist\u00e9rio P\u00fablico, al\u00e9m de sua constitucional atua\u00e7\u00e3o extra e judicial em prol dos direitos humanos, cabe tamb\u00e9m o exerc\u00edcio, junto \u00e0 sociedade, de promo\u00e7\u00e3o desses direitos denominados fundamentais: da\u00ed este dicion\u00e1rio.<\/p>\n<p>H\u00e1, nesta compila\u00e7\u00e3o, termos espec\u00edficos, relacionados aos direitos humanos, criados nas \u00e1reas do direito, da comunica\u00e7\u00e3o, das ci\u00eancias sociais, da filosofia, da economia, da biologia, escritos por especialistas.<\/p>\n<p>Este dicion\u00e1rio, assim como o repert\u00f3rio de direitos humanos, \u00e9 constru\u00eddo aos poucos, mediante a colabora\u00e7\u00e3o constante de membros do Minist\u00e9rio P\u00fablico e da sociedade especializados e acostumados com o uso da terminologia adequada \u00e0 efetiva implementa\u00e7\u00e3o e reconhecimento dos direitos do homem.<\/p>\n<p><strong>Conhe\u00e7a o Dicion\u00e1rio de Direitos Humanos em<\/strong> <a href=\"http:\/\/www.esmpu.gov.br\/dicionario\/tiki-index.php\"><strong>http:\/\/www.esmpu.gov.br\/dicionario\/tiki-index.php<\/strong><\/a><\/p>\n","protected":false},"excerpt":{"rendered":"<p>Organizado sobre uma plataforma wiki, o Dicion\u00e1rio de Direitos Humanos da ESMPU &#8211; Escola Superior do Minist\u00e9rio P\u00fablico da Uni\u00e3o resulta de um esfor\u00e7o colaborativo in\u00e9dito no Brasil. \u00c9 a dica de navega\u00e7\u00e3o da Inclusive nesta semana.<\/p>\n","protected":false},"author":1,"featured_media":0,"comment_status":"open","ping_status":"open","sticky":false,"template":"","format":"standard","meta":{"site-container-style":"default","site-container-layout":"default","site-sidebar-layout":"default","disable-article-header":"default","disable-site-header":"default","disable-site-footer":"default","disable-content-area-spacing":"default","footnotes":""},"categories":[54,4,10],"tags":[],"class_list":["post-17243","post","type-post","status-publish","format-standard","hentry","category-blogs-e-webs","category-noticias","category-publicacoes"],"yoast_head":"<!-- This site is optimized with the Yoast SEO plugin v27.4 - https:\/\/yoast.com\/product\/yoast-seo-wordpress\/ -->\n<title>Dicion\u00e1rio de Direitos Humanos -<\/title>\n<meta name=\"robots\" content=\"index, follow, max-snippet:-1, max-image-preview:large, max-video-preview:-1\" \/>\n<link rel=\"canonical\" href=\"https:\/\/inclusivenews.com.br\/?p=17243\" \/>\n<meta property=\"og:locale\" content=\"pt_PT\" \/>\n<meta property=\"og:type\" content=\"article\" \/>\n<meta property=\"og:title\" content=\"Dicion\u00e1rio de Direitos Humanos -\" \/>\n<meta property=\"og:description\" content=\"Organizado sobre uma plataforma wiki, o Dicion\u00e1rio de Direitos Humanos da ESMPU - Escola Superior do Minist\u00e9rio P\u00fablico da Uni\u00e3o resulta de um esfor\u00e7o colaborativo in\u00e9dito no Brasil. \u00c9 a dica de navega\u00e7\u00e3o da Inclusive nesta semana.\" \/>\n<meta property=\"og:url\" content=\"https:\/\/inclusivenews.com.br\/?p=17243\" \/>\n<meta property=\"article:publisher\" content=\"https:\/\/www.facebook.com\/agenciainclusive\/\" \/>\n<meta property=\"article:published_time\" content=\"2010-09-16T09:13:46+00:00\" \/>\n<meta property=\"og:image\" content=\"http:\/\/inclusivenews.com.br\/wp-content\/uploads\/2010\/09\/dicionario_esmpu.jpg\" \/>\n<meta name=\"author\" content=\"inclusivenews2024\" \/>\n<meta name=\"twitter:card\" content=\"summary_large_image\" \/>\n<meta name=\"twitter:label1\" content=\"Escrito por\" \/>\n\t<meta name=\"twitter:data1\" content=\"inclusivenews2024\" \/>\n\t<meta name=\"twitter:label2\" content=\"Tempo estimado de leitura\" \/>\n\t<meta name=\"twitter:data2\" content=\"2 minutos\" \/>\n<script type=\"application\/ld+json\" class=\"yoast-schema-graph\">{\"@context\":\"https:\\\/\\\/schema.org\",\"@graph\":[{\"@type\":\"Article\",\"@id\":\"https:\\\/\\\/inclusivenews.com.br\\\/?p=17243#article\",\"isPartOf\":{\"@id\":\"https:\\\/\\\/inclusivenews.com.br\\\/?p=17243\"},\"author\":{\"name\":\"inclusivenews2024\",\"@id\":\"https:\\\/\\\/inclusivenews.com.br\\\/#\\\/schema\\\/person\\\/ae4ec7087559b8692fb33b6fffd2273b\"},\"headline\":\"Dicion\u00e1rio de Direitos Humanos\",\"datePublished\":\"2010-09-16T09:13:46+00:00\",\"mainEntityOfPage\":{\"@id\":\"https:\\\/\\\/inclusivenews.com.br\\\/?p=17243\"},\"wordCount\":375,\"commentCount\":1,\"publisher\":{\"@id\":\"https:\\\/\\\/inclusivenews.com.br\\\/#organization\"},\"image\":{\"@id\":\"https:\\\/\\\/inclusivenews.com.br\\\/?p=17243#primaryimage\"},\"thumbnailUrl\":\"http:\\\/\\\/inclusivenews.com.br\\\/wp-content\\\/uploads\\\/2010\\\/09\\\/dicionario_esmpu.jpg\",\"articleSection\":[\"Blogs e Webs\",\"NOT\u00cdCIAS\",\"PUBLICA\u00c7\u00d5ES\"],\"inLanguage\":\"pt-PT\",\"potentialAction\":[{\"@type\":\"CommentAction\",\"name\":\"Comment\",\"target\":[\"https:\\\/\\\/inclusivenews.com.br\\\/?p=17243#respond\"]}]},{\"@type\":\"WebPage\",\"@id\":\"https:\\\/\\\/inclusivenews.com.br\\\/?p=17243\",\"url\":\"https:\\\/\\\/inclusivenews.com.br\\\/?p=17243\",\"name\":\"Dicion\u00e1rio de Direitos Humanos -\",\"isPartOf\":{\"@id\":\"https:\\\/\\\/inclusivenews.com.br\\\/#website\"},\"primaryImageOfPage\":{\"@id\":\"https:\\\/\\\/inclusivenews.com.br\\\/?p=17243#primaryimage\"},\"image\":{\"@id\":\"https:\\\/\\\/inclusivenews.com.br\\\/?p=17243#primaryimage\"},\"thumbnailUrl\":\"http:\\\/\\\/inclusivenews.com.br\\\/wp-content\\\/uploads\\\/2010\\\/09\\\/dicionario_esmpu.jpg\",\"datePublished\":\"2010-09-16T09:13:46+00:00\",\"breadcrumb\":{\"@id\":\"https:\\\/\\\/inclusivenews.com.br\\\/?p=17243#breadcrumb\"},\"inLanguage\":\"pt-PT\",\"potentialAction\":[{\"@type\":\"ReadAction\",\"target\":[\"https:\\\/\\\/inclusivenews.com.br\\\/?p=17243\"]}]},{\"@type\":\"ImageObject\",\"inLanguage\":\"pt-PT\",\"@id\":\"https:\\\/\\\/inclusivenews.com.br\\\/?p=17243#primaryimage\",\"url\":\"\",\"contentUrl\":\"\"},{\"@type\":\"BreadcrumbList\",\"@id\":\"https:\\\/\\\/inclusivenews.com.br\\\/?p=17243#breadcrumb\",\"itemListElement\":[{\"@type\":\"ListItem\",\"position\":1,\"name\":\"In\u00edcio\",\"item\":\"https:\\\/\\\/inclusivenews.com.br\\\/\"},{\"@type\":\"ListItem\",\"position\":2,\"name\":\"Dicion\u00e1rio de Direitos Humanos\"}]},{\"@type\":\"WebSite\",\"@id\":\"https:\\\/\\\/inclusivenews.com.br\\\/#website\",\"url\":\"https:\\\/\\\/inclusivenews.com.br\\\/\",\"name\":\"Inclusive News\",\"description\":\"Inclusive News\",\"publisher\":{\"@id\":\"https:\\\/\\\/inclusivenews.com.br\\\/#organization\"},\"potentialAction\":[{\"@type\":\"SearchAction\",\"target\":{\"@type\":\"EntryPoint\",\"urlTemplate\":\"https:\\\/\\\/inclusivenews.com.br\\\/?s={search_term_string}\"},\"query-input\":{\"@type\":\"PropertyValueSpecification\",\"valueRequired\":true,\"valueName\":\"search_term_string\"}}],\"inLanguage\":\"pt-PT\"},{\"@type\":\"Organization\",\"@id\":\"https:\\\/\\\/inclusivenews.com.br\\\/#organization\",\"name\":\"Inclusive - inclus\u00e3o e cidadania\",\"url\":\"https:\\\/\\\/inclusivenews.com.br\\\/\",\"logo\":{\"@type\":\"ImageObject\",\"inLanguage\":\"pt-PT\",\"@id\":\"https:\\\/\\\/inclusivenews.com.br\\\/#\\\/schema\\\/logo\\\/image\\\/\",\"url\":\"https:\\\/\\\/inclusivenews.com.br\\\/wp-content\\\/uploads\\\/2024\\\/03\\\/@grandesite.png\",\"contentUrl\":\"https:\\\/\\\/inclusivenews.com.br\\\/wp-content\\\/uploads\\\/2024\\\/03\\\/@grandesite.png\",\"width\":1080,\"height\":1080,\"caption\":\"Inclusive - inclus\u00e3o e cidadania\"},\"image\":{\"@id\":\"https:\\\/\\\/inclusivenews.com.br\\\/#\\\/schema\\\/logo\\\/image\\\/\"},\"sameAs\":[\"https:\\\/\\\/www.facebook.com\\\/agenciainclusive\\\/\",\"https:\\\/\\\/www.instagram.com\\\/newsinclusive\\\/\"]},{\"@type\":\"Person\",\"@id\":\"https:\\\/\\\/inclusivenews.com.br\\\/#\\\/schema\\\/person\\\/ae4ec7087559b8692fb33b6fffd2273b\",\"name\":\"inclusivenews2024\",\"image\":{\"@type\":\"ImageObject\",\"inLanguage\":\"pt-PT\",\"@id\":\"https:\\\/\\\/secure.gravatar.com\\\/avatar\\\/c5a7ef84c66fa914f55bc4f7ce26cfa275a3b9a1c5568b907bd184fb4dde7b40?s=96&d=mm&r=g\",\"url\":\"https:\\\/\\\/secure.gravatar.com\\\/avatar\\\/c5a7ef84c66fa914f55bc4f7ce26cfa275a3b9a1c5568b907bd184fb4dde7b40?s=96&d=mm&r=g\",\"contentUrl\":\"https:\\\/\\\/secure.gravatar.com\\\/avatar\\\/c5a7ef84c66fa914f55bc4f7ce26cfa275a3b9a1c5568b907bd184fb4dde7b40?s=96&d=mm&r=g\",\"caption\":\"inclusivenews2024\"},\"sameAs\":[\"https:\\\/\\\/inclusivenews.com.br\"],\"url\":\"https:\\\/\\\/inclusivenews.com.br\\\/?author=1\"}]}<\/script>\n<!-- \/ Yoast SEO plugin. -->","yoast_head_json":{"title":"Dicion\u00e1rio de Direitos Humanos -","robots":{"index":"index","follow":"follow","max-snippet":"max-snippet:-1","max-image-preview":"max-image-preview:large","max-video-preview":"max-video-preview:-1"},"canonical":"https:\/\/inclusivenews.com.br\/?p=17243","og_locale":"pt_PT","og_type":"article","og_title":"Dicion\u00e1rio de Direitos Humanos -","og_description":"Organizado sobre uma plataforma wiki, o Dicion\u00e1rio de Direitos Humanos da ESMPU - Escola Superior do Minist\u00e9rio P\u00fablico da Uni\u00e3o resulta de um esfor\u00e7o colaborativo in\u00e9dito no Brasil. \u00c9 a dica de navega\u00e7\u00e3o da Inclusive nesta semana.","og_url":"https:\/\/inclusivenews.com.br\/?p=17243","article_publisher":"https:\/\/www.facebook.com\/agenciainclusive\/","article_published_time":"2010-09-16T09:13:46+00:00","og_image":[{"url":"http:\/\/inclusivenews.com.br\/wp-content\/uploads\/2010\/09\/dicionario_esmpu.jpg","type":"","width":"","height":""}],"author":"inclusivenews2024","twitter_card":"summary_large_image","twitter_misc":{"Escrito por":"inclusivenews2024","Tempo estimado de leitura":"2 minutos"},"schema":{"@context":"https:\/\/schema.org","@graph":[{"@type":"Article","@id":"https:\/\/inclusivenews.com.br\/?p=17243#article","isPartOf":{"@id":"https:\/\/inclusivenews.com.br\/?p=17243"},"author":{"name":"inclusivenews2024","@id":"https:\/\/inclusivenews.com.br\/#\/schema\/person\/ae4ec7087559b8692fb33b6fffd2273b"},"headline":"Dicion\u00e1rio de Direitos Humanos","datePublished":"2010-09-16T09:13:46+00:00","mainEntityOfPage":{"@id":"https:\/\/inclusivenews.com.br\/?p=17243"},"wordCount":375,"commentCount":1,"publisher":{"@id":"https:\/\/inclusivenews.com.br\/#organization"},"image":{"@id":"https:\/\/inclusivenews.com.br\/?p=17243#primaryimage"},"thumbnailUrl":"http:\/\/inclusivenews.com.br\/wp-content\/uploads\/2010\/09\/dicionario_esmpu.jpg","articleSection":["Blogs e Webs","NOT\u00cdCIAS","PUBLICA\u00c7\u00d5ES"],"inLanguage":"pt-PT","potentialAction":[{"@type":"CommentAction","name":"Comment","target":["https:\/\/inclusivenews.com.br\/?p=17243#respond"]}]},{"@type":"WebPage","@id":"https:\/\/inclusivenews.com.br\/?p=17243","url":"https:\/\/inclusivenews.com.br\/?p=17243","name":"Dicion\u00e1rio de Direitos Humanos -","isPartOf":{"@id":"https:\/\/inclusivenews.com.br\/#website"},"primaryImageOfPage":{"@id":"https:\/\/inclusivenews.com.br\/?p=17243#primaryimage"},"image":{"@id":"https:\/\/inclusivenews.com.br\/?p=17243#primaryimage"},"thumbnailUrl":"http:\/\/inclusivenews.com.br\/wp-content\/uploads\/2010\/09\/dicionario_esmpu.jpg","datePublished":"2010-09-16T09:13:46+00:00","breadcrumb":{"@id":"https:\/\/inclusivenews.com.br\/?p=17243#breadcrumb"},"inLanguage":"pt-PT","potentialAction":[{"@type":"ReadAction","target":["https:\/\/inclusivenews.com.br\/?p=17243"]}]},{"@type":"ImageObject","inLanguage":"pt-PT","@id":"https:\/\/inclusivenews.com.br\/?p=17243#primaryimage","url":"","contentUrl":""},{"@type":"BreadcrumbList","@id":"https:\/\/inclusivenews.com.br\/?p=17243#breadcrumb","itemListElement":[{"@type":"ListItem","position":1,"name":"In\u00edcio","item":"https:\/\/inclusivenews.com.br\/"},{"@type":"ListItem","position":2,"name":"Dicion\u00e1rio de Direitos Humanos"}]},{"@type":"WebSite","@id":"https:\/\/inclusivenews.com.br\/#website","url":"https:\/\/inclusivenews.com.br\/","name":"Inclusive News","description":"Inclusive News","publisher":{"@id":"https:\/\/inclusivenews.com.br\/#organization"},"potentialAction":[{"@type":"SearchAction","target":{"@type":"EntryPoint","urlTemplate":"https:\/\/inclusivenews.com.br\/?s={search_term_string}"},"query-input":{"@type":"PropertyValueSpecification","valueRequired":true,"valueName":"search_term_string"}}],"inLanguage":"pt-PT"},{"@type":"Organization","@id":"https:\/\/inclusivenews.com.br\/#organization","name":"Inclusive - inclus\u00e3o e cidadania","url":"https:\/\/inclusivenews.com.br\/","logo":{"@type":"ImageObject","inLanguage":"pt-PT","@id":"https:\/\/inclusivenews.com.br\/#\/schema\/logo\/image\/","url":"https:\/\/inclusivenews.com.br\/wp-content\/uploads\/2024\/03\/@grandesite.png","contentUrl":"https:\/\/inclusivenews.com.br\/wp-content\/uploads\/2024\/03\/@grandesite.png","width":1080,"height":1080,"caption":"Inclusive - inclus\u00e3o e cidadania"},"image":{"@id":"https:\/\/inclusivenews.com.br\/#\/schema\/logo\/image\/"},"sameAs":["https:\/\/www.facebook.com\/agenciainclusive\/","https:\/\/www.instagram.com\/newsinclusive\/"]},{"@type":"Person","@id":"https:\/\/inclusivenews.com.br\/#\/schema\/person\/ae4ec7087559b8692fb33b6fffd2273b","name":"inclusivenews2024","image":{"@type":"ImageObject","inLanguage":"pt-PT","@id":"https:\/\/secure.gravatar.com\/avatar\/c5a7ef84c66fa914f55bc4f7ce26cfa275a3b9a1c5568b907bd184fb4dde7b40?s=96&d=mm&r=g","url":"https:\/\/secure.gravatar.com\/avatar\/c5a7ef84c66fa914f55bc4f7ce26cfa275a3b9a1c5568b907bd184fb4dde7b40?s=96&d=mm&r=g","contentUrl":"https:\/\/secure.gravatar.com\/avatar\/c5a7ef84c66fa914f55bc4f7ce26cfa275a3b9a1c5568b907bd184fb4dde7b40?s=96&d=mm&r=g","caption":"inclusivenews2024"},"sameAs":["https:\/\/inclusivenews.com.br"],"url":"https:\/\/inclusivenews.com.br\/?author=1"}]}},"_links":{"self":[{"href":"https:\/\/inclusivenews.com.br\/index.php?rest_route=\/wp\/v2\/posts\/17243","targetHints":{"allow":["GET"]}}],"collection":[{"href":"https:\/\/inclusivenews.com.br\/index.php?rest_route=\/wp\/v2\/posts"}],"about":[{"href":"https:\/\/inclusivenews.com.br\/index.php?rest_route=\/wp\/v2\/types\/post"}],"author":[{"embeddable":true,"href":"https:\/\/inclusivenews.com.br\/index.php?rest_route=\/wp\/v2\/users\/1"}],"replies":[{"embeddable":true,"href":"https:\/\/inclusivenews.com.br\/index.php?rest_route=%2Fwp%2Fv2%2Fcomments&post=17243"}],"version-history":[{"count":0,"href":"https:\/\/inclusivenews.com.br\/index.php?rest_route=\/wp\/v2\/posts\/17243\/revisions"}],"wp:attachment":[{"href":"https:\/\/inclusivenews.com.br\/index.php?rest_route=%2Fwp%2Fv2%2Fmedia&parent=17243"}],"wp:term":[{"taxonomy":"category","embeddable":true,"href":"https:\/\/inclusivenews.com.br\/index.php?rest_route=%2Fwp%2Fv2%2Fcategories&post=17243"},{"taxonomy":"post_tag","embeddable":true,"href":"https:\/\/inclusivenews.com.br\/index.php?rest_route=%2Fwp%2Fv2%2Ftags&post=17243"}],"curies":[{"name":"wp","href":"https:\/\/api.w.org\/{rel}","templated":true}]}}